{"id":1156,"date":"2021-01-05T15:34:21","date_gmt":"2021-01-05T14:34:21","guid":{"rendered":"https:\/\/www.essenciales.com\/blog\/?p=1156"},"modified":"2021-01-05T15:38:40","modified_gmt":"2021-01-05T14:38:40","slug":"noche-de-reyes","status":"publish","type":"post","link":"https:\/\/www.essenciales.com\/blog\/noche-de-reyes\/","title":{"rendered":"M\u00e1s navidad que nunca"},"content":{"rendered":"<p><span style=\"font-weight: 400;\">Bueno con el fin de las vacaciones de navidad a la vuelta de la esquina y la llegada de los reyes magos esta noche, en Essenciales nos ha dado por pensar el porqu\u00e9 de poner el \u00e1rbol de navidad y hemos recopilado esta informaci\u00f3n para vosotros.\u00a0<\/span><\/p>\n<p><span style=\"font-weight: 400;\">\u00bfC\u00f3mo comenzaron los \u00e1rboles de Navidad?<\/span><\/p>\n<p><!--more--><\/p>\n<p><span style=\"font-weight: 400;\">Mucho antes del advenimiento del cristianismo, las plantas y los \u00e1rboles que permanecieron verdes todo el a\u00f1o ten\u00edan un significado especial para la gente en el invierno. As\u00ed como la gente decora sus casas durante la temporada festiva con pinos, abetos y abetos, los pueblos antiguos colgaban ramas de hoja perenne sobre sus puertas y ventanas. En muchos pa\u00edses se cre\u00eda que los perennes mantendr\u00edan alejados a las brujas, los fantasmas, los esp\u00edritus malignos y las enfermedades.\u00a0<\/span><\/p>\n<p><span style=\"font-weight: 400;\">En el hemisferio norte, el d\u00eda m\u00e1s corto y la noche m\u00e1s larga del a\u00f1o cae el 21 o 22 de diciembre y se llama solsticio de invierno. Mucha gente antigua cre\u00eda que el sol era un dios y que el invierno llegaba cada a\u00f1o porque el dios del sol se hab\u00eda vuelto enfermo y d\u00e9bil. Celebraron el solsticio porque significaba que por fin el dios sol comenzar\u00eda a recuperarse. Las ramas siempre verdes les recordaban a todas las plantas verdes que volver\u00edan a crecer cuando el dios sol fuera fuerte y el verano regresara.<\/span><\/p>\n<p><span style=\"font-weight: 400;\">Los antiguos egipcios adoraban a un dios llamado Ra, que ten\u00eda la cabeza de un halc\u00f3n y llevaba el sol como un disco ardiente en su corona. En el solsticio, cuando Ra comenz\u00f3 a recuperarse de su enfermedad, los egipcios llenaron sus casas de juncos verdes de palma, que simbolizaban para ellos el triunfo de la vida sobre la muerte.<\/span><\/p>\n<p><span style=\"font-weight: 400;\">Los primeros romanos marcaron el solsticio con una fiesta llamada Saturnalia en honor a Saturno, el dios de la agricultura. Los romanos sab\u00edan que el solsticio significaba que pronto, las granjas y los huertos ser\u00edan verdes y fruct\u00edferos. Para celebrar la ocasi\u00f3n, decoraron sus casas y templos con ramas de hoja perenne.<\/span><\/p>\n<p><span style=\"font-weight: 400;\">En el norte de Europa los misteriosos druidas, los sacerdotes de los antiguos celtas, tambi\u00e9n decoraban sus templos con ramas siempre verdes como s\u00edmbolo de vida eterna. Los feroces vikingos de Escandinavia pensaban que los perennes eran la planta especial del dios del sol, Balder.<\/span><\/p>\n<p><span style=\"font-weight: 400;\">A Alemania se le atribuye el m\u00e9rito de haber iniciado la tradici\u00f3n del \u00e1rbol de Navidad tal y como la conocemos en el siglo XVI, cuando los cristianos devotos trajeron \u00e1rboles decorados a sus casas. Algunos construyeron pir\u00e1mides navide\u00f1as de madera y las decoraron con hojas perennes y velas si la madera era escasa. Es una creencia muy extendida que Mart\u00edn Lutero, el reformador protestante del siglo XVI, agreg\u00f3 por primera vez velas encendidas a un \u00e1rbol. Caminando hacia su casa una noche de invierno, componiendo un serm\u00f3n, se sinti\u00f3 asombrado por el brillo de las estrellas que parpadeaban en medio de los \u00e1rboles perennes. Para volver a capturar la escena para su familia, erigi\u00f3 un \u00e1rbol en la sala principal y decor\u00f3 sus ramas con velas encendidas.<\/span><\/p>\n<p>&nbsp;<\/p>\n<p><span style=\"font-weight: 400;\">Esta tradici\u00f3n difiere seg\u00fan el pa\u00eds o regi\u00f3n que nos encontremos en Espa\u00f1a los utilizamos como una costumbre inicialmente cat\u00f3lica pero ha ido evolucionando hasta convertirse en una tradici\u00f3n navide\u00f1a. Donde m\u00e1s ha cambiado o se ha transformado es en Catalu\u00f1a d\u00f3nde se celebra el Ti\u00f3 de Nadal , que consiste en la utilizaci\u00f3n de un tronco al cual alimentan durante un tiempo para que despu\u00e9s d\u00e9 regalos.\u00a0<\/span><span style=\"font-weight: 400;\">Antiguamente y a\u00fan en algunas partes del mundo, los \u00e1rboles de navidad eran \u00e1rboles vivos , pinos , abetos , etc. Pero ahora es m\u00e1s com\u00fan que sean \u00e1rboles artificiales; por esta raz\u00f3n hoy os traemos unos aceites esenciales para aromatizar vuestros hogares con esos olores a bosque.<\/span><\/p>\n<p>&nbsp;<\/p>\n<p><span style=\"font-weight: 400;\"><a href=\"https:\/\/www.essenciales.com\/aceites-esenciales-puros\/aceite-esencial-pino-silvestre.html\">Aceite esencial de Pino<\/a>: Los beneficios para la salud del aceite esencial de pino incluyen su capacidad para reducir la inflamaci\u00f3n y el enrojecimiento asociado, proteger contra las infecciones de los senos paranasales, eliminar la mucosidad y la flema, tratar afecciones de la piel como el eccema y la psoriasis, reforzar el sistema inmunol\u00f3gico, combatir las infecciones f\u00fangicas y virales, estimular la mente y el cuerpo, y proteger tu hogar y tu cuerpo de una variedad de g\u00e9rmenes. Se mezcla bien con muchos otros aceites esenciales, como el romero, la madera de cedro y la lavanda, para crear aromas sorprendentemente refrescantes.<\/span><\/p>\n<p><img decoding=\"async\" loading=\"lazy\" class=\" wp-image-1162 aligncenter\" src=\"https:\/\/www.essenciales.com\/blog\/wp-content\/uploads\/aceite-esencial-de-pino-para-el-catarro-300x169.jpg\" alt=\"\" width=\"357\" height=\"201\" srcset=\"https:\/\/www.essenciales.com\/blog\/wp-content\/uploads\/aceite-esencial-de-pino-para-el-catarro-300x169.jpg 300w, https:\/\/www.essenciales.com\/blog\/wp-content\/uploads\/aceite-esencial-de-pino-para-el-catarro-780x439.jpg 780w, https:\/\/www.essenciales.com\/blog\/wp-content\/uploads\/aceite-esencial-de-pino-para-el-catarro.jpg 992w\" sizes=\"(max-width: 357px) 100vw, 357px\" \/><\/p>\n<p><span style=\"font-weight: 400;\"><a href=\"https:\/\/www.essenciales.com\/aceites-esenciales-puros\/aceite-esencial-abeto-siberiano.html\">Aceite esencial de abeto siberiano<\/a>: El abeto tiene hojas puntiagudas, de color azulado a verde, que son la fuente vital de los aceites esenciales que se extraen con el m\u00e9todo de destilaci\u00f3n por vapor. En comparaci\u00f3n con otros aceites de la familia de los perennes, tiene un aroma suave y dulce con un olor resinoso y bals\u00e1mico. Este aceite esencial tiene propiedades limpiadoras y purificadoras que mejoran la claridad y<\/span>\u00a0la apertura de la mente. Inhalaci\u00f3n directa de la palma de la mano o si se difunde, reduce el estr\u00e9s al eliminar la lentitud, la tristeza y la fatiga mental. Tiene un aroma fresco, terroso, amaderado y dulce.<\/p>\n<p><img decoding=\"async\" loading=\"lazy\" class=\"wp-image-1161 aligncenter\" src=\"https:\/\/www.essenciales.com\/blog\/wp-content\/uploads\/Abeto_aceite-300x188.jpg\" alt=\"\" width=\"402\" height=\"252\" srcset=\"https:\/\/www.essenciales.com\/blog\/wp-content\/uploads\/Abeto_aceite-300x188.jpg 300w, https:\/\/www.essenciales.com\/blog\/wp-content\/uploads\/Abeto_aceite.jpg 480w\" sizes=\"(max-width: 402px) 100vw, 402px\" \/><\/p>\n<p>&nbsp;<\/p>\n<p><span style=\"font-weight: 400;\">Con estos aromas sentir\u00e1s que est\u00e1s en un bosque y dar\u00e1 un toque natural a tu hogar , adem\u00e1s de los diferentes b<\/span><span style=\"font-weight: 400;\">eneficios para la salud que tienen estos dos aceites.<\/span><\/p>\n<p>&nbsp;<\/p>\n<p><span style=\"font-weight: 400;\">Esperamos que termin\u00e9is de pasar unas felices vacaciones y que los reyes magos os traigan todo lo que dese\u00e1is , de nuestra parte les hemos pedido que os manden mucha salud y s\u00f3lo cosas bonitas para este 2021.\u00a0<\/span><span style=\"font-weight: 400;\">Os recordamos que nos pod\u00e9is seguir en nuestras redes sociales y dejadnos vuestros comentarios, nosotros os leeremos encantados !!<\/span><\/p>\n","protected":false},"excerpt":{"rendered":"<p>Bueno con el fin de las vacaciones de navidad a la vuelta de la esquina y la llegada de los reyes magos esta noche, en&#8230;<\/p>\n<p class=\"readmore\"><a class=\"more-btn\" href=\"https:\/\/www.essenciales.com\/blog\/noche-de-reyes\/\">Leer m\u00e1s<\/a><\/p>\n","protected":false},"author":4,"featured_media":1160,"comment_status":"open","ping_status":"open","sticky":false,"template":"","format":"standard","meta":[],"categories":[42,141],"tags":[],"yoast_head":"<!-- This site is optimized with the Yoast SEO plugin v19.10 - https:\/\/yoast.com\/wordpress\/plugins\/seo\/ -->\n<title>M\u00e1s navidad que nunca | Blog de ESSENCIALES<\/title>\n<meta name=\"robots\" content=\"index, follow, max-snippet:-1, max-image-preview:large, max-video-preview:-1\" \/>\n<link rel=\"canonical\" href=\"https:\/\/www.essenciales.com\/blog\/noche-de-reyes\/\" \/>\n<meta property=\"og:locale\" content=\"es_ES\" \/>\n<meta property=\"og:type\" content=\"article\" \/>\n<meta property=\"og:title\" content=\"M\u00e1s navidad que nunca | Blog de ESSENCIALES\" \/>\n<meta property=\"og:description\" content=\"Bueno con el fin de las vacaciones de navidad a la vuelta de la esquina y la llegada de los reyes magos esta noche, en...Leer m\u00e1s\" \/>\n<meta property=\"og:url\" content=\"https:\/\/www.essenciales.com\/blog\/noche-de-reyes\/\" \/>\n<meta property=\"og:site_name\" content=\"Blog de ESSENCIALES\" \/>\n<meta property=\"article:published_time\" content=\"2021-01-05T14:34:21+00:00\" \/>\n<meta property=\"article:modified_time\" content=\"2021-01-05T14:38:40+00:00\" \/>\n<meta property=\"og:image\" content=\"https:\/\/www.essenciales.com\/blog\/wp-content\/uploads\/ARBOL-DE-NAVIDAD2-1.jpg\" \/>\n\t<meta property=\"og:image:width\" content=\"1500\" \/>\n\t<meta property=\"og:image:height\" content=\"1471\" \/>\n\t<meta property=\"og:image:type\" content=\"image\/jpeg\" \/>\n<meta name=\"author\" content=\"Nuria Moreno\" \/>\n<meta name=\"twitter:card\" content=\"summary_large_image\" \/>\n<meta name=\"twitter:label1\" content=\"Escrito por\" \/>\n\t<meta name=\"twitter:data1\" content=\"Nuria Moreno\" \/>\n\t<meta name=\"twitter:label2\" content=\"Tiempo de lectura\" \/>\n\t<meta name=\"twitter:data2\" content=\"5 minutos\" \/>\n<script type=\"application\/ld+json\" class=\"yoast-schema-graph\">{\"@context\":\"https:\/\/schema.org\",\"@graph\":[{\"@type\":\"WebPage\",\"@id\":\"https:\/\/www.essenciales.com\/blog\/noche-de-reyes\/\",\"url\":\"https:\/\/www.essenciales.com\/blog\/noche-de-reyes\/\",\"name\":\"M\u00e1s navidad que nunca | Blog de ESSENCIALES\",\"isPartOf\":{\"@id\":\"https:\/\/www.essenciales.com\/blog\/#website\"},\"datePublished\":\"2021-01-05T14:34:21+00:00\",\"dateModified\":\"2021-01-05T14:38:40+00:00\",\"author\":{\"@id\":\"https:\/\/www.essenciales.com\/blog\/#\/schema\/person\/ba44a296eed23f89b82b6b67dee32d7f\"},\"breadcrumb\":{\"@id\":\"https:\/\/www.essenciales.com\/blog\/noche-de-reyes\/#breadcrumb\"},\"inLanguage\":\"es\",\"potentialAction\":[{\"@type\":\"ReadAction\",\"target\":[\"https:\/\/www.essenciales.com\/blog\/noche-de-reyes\/\"]}]},{\"@type\":\"BreadcrumbList\",\"@id\":\"https:\/\/www.essenciales.com\/blog\/noche-de-reyes\/#breadcrumb\",\"itemListElement\":[{\"@type\":\"ListItem\",\"position\":1,\"name\":\"Portada\",\"item\":\"https:\/\/www.essenciales.com\/blog\/\"},{\"@type\":\"ListItem\",\"position\":2,\"name\":\"M\u00e1s navidad que nunca\"}]},{\"@type\":\"WebSite\",\"@id\":\"https:\/\/www.essenciales.com\/blog\/#website\",\"url\":\"https:\/\/www.essenciales.com\/blog\/\",\"name\":\"Blog de ESSENCIALES\",\"description\":\"Conoce todas las propiedades de los aceites esenciales y vegetales, as\u00ed como sus usos y remedios naturales\",\"potentialAction\":[{\"@type\":\"SearchAction\",\"target\":{\"@type\":\"EntryPoint\",\"urlTemplate\":\"https:\/\/www.essenciales.com\/blog\/?s={search_term_string}\"},\"query-input\":\"required name=search_term_string\"}],\"inLanguage\":\"es\"},{\"@type\":\"Person\",\"@id\":\"https:\/\/www.essenciales.com\/blog\/#\/schema\/person\/ba44a296eed23f89b82b6b67dee32d7f\",\"name\":\"Nuria Moreno\"}]}<\/script>\n<!-- \/ Yoast SEO plugin. -->","yoast_head_json":{"title":"M\u00e1s navidad que nunca | Blog de ESSENCIALES","robots":{"index":"index","follow":"follow","max-snippet":"max-snippet:-1","max-image-preview":"max-image-preview:large","max-video-preview":"max-video-preview:-1"},"canonical":"https:\/\/www.essenciales.com\/blog\/noche-de-reyes\/","og_locale":"es_ES","og_type":"article","og_title":"M\u00e1s navidad que nunca | Blog de ESSENCIALES","og_description":"Bueno con el fin de las vacaciones de navidad a la vuelta de la esquina y la llegada de los reyes magos esta noche, en...Leer m\u00e1s","og_url":"https:\/\/www.essenciales.com\/blog\/noche-de-reyes\/","og_site_name":"Blog de ESSENCIALES","article_published_time":"2021-01-05T14:34:21+00:00","article_modified_time":"2021-01-05T14:38:40+00:00","og_image":[{"width":1500,"height":1471,"url":"https:\/\/www.essenciales.com\/blog\/wp-content\/uploads\/ARBOL-DE-NAVIDAD2-1.jpg","type":"image\/jpeg"}],"author":"Nuria Moreno","twitter_card":"summary_large_image","twitter_misc":{"Escrito por":"Nuria Moreno","Tiempo de lectura":"5 minutos"},"schema":{"@context":"https:\/\/schema.org","@graph":[{"@type":"WebPage","@id":"https:\/\/www.essenciales.com\/blog\/noche-de-reyes\/","url":"https:\/\/www.essenciales.com\/blog\/noche-de-reyes\/","name":"M\u00e1s navidad que nunca | Blog de ESSENCIALES","isPartOf":{"@id":"https:\/\/www.essenciales.com\/blog\/#website"},"datePublished":"2021-01-05T14:34:21+00:00","dateModified":"2021-01-05T14:38:40+00:00","author":{"@id":"https:\/\/www.essenciales.com\/blog\/#\/schema\/person\/ba44a296eed23f89b82b6b67dee32d7f"},"breadcrumb":{"@id":"https:\/\/www.essenciales.com\/blog\/noche-de-reyes\/#breadcrumb"},"inLanguage":"es","potentialAction":[{"@type":"ReadAction","target":["https:\/\/www.essenciales.com\/blog\/noche-de-reyes\/"]}]},{"@type":"BreadcrumbList","@id":"https:\/\/www.essenciales.com\/blog\/noche-de-reyes\/#breadcrumb","itemListElement":[{"@type":"ListItem","position":1,"name":"Portada","item":"https:\/\/www.essenciales.com\/blog\/"},{"@type":"ListItem","position":2,"name":"M\u00e1s navidad que nunca"}]},{"@type":"WebSite","@id":"https:\/\/www.essenciales.com\/blog\/#website","url":"https:\/\/www.essenciales.com\/blog\/","name":"Blog de ESSENCIALES","description":"Conoce todas las propiedades de los aceites esenciales y vegetales, as\u00ed como sus usos y remedios naturales","potentialAction":[{"@type":"SearchAction","target":{"@type":"EntryPoint","urlTemplate":"https:\/\/www.essenciales.com\/blog\/?s={search_term_string}"},"query-input":"required name=search_term_string"}],"inLanguage":"es"},{"@type":"Person","@id":"https:\/\/www.essenciales.com\/blog\/#\/schema\/person\/ba44a296eed23f89b82b6b67dee32d7f","name":"Nuria Moreno"}]}},"_links":{"self":[{"href":"https:\/\/www.essenciales.com\/blog\/wp-json\/wp\/v2\/posts\/1156"}],"collection":[{"href":"https:\/\/www.essenciales.com\/blog\/wp-json\/wp\/v2\/posts"}],"about":[{"href":"https:\/\/www.essenciales.com\/blog\/wp-json\/wp\/v2\/types\/post"}],"author":[{"embeddable":true,"href":"https:\/\/www.essenciales.com\/blog\/wp-json\/wp\/v2\/users\/4"}],"replies":[{"embeddable":true,"href":"https:\/\/www.essenciales.com\/blog\/wp-json\/wp\/v2\/comments?post=1156"}],"version-history":[{"count":5,"href":"https:\/\/www.essenciales.com\/blog\/wp-json\/wp\/v2\/posts\/1156\/revisions"}],"predecessor-version":[{"id":1167,"href":"https:\/\/www.essenciales.com\/blog\/wp-json\/wp\/v2\/posts\/1156\/revisions\/1167"}],"wp:featuredmedia":[{"embeddable":true,"href":"https:\/\/www.essenciales.com\/blog\/wp-json\/wp\/v2\/media\/1160"}],"wp:attachment":[{"href":"https:\/\/www.essenciales.com\/blog\/wp-json\/wp\/v2\/media?parent=1156"}],"wp:term":[{"taxonomy":"category","embeddable":true,"href":"https:\/\/www.essenciales.com\/blog\/wp-json\/wp\/v2\/categories?post=1156"},{"taxonomy":"post_tag","embeddable":true,"href":"https:\/\/www.essenciales.com\/blog\/wp-json\/wp\/v2\/tags?post=1156"}],"curies":[{"name":"wp","href":"https:\/\/api.w.org\/{rel}","templated":true}]}}