{"id":1315,"date":"2021-05-02T11:00:17","date_gmt":"2021-05-02T09:00:17","guid":{"rendered":"https:\/\/www.essenciales.com\/blog\/?p=1315"},"modified":"2021-09-06T15:00:55","modified_gmt":"2021-09-06T13:00:55","slug":"dia-de-la-madre","status":"publish","type":"post","link":"https:\/\/www.essenciales.com\/blog\/dia-de-la-madre\/","title":{"rendered":"D\u00eda de la madre"},"content":{"rendered":"<h1><img decoding=\"async\" loading=\"lazy\" class=\"aligncenter size-full wp-image-1318\" src=\"https:\/\/www.essenciales.com\/blog\/wp-content\/uploads\/diselo_con_essenciales.jpg\" alt=\"\" width=\"800\" height=\"534\" srcset=\"https:\/\/www.essenciales.com\/blog\/wp-content\/uploads\/diselo_con_essenciales.jpg 800w, https:\/\/www.essenciales.com\/blog\/wp-content\/uploads\/diselo_con_essenciales-300x200.jpg 300w, https:\/\/www.essenciales.com\/blog\/wp-content\/uploads\/diselo_con_essenciales-780x521.jpg 780w\" sizes=\"(max-width: 800px) 100vw, 800px\" \/><\/h1>\n<h1 style=\"text-align: center;\"><strong>\u00a1Madre no hay m\u00e1s que una!<\/strong><\/h1>\n<h3 style=\"text-align: center;\"><strong>Bienvenidos un d\u00eda m\u00e1s al blog de Essenciales, hoy es el d\u00eda de las protectoras, las guerreras\u00a0 y las luchadoras, as\u00ed que queremos empezar este art\u00edculo felicitando el d\u00eda a estas mujeres tan especiales : <\/strong><\/h3>\n<h3 style=\"text-align: center;\"><strong>\u00a1\u00a1\u00a1FELIZ D\u00cdA DE LA MADRE !!!<\/strong><\/h3>\n<p>Desde el inicio de los tiempos y en toda raza, pa\u00eds o condici\u00f3n las madres son nuestro origen. Nos llevan dentro, cuid\u00e1ndonos, aliment\u00e1ndonos y protegi\u00e9ndonos y tras los meses de gestaci\u00f3n\u2026 siguen haci\u00e9ndolo toda su vida. Son mujeres dignas de admiraci\u00f3n por su cari\u00f1o, coraje y fuerza.<\/p>\n<p><!--more--><\/p>\n<p>Hoy hacemos este art\u00edculo para el mimo y el cuidado personal, para que hoy os prepar\u00e9is un buen ba\u00f1o y disfrut\u00e9is del d\u00eda relajadas, cargando las pilas para la semana que entra.<\/p>\n<h3><strong>Vamos a por las combinaciones de ba\u00f1o:<\/strong><\/h3>\n<p>Como ya hemos comentado en otros art\u00edculos los aceites esenciales <strong>NO<\/strong> se disuelven en el agua por lo que debemos ingeni\u00e1rnoslas para preparar nuestros ba\u00f1os o no\u2026 Con la maravillosa <a href=\"https:\/\/www.essenciales.com\/otros-extractos\/sales-epsom.html?search_query=epsom&amp;results=1\">sal de Epsom<\/a> tenemos el problema resuelto: coge un pu\u00f1ado de esta sal y a\u00f1ade los aceites esenciales que m\u00e1s te gusten, lo mezclamos bien y listo! Tendremos unas sales de ba\u00f1o naturales y que se pueden combinar de 1000 formas, dependiendo de los beneficios o aromas que se quieran conseguir. Conozcamos algunas de ellas:<\/p>\n<ul>\n<li>Relajantes: Lavanda, Eucalipto, Naranja, Manzanilla, Salvia, Melisa.<\/li>\n<li>Energizantes: Lim\u00f3n, An\u00eds, Romero Alcanfor, Enebro, Comino.<\/li>\n<li>Renovadores: Bergamota, Lim\u00f3n, Menta, Mirra, Pino, Cipr\u00e9s, Lemongr\u00e1s, Nerol\u00ed.<\/li>\n<li>Afrodisiacos: S\u00e1ndalo, Jengibre, Ylang-Ylang, Pimienta Negra, Pachuli.<\/li>\n<li>Florales: Rosas, Geranio, Jazm\u00edn, Ylang-Ylang, Azahar, Ajedrea, Lavanda.<\/li>\n<li>Frutales: Mandarina, Naranja, Lim\u00f3n, Bergamota.<\/li>\n<\/ul>\n<h4><strong>Las sales de Epson tambi\u00e9n las podemos usar como exfoliantes:<\/strong><\/h4>\n<h6><strong>Ingredientes:<\/strong><\/h6>\n<ul>\n<li>3 gotas de aceite esencial de <a href=\"https:\/\/www.essenciales.com\/aceites-esenciales-puros\/aceite-esencial-bergamota.html\">bergamota<\/a><\/li>\n<li>8 mL de aceite vegetal de <a href=\"https:\/\/www.essenciales.com\/aceites-naturales\/aceite-vegetal-albaricoque.html\">albaricoque<\/a><\/li>\n<li>1 cucharada de sal de <a href=\"https:\/\/www.essenciales.com\/otros-extractos\/sales-epsom.html?search_query=epsom&amp;results=1\">Epsom<\/a><\/li>\n<\/ul>\n<p>Vertimos \u00a0una cucharada de sal de Epsom en un peque\u00f1o recipiente vac\u00edo. A\u00f1adimos el Aceite de Albaricoque y el Aceite Esencial de Bergamota. Mezclamos los aceites con la sal utilizando una cuchara para homogeneizar la preparaci\u00f3n. Y listo!!<\/p>\n<h6><strong>C\u00f3mo utilizarlo:<\/strong><\/h6>\n<ul>\n<li>Aplicamos la mezcla en las zonas que queramos exfoliar.<\/li>\n<li>Realizamos movimientos circulares sin presionar demasiado para no irritar la piel.<\/li>\n<li>Aclaramos bien con agua tibia.<\/li>\n<li>No olvides aplicar una crema hidratante o aceite vegetal despu\u00e9s del exfoliante.<\/li>\n<li>Puedes aplicar este exfoliante una vez al mes<\/li>\n<\/ul>\n<h6><strong>\u00bfPor qu\u00e9 estos componentes?<\/strong><\/h6>\n<p>Exfoliar suavemente con sal de Epsom:<\/p>\n<p>La sal de Epsom se presenta en forma de peque\u00f1os cristales blancos. La acci\u00f3n mec\u00e1nica del masaje con esta sal limpia la piel en profundidad, eliminando la piel muerta y los par\u00e1sitos que se han instalado en ella. En efecto, es importante eliminar estos residuos, que pueden obstruir los poros de la piel, bloqueando la evacuaci\u00f3n de las toxinas y del sebo. Una piel asfixiada puede ser v\u00edctima de granos o inflamaciones.<\/p>\n<p>La composici\u00f3n de la sal de Epsom, fuente de magnesio y azufre, es ideal para revitalizar la piel y hacerla suave y purificada. Los minerales presentes desintoxican el cuerpo y le ayudan a recuperar su brillo natural.<\/p>\n<p>Rel\u00e1jate con la Bergamota:<\/p>\n<p>Su olor caracter\u00edstico, agradable y fresco, confiere al aceite esencial de bergamota propiedades calmantes. El linalol presente en este aceite act\u00faa sobre el sistema nervioso central para regular el estado de \u00e1nimo. Su compleja acci\u00f3n ayuda a reequilibrar la mente. Disfruta de un momento de relajaci\u00f3n con el aceite esencial de bergamota en un exfoliante suave, tanto para el cuerpo como para la mente.<\/p>\n<p>Adem\u00e1s, la acci\u00f3n antiinfecciosa, antibacteriana y antis\u00e9ptica de este aceite, inducida principalmente por el linalol, le confiere una acci\u00f3n limpiadora que refuerza la de la sal de Epsom en este exfoliante. As\u00ed, la piel se limpia en profundidad.<\/p>\n<p>Rehidratar la piel con albaricoque:<\/p>\n<p>Limpiar la piel es bueno, pero repararla es a\u00fan mejor. Ah\u00ed es donde entra en juego el aceite vegetal de albaricoque. Tras la exfoliaci\u00f3n, la pel\u00edcula hidrolip\u00eddica de la piel, es decir, su barrera contra el medio ambiente, se debilita. Por ello, es importante hidratar la piel para protegerla: esta es la ventaja de este aceite vegetal, que nutre y suaviza la piel en profundidad.<\/p>\n<p>Adem\u00e1s, el aceite vegetal de albaricoque ayuda a reafirmar los tejidos, proporcionando una piel tonificada y revitalizada. Muy penetrante, este aceite no deja una pel\u00edcula grasa en la superficie de la piel. Por lo tanto, es el aceite perfecto para complementar este exfoliante.<\/p>\n<h5><strong>Tambi\u00e9n pod\u00e9is usar el <a href=\"https:\/\/www.essenciales.com\/packs-regalo\/pack-sales-relajantes.html\">pack de sales relajantes<\/a> con aceite de almendras y lavanda que os ayudar\u00e1 a renovar la piel y relajar la mente.<\/strong><\/h5>\n<h3><strong>Ha llegado el turno de hablar de los <a href=\"https:\/\/www.essenciales.com\/cosmetica-natural\/petalos-rosa-secos.html\">p\u00e9talos de rosa<\/a>:<\/strong><\/h3>\n<p>Los podemos usar para hacer nuestra propia crema, jabones, aceites y todo tipo de cosm\u00e9ticos caseros. Hoy os queremos mostrar una receta para crema y otra para jab\u00f3n casero:<\/p>\n<h4><strong>Crema corporal: <img decoding=\"async\" loading=\"lazy\" class=\"SzDcob alignright\" src=\"https:\/\/lh3.googleusercontent.com\/pw\/ACtC-3dzyZagkv0hVlvHkOn6Ch60F2v6Sw6eCkp2NL2X6jBfLNlGlLptb_A1LNWzdfuE9WXOQ_E60ev7HMwAAtujs8hgesahCuBB1R4UAa9LdQDxvbW73ez8IMFvM2ovY7LobAmUEiZjwbaLkC8zJIAfxA0w=w936-h626-no?authuser=3\" width=\"408\" height=\"273\" data-atf=\"false\" data-iml=\"1048486\" aria-label=\"Foto: Horizontal, 4 ago 2020 13:10:08\" \/><br \/>\n<\/strong><\/h4>\n<p><strong>Ingredientes:<\/strong><\/p>\n<ul>\n<li>1\/2 taza de <a href=\"https:\/\/www.essenciales.com\/aceites-bio\/manteca-de-karite-bio.html\">manteca de karit\u00e9<\/a><\/li>\n<li>1\/4 de taza de <a href=\"https:\/\/www.essenciales.com\/especial-500-anos\/aceite-de-oliva-virgen-extra-500-anos.html\">aceite de oliva<\/a><\/li>\n<li>3 cucharadas de <a href=\"https:\/\/www.essenciales.com\/aceites-bio\/aceite-vegetal-albaricoque-primera-presion-frio-bio.html\">aceite de albaricoque<\/a> (receta abajo)<\/li>\n<li>15 gotas de <a href=\"https:\/\/www.essenciales.com\/aceites-esenciales-puros\/aceite-esencial-geranio.html\">aceite esencial de geranio<\/a><\/li>\n<li>6 gotas de <a href=\"https:\/\/www.essenciales.com\/aceites-esenciales-bio\/aceite-esencial-lavanda-bio.html\">aceite esencial de lavanda<\/a><\/li>\n<li>1 cucharada de <a href=\"https:\/\/www.essenciales.com\/catalogo-completo\/arcilla-blanca-de-caolin.html\">arcilla blanca<\/a><\/li>\n<\/ul>\n<h5><\/h5>\n<h5><\/h5>\n<h5><strong>\u00bfC\u00f3mo se prepara el Aceite de albaricoque perfumado?<\/strong><\/h5>\n<p>En un tarro de cristal, colocamos un pu\u00f1ado generoso de p\u00e9talos de rosa secos y los cubrimos con aceite de albaricoque. Apretamos con cuidado los p\u00e9talos para que queden completamente sumergidos. Cerrar y dejar en infusi\u00f3n durante 48 horas, agitando de vez en cuando. A continuaci\u00f3n, colamos el aceite con un colador, asegur\u00e1ndonos de eliminar todos los p\u00e9talos de rosa. Utilizaremos el aceite aromatizado para hacer la crema corporal.<\/p>\n<h5><strong>Preparaci\u00f3n:<\/strong><\/h5>\n<p>Una vez que la manteca de karit\u00e9 y el aceite de coco est\u00e9n l\u00edquidos, m\u00e9zclalos con una batidora. A\u00f1adiremos el aceite de albaricoque (el de arriba), la arcilla \u00a0y los aceites esenciales y batimos hasta que la arcilla est\u00e9 bien mezclada con los aceites. Una vez que tengamos una mezcla bastante ligera y cremosa estar\u00e1 lista.<\/p>\n<p>Por supuesto tambi\u00e9n pod\u00e9is a\u00f1adir los p\u00e9talos con un poco de aceite esencial de rosa, por ejemplo, para tomar un buen ba\u00f1o.<\/p>\n<p>&nbsp;<\/p>\n<h4><strong>Jab\u00f3n casero:<\/strong><\/h4>\n<p>Para empezar necesitar\u00e1s p\u00e9talos o capullos de rosas secos. Unas horas antes de hacer el jab\u00f3n, preparamos una infusi\u00f3n de capullos de rosa o p\u00e9talos de rosa secos.<\/p>\n<p>Para el color utilizaremos colorantes naturales.<\/p>\n<p>Utilizaremos aceites vegetales de: oliva, coco, manteca de karit\u00e9, ricino y aceite de girasol.<\/p>\n<p>Por \u00faltimo, para perfumar el jab\u00f3n, haremos una mezcla de 3 aceites esenciales: lavanda, \u00a0lim\u00f3n y pachul\u00ed \u00a0al 5% \u00a0dependiendo del peso del jab\u00f3n para obtener una fragancia potente.<\/p>\n<p><strong>Los ingredientes<\/strong><\/p>\n<p>Para 850 g de aceites vegetales :<\/p>\n<ul>\n<li>425 g de <a href=\"https:\/\/www.essenciales.com\/especial-500-anos\/aceite-de-oliva-virgen-extra-500-anos.html\">aceite de oliva<\/a> (50%)<\/li>\n<li>179 g de <a href=\"https:\/\/www.essenciales.com\/aceites-primera-presion-frio\/aceite-coco-primera-presion-frio.html?search_query=coco&amp;results=28\">aceite de coco<\/a> (21%)<\/li>\n<li>85 g de <a href=\"https:\/\/www.essenciales.com\/aceites-bio\/manteca-de-karite-bio.html\">manteca de karit\u00e9<\/a> (10%)<\/li>\n<li>43 g de <a href=\"https:\/\/www.essenciales.com\/aceites-primera-presion-frio\/aceite-ricino-virgen.html\">aceite de ricino<\/a> (5%)<\/li>\n<li>34 g de <a href=\"https:\/\/www.essenciales.com\/aceites-bio\/aceite-vegetal-girasol-primera-presion-frio-bio.html\">aceite de girasol<\/a> (4%)<\/li>\n<li>277 g de <a href=\"https:\/\/www.essenciales.com\/hidrolatos-naturales\/rosa-extra-hidrolato.html\">infusi\u00f3n de rosas<\/a> (o agua mineral)<\/li>\n<li>116 g de soda<\/li>\n<li>1 cucharadita de <a href=\"https:\/\/www.essenciales.com\/catalogo-completo\/arcilla-blanca-de-caolin.html\">arcilla blanca<\/a><\/li>\n<li>37 g de aceites esenciales (20 g de aut\u00e9ntico <a href=\"https:\/\/www.essenciales.com\/aceites-esenciales-bio\/aceite-esencial-lavanda-bio.html\">aceite esencial de lavanda<\/a>, 12 g de <a href=\"https:\/\/www.essenciales.com\/aceites-esenciales-bio\/aceite-esencial-limon-bio.html\">aceite esencial\u00a0 de lim\u00f3n<\/a>, 5 g de <a href=\"https:\/\/www.essenciales.com\/aceites-esenciales-puros\/aceite-esencial-pachuli.html\">aceite esencial de pachuli<\/a>)<\/li>\n<li>Colorante que quer\u00e1is utilizar al gusto, depende de si es l\u00edquido o en polvo<\/li>\n<\/ul>\n<p>El material:<\/p>\n<ul>\n<li>2 cuencos con boquilla<\/li>\n<li>2 ensaladeras (una peque\u00f1a para fundir los aceites s\u00f3lidos) y una grande para mezclar la pasta de jab\u00f3n)<\/li>\n<li>una cacerola<\/li>\n<li>una batidora de mano<\/li>\n<li>un vaso de cristal<\/li>\n<li>un peso de precisi\u00f3n para aceites esenciales y sosa<\/li>\n<li>un peso de cocina<\/li>\n<li>un batidor y una esp\u00e1tula de silicona<\/li>\n<li>un molde de silicona para pasteles<\/li>\n<li>un term\u00f3metro para mermeladas<\/li>\n<li>un palillo<\/li>\n<li>celof\u00e1n<\/li>\n<\/ul>\n<p>Unas horas antes: hacer una infusi\u00f3n de rosas<\/p>\n<ul>\n<li>Vertimos 2 tazas de agua destilada o agua mineral en una cacerola<\/li>\n<li>A\u00f1adimos 2 cucharadas de p\u00e9talos de rosa secos<\/li>\n<li>Llevamos a ebullici\u00f3n y retiramos del fuego<\/li>\n<li>Dejamos reposar durante 15 minutos, tapado.<\/li>\n<li>A continuaci\u00f3n, dejamos que la infusi\u00f3n se enfr\u00ede por completo<\/li>\n<\/ul>\n<h5><strong>30 minutos antes: preparar la arcilla blanca<\/strong><\/h5>\n<p>La arcilla tiene un gran poder de absorci\u00f3n. Antes de utilizarla en el\u00a0 jab\u00f3n, la mezclamos en 3 veces su volumen de agua para que est\u00e9 bien diluida cuando la a\u00f1adamos al jab\u00f3n.<\/p>\n<h5><strong>Paso 1: lej\u00eda de sosa<\/strong><\/h5>\n<p>Protege con\u00a0 guantes, mascarilla y gafas. Pesamos la lej\u00eda y el agua en 2 recipientes diferentes. Abrimos las ventanas de par en par, y sobre el fregadero, vertimos lentamente la lej\u00eda en el agua (nunca al rev\u00e9s). Mezclamos r\u00e1pidamente: la mezcla sube de temperatura y desprende vapores que hay que evitar respirar.<\/p>\n<h5><strong>Paso 2: Preparar los aceites<\/strong><\/h5>\n<p>Derretimos el aceite de coco y la manteca de karit\u00e9 al ba\u00f1o Mar\u00eda. Mientras tanto, vertimos el resto de los aceites en un bol grande.<\/p>\n<p>Prepara tu mezcla de aceites esenciales en un peque\u00f1o vaso de cristal.<\/p>\n<p>Cuando el aceite de coco y la manteca de karit\u00e9 se hayan derretido, a\u00f1\u00e1delos al resto de tus aceites.<\/p>\n<h5><strong>Paso 3: Verter la sosa en los aceites<\/strong><\/h5>\n<p>Cuando ambas mezclas est\u00e9n por debajo de los 45\u00ba, vierte suavemente la lej\u00eda en cada recipiente. Mezclamos hasta que aparezca un ligero rastro.<\/p>\n<p>A\u00f1adimos la arcilla blanca al bol y mezclamos durante unos segundos.<\/p>\n<h5><strong>Paso 4: Mezclar con una batidora<\/strong><\/h5>\n<p>Ten cuidado, los aceites esenciales acelerar\u00e1n el rastro. La preparaci\u00f3n debe seguir siendo fluida.<\/p>\n<h5><strong>Paso 5: Pasamos al molde<\/strong><\/h5>\n<p>Pasamos la mezcla al molde que hayamos elegido para ello. Utilizaremos el palillo si hemos hecho colores para mezclarlos o hacer formas.<\/p>\n<h5><strong>Paso 6: La capa superior<\/strong><\/h5>\n<p>Con una cuchara puedes texturizar la parte superior y decorarla con p\u00e9talos de rosa o la decoraci\u00f3n que quer\u00e1is hacerle.<\/p>\n<h5><strong>Paso 7: el toque final<\/strong><\/h5>\n<p>Cubrir el jab\u00f3n con una tabla de madera y una toalla para que entre en fase de solidificaci\u00f3n. D\u00e9jalo tapado durante 24 horas y espera otras 48 horas antes de desmoldarlo y cortarlo. \u00a1Y listo!<\/p>\n<h5 style=\"text-align: center;\"><strong>\u00a1Esperamos que disfrut\u00e9is de estas recetas!<\/strong><\/h5>\n<p>Una madre es cuidadora y protectora, es un refugio en medio de la tormenta, un lugar al que siempre volver por muy lejos que est\u00e9. Es quien te ve caer y te levanta, quien lucha contra viento y marea porque t\u00fa est\u00e9s bien. Mujer fuerte, que hace malabares entre el trabajo y el hogar.<\/p>\n<h3 style=\"text-align: center;\">Por todo ello y mucho m\u00e1s\u2026 \u00a1Feliz d\u00eda de la Madre a todas!<\/h3>\n<p>&nbsp;<\/p>\n<p>&nbsp;<\/p>\n","protected":false},"excerpt":{"rendered":"<p>\u00a1Madre no hay m\u00e1s que una! Bienvenidos un d\u00eda m\u00e1s al blog de Essenciales, hoy es el d\u00eda de las protectoras, las guerreras\u00a0 y las&#8230;<\/p>\n<p class=\"readmore\"><a class=\"more-btn\" href=\"https:\/\/www.essenciales.com\/blog\/dia-de-la-madre\/\">Leer m\u00e1s<\/a><\/p>\n","protected":false},"author":4,"featured_media":0,"comment_status":"open","ping_status":"open","sticky":false,"template":"","format":"standard","meta":[],"categories":[42,104,141],"tags":[],"yoast_head":"<!-- This site is optimized with the Yoast SEO plugin v19.10 - https:\/\/yoast.com\/wordpress\/plugins\/seo\/ -->\n<title>D\u00eda de la madre | Preparados y combinaciones Blog de ESSENCIALES<\/title>\n<meta name=\"description\" content=\"Hoy hacemos este art\u00edculo para que todas las madres se relajen y disfruten con unos buenos remedios naturales para el mimo del alma y la piel\" \/>\n<meta name=\"robots\" content=\"index, follow, max-snippet:-1, max-image-preview:large, max-video-preview:-1\" \/>\n<link rel=\"canonical\" href=\"https:\/\/www.essenciales.com\/blog\/dia-de-la-madre\/\" \/>\n<meta property=\"og:locale\" content=\"es_ES\" \/>\n<meta property=\"og:type\" content=\"article\" \/>\n<meta property=\"og:title\" content=\"D\u00eda de la madre | Preparados y combinaciones Blog de ESSENCIALES\" \/>\n<meta property=\"og:description\" content=\"Hoy hacemos este art\u00edculo para que todas las madres se relajen y disfruten con unos buenos remedios naturales para el mimo del alma y la piel\" \/>\n<meta property=\"og:url\" content=\"https:\/\/www.essenciales.com\/blog\/dia-de-la-madre\/\" \/>\n<meta property=\"og:site_name\" content=\"Blog de ESSENCIALES\" \/>\n<meta property=\"article:published_time\" content=\"2021-05-02T09:00:17+00:00\" \/>\n<meta property=\"article:modified_time\" content=\"2021-09-06T13:00:55+00:00\" \/>\n<meta property=\"og:image\" content=\"https:\/\/www.essenciales.com\/blog\/wp-content\/uploads\/diselo_con_essenciales.jpg\" \/>\n<meta name=\"author\" content=\"Nuria Moreno\" \/>\n<meta name=\"twitter:card\" content=\"summary_large_image\" \/>\n<meta name=\"twitter:label1\" content=\"Escrito por\" \/>\n\t<meta name=\"twitter:data1\" content=\"Nuria Moreno\" \/>\n\t<meta name=\"twitter:label2\" content=\"Tiempo de lectura\" \/>\n\t<meta name=\"twitter:data2\" content=\"9 minutos\" \/>\n<script type=\"application\/ld+json\" class=\"yoast-schema-graph\">{\"@context\":\"https:\/\/schema.org\",\"@graph\":[{\"@type\":\"WebPage\",\"@id\":\"https:\/\/www.essenciales.com\/blog\/dia-de-la-madre\/\",\"url\":\"https:\/\/www.essenciales.com\/blog\/dia-de-la-madre\/\",\"name\":\"D\u00eda de la madre | Preparados y combinaciones Blog de ESSENCIALES\",\"isPartOf\":{\"@id\":\"https:\/\/www.essenciales.com\/blog\/#website\"},\"datePublished\":\"2021-05-02T09:00:17+00:00\",\"dateModified\":\"2021-09-06T13:00:55+00:00\",\"author\":{\"@id\":\"https:\/\/www.essenciales.com\/blog\/#\/schema\/person\/ba44a296eed23f89b82b6b67dee32d7f\"},\"description\":\"Hoy hacemos este art\u00edculo para que todas las madres se relajen y disfruten con unos buenos remedios naturales para el mimo del alma y la piel\",\"breadcrumb\":{\"@id\":\"https:\/\/www.essenciales.com\/blog\/dia-de-la-madre\/#breadcrumb\"},\"inLanguage\":\"es\",\"potentialAction\":[{\"@type\":\"ReadAction\",\"target\":[\"https:\/\/www.essenciales.com\/blog\/dia-de-la-madre\/\"]}]},{\"@type\":\"BreadcrumbList\",\"@id\":\"https:\/\/www.essenciales.com\/blog\/dia-de-la-madre\/#breadcrumb\",\"itemListElement\":[{\"@type\":\"ListItem\",\"position\":1,\"name\":\"Portada\",\"item\":\"https:\/\/www.essenciales.com\/blog\/\"},{\"@type\":\"ListItem\",\"position\":2,\"name\":\"D\u00eda de la madre\"}]},{\"@type\":\"WebSite\",\"@id\":\"https:\/\/www.essenciales.com\/blog\/#website\",\"url\":\"https:\/\/www.essenciales.com\/blog\/\",\"name\":\"Blog de ESSENCIALES\",\"description\":\"Conoce todas las propiedades de los aceites esenciales y vegetales, as\u00ed como sus usos y remedios naturales\",\"potentialAction\":[{\"@type\":\"SearchAction\",\"target\":{\"@type\":\"EntryPoint\",\"urlTemplate\":\"https:\/\/www.essenciales.com\/blog\/?s={search_term_string}\"},\"query-input\":\"required name=search_term_string\"}],\"inLanguage\":\"es\"},{\"@type\":\"Person\",\"@id\":\"https:\/\/www.essenciales.com\/blog\/#\/schema\/person\/ba44a296eed23f89b82b6b67dee32d7f\",\"name\":\"Nuria Moreno\"}]}<\/script>\n<!-- \/ Yoast SEO plugin. -->","yoast_head_json":{"title":"D\u00eda de la madre | Preparados y combinaciones Blog de ESSENCIALES","description":"Hoy hacemos este art\u00edculo para que todas las madres se relajen y disfruten con unos buenos remedios naturales para el mimo del alma y la piel","robots":{"index":"index","follow":"follow","max-snippet":"max-snippet:-1","max-image-preview":"max-image-preview:large","max-video-preview":"max-video-preview:-1"},"canonical":"https:\/\/www.essenciales.com\/blog\/dia-de-la-madre\/","og_locale":"es_ES","og_type":"article","og_title":"D\u00eda de la madre | Preparados y combinaciones Blog de ESSENCIALES","og_description":"Hoy hacemos este art\u00edculo para que todas las madres se relajen y disfruten con unos buenos remedios naturales para el mimo del alma y la piel","og_url":"https:\/\/www.essenciales.com\/blog\/dia-de-la-madre\/","og_site_name":"Blog de ESSENCIALES","article_published_time":"2021-05-02T09:00:17+00:00","article_modified_time":"2021-09-06T13:00:55+00:00","og_image":[{"url":"https:\/\/www.essenciales.com\/blog\/wp-content\/uploads\/diselo_con_essenciales.jpg"}],"author":"Nuria Moreno","twitter_card":"summary_large_image","twitter_misc":{"Escrito por":"Nuria Moreno","Tiempo de lectura":"9 minutos"},"schema":{"@context":"https:\/\/schema.org","@graph":[{"@type":"WebPage","@id":"https:\/\/www.essenciales.com\/blog\/dia-de-la-madre\/","url":"https:\/\/www.essenciales.com\/blog\/dia-de-la-madre\/","name":"D\u00eda de la madre | Preparados y combinaciones Blog de ESSENCIALES","isPartOf":{"@id":"https:\/\/www.essenciales.com\/blog\/#website"},"datePublished":"2021-05-02T09:00:17+00:00","dateModified":"2021-09-06T13:00:55+00:00","author":{"@id":"https:\/\/www.essenciales.com\/blog\/#\/schema\/person\/ba44a296eed23f89b82b6b67dee32d7f"},"description":"Hoy hacemos este art\u00edculo para que todas las madres se relajen y disfruten con unos buenos remedios naturales para el mimo del alma y la piel","breadcrumb":{"@id":"https:\/\/www.essenciales.com\/blog\/dia-de-la-madre\/#breadcrumb"},"inLanguage":"es","potentialAction":[{"@type":"ReadAction","target":["https:\/\/www.essenciales.com\/blog\/dia-de-la-madre\/"]}]},{"@type":"BreadcrumbList","@id":"https:\/\/www.essenciales.com\/blog\/dia-de-la-madre\/#breadcrumb","itemListElement":[{"@type":"ListItem","position":1,"name":"Portada","item":"https:\/\/www.essenciales.com\/blog\/"},{"@type":"ListItem","position":2,"name":"D\u00eda de la madre"}]},{"@type":"WebSite","@id":"https:\/\/www.essenciales.com\/blog\/#website","url":"https:\/\/www.essenciales.com\/blog\/","name":"Blog de ESSENCIALES","description":"Conoce todas las propiedades de los aceites esenciales y vegetales, as\u00ed como sus usos y remedios naturales","potentialAction":[{"@type":"SearchAction","target":{"@type":"EntryPoint","urlTemplate":"https:\/\/www.essenciales.com\/blog\/?s={search_term_string}"},"query-input":"required name=search_term_string"}],"inLanguage":"es"},{"@type":"Person","@id":"https:\/\/www.essenciales.com\/blog\/#\/schema\/person\/ba44a296eed23f89b82b6b67dee32d7f","name":"Nuria Moreno"}]}},"_links":{"self":[{"href":"https:\/\/www.essenciales.com\/blog\/wp-json\/wp\/v2\/posts\/1315"}],"collection":[{"href":"https:\/\/www.essenciales.com\/blog\/wp-json\/wp\/v2\/posts"}],"about":[{"href":"https:\/\/www.essenciales.com\/blog\/wp-json\/wp\/v2\/types\/post"}],"author":[{"embeddable":true,"href":"https:\/\/www.essenciales.com\/blog\/wp-json\/wp\/v2\/users\/4"}],"replies":[{"embeddable":true,"href":"https:\/\/www.essenciales.com\/blog\/wp-json\/wp\/v2\/comments?post=1315"}],"version-history":[{"count":6,"href":"https:\/\/www.essenciales.com\/blog\/wp-json\/wp\/v2\/posts\/1315\/revisions"}],"predecessor-version":[{"id":1482,"href":"https:\/\/www.essenciales.com\/blog\/wp-json\/wp\/v2\/posts\/1315\/revisions\/1482"}],"wp:attachment":[{"href":"https:\/\/www.essenciales.com\/blog\/wp-json\/wp\/v2\/media?parent=1315"}],"wp:term":[{"taxonomy":"category","embeddable":true,"href":"https:\/\/www.essenciales.com\/blog\/wp-json\/wp\/v2\/categories?post=1315"},{"taxonomy":"post_tag","embeddable":true,"href":"https:\/\/www.essenciales.com\/blog\/wp-json\/wp\/v2\/tags?post=1315"}],"curies":[{"name":"wp","href":"https:\/\/api.w.org\/{rel}","templated":true}]}}