{"id":1364,"date":"2021-06-22T09:24:57","date_gmt":"2021-06-22T07:24:57","guid":{"rendered":"https:\/\/www.essenciales.com\/blog\/?p=1364"},"modified":"2021-12-28T18:46:47","modified_gmt":"2021-12-28T17:46:47","slug":"canalizacion-de-energia-los-ciclos-lunares","status":"publish","type":"post","link":"https:\/\/www.essenciales.com\/blog\/canalizacion-de-energia-los-ciclos-lunares\/","title":{"rendered":"Canalizaci\u00f3n de energ\u00eda, los ciclos lunares o el porqu\u00e9 de la importancia de la noche de San Juan"},"content":{"rendered":"<p style=\"text-align: center; font-size: 28px;\"><strong>San Juan, la noche m\u00e1gica<\/strong><\/p>\n<blockquote>\n<p style=\"text-align: center;\">\u00bfAlguna vez has pensado en la canalizaci\u00f3n de energ\u00eda, los ciclos lunares o el porqu\u00e9 de la importancia de la noche de San Juan?<\/p>\n<\/blockquote>\n<p>Bienvenidos un d\u00edas m\u00e1s al blog de Essenciales, hoy os traemos un art\u00edculo muy especial relacionado con la noche de San Juan y la \u201cmagia\u201d que se oculta en ella.<\/p>\n<p>La noche de San Juan ha sido objeto de obras literarias, de arte y m\u00fasica; y es que esta noche siempre ha tenido una fuerte relevancia en los \u00e1mbitos m\u00edsticos y m\u00e1gicos. Esta noche es celebrada en varios puntos de nuestro pa\u00eds y en el extranjero, pero \u00bfpor qu\u00e9?&#8230;<\/p>\n<p>&nbsp;<\/p>\n<p><!--more--><\/p>\n<p>Aunque en la religi\u00f3n cristiana tiene un significado concreto, este d\u00eda se ha celebrado desde tiempos mucho m\u00e1s remotos, de ah\u00ed su origen pagano, esta festividad <strong>celebra el solsticio de verano<\/strong>, en el caso de nuestro hemisferio: el d\u00eda m\u00e1s largo del a\u00f1o. El origen de esta festividad no queda claro, ya que se desconoce cu\u00e1ndo y d\u00f3nde comenz\u00f3, pero los expertos coinciden en que tiene una gran influencia de la cultura Celta quienes celebraban el \u00a0Alban Heruin y por ellos es que hoy en d\u00eda <strong>se saltan hogueras y se pisan las brasas<\/strong> , ya que se cre\u00eda que al <strong>dominar el fuego se limpiaban las energ\u00edas y desaparec\u00edan los malos presagios<\/strong>, y utilizaban <strong>la noche con mayor energ\u00eda<\/strong> para realizarla: entre el 21 y 24 de Junio ( ya que variaba por territorios).<\/p>\n<p>En territorios del Norte de Espa\u00f1a se relaciona esta noche con las meigas o brujas y otra serie de seres mitol\u00f3gicos y curiosamente estas creencias fueron tambi\u00e9n las que cruzaron el charco llegando a Am\u00e9rica como \u201c<a href=\"https:\/\/es.wikipedia.org\/wiki\/Leyenda_de_la_Encantada\">Leyenda de la Encantada<\/a>\u201d.<\/p>\n<p>A pesar de no saber su origen s\u00ed sabemos que esta noche tiene una <strong>energ\u00eda especial y muy fuerte<\/strong> y por ello la vamos a utilizar para hacer algunos rituales de limpieza y de recarga de energ\u00edas (estos rituales los aconsejamos para la noche del 23 al 24 de Junio):<\/p>\n<h3><strong>Limpiemos nuestras piedras y amuletos:<\/strong><\/h3>\n<p>Coge todos tus amuletos (piedras, colgantes, llamadores de \u00e1ngeles..) y los vamos a dejar lavando esta noche con agua de mar y en un lugar d\u00f3nde est\u00e9n en contacto con la luna (balc\u00f3n, jard\u00edn, terraza o en el alfeizar de la ventana (siempre con cuidado de que no se caigan o pierdan). A la ma\u00f1ana siguiente los vamos a dejar secar solos al sol y listo, estar\u00e1n limpios y cargados de buenas energ\u00edas. Os recordamos que es importante que nadie toque tus amuletos, ya que son canalizadores de energ\u00eda y son personales.<\/p>\n<p><img decoding=\"async\" loading=\"lazy\" class=\"replace-2x img-responsive alignleft\" title=\"Conos de incienso - mix diferentes colores\" src=\"https:\/\/www.essenciales.com\/2057-big_default\/conos-incienso-mix-diferentes-colores.jpg\" alt=\"Conos de incienso - mix diferentes colores\" width=\"179\" height=\"204\" \/><\/p>\n<p>En caso de no poder disponer de agua de mar lo que vamos a hacer es: dejar los amuletos sobre una superficie plana y limpiarlos con incienso, es decir, encender un palito o <a href=\"https:\/\/www.essenciales.com\/complementos\/conos-incienso-mix-diferentes-colores.html\">cono de incienso<\/a>, palo santo o salvia seca y pasar su humo por los amuletos. Despu\u00e9s dejaremos estos bajo la luz de la luna, como en el caso anterior, por la ma\u00f1ana tendr\u00e1n las energ\u00edas renovadas y mucha fuerza.<\/p>\n<p>&nbsp;<\/p>\n<p>&nbsp;<\/p>\n<p>&nbsp;<\/p>\n<h3><strong>Expulsamos lo malo y buscamos lo bueno:<\/strong><\/h3>\n<p>Coged dos trocitos de papel: en uno de ellos vamos a escribir todo lo malo que queramos que salga de nosotros o de nuestra vida. Sentimientos como la envidia o la tristeza; cuando los tengas vamos a coger el otro trozo de papel y vamos a escribir los deseos que tengamos como: salud, felicidad, un buen trabajo, etc.<\/p>\n<p>Tras esto vamos a coger el papel de los deseos y lo vamos a guardar hasta el a\u00f1o siguiente, pero antes vamos a dejarlo toda la noche en un lugar d\u00f3nde est\u00e9 en contacto con el cielo nocturno, personalmente lo dejo pillado con las piedras para que no se vaya volando.<\/p>\n<p>En cuanto al papel de lo que deseamos echar fuera: lo quemaremos a las 12 de la noche del 23 al 24 y dejaremos que se consuma el papel entero.<\/p>\n<p>En caso de hacer el ritual cada a\u00f1o, quemaremos tambi\u00e9n los deseos del a\u00f1o anterior que hab\u00edamos guardado. Es importante que no leamos estos deseos hasta esa misma noche y en ese momento veamos que deseos ten\u00edamos hace un a\u00f1o y en que camino vamos para conseguirlos o cu\u00e1les hemos conseguido.<\/p>\n<p>&nbsp;<\/p>\n<h3><strong>Agua que purifica:<\/strong><\/h3>\n<p>En un cubo o barre\u00f1o vamos a poner agua y la vamos a dejar toda la noche en la\u00a0 calle, a la ma\u00f1ana siguiente lo primero que haremos es lavar nuestra cara con dicha agua, de esta manera damos la bienvenida a un nuevo periodo y renovamos nuestra energ\u00eda.<\/p>\n<p><img decoding=\"async\" loading=\"lazy\" class=\"aligncenter wp-image-1382\" src=\"https:\/\/www.essenciales.com\/blog\/wp-content\/uploads\/Essenciales-luna-y-agua-purificadoras-san-juan.jpg\" alt=\"Luna y agua como elementos purificadores en la naturaleza\" width=\"794\" height=\"564\" srcset=\"https:\/\/www.essenciales.com\/blog\/wp-content\/uploads\/Essenciales-luna-y-agua-purificadoras-san-juan.jpg 780w, https:\/\/www.essenciales.com\/blog\/wp-content\/uploads\/Essenciales-luna-y-agua-purificadoras-san-juan-300x213.jpg 300w\" sizes=\"(max-width: 794px) 100vw, 794px\" \/> Tras estos rituales vamos a conocer la <strong>nueva selecci\u00f3n de piedras que ten\u00e9is disponible en nuestra web<\/strong> y que os valdr\u00e1n de amuleto para canalizar energ\u00edas as\u00ed como tratar los chakras.<\/p>\n<p><img decoding=\"async\" loading=\"lazy\" class=\" wp-image-1372 alignleft\" src=\"https:\/\/www.essenciales.com\/blog\/wp-content\/uploads\/WhatsApp-Image-2021-06-18-at-12.37.29-300x300.jpeg\" alt=\"\" width=\"249\" height=\"249\" srcset=\"https:\/\/www.essenciales.com\/blog\/wp-content\/uploads\/WhatsApp-Image-2021-06-18-at-12.37.29-300x300.jpeg 300w, https:\/\/www.essenciales.com\/blog\/wp-content\/uploads\/WhatsApp-Image-2021-06-18-at-12.37.29-150x150.jpeg 150w, https:\/\/www.essenciales.com\/blog\/wp-content\/uploads\/WhatsApp-Image-2021-06-18-at-12.37.29-640x640.jpeg 640w, https:\/\/www.essenciales.com\/blog\/wp-content\/uploads\/WhatsApp-Image-2021-06-18-at-12.37.29.jpeg 736w\" sizes=\"(max-width: 249px) 100vw, 249px\" \/><\/p>\n<h3><strong>Amatista:<\/strong><\/h3>\n<p>La amatista es un mineral de origen magm\u00e1tico, y ha sido utilizada desde el antiguo Egipto simboliza adem\u00e1s la sabidur\u00eda divina. La amatista transmite energ\u00eda positiva, es calmante y ayuda en la meditaci\u00f3n. Ayuda en los problemas relacionados con los dolores de cabeza, cefaleas y migra\u00f1as. Es una piedra que tiene que ver con el estado de \u00e1nimo, los dolores tensionales y de cabeza.<br \/>\n(<a href=\"https:\/\/www.essenciales.com\/piedras-minerales\/amatista-5-piedras.html\">comprar amatista aqu\u00ed<\/a>)<\/p>\n<h3><strong>Aventurina verde<\/strong>:<\/h3>\n<p>La aventurina es una variedad de cuarzo. Se usa para limpiar la negatividad y las impurezas, suplant\u00e1ndolas por paz y sensibilidad, adem\u00e1s atrae la felicidad y la buena suerte.<br \/>\n(<a href=\"https:\/\/www.essenciales.com\/piedras-minerales\/aventurina-verde-5-piedras.html\">comprar aventurina aqu\u00ed<\/a>)<\/p>\n<h3><strong>Citrino:<\/strong><\/h3>\n<p>Se trata de otro tipo de cuarzo. Tiene la capacidad de potenciar el \u00e9xito, atraer la estabilidad econ\u00f3mica o aumentar riquezas, por tanto ofrece prosperidad en abundancia. (<a href=\"https:\/\/www.essenciales.com\/piedras-minerales\/citrino-5-piedras.html\">comprar citrino aqu\u00ed<\/a>)<\/p>\n<h3><strong>Cristal de cuarzo:<img decoding=\"async\" loading=\"lazy\" class=\" wp-image-1371 alignright\" src=\"https:\/\/www.essenciales.com\/blog\/wp-content\/uploads\/WhatsApp-Image-2021-06-18-at-12.37.291-300x294.jpeg\" alt=\"\" width=\"318\" height=\"312\" srcset=\"https:\/\/www.essenciales.com\/blog\/wp-content\/uploads\/WhatsApp-Image-2021-06-18-at-12.37.291-300x294.jpeg 300w, https:\/\/www.essenciales.com\/blog\/wp-content\/uploads\/WhatsApp-Image-2021-06-18-at-12.37.291.jpeg 400w\" sizes=\"(max-width: 318px) 100vw, 318px\" \/><\/strong><\/h3>\n<p>Es el mineral m\u00e1s com\u00fan del planeta. Los cuarzos son minerales compuestos por ox\u00edgeno y s\u00edlice, por ello su composici\u00f3n es resistente y excelente amplificador de energ\u00eda. Su uso es muy com\u00fan para el bloqueo de las energ\u00edas o vibras negativas. Tambi\u00e9n lo podemos usar para proteger lugares como el despacho o la habitaci\u00f3n. (<a href=\"https:\/\/www.essenciales.com\/piedras-minerales\/cristal-cuarzo-5-piedras.html\">comprar cristal de cuarzo aqu\u00ed<\/a>)<\/p>\n<h3><strong>Cuarzo rosa:<\/strong><\/h3>\n<p>Este mineral se usa de sedante y relajante, tambi\u00e9n puede ayudar a atraer el amor a nuestras vidas. Otorga armon\u00eda y tranquilidad con uno mismo. Ayuda a curar dolencias tanto f\u00edsicas como del alma. Est\u00e1 muy relacionado con la delicadeza del ser humano y la feminidad. (<a href=\"https:\/\/www.essenciales.com\/piedras-minerales\/cuarzo-rosa-5-piedras.html\">comprar cuarzo rosa aqu\u00ed<\/a>)<\/p>\n<p>&nbsp;<\/p>\n<h3><strong>Fluorita:<\/strong><\/h3>\n<p>La fluorita es un mineral formado por la combinaci\u00f3n de calcio y fl\u00faor. Ayuda a limpiar el aura, expulsa las energ\u00edas negativas y reorganiza aspectos f\u00edsicos, mentales y espirituales. Tambi\u00e9n contiene propiedades curativas y energ\u00e9ticas. (<a href=\"https:\/\/www.essenciales.com\/piedras-minerales\/fluorita-5-piedras.html\">comprar fluorita aqu\u00ed<\/a>)<\/p>\n<h3><strong>Lapisl\u00e1zuli:<\/strong><\/h3>\n<p>Es una gema de un caracter\u00edstico color azul ultramar, muy apreciada en joyer\u00eda desde el Antiguo Egipto. Se usa para abrir el tercer ojo y equilibrar el chakra de la garganta. Ayuda a liberar el estr\u00e9s aportando una gran paz interior, por lo que es clave para la relajaci\u00f3n. Se trata de una piedra protectora que nos pone en contacto con los esp\u00edritus guardianes. Aporta claridad y objetividad. (<a href=\"https:\/\/www.essenciales.com\/piedras-minerales\/lapislazuli-5-piedras.html\">comprar lapisl\u00e1zuli aqu\u00ed<\/a>)<\/p>\n<h3><strong>Obsidiana<\/strong>:<\/h3>\n<p>O cristal volc\u00e1nico es una piedra \u00edgnea. Produce una gran curaci\u00f3n del alma y se usa para dar apoyo personal absorbiendo las energ\u00edas negativas del entorno. Anima a explorar lo desconocido otorgando seguridad y convencimiento en uno mismo. (<a href=\"https:\/\/www.essenciales.com\/piedras-minerales\/obsidiana-5-piedras.html\">comprar obsidiana aqu\u00ed<\/a>)<\/p>\n<h3><strong>Sodalita<\/strong>:<\/h3>\n<p>Es un mineral del grupo de los silicatos. Se usa para unir la l\u00f3gica con la intuici\u00f3n y abre la percepci\u00f3n espiritual, a la vez que estimula el tercer ojo y ayuda a profundizar en la meditaci\u00f3n. (<a href=\"https:\/\/www.essenciales.com\/piedras-minerales\/sodalita-5-piedras.html\">comprar sodalita aqu\u00ed<\/a>)<\/p>\n<p><img decoding=\"async\" loading=\"lazy\" class=\"replace-2x img-responsive alignleft\" title=\"Botellas roll-on energ\u00e9tico piedras naturales\" src=\"https:\/\/www.essenciales.com\/1909-big_default\/roll-on-energetico-piedras-naturales-aceites-esenciales.jpg\" alt=\"Botellas roll-on energ\u00e9tico piedras naturales\" width=\"213\" height=\"243\" \/><\/p>\n<p>Para potenciar la energ\u00eda de los aceites esenciales disponemos tambi\u00e9n de envases con piedras minerales para que puedas aplicar de manera c\u00f3moda tus sinergias y aceites. Es el complemento perfecto para tus sesiones de yoga y aromaterapia. Las botellas se pueden abrir para su llenado o manipulado.\u00a0 El <a href=\"https:\/\/www.essenciales.com\/envases-accesorios\/roll-on-energetico-piedras-naturales-aceites-esenciales.html\">pack de piedras naturales energ\u00e9ticas<\/a> contiene piedras pulidas de: cristal de cuarzo, cuarzo rosa, fluorita, aventurina verde, cornalina, aventurina roja, amatista, lapisl\u00e1zuli, ojo de tigre y hematita.<\/p>\n<p>&nbsp;<\/p>\n<h3><\/h3>\n<h3><\/h3>\n<h3><\/h3>\n<h3>Sinergia para usar en roll-on:<\/h3>\n<p>En un <a href=\"https:\/\/www.essenciales.com\/envases-accesorios\/botella-30-ml-cristal-transparente.html\">recipiente de 30ml<\/a> a\u00f1adiremos: 1 gota de <a href=\"https:\/\/www.essenciales.com\/aceites-esenciales-puros\/aceite-esencial-vetiver.html\">vetiver<\/a> + 5 gotas de <a href=\"https:\/\/www.essenciales.com\/aceites-esenciales-puros\/aceite-esencial-bergamota.html\">bergamota<\/a>+ 6 de <a href=\"https:\/\/www.essenciales.com\/aceites-esenciales-puros\/aceite-esencial-geranio.html\">geranio<\/a>+ 4 de <a href=\"https:\/\/www.essenciales.com\/aceites-esenciales-puros\/aceite-esencial-lavanda.html\">lavanda<\/a> + 5 gotas de <a href=\"https:\/\/www.essenciales.com\/aceites-esenciales-puros\/aceite-esencial-baya-enebro.html\">enebro<\/a> + 6 gotas de <a href=\"https:\/\/www.essenciales.com\/aceites-esenciales-puros\/aceite-esencial-incienso.html\">incienso<\/a> + 4 de <a href=\"https:\/\/www.essenciales.com\/aceites-esenciales-puros\/aceite-esencial-mejorana-dulce.html\">mejorana dulce<\/a> y mezclamos con <a href=\"https:\/\/www.essenciales.com\/aceites-primera-presion-frio\/aceite-vegetal-jojoba-primera-presion-frio.html\">aceite de jojoba<\/a>. \u00a0Agitamos como si fuera una coctelera, y ya tenemos el preparado, llenar el <a href=\"https:\/\/www.essenciales.com\/envases-accesorios\/roll-on-energetico-piedras-naturales-aceites-esenciales.html\">roll-on de 10ml<\/a> y listo.<\/p>\n<p>Esperamos que pas\u00e9is una m\u00e1gica noche de San Juan y que comenc\u00e9is el verano con el cuerpo cargado de energ\u00eda positiva y buenas vibraciones.<\/p>\n<p>D\u00e9janos en comentarios que rituales conoc\u00edas de San Juan o si particas alguno. Os leemos!!!<\/p>\n<p><img decoding=\"async\" loading=\"lazy\" class=\"aligncenter size-full wp-image-1383\" src=\"https:\/\/www.essenciales.com\/blog\/wp-content\/uploads\/Essenciales-agua-purificadora-san-juan.jpg\" alt=\"Aceites esenciales y piedras minerales purificadoras para San Juan\" width=\"780\" height=\"520\" srcset=\"https:\/\/www.essenciales.com\/blog\/wp-content\/uploads\/Essenciales-agua-purificadora-san-juan.jpg 780w, https:\/\/www.essenciales.com\/blog\/wp-content\/uploads\/Essenciales-agua-purificadora-san-juan-300x200.jpg 300w\" sizes=\"(max-width: 780px) 100vw, 780px\" \/><\/p>\n","protected":false},"excerpt":{"rendered":"<p>San Juan, la noche m\u00e1gica \u00bfAlguna vez has pensado en la canalizaci\u00f3n de energ\u00eda, los ciclos lunares o el porqu\u00e9 de la importancia de la&#8230;<\/p>\n<p class=\"readmore\"><a class=\"more-btn\" href=\"https:\/\/www.essenciales.com\/blog\/canalizacion-de-energia-los-ciclos-lunares\/\">Leer m\u00e1s<\/a><\/p>\n","protected":false},"author":4,"featured_media":1380,"comment_status":"open","ping_status":"open","sticky":false,"template":"","format":"standard","meta":[],"categories":[42,108,144],"tags":[],"yoast_head":"<!-- This site is optimized with the Yoast SEO plugin v19.10 - https:\/\/yoast.com\/wordpress\/plugins\/seo\/ -->\n<title>Canalizaci\u00f3n de energ\u00eda con piedras naturales energ\u00e9ticas | Blog de ESSENCIALES<\/title>\n<meta name=\"description\" content=\"Aprende a canalizar tu energ\u00eda con las mejores piedras naturales energ\u00e9ticas y una sinergia con aceites esenciales.\" \/>\n<meta name=\"robots\" content=\"index, follow, max-snippet:-1, max-image-preview:large, max-video-preview:-1\" \/>\n<link rel=\"canonical\" href=\"https:\/\/www.essenciales.com\/blog\/canalizacion-de-energia-los-ciclos-lunares\/\" \/>\n<meta property=\"og:locale\" content=\"es_ES\" \/>\n<meta property=\"og:type\" content=\"article\" \/>\n<meta property=\"og:title\" content=\"Canalizaci\u00f3n de energ\u00eda con piedras naturales energ\u00e9ticas | Blog de ESSENCIALES\" \/>\n<meta property=\"og:description\" content=\"Aprende a canalizar tu energ\u00eda con las mejores piedras naturales energ\u00e9ticas y una sinergia con aceites esenciales.\" \/>\n<meta property=\"og:url\" content=\"https:\/\/www.essenciales.com\/blog\/canalizacion-de-energia-los-ciclos-lunares\/\" \/>\n<meta property=\"og:site_name\" content=\"Blog de ESSENCIALES\" \/>\n<meta property=\"article:published_time\" content=\"2021-06-22T07:24:57+00:00\" \/>\n<meta property=\"article:modified_time\" content=\"2021-12-28T17:46:47+00:00\" \/>\n<meta property=\"og:image\" content=\"https:\/\/www.essenciales.com\/blog\/wp-content\/uploads\/Essenciales-arena-playa-san-juan.jpg\" \/>\n\t<meta property=\"og:image:width\" content=\"780\" \/>\n\t<meta property=\"og:image:height\" content=\"518\" \/>\n\t<meta property=\"og:image:type\" content=\"image\/jpeg\" \/>\n<meta name=\"author\" content=\"Nuria Moreno\" \/>\n<meta name=\"twitter:card\" content=\"summary_large_image\" \/>\n<meta name=\"twitter:label1\" content=\"Escrito por\" \/>\n\t<meta name=\"twitter:data1\" content=\"Nuria Moreno\" \/>\n\t<meta name=\"twitter:label2\" content=\"Tiempo de lectura\" \/>\n\t<meta name=\"twitter:data2\" content=\"8 minutos\" \/>\n<script type=\"application\/ld+json\" class=\"yoast-schema-graph\">{\"@context\":\"https:\/\/schema.org\",\"@graph\":[{\"@type\":\"WebPage\",\"@id\":\"https:\/\/www.essenciales.com\/blog\/canalizacion-de-energia-los-ciclos-lunares\/\",\"url\":\"https:\/\/www.essenciales.com\/blog\/canalizacion-de-energia-los-ciclos-lunares\/\",\"name\":\"Canalizaci\u00f3n de energ\u00eda con piedras naturales energ\u00e9ticas | Blog de ESSENCIALES\",\"isPartOf\":{\"@id\":\"https:\/\/www.essenciales.com\/blog\/#website\"},\"datePublished\":\"2021-06-22T07:24:57+00:00\",\"dateModified\":\"2021-12-28T17:46:47+00:00\",\"author\":{\"@id\":\"https:\/\/www.essenciales.com\/blog\/#\/schema\/person\/ba44a296eed23f89b82b6b67dee32d7f\"},\"description\":\"Aprende a canalizar tu energ\u00eda con las mejores piedras naturales energ\u00e9ticas y una sinergia con aceites esenciales.\",\"breadcrumb\":{\"@id\":\"https:\/\/www.essenciales.com\/blog\/canalizacion-de-energia-los-ciclos-lunares\/#breadcrumb\"},\"inLanguage\":\"es\",\"potentialAction\":[{\"@type\":\"ReadAction\",\"target\":[\"https:\/\/www.essenciales.com\/blog\/canalizacion-de-energia-los-ciclos-lunares\/\"]}]},{\"@type\":\"BreadcrumbList\",\"@id\":\"https:\/\/www.essenciales.com\/blog\/canalizacion-de-energia-los-ciclos-lunares\/#breadcrumb\",\"itemListElement\":[{\"@type\":\"ListItem\",\"position\":1,\"name\":\"Portada\",\"item\":\"https:\/\/www.essenciales.com\/blog\/\"},{\"@type\":\"ListItem\",\"position\":2,\"name\":\"Canalizaci\u00f3n de energ\u00eda, los ciclos lunares o el porqu\u00e9 de la importancia de la noche de San Juan\"}]},{\"@type\":\"WebSite\",\"@id\":\"https:\/\/www.essenciales.com\/blog\/#website\",\"url\":\"https:\/\/www.essenciales.com\/blog\/\",\"name\":\"Blog de ESSENCIALES\",\"description\":\"Conoce todas las propiedades de los aceites esenciales y vegetales, as\u00ed como sus usos y remedios naturales\",\"potentialAction\":[{\"@type\":\"SearchAction\",\"target\":{\"@type\":\"EntryPoint\",\"urlTemplate\":\"https:\/\/www.essenciales.com\/blog\/?s={search_term_string}\"},\"query-input\":\"required name=search_term_string\"}],\"inLanguage\":\"es\"},{\"@type\":\"Person\",\"@id\":\"https:\/\/www.essenciales.com\/blog\/#\/schema\/person\/ba44a296eed23f89b82b6b67dee32d7f\",\"name\":\"Nuria Moreno\"}]}<\/script>\n<!-- \/ Yoast SEO plugin. -->","yoast_head_json":{"title":"Canalizaci\u00f3n de energ\u00eda con piedras naturales energ\u00e9ticas | Blog de ESSENCIALES","description":"Aprende a canalizar tu energ\u00eda con las mejores piedras naturales energ\u00e9ticas y una sinergia con aceites esenciales.","robots":{"index":"index","follow":"follow","max-snippet":"max-snippet:-1","max-image-preview":"max-image-preview:large","max-video-preview":"max-video-preview:-1"},"canonical":"https:\/\/www.essenciales.com\/blog\/canalizacion-de-energia-los-ciclos-lunares\/","og_locale":"es_ES","og_type":"article","og_title":"Canalizaci\u00f3n de energ\u00eda con piedras naturales energ\u00e9ticas | Blog de ESSENCIALES","og_description":"Aprende a canalizar tu energ\u00eda con las mejores piedras naturales energ\u00e9ticas y una sinergia con aceites esenciales.","og_url":"https:\/\/www.essenciales.com\/blog\/canalizacion-de-energia-los-ciclos-lunares\/","og_site_name":"Blog de ESSENCIALES","article_published_time":"2021-06-22T07:24:57+00:00","article_modified_time":"2021-12-28T17:46:47+00:00","og_image":[{"width":780,"height":518,"url":"https:\/\/www.essenciales.com\/blog\/wp-content\/uploads\/Essenciales-arena-playa-san-juan.jpg","type":"image\/jpeg"}],"author":"Nuria Moreno","twitter_card":"summary_large_image","twitter_misc":{"Escrito por":"Nuria Moreno","Tiempo de lectura":"8 minutos"},"schema":{"@context":"https:\/\/schema.org","@graph":[{"@type":"WebPage","@id":"https:\/\/www.essenciales.com\/blog\/canalizacion-de-energia-los-ciclos-lunares\/","url":"https:\/\/www.essenciales.com\/blog\/canalizacion-de-energia-los-ciclos-lunares\/","name":"Canalizaci\u00f3n de energ\u00eda con piedras naturales energ\u00e9ticas | Blog de ESSENCIALES","isPartOf":{"@id":"https:\/\/www.essenciales.com\/blog\/#website"},"datePublished":"2021-06-22T07:24:57+00:00","dateModified":"2021-12-28T17:46:47+00:00","author":{"@id":"https:\/\/www.essenciales.com\/blog\/#\/schema\/person\/ba44a296eed23f89b82b6b67dee32d7f"},"description":"Aprende a canalizar tu energ\u00eda con las mejores piedras naturales energ\u00e9ticas y una sinergia con aceites esenciales.","breadcrumb":{"@id":"https:\/\/www.essenciales.com\/blog\/canalizacion-de-energia-los-ciclos-lunares\/#breadcrumb"},"inLanguage":"es","potentialAction":[{"@type":"ReadAction","target":["https:\/\/www.essenciales.com\/blog\/canalizacion-de-energia-los-ciclos-lunares\/"]}]},{"@type":"BreadcrumbList","@id":"https:\/\/www.essenciales.com\/blog\/canalizacion-de-energia-los-ciclos-lunares\/#breadcrumb","itemListElement":[{"@type":"ListItem","position":1,"name":"Portada","item":"https:\/\/www.essenciales.com\/blog\/"},{"@type":"ListItem","position":2,"name":"Canalizaci\u00f3n de energ\u00eda, los ciclos lunares o el porqu\u00e9 de la importancia de la noche de San Juan"}]},{"@type":"WebSite","@id":"https:\/\/www.essenciales.com\/blog\/#website","url":"https:\/\/www.essenciales.com\/blog\/","name":"Blog de ESSENCIALES","description":"Conoce todas las propiedades de los aceites esenciales y vegetales, as\u00ed como sus usos y remedios naturales","potentialAction":[{"@type":"SearchAction","target":{"@type":"EntryPoint","urlTemplate":"https:\/\/www.essenciales.com\/blog\/?s={search_term_string}"},"query-input":"required name=search_term_string"}],"inLanguage":"es"},{"@type":"Person","@id":"https:\/\/www.essenciales.com\/blog\/#\/schema\/person\/ba44a296eed23f89b82b6b67dee32d7f","name":"Nuria Moreno"}]}},"_links":{"self":[{"href":"https:\/\/www.essenciales.com\/blog\/wp-json\/wp\/v2\/posts\/1364"}],"collection":[{"href":"https:\/\/www.essenciales.com\/blog\/wp-json\/wp\/v2\/posts"}],"about":[{"href":"https:\/\/www.essenciales.com\/blog\/wp-json\/wp\/v2\/types\/post"}],"author":[{"embeddable":true,"href":"https:\/\/www.essenciales.com\/blog\/wp-json\/wp\/v2\/users\/4"}],"replies":[{"embeddable":true,"href":"https:\/\/www.essenciales.com\/blog\/wp-json\/wp\/v2\/comments?post=1364"}],"version-history":[{"count":16,"href":"https:\/\/www.essenciales.com\/blog\/wp-json\/wp\/v2\/posts\/1364\/revisions"}],"predecessor-version":[{"id":1580,"href":"https:\/\/www.essenciales.com\/blog\/wp-json\/wp\/v2\/posts\/1364\/revisions\/1580"}],"wp:featuredmedia":[{"embeddable":true,"href":"https:\/\/www.essenciales.com\/blog\/wp-json\/wp\/v2\/media\/1380"}],"wp:attachment":[{"href":"https:\/\/www.essenciales.com\/blog\/wp-json\/wp\/v2\/media?parent=1364"}],"wp:term":[{"taxonomy":"category","embeddable":true,"href":"https:\/\/www.essenciales.com\/blog\/wp-json\/wp\/v2\/categories?post=1364"},{"taxonomy":"post_tag","embeddable":true,"href":"https:\/\/www.essenciales.com\/blog\/wp-json\/wp\/v2\/tags?post=1364"}],"curies":[{"name":"wp","href":"https:\/\/api.w.org\/{rel}","templated":true}]}}