{"id":1391,"date":"2021-07-02T11:33:02","date_gmt":"2021-07-02T09:33:02","guid":{"rendered":"https:\/\/www.essenciales.com\/blog\/?p=1391"},"modified":"2021-07-02T11:53:29","modified_gmt":"2021-07-02T09:53:29","slug":"protocolo-limpieza-facial","status":"publish","type":"post","link":"https:\/\/www.essenciales.com\/blog\/protocolo-limpieza-facial\/","title":{"rendered":"Protocolo de limpieza facial"},"content":{"rendered":"<p>\u00a1Feliz Verano, os presentamos un protocolo de limpieza facial infalible!<\/p>\n<p>Con el buen tiempo y el fin de las mascarillas \ud83d\ude37, llega el momento de salir a la calle y lucir rostro. Pero cuidado con el sol y los agentes externos contaminantes! Por eso os queremos dejar este protocolo de limpieza facial elaborado por nuestra aromateraputa profesional, Yolanda Rico. Ella, como Directora de la Escuela de Aromaterapia de Barcelona, ha definido una l\u00ednea especialmente pensada para personas que quieren cuidar su equilibrio interno y externo a trav\u00e9s de los aceites esenciales y la cosm\u00e9tica natural de verdad.<\/p>\n<p>Os dejamos el video de la rutina de limpieza facial. Esperamos que sea de vuestro agrado.<\/p>\n<p><iframe loading=\"lazy\" title=\"Tratamiento limpieza facial de Essenciales &amp; Friends\" width=\"500\" height=\"281\" src=\"https:\/\/www.youtube.com\/embed\/dNW8peKb7nQ?start=2&#038;feature=oembed\" frameborder=\"0\" allow=\"accelerometer; autoplay; clipboard-write; encrypted-media; gyroscope; picture-in-picture\" allowfullscreen><\/iframe><\/p>\n<p>Encontrar\u00e1s todos los productos utilizados, en nuestra secci\u00f3n de <a href=\"https:\/\/www.essenciales.com\/cosmetica-natural\/\">Cosm\u00e9tica Natural<\/a>.<\/p>\n<p>Aprovechamos para recordaros que nos pod\u00e9is dejar vuestros comentarios o dudas tanto aqu\u00ed en el blog como en redes sociales o contactando con nosotros en nuestro correo electr\u00f3nico\u00a0<a href=\"mailto:soporte@essenciales.com\">soporte@essenciales.com<\/a>.<\/p>\n<p>Os leemos!!<\/p>\n","protected":false},"excerpt":{"rendered":"<p>\u00a1Feliz Verano, os presentamos un protocolo de limpieza facial infalible! Con el buen tiempo y el fin de las mascarillas \ud83d\ude37, llega el momento de&#8230;<\/p>\n<p class=\"readmore\"><a class=\"more-btn\" href=\"https:\/\/www.essenciales.com\/blog\/protocolo-limpieza-facial\/\">Leer m\u00e1s<\/a><\/p>\n","protected":false},"author":4,"featured_media":0,"comment_status":"open","ping_status":"open","sticky":false,"template":"","format":"standard","meta":[],"categories":[42,104,141,144],"tags":[],"yoast_head":"<!-- This site is optimized with the Yoast SEO plugin v19.10 - https:\/\/yoast.com\/wordpress\/plugins\/seo\/ -->\n<title>Protocolo de limpieza facial | Blog de ESSENCIALES<\/title>\n<meta name=\"description\" content=\"Limpieza facial con cosm\u00e9tica natural y aceites esenciales. Protocolo en v\u00eddeo. Descubre como cuidarte externa, e internamente.\" \/>\n<meta name=\"robots\" content=\"index, follow, max-snippet:-1, max-image-preview:large, max-video-preview:-1\" \/>\n<link rel=\"canonical\" href=\"https:\/\/www.essenciales.com\/blog\/protocolo-limpieza-facial\/\" \/>\n<meta property=\"og:locale\" content=\"es_ES\" \/>\n<meta property=\"og:type\" content=\"article\" \/>\n<meta property=\"og:title\" content=\"Protocolo de limpieza facial | Blog de ESSENCIALES\" \/>\n<meta property=\"og:description\" content=\"Limpieza facial con cosm\u00e9tica natural y aceites esenciales. Protocolo en v\u00eddeo. Descubre como cuidarte externa, e internamente.\" \/>\n<meta property=\"og:url\" content=\"https:\/\/www.essenciales.com\/blog\/protocolo-limpieza-facial\/\" \/>\n<meta property=\"og:site_name\" content=\"Blog de ESSENCIALES\" \/>\n<meta property=\"article:published_time\" content=\"2021-07-02T09:33:02+00:00\" \/>\n<meta property=\"article:modified_time\" content=\"2021-07-02T09:53:29+00:00\" \/>\n<meta name=\"author\" content=\"Nuria Moreno\" \/>\n<meta name=\"twitter:card\" content=\"summary_large_image\" \/>\n<meta name=\"twitter:label1\" content=\"Escrito por\" \/>\n\t<meta name=\"twitter:data1\" content=\"Nuria Moreno\" \/>\n\t<meta name=\"twitter:label2\" content=\"Tiempo de lectura\" \/>\n\t<meta name=\"twitter:data2\" content=\"1 minuto\" \/>\n<script type=\"application\/ld+json\" class=\"yoast-schema-graph\">{\"@context\":\"https:\/\/schema.org\",\"@graph\":[{\"@type\":\"WebPage\",\"@id\":\"https:\/\/www.essenciales.com\/blog\/protocolo-limpieza-facial\/\",\"url\":\"https:\/\/www.essenciales.com\/blog\/protocolo-limpieza-facial\/\",\"name\":\"Protocolo de limpieza facial | Blog de ESSENCIALES\",\"isPartOf\":{\"@id\":\"https:\/\/www.essenciales.com\/blog\/#website\"},\"datePublished\":\"2021-07-02T09:33:02+00:00\",\"dateModified\":\"2021-07-02T09:53:29+00:00\",\"author\":{\"@id\":\"https:\/\/www.essenciales.com\/blog\/#\/schema\/person\/ba44a296eed23f89b82b6b67dee32d7f\"},\"description\":\"Limpieza facial con cosm\u00e9tica natural y aceites esenciales. Protocolo en v\u00eddeo. Descubre como cuidarte externa, e internamente.\",\"breadcrumb\":{\"@id\":\"https:\/\/www.essenciales.com\/blog\/protocolo-limpieza-facial\/#breadcrumb\"},\"inLanguage\":\"es\",\"potentialAction\":[{\"@type\":\"ReadAction\",\"target\":[\"https:\/\/www.essenciales.com\/blog\/protocolo-limpieza-facial\/\"]}]},{\"@type\":\"BreadcrumbList\",\"@id\":\"https:\/\/www.essenciales.com\/blog\/protocolo-limpieza-facial\/#breadcrumb\",\"itemListElement\":[{\"@type\":\"ListItem\",\"position\":1,\"name\":\"Portada\",\"item\":\"https:\/\/www.essenciales.com\/blog\/\"},{\"@type\":\"ListItem\",\"position\":2,\"name\":\"Protocolo de limpieza facial\"}]},{\"@type\":\"WebSite\",\"@id\":\"https:\/\/www.essenciales.com\/blog\/#website\",\"url\":\"https:\/\/www.essenciales.com\/blog\/\",\"name\":\"Blog de ESSENCIALES\",\"description\":\"Conoce todas las propiedades de los aceites esenciales y vegetales, as\u00ed como sus usos y remedios naturales\",\"potentialAction\":[{\"@type\":\"SearchAction\",\"target\":{\"@type\":\"EntryPoint\",\"urlTemplate\":\"https:\/\/www.essenciales.com\/blog\/?s={search_term_string}\"},\"query-input\":\"required name=search_term_string\"}],\"inLanguage\":\"es\"},{\"@type\":\"Person\",\"@id\":\"https:\/\/www.essenciales.com\/blog\/#\/schema\/person\/ba44a296eed23f89b82b6b67dee32d7f\",\"name\":\"Nuria Moreno\"}]}<\/script>\n<!-- \/ Yoast SEO plugin. -->","yoast_head_json":{"title":"Protocolo de limpieza facial | Blog de ESSENCIALES","description":"Limpieza facial con cosm\u00e9tica natural y aceites esenciales. Protocolo en v\u00eddeo. Descubre como cuidarte externa, e internamente.","robots":{"index":"index","follow":"follow","max-snippet":"max-snippet:-1","max-image-preview":"max-image-preview:large","max-video-preview":"max-video-preview:-1"},"canonical":"https:\/\/www.essenciales.com\/blog\/protocolo-limpieza-facial\/","og_locale":"es_ES","og_type":"article","og_title":"Protocolo de limpieza facial | Blog de ESSENCIALES","og_description":"Limpieza facial con cosm\u00e9tica natural y aceites esenciales. Protocolo en v\u00eddeo. Descubre como cuidarte externa, e internamente.","og_url":"https:\/\/www.essenciales.com\/blog\/protocolo-limpieza-facial\/","og_site_name":"Blog de ESSENCIALES","article_published_time":"2021-07-02T09:33:02+00:00","article_modified_time":"2021-07-02T09:53:29+00:00","author":"Nuria Moreno","twitter_card":"summary_large_image","twitter_misc":{"Escrito por":"Nuria Moreno","Tiempo de lectura":"1 minuto"},"schema":{"@context":"https:\/\/schema.org","@graph":[{"@type":"WebPage","@id":"https:\/\/www.essenciales.com\/blog\/protocolo-limpieza-facial\/","url":"https:\/\/www.essenciales.com\/blog\/protocolo-limpieza-facial\/","name":"Protocolo de limpieza facial | Blog de ESSENCIALES","isPartOf":{"@id":"https:\/\/www.essenciales.com\/blog\/#website"},"datePublished":"2021-07-02T09:33:02+00:00","dateModified":"2021-07-02T09:53:29+00:00","author":{"@id":"https:\/\/www.essenciales.com\/blog\/#\/schema\/person\/ba44a296eed23f89b82b6b67dee32d7f"},"description":"Limpieza facial con cosm\u00e9tica natural y aceites esenciales. Protocolo en v\u00eddeo. Descubre como cuidarte externa, e internamente.","breadcrumb":{"@id":"https:\/\/www.essenciales.com\/blog\/protocolo-limpieza-facial\/#breadcrumb"},"inLanguage":"es","potentialAction":[{"@type":"ReadAction","target":["https:\/\/www.essenciales.com\/blog\/protocolo-limpieza-facial\/"]}]},{"@type":"BreadcrumbList","@id":"https:\/\/www.essenciales.com\/blog\/protocolo-limpieza-facial\/#breadcrumb","itemListElement":[{"@type":"ListItem","position":1,"name":"Portada","item":"https:\/\/www.essenciales.com\/blog\/"},{"@type":"ListItem","position":2,"name":"Protocolo de limpieza facial"}]},{"@type":"WebSite","@id":"https:\/\/www.essenciales.com\/blog\/#website","url":"https:\/\/www.essenciales.com\/blog\/","name":"Blog de ESSENCIALES","description":"Conoce todas las propiedades de los aceites esenciales y vegetales, as\u00ed como sus usos y remedios naturales","potentialAction":[{"@type":"SearchAction","target":{"@type":"EntryPoint","urlTemplate":"https:\/\/www.essenciales.com\/blog\/?s={search_term_string}"},"query-input":"required name=search_term_string"}],"inLanguage":"es"},{"@type":"Person","@id":"https:\/\/www.essenciales.com\/blog\/#\/schema\/person\/ba44a296eed23f89b82b6b67dee32d7f","name":"Nuria Moreno"}]}},"_links":{"self":[{"href":"https:\/\/www.essenciales.com\/blog\/wp-json\/wp\/v2\/posts\/1391"}],"collection":[{"href":"https:\/\/www.essenciales.com\/blog\/wp-json\/wp\/v2\/posts"}],"about":[{"href":"https:\/\/www.essenciales.com\/blog\/wp-json\/wp\/v2\/types\/post"}],"author":[{"embeddable":true,"href":"https:\/\/www.essenciales.com\/blog\/wp-json\/wp\/v2\/users\/4"}],"replies":[{"embeddable":true,"href":"https:\/\/www.essenciales.com\/blog\/wp-json\/wp\/v2\/comments?post=1391"}],"version-history":[{"count":11,"href":"https:\/\/www.essenciales.com\/blog\/wp-json\/wp\/v2\/posts\/1391\/revisions"}],"predecessor-version":[{"id":1481,"href":"https:\/\/www.essenciales.com\/blog\/wp-json\/wp\/v2\/posts\/1391\/revisions\/1481"}],"wp:attachment":[{"href":"https:\/\/www.essenciales.com\/blog\/wp-json\/wp\/v2\/media?parent=1391"}],"wp:term":[{"taxonomy":"category","embeddable":true,"href":"https:\/\/www.essenciales.com\/blog\/wp-json\/wp\/v2\/categories?post=1391"},{"taxonomy":"post_tag","embeddable":true,"href":"https:\/\/www.essenciales.com\/blog\/wp-json\/wp\/v2\/tags?post=1391"}],"curies":[{"name":"wp","href":"https:\/\/api.w.org\/{rel}","templated":true}]}}