{"id":1405,"date":"2021-08-05T14:39:07","date_gmt":"2021-08-05T12:39:07","guid":{"rendered":"https:\/\/www.essenciales.com\/blog\/?p=1405"},"modified":"2021-09-06T14:47:00","modified_gmt":"2021-09-06T12:47:00","slug":"proteccion-solar-horas-de-sol-aftersun-protector-del-cabello-protector-natural-productos-naturales-no-daninos","status":"publish","type":"post","link":"https:\/\/www.essenciales.com\/blog\/proteccion-solar-horas-de-sol-aftersun-protector-del-cabello-protector-natural-productos-naturales-no-daninos\/","title":{"rendered":"Receta protector solar"},"content":{"rendered":"<h1 style=\"text-align: center;\"><img decoding=\"async\" loading=\"lazy\" class=\"aligncenter size-full wp-image-549\" src=\"https:\/\/www.essenciales.com\/blog\/wp-content\/uploads\/protector-sol-espalda_essenciales.jpg\" alt=\"protector solar natural essenciales\" width=\"878\" height=\"547\" srcset=\"https:\/\/www.essenciales.com\/blog\/wp-content\/uploads\/protector-sol-espalda_essenciales.jpg 878w, https:\/\/www.essenciales.com\/blog\/wp-content\/uploads\/protector-sol-espalda_essenciales-300x187.jpg 300w, https:\/\/www.essenciales.com\/blog\/wp-content\/uploads\/protector-sol-espalda_essenciales-780x486.jpg 780w\" sizes=\"(max-width: 878px) 100vw, 878px\" \/><\/h1>\n<h3 style=\"text-align: center;\"><strong>Ya estamos en veranito !! Ahora <\/strong><strong>lo que m\u00e1s apetece es darnos un ba\u00f1o refrescante y ponernos al sol pero recuerda:\u00a0 debemos hacerlo siempre con protecci\u00f3n.<\/strong><\/h3>\n<p>Bienvenidos de nuevo al blog de Essenciales hoy os traemos un art\u00edculo sobre protecci\u00f3n solar y, en caso de que ya sea tarde, aftersun.<\/p>\n<p>Sabemos que hace un calor ya insoportable y que queremos huir de \u00e9l .En cualquier piscina, playa, r\u00edo o lago que se nos ocurra; de verdad, nosotros tambi\u00e9n so\u00f1amos con ello \ud83d\ude09<\/p>\n<p>Pero debemos tener en cuenta que esta \u00e9poca y a las horas a las que salimos nos estamos exponiendo a un sol fuerte y abrasador y que debemos protegernos a nosotros y a nuestra piel de \u00e9l.<\/p>\n<p><!--more--><\/p>\n<p>Lo primero que queremos es recordaros que evit\u00e9is hacer ejercicio o actividades que requieran un esfuerzo extra en las horas de m\u00e1s calor, que os protej\u00e1is con gorros, sombrillas o pamelas y que os hidrat\u00e9is bien, sabemos que esto lo repiten todos los a\u00f1os en todos los medios posibles pero es muy importante y deb\u00e9is cumplirlos, adem\u00e1s vuestra piel y vuestro cuerpo agradecer\u00e1 mucho una hidrataci\u00f3n extra !<\/p>\n<h3><strong>Y ahora s\u00ed, vamos a por nuestros protectores solares con productos naturales:<\/strong><\/h3>\n<p>Ingredientes:<\/p>\n<ul>\n<li>1\/2 taza de <a href=\"https:\/\/www.essenciales.com\/aceites-primera-presion-frio\/aceite-coco-primera-presion-frio.html?search_query=coco&amp;results=28\">aceite de coco<\/a> &#8211; contiene un SPF natural de 10 &#8211; donde encontrar<\/li>\n<li>1\/4 de taza de <a href=\"https:\/\/www.essenciales.com\/aceites-bio\/aceite-vegetal-almendras-dulces-primera-presion-bio.html?search_query=almendras&amp;results=24\">aceite de almendras dulces<\/a> &#8211; excelente para la elasticidad de la piel<\/li>\n<li>1\/4 taza de <a href=\"https:\/\/www.essenciales.com\/otros-extractos\/cera-de-abejas-natural-premium.html\">cera de abeja<\/a><\/li>\n<li>2 cucharadas de <a href=\"https:\/\/www.essenciales.com\/aceites-primera-presion-frio\/manteca-karite.html\">manteca de karit\u00e9<\/a><\/li>\n<li>1 cucharadita de <a href=\"https:\/\/www.essenciales.com\/otros-extractos\/vitamina-e-tocoferol.html\">vitamina E<\/a> &#8211; evita que la loci\u00f3n se ponga rancia y es buena para la piel<\/li>\n<li>2 cucharadas de polvo de \u00f3xido de zinc &#8211; contiene un SPF natural de 20<\/li>\n<li>Para que tenga un buen aroma a\u00f1adiremos unas 30 gotas de <a href=\"https:\/\/www.essenciales.com\/aceites-esenciales-puros\/aceite-esencial-lavanda.html\">aceite esencial de lavanda<\/a> despu\u00e9s de haber mezclado y enfriado el resto de ingredientes.<\/li>\n<\/ul>\n<p>Pasos a seguir:<\/p>\n<ol>\n<li>En un recipiente mezclaremos todo menos el \u00f3xido de zinc y el aceite esencial de lavanda.<\/li>\n<li>Calentar a fuego medio hasta que se derrita todo (al ba\u00f1o mar\u00eda), con cuidado de que no se caliente demasiado.<\/li>\n<li>Vertimos en un<a href=\"https:\/\/www.essenciales.com\/envases-accesorios\/botella-500-ml-plastico-ambar.html?search_query=bote&amp;results=67\"> bote de cristal<\/a> y a\u00f1adimos los polvos \u00f3xido de zinc<\/li>\n<li>Ponemos una tapadera herm\u00e9tica al bote, cerramos bien y envolvemos el bote para no quemarnos y poder moverlo bien. Lo agitamos para que se mezcle el polvo con el resto de la mezcla.<\/li>\n<li>Vertimos en el <a href=\"https:\/\/www.essenciales.com\/envases-accesorios\/frasco-crema-vidrio-ambar-100-ml.html\">recipiente<\/a> que deseemos guardarla, dejamos que se enfr\u00ede, una vez fr\u00eda a\u00f1adimos la lavanda, agitamos para que mezcle bien y listo.<\/li>\n<\/ol>\n<p>Os recomendamos guardarlo en un lugar fr\u00edo, siempre bien cerrado, para que los aceites vegetales no se pongan rancios.<\/p>\n<h3><strong>Ahora vamos a por un protector solar que adem\u00e1s potencia el bronceado ya que contiene zanahoria:<\/strong><\/h3>\n<p>Ingredientes:<\/p>\n<ul>\n<li>1\/4 de taza de aceite de coco<\/li>\n<li>1\/4 de taza de manteca de karit\u00e9<\/li>\n<li>2 cucharadas de aceite de almendras<\/li>\n<li>1 cucharadita de aceite de vitamina E<\/li>\n<li>2 cucharadas de cera de abeja<\/li>\n<li>2 cucharadas de polvo de \u00f3xido de zinc<\/li>\n<li>1 cucharadita de <a href=\"https:\/\/www.essenciales.com\/aceites-bio\/macerado-de-zanahoria-bio.html\">macerado de zanahoria<\/a><\/li>\n<\/ul>\n<p>Pasos a seguir:<\/p>\n<ol>\n<li>Derretir al ba\u00f1o mar\u00eda s\u00f3lo aquellas materias primas que son s\u00f3lidas, una vez que las tengamos en estado l\u00edquido.<\/li>\n<li>A\u00f1adimos el resto de ingredientes (que ya son l\u00edquidos).<\/li>\n<li>Cuando la mezcla est\u00e9 derretida, ret\u00edrala del fuego y dejarla enfriar a temperatura ambiente.<\/li>\n<li>A\u00f1adiremos con cuidado el polvo de \u00f3xido de zinc, teniendo cuidado de cubrirte la nariz y la boca para no inhalar el polvo, lo haremos como en la receta anterior, tap\u00e1ndolo y agit\u00e1ndolo bien; debemos asegurarnos de que se mezcle todo quedando homog\u00e9nea la mezcla.<\/li>\n<li>Dejamos enfriar \u00a0la mezcla en la nevera durante 15-30 minutos, hasta que empiece a cuajar.<\/li>\n<\/ol>\n<p>Guardaremos en un recipiente de cristal oscuro en la nevera entre cada uso.\u00a0Recordad aplicar la crema 30 minutos antes de la exposici\u00f3n solar y despu\u00e9s hacerlo cada hora y media o dos horas para evitar cualquier quemadura; y evitar siempre las horas fuertes de sol\u00a0 (de 12h a 16h).<\/p>\n<p>Esperamos que con estos remedios os cuid\u00e9is mejor de la exposici\u00f3n solar, si hac\u00e9is alguna de las recetas nos encantar\u00eda que la compartierais con nosotros en redes esenciales etiquet\u00e1ndonos.<\/p>\n<p>Os leemos!!<\/p>\n<p>&nbsp;<\/p>\n<p><a href=\"https:\/\/www.essenciales.com\/blog\/wp-content\/uploads\/Verdaderos-extractos-y-aceites-naturales-1.png\"><img decoding=\"async\" loading=\"lazy\" class=\" wp-image-1333 aligncenter\" src=\"https:\/\/www.essenciales.com\/blog\/wp-content\/uploads\/Verdaderos-extractos-y-aceites-naturales-1-300x300.png\" alt=\"\" width=\"425\" height=\"425\" srcset=\"https:\/\/www.essenciales.com\/blog\/wp-content\/uploads\/Verdaderos-extractos-y-aceites-naturales-1-300x300.png 300w, https:\/\/www.essenciales.com\/blog\/wp-content\/uploads\/Verdaderos-extractos-y-aceites-naturales-1-1024x1024.png 1024w, https:\/\/www.essenciales.com\/blog\/wp-content\/uploads\/Verdaderos-extractos-y-aceites-naturales-1-150x150.png 150w, https:\/\/www.essenciales.com\/blog\/wp-content\/uploads\/Verdaderos-extractos-y-aceites-naturales-1-780x780.png 780w, https:\/\/www.essenciales.com\/blog\/wp-content\/uploads\/Verdaderos-extractos-y-aceites-naturales-1-640x640.png 640w, https:\/\/www.essenciales.com\/blog\/wp-content\/uploads\/Verdaderos-extractos-y-aceites-naturales-1.png 1080w\" sizes=\"(max-width: 425px) 100vw, 425px\" \/><\/a><\/p>\n","protected":false},"excerpt":{"rendered":"<p>Ya estamos en veranito !! Ahora lo que m\u00e1s apetece es darnos un ba\u00f1o refrescante y ponernos al sol pero recuerda:\u00a0 debemos hacerlo siempre con&#8230;<\/p>\n<p class=\"readmore\"><a class=\"more-btn\" href=\"https:\/\/www.essenciales.com\/blog\/proteccion-solar-horas-de-sol-aftersun-protector-del-cabello-protector-natural-productos-naturales-no-daninos\/\">Leer m\u00e1s<\/a><\/p>\n","protected":false},"author":4,"featured_media":0,"comment_status":"open","ping_status":"open","sticky":false,"template":"","format":"standard","meta":[],"categories":[42,104],"tags":[],"yoast_head":"<!-- This site is optimized with the Yoast SEO plugin v19.10 - https:\/\/yoast.com\/wordpress\/plugins\/seo\/ -->\n<title>Receta protector solar | Blog de ESSENCIALES Preparados y combinaciones<\/title>\n<meta name=\"description\" content=\"Cuida tu piel ,y la de tus seres queridos, del abrasador sol con Essenciales y sus recetas de protector y aftersun naturales.\" \/>\n<meta name=\"robots\" content=\"index, follow, max-snippet:-1, max-image-preview:large, max-video-preview:-1\" \/>\n<link rel=\"canonical\" href=\"https:\/\/www.essenciales.com\/blog\/proteccion-solar-horas-de-sol-aftersun-protector-del-cabello-protector-natural-productos-naturales-no-daninos\/\" \/>\n<meta property=\"og:locale\" content=\"es_ES\" \/>\n<meta property=\"og:type\" content=\"article\" \/>\n<meta property=\"og:title\" content=\"Receta protector solar | Blog de ESSENCIALES Preparados y combinaciones\" \/>\n<meta property=\"og:description\" content=\"Cuida tu piel ,y la de tus seres queridos, del abrasador sol con Essenciales y sus recetas de protector y aftersun naturales.\" \/>\n<meta property=\"og:url\" content=\"https:\/\/www.essenciales.com\/blog\/proteccion-solar-horas-de-sol-aftersun-protector-del-cabello-protector-natural-productos-naturales-no-daninos\/\" \/>\n<meta property=\"og:site_name\" content=\"Blog de ESSENCIALES\" \/>\n<meta property=\"article:published_time\" content=\"2021-08-05T12:39:07+00:00\" \/>\n<meta property=\"article:modified_time\" content=\"2021-09-06T12:47:00+00:00\" \/>\n<meta property=\"og:image\" content=\"https:\/\/www.essenciales.com\/blog\/wp-content\/uploads\/protector-sol-espalda_essenciales.jpg\" \/>\n<meta name=\"author\" content=\"Nuria Moreno\" \/>\n<meta name=\"twitter:card\" content=\"summary_large_image\" \/>\n<meta name=\"twitter:label1\" content=\"Escrito por\" \/>\n\t<meta name=\"twitter:data1\" content=\"Nuria Moreno\" \/>\n\t<meta name=\"twitter:label2\" content=\"Tiempo de lectura\" \/>\n\t<meta name=\"twitter:data2\" content=\"4 minutos\" \/>\n<script type=\"application\/ld+json\" class=\"yoast-schema-graph\">{\"@context\":\"https:\/\/schema.org\",\"@graph\":[{\"@type\":\"WebPage\",\"@id\":\"https:\/\/www.essenciales.com\/blog\/proteccion-solar-horas-de-sol-aftersun-protector-del-cabello-protector-natural-productos-naturales-no-daninos\/\",\"url\":\"https:\/\/www.essenciales.com\/blog\/proteccion-solar-horas-de-sol-aftersun-protector-del-cabello-protector-natural-productos-naturales-no-daninos\/\",\"name\":\"Receta protector solar | Blog de ESSENCIALES Preparados y combinaciones\",\"isPartOf\":{\"@id\":\"https:\/\/www.essenciales.com\/blog\/#website\"},\"datePublished\":\"2021-08-05T12:39:07+00:00\",\"dateModified\":\"2021-09-06T12:47:00+00:00\",\"author\":{\"@id\":\"https:\/\/www.essenciales.com\/blog\/#\/schema\/person\/ba44a296eed23f89b82b6b67dee32d7f\"},\"description\":\"Cuida tu piel ,y la de tus seres queridos, del abrasador sol con Essenciales y sus recetas de protector y aftersun naturales.\",\"breadcrumb\":{\"@id\":\"https:\/\/www.essenciales.com\/blog\/proteccion-solar-horas-de-sol-aftersun-protector-del-cabello-protector-natural-productos-naturales-no-daninos\/#breadcrumb\"},\"inLanguage\":\"es\",\"potentialAction\":[{\"@type\":\"ReadAction\",\"target\":[\"https:\/\/www.essenciales.com\/blog\/proteccion-solar-horas-de-sol-aftersun-protector-del-cabello-protector-natural-productos-naturales-no-daninos\/\"]}]},{\"@type\":\"BreadcrumbList\",\"@id\":\"https:\/\/www.essenciales.com\/blog\/proteccion-solar-horas-de-sol-aftersun-protector-del-cabello-protector-natural-productos-naturales-no-daninos\/#breadcrumb\",\"itemListElement\":[{\"@type\":\"ListItem\",\"position\":1,\"name\":\"Portada\",\"item\":\"https:\/\/www.essenciales.com\/blog\/\"},{\"@type\":\"ListItem\",\"position\":2,\"name\":\"Receta protector solar\"}]},{\"@type\":\"WebSite\",\"@id\":\"https:\/\/www.essenciales.com\/blog\/#website\",\"url\":\"https:\/\/www.essenciales.com\/blog\/\",\"name\":\"Blog de ESSENCIALES\",\"description\":\"Conoce todas las propiedades de los aceites esenciales y vegetales, as\u00ed como sus usos y remedios naturales\",\"potentialAction\":[{\"@type\":\"SearchAction\",\"target\":{\"@type\":\"EntryPoint\",\"urlTemplate\":\"https:\/\/www.essenciales.com\/blog\/?s={search_term_string}\"},\"query-input\":\"required name=search_term_string\"}],\"inLanguage\":\"es\"},{\"@type\":\"Person\",\"@id\":\"https:\/\/www.essenciales.com\/blog\/#\/schema\/person\/ba44a296eed23f89b82b6b67dee32d7f\",\"name\":\"Nuria Moreno\"}]}<\/script>\n<!-- \/ Yoast SEO plugin. -->","yoast_head_json":{"title":"Receta protector solar | Blog de ESSENCIALES Preparados y combinaciones","description":"Cuida tu piel ,y la de tus seres queridos, del abrasador sol con Essenciales y sus recetas de protector y aftersun naturales.","robots":{"index":"index","follow":"follow","max-snippet":"max-snippet:-1","max-image-preview":"max-image-preview:large","max-video-preview":"max-video-preview:-1"},"canonical":"https:\/\/www.essenciales.com\/blog\/proteccion-solar-horas-de-sol-aftersun-protector-del-cabello-protector-natural-productos-naturales-no-daninos\/","og_locale":"es_ES","og_type":"article","og_title":"Receta protector solar | Blog de ESSENCIALES Preparados y combinaciones","og_description":"Cuida tu piel ,y la de tus seres queridos, del abrasador sol con Essenciales y sus recetas de protector y aftersun naturales.","og_url":"https:\/\/www.essenciales.com\/blog\/proteccion-solar-horas-de-sol-aftersun-protector-del-cabello-protector-natural-productos-naturales-no-daninos\/","og_site_name":"Blog de ESSENCIALES","article_published_time":"2021-08-05T12:39:07+00:00","article_modified_time":"2021-09-06T12:47:00+00:00","og_image":[{"url":"https:\/\/www.essenciales.com\/blog\/wp-content\/uploads\/protector-sol-espalda_essenciales.jpg"}],"author":"Nuria Moreno","twitter_card":"summary_large_image","twitter_misc":{"Escrito por":"Nuria Moreno","Tiempo de lectura":"4 minutos"},"schema":{"@context":"https:\/\/schema.org","@graph":[{"@type":"WebPage","@id":"https:\/\/www.essenciales.com\/blog\/proteccion-solar-horas-de-sol-aftersun-protector-del-cabello-protector-natural-productos-naturales-no-daninos\/","url":"https:\/\/www.essenciales.com\/blog\/proteccion-solar-horas-de-sol-aftersun-protector-del-cabello-protector-natural-productos-naturales-no-daninos\/","name":"Receta protector solar | Blog de ESSENCIALES Preparados y combinaciones","isPartOf":{"@id":"https:\/\/www.essenciales.com\/blog\/#website"},"datePublished":"2021-08-05T12:39:07+00:00","dateModified":"2021-09-06T12:47:00+00:00","author":{"@id":"https:\/\/www.essenciales.com\/blog\/#\/schema\/person\/ba44a296eed23f89b82b6b67dee32d7f"},"description":"Cuida tu piel ,y la de tus seres queridos, del abrasador sol con Essenciales y sus recetas de protector y aftersun naturales.","breadcrumb":{"@id":"https:\/\/www.essenciales.com\/blog\/proteccion-solar-horas-de-sol-aftersun-protector-del-cabello-protector-natural-productos-naturales-no-daninos\/#breadcrumb"},"inLanguage":"es","potentialAction":[{"@type":"ReadAction","target":["https:\/\/www.essenciales.com\/blog\/proteccion-solar-horas-de-sol-aftersun-protector-del-cabello-protector-natural-productos-naturales-no-daninos\/"]}]},{"@type":"BreadcrumbList","@id":"https:\/\/www.essenciales.com\/blog\/proteccion-solar-horas-de-sol-aftersun-protector-del-cabello-protector-natural-productos-naturales-no-daninos\/#breadcrumb","itemListElement":[{"@type":"ListItem","position":1,"name":"Portada","item":"https:\/\/www.essenciales.com\/blog\/"},{"@type":"ListItem","position":2,"name":"Receta protector solar"}]},{"@type":"WebSite","@id":"https:\/\/www.essenciales.com\/blog\/#website","url":"https:\/\/www.essenciales.com\/blog\/","name":"Blog de ESSENCIALES","description":"Conoce todas las propiedades de los aceites esenciales y vegetales, as\u00ed como sus usos y remedios naturales","potentialAction":[{"@type":"SearchAction","target":{"@type":"EntryPoint","urlTemplate":"https:\/\/www.essenciales.com\/blog\/?s={search_term_string}"},"query-input":"required name=search_term_string"}],"inLanguage":"es"},{"@type":"Person","@id":"https:\/\/www.essenciales.com\/blog\/#\/schema\/person\/ba44a296eed23f89b82b6b67dee32d7f","name":"Nuria Moreno"}]}},"_links":{"self":[{"href":"https:\/\/www.essenciales.com\/blog\/wp-json\/wp\/v2\/posts\/1405"}],"collection":[{"href":"https:\/\/www.essenciales.com\/blog\/wp-json\/wp\/v2\/posts"}],"about":[{"href":"https:\/\/www.essenciales.com\/blog\/wp-json\/wp\/v2\/types\/post"}],"author":[{"embeddable":true,"href":"https:\/\/www.essenciales.com\/blog\/wp-json\/wp\/v2\/users\/4"}],"replies":[{"embeddable":true,"href":"https:\/\/www.essenciales.com\/blog\/wp-json\/wp\/v2\/comments?post=1405"}],"version-history":[{"count":11,"href":"https:\/\/www.essenciales.com\/blog\/wp-json\/wp\/v2\/posts\/1405\/revisions"}],"predecessor-version":[{"id":1480,"href":"https:\/\/www.essenciales.com\/blog\/wp-json\/wp\/v2\/posts\/1405\/revisions\/1480"}],"wp:attachment":[{"href":"https:\/\/www.essenciales.com\/blog\/wp-json\/wp\/v2\/media?parent=1405"}],"wp:term":[{"taxonomy":"category","embeddable":true,"href":"https:\/\/www.essenciales.com\/blog\/wp-json\/wp\/v2\/categories?post=1405"},{"taxonomy":"post_tag","embeddable":true,"href":"https:\/\/www.essenciales.com\/blog\/wp-json\/wp\/v2\/tags?post=1405"}],"curies":[{"name":"wp","href":"https:\/\/api.w.org\/{rel}","templated":true}]}}