{"id":1431,"date":"2021-09-02T11:52:23","date_gmt":"2021-09-02T09:52:23","guid":{"rendered":"https:\/\/www.essenciales.com\/blog\/?p=1431"},"modified":"2022-09-16T10:31:46","modified_gmt":"2022-09-16T08:31:46","slug":"velas-aromaticas-aromaterapia-aceites-esenciales-beneficios-absolutos-productos-naturales-hecho-en-espana-producto-nacional","status":"publish","type":"post","link":"https:\/\/www.essenciales.com\/blog\/velas-aromaticas-aromaterapia-aceites-esenciales-beneficios-absolutos-productos-naturales-hecho-en-espana-producto-nacional\/","title":{"rendered":"Descubre nuestras velas arom\u00e1ticas"},"content":{"rendered":"<h1><\/h1>\n<h1 style=\"text-align: center;\"><strong>Conoce nuestras velas arom\u00e1ticas<\/strong><\/h1>\n<p style=\"text-align: center;\"><strong>Bienvenidos de nuevo al blog de Essenciales, hoy estamos muy nerviosos y es que os traemos un art\u00edculo muy especial para presentaros unos productos nuevos que nos hacen mucha ilusi\u00f3n\u2026 VELAS AROM\u00c1TICAS!!<\/strong><\/p>\n<p>S\u00ed, hab\u00e9is le\u00eddo bien, ya ten\u00e9is disponible una gama de velas arom\u00e1ticas en nuestra web elaboradas 100% con nuestros productos y de una calidad\u00a0 y aroma que os dejar\u00e1n alucinados.<\/p>\n<p>Personalmente adoro las velas, me encanta llegar a casa y darme una ducha con un par de velas encendidas o terminar del teletrabajo y limpiar un poco el ambiente de la habitaci\u00f3n con el aroma de alguna vela.<\/p>\n<p>Se trata de<a href=\"https:\/\/www.essenciales.com\/velas-aromaticas\/\"> 9 velas<\/a> que combinan diferentes aromas y aceites para ofrecer una experiencia completa, desde ayudar al sue\u00f1o hasta dar energ\u00eda, dependiendo del momento del d\u00eda o personal que estemos teniendo. Son velas 100% hechas con cera de soja, sin parafina\u00a0 y mecha de algod\u00f3n, elaboradas a mano en Barcelona.<\/p>\n<p><img decoding=\"async\" loading=\"lazy\" class=\"aligncenter size-large wp-image-1440\" src=\"https:\/\/www.essenciales.com\/blog\/wp-content\/uploads\/IMG_20210802_121754-1024x768.jpg\" alt=\"\" width=\"1024\" height=\"768\" srcset=\"https:\/\/www.essenciales.com\/blog\/wp-content\/uploads\/IMG_20210802_121754-1024x768.jpg 1024w, https:\/\/www.essenciales.com\/blog\/wp-content\/uploads\/IMG_20210802_121754-300x225.jpg 300w, https:\/\/www.essenciales.com\/blog\/wp-content\/uploads\/IMG_20210802_121754-1536x1152.jpg 1536w, https:\/\/www.essenciales.com\/blog\/wp-content\/uploads\/IMG_20210802_121754-2048x1536.jpg 2048w, https:\/\/www.essenciales.com\/blog\/wp-content\/uploads\/IMG_20210802_121754-780x585.jpg 780w, https:\/\/www.essenciales.com\/blog\/wp-content\/uploads\/IMG_20210802_121754-1120x840.jpg 1120w\" sizes=\"(max-width: 1024px) 100vw, 1024px\" \/><\/p>\n<p>Vamos a conocerlas una a una!<\/p>\n<p><!--more--><\/p>\n<h3><strong>Vela M\u00edstica- para la meditaci\u00f3n:<\/strong><\/h3>\n<p>Combina los aceites esenciales de <a href=\"https:\/\/www.essenciales.com\/aceites-esenciales-puros\/aceite-esencial-mirra.html\">mirra<\/a> e <a href=\"https:\/\/www.essenciales.com\/aceites-esenciales-puros\/aceite-esencial-incienso.html\">incienso<\/a>, se trata de una vela relajante y equilibrante para el alma. Tiene propiedades antis\u00e9pticas, anti estresantes, antidepresivas. Aplaca la ansiedad, calma el sistema nervioso y proporciona tranquilidad a la mente.<\/p>\n<p style=\"text-align: center;\"><a href=\"https:\/\/www.essenciales.com\/velas-aromaticas\/vela-aromaterapia-mystic.html\">C\u00f3mprala aqu\u00ed<\/a><\/p>\n<h3><strong>Vela Fuerza- da energ\u00eda:<\/strong><\/h3>\n<p>Esta vela contiene aceite esencial de <a href=\"https:\/\/www.essenciales.com\/aceites-esenciales-puros\/jengibre-aceite-esencial.html\">jengibre<\/a> y <a href=\"https:\/\/www.essenciales.com\/aceites-esenciales-puros\/canela-hojas-aceite-esencial.html\">canela<\/a>, es una vela que aporta un refuerzo al sistema inmunol\u00f3gico, tonificante y energizante. Te dar\u00e1 un empujoncito para dejar atr\u00e1s la fatiga f\u00edsica y mental.<\/p>\n<p style=\"text-align: center;\"><a href=\"https:\/\/www.essenciales.com\/velas-aromaticas\/vela-aromaterapia-fuerza.html\">C\u00f3mprala aqu\u00ed<\/a><\/p>\n<h3><strong>Vela Paz- proporciona equilibrio emocional:<\/strong><\/h3>\n<p>Con aceite esencial de <a href=\"https:\/\/www.essenciales.com\/aceites-esenciales-puros\/aceite-esencial-pachuli.html\">pachuli<\/a> y <a href=\"https:\/\/www.essenciales.com\/aceites-esenciales-puros\/aceite-esencial-lavanda.html\">lavanda<\/a> esta vela nos ayudar\u00e1 a encontrar esa paz interior que a veces se nos escapa y tan necesaria es. Relaja el sistema nervioso por sus propiedades calmantes y sedantes, ser\u00e1 perfecta para periodos de ansiedad o estr\u00e9s, aplaca la irritabilidad y es perfecta para combatir el insomnio.<\/p>\n<p style=\"text-align: center;\"><a href=\"https:\/\/www.essenciales.com\/velas-aromaticas\/vela-aromaterapia-paz.html\">C\u00f3mprala aqu\u00ed<\/a><\/p>\n<h3><strong>Vela Dulces sue\u00f1os- se acab\u00f3 contar corderitos:<\/strong><\/h3>\n<p>Esta maravillosa vela combina los aceites esenciales de <a href=\"https:\/\/www.essenciales.com\/aceites-esenciales-puros\/aceite-esencial-lavanda.html\">lavanda,<\/a> <a href=\"https:\/\/www.essenciales.com\/aceites-esenciales-puros\/aceite-esencial-baya-enebro.html\">bayas de enebro<\/a> y <a href=\"https:\/\/www.essenciales.com\/aceites-esenciales-puros\/aceite-esencial-cedro.html\">cedro<\/a> para que tus noches sean lo m\u00e1s dulces posibles. Estos componentes hacen que calmemos la ansiedad o el estr\u00e9s purificando nuestra mente, evitando los miedos y malos sue\u00f1os ya que nos proporcionan seguridad. Adem\u00e1s nos ayudan a combatir la depresi\u00f3n y la tristeza, calmando nuestra mente y nuestra alma. En definitiva esta vela relaja el sistema nervioso y aumenta la seguridad y paz, ahuyentando los malos sue\u00f1os y pensamientos.<\/p>\n<p style=\"text-align: center;\"><a href=\"https:\/\/www.essenciales.com\/velas-aromaticas\/vela-aromaterapia-dulces-suenos.html\">C\u00f3mprala aqu\u00ed<\/a><\/p>\n<h3><\/h3>\n<h3><strong>Vela Antiviral y Antibacteriana- todo limpio:<\/strong><\/h3>\n<p>Con aceites esenciales de <a href=\"https:\/\/www.essenciales.com\/aceites-esenciales-puros\/aceite-esencial-ravintsara.html\">ravintsara,<\/a> <a href=\"https:\/\/www.essenciales.com\/aceites-esenciales-puros\/aceite-esencial-arbol-de-te.html\">\u00e1rbol del t\u00e9<\/a> y <a href=\"https:\/\/www.essenciales.com\/aceites-esenciales-puros\/laurel-aceite-esencial.html\">laurel<\/a>, hablamos de una vela energizante, purificante, tonificante y antibacteriana. Mejora nuestro sistema an\u00edmico y levanta las defensas, adem\u00e1s genera mecanismos de defensa en los sistemas emocional e inmune. Es una gran compa\u00f1era para el trabajo o el estudio, ya que estimula nuestro cerebro, nos da confianza, vitalidad, energ\u00eda y buen \u00e1nimo.<\/p>\n<p style=\"text-align: center;\"><a href=\"https:\/\/www.essenciales.com\/velas-aromaticas\/vela-aromaterapia-antiviral.html\">C\u00f3mprala aqu\u00ed<\/a><\/p>\n<h3><\/h3>\n<h3><strong>Vela Bienestar- cuerpo y mente:<\/strong><\/h3>\n<p>Contiene aceites esenciales de <a href=\"https:\/\/www.essenciales.com\/aceites-esenciales-bio\/aceite-esencial-arbol-de-te-bio.html\">cedro, \u00e1rbol del t\u00e9<\/a>, <a href=\"https:\/\/www.essenciales.com\/aceites-esenciales-puros\/aceite-esencial-pachuli.html\">pachuli<\/a> y <a href=\"https:\/\/www.essenciales.com\/aceites-esenciales-puros\/aceite-esencial-tomillo.html\">tomillo<\/a>. Esta combinaci\u00f3n lo que nos aporta es un subid\u00f3n de confianza y seguridad por lo que nos ayuda a espantar nuestros miedos e inquietudes purificando la mente.\u00a0 Es una gran tonificante, purificador, antibacteriano y antiviral ya que sube las defensas y mejora el estado an\u00edmico. Proporciona equilibrio y es sedante ya que relaja el sistema nervioso. Adem\u00e1s \u00a0activa las defensas inmunol\u00f3gicas, mejora el agotamiento f\u00edsico, act\u00faa en la psique y aumenta la concentraci\u00f3n.<\/p>\n<p style=\"text-align: center;\"><a href=\"https:\/\/www.essenciales.com\/velas-aromaticas\/vela-aromaterapia-cuerpo-y-mente.html\">C\u00f3mprala aqu\u00ed<\/a><\/p>\n<h3><\/h3>\n<h3><strong>Vela Respiraci\u00f3n pura- que llene hasta el alma:<\/strong><\/h3>\n<p style=\"text-align: left;\">Combina los aceites esenciales de <a href=\"https:\/\/www.essenciales.com\/aceites-esenciales-puros\/tomillo-timol-aceite-esencial.html\">tomillo<\/a>, <a href=\"https:\/\/www.essenciales.com\/aceites-esenciales-puros\/aceite-esencial-limon.html\">lim\u00f3n<\/a> y<a href=\"https:\/\/www.essenciales.com\/aceites-esenciales-puros\/aceite-esencial-eucalipto.html\"> eucalipto<\/a> y su principal beneficio es la purificaci\u00f3n del aire ayud\u00e1ndonos as\u00ed a respirar mejor. Tambi\u00e9n tiene beneficios sobre el sistema inmunol\u00f3gico, el bienestar general, la salud mental y f\u00edsica. Aumenta la concentraci\u00f3n, es edificante y purificador.<\/p>\n<p style=\"text-align: center;\"><a href=\"https:\/\/www.essenciales.com\/velas-aromaticas\/vela-aromaterapia-respira.html\">C\u00f3mprala aqu\u00ed<\/a><\/p>\n<h3><\/h3>\n<h3><strong>Vela Buen humor &#8211; don\u00b4t worry, be happy:<\/strong><\/h3>\n<p><a href=\"https:\/\/www.essenciales.com\/blog\/wp-content\/uploads\/IMG_20210802_123007-scaled.jpg\"><img decoding=\"async\" loading=\"lazy\" class=\"wp-image-1444 size-medium alignleft\" src=\"https:\/\/www.essenciales.com\/blog\/wp-content\/uploads\/IMG_20210802_123007-scaled-e1628009101287-225x300.jpg\" alt=\"\" width=\"225\" height=\"300\" srcset=\"https:\/\/www.essenciales.com\/blog\/wp-content\/uploads\/IMG_20210802_123007-scaled-e1628009101287-225x300.jpg 225w, https:\/\/www.essenciales.com\/blog\/wp-content\/uploads\/IMG_20210802_123007-scaled-e1628009101287-768x1024.jpg 768w, https:\/\/www.essenciales.com\/blog\/wp-content\/uploads\/IMG_20210802_123007-scaled-e1628009101287-1152x1536.jpg 1152w, https:\/\/www.essenciales.com\/blog\/wp-content\/uploads\/IMG_20210802_123007-scaled-e1628009101287-1536x2048.jpg 1536w, https:\/\/www.essenciales.com\/blog\/wp-content\/uploads\/IMG_20210802_123007-scaled-e1628009101287-780x1040.jpg 780w, https:\/\/www.essenciales.com\/blog\/wp-content\/uploads\/IMG_20210802_123007-scaled-e1628009101287-1120x1493.jpg 1120w, https:\/\/www.essenciales.com\/blog\/wp-content\/uploads\/IMG_20210802_123007-scaled-e1628009101287.jpg 1920w\" sizes=\"(max-width: 225px) 100vw, 225px\" \/><\/a><\/p>\n<p>Con aceites esenciales de <a href=\"https:\/\/www.essenciales.com\/aceites-esenciales-bio\/aceite-esencial-limon-bio.html\">lim\u00f3n<\/a>, <a href=\"https:\/\/www.essenciales.com\/aceites-esenciales-puros\/aceite-esencial-mandarina.html\">mandarina<\/a> y <a href=\"https:\/\/www.essenciales.com\/aceites-esenciales-puros\/aceite-esencial-naranja.html\">naranja<\/a>, con esta vela dir\u00e1s adi\u00f3s a la irritabilidad y el insomnio, dando paso en su lugar al bienestar general, la salud mental y f\u00edsica.<\/p>\n<p>Flores primavera- no pod\u00eda faltar con poco de flower power:<\/p>\n<p>Con los reyes de la primavera: el aceite esencial de Ylang Ylang y absoluto de jazm\u00edn, adem\u00e1s de su obvio aroma floral, nos ayuda a combatir la depresi\u00f3n, ansiedad e irritabilidad. Tambi\u00e9n ahuyenta los miedos y la apat\u00eda.<\/p>\n<p style=\"text-align: center;\"><a href=\"https:\/\/www.essenciales.com\/velas-aromaticas\/vela-aromaterapia-happy.html\">C\u00f3mprala aqu\u00ed<\/a><\/p>\n<p>&nbsp;<\/p>\n<p>&nbsp;<\/p>\n<p>&nbsp;<\/p>\n<p>Y hasta aqu\u00ed las novedades, por ahora\u2026 \ud83d\ude09<\/p>\n<p>&nbsp;<\/p>\n<p>Esperamos que os gusten las velas y que las disfrut\u00e9is como se merece. Cu\u00e9ntanos qu\u00e9 vela\/velas\u00a0 te apetece probar primero. Como siempre os recordamos que nos pod\u00e9is seguir en redes sociales y en YouTube d\u00f3nde subimos v\u00eddeos explicativos de aceites esenciales.<\/p>\n<p>Os leemos en comentarios!!<\/p>\n","protected":false},"excerpt":{"rendered":"<p>Conoce nuestras velas arom\u00e1ticas Bienvenidos de nuevo al blog de Essenciales, hoy estamos muy nerviosos y es que os traemos un art\u00edculo muy especial para&#8230;<\/p>\n<p class=\"readmore\"><a class=\"more-btn\" href=\"https:\/\/www.essenciales.com\/blog\/velas-aromaticas-aromaterapia-aceites-esenciales-beneficios-absolutos-productos-naturales-hecho-en-espana-producto-nacional\/\">Leer m\u00e1s<\/a><\/p>\n","protected":false},"author":4,"featured_media":0,"comment_status":"open","ping_status":"open","sticky":false,"template":"","format":"standard","meta":[],"categories":[42,140,145],"tags":[],"yoast_head":"<!-- This site is optimized with the Yoast SEO plugin v19.10 - https:\/\/yoast.com\/wordpress\/plugins\/seo\/ -->\n<title>Las 9 mejores velas arom\u00e1ticas - Con aceites esenciales<\/title>\n<meta name=\"description\" content=\"Os traemos una fant\u00e1stica novedad a Essenciales... Velas Arom\u00e1ticas. Conoce los diferentes tipos de vela y sus beneficios.\" \/>\n<meta name=\"robots\" content=\"index, follow, max-snippet:-1, max-image-preview:large, max-video-preview:-1\" \/>\n<link rel=\"canonical\" href=\"https:\/\/www.essenciales.com\/blog\/velas-aromaticas-aromaterapia-aceites-esenciales-beneficios-absolutos-productos-naturales-hecho-en-espana-producto-nacional\/\" \/>\n<meta property=\"og:locale\" content=\"es_ES\" \/>\n<meta property=\"og:type\" content=\"article\" \/>\n<meta property=\"og:title\" content=\"Las 9 mejores velas arom\u00e1ticas - Con aceites esenciales\" \/>\n<meta property=\"og:description\" content=\"Os traemos una fant\u00e1stica novedad a Essenciales... Velas Arom\u00e1ticas. Conoce los diferentes tipos de vela y sus beneficios.\" \/>\n<meta property=\"og:url\" content=\"https:\/\/www.essenciales.com\/blog\/velas-aromaticas-aromaterapia-aceites-esenciales-beneficios-absolutos-productos-naturales-hecho-en-espana-producto-nacional\/\" \/>\n<meta property=\"og:site_name\" content=\"Blog de ESSENCIALES\" \/>\n<meta property=\"article:published_time\" content=\"2021-09-02T09:52:23+00:00\" \/>\n<meta property=\"article:modified_time\" content=\"2022-09-16T08:31:46+00:00\" \/>\n<meta property=\"og:image\" content=\"https:\/\/www.essenciales.com\/blog\/wp-content\/uploads\/IMG_20210802_121754-1024x768.jpg\" \/>\n<meta name=\"author\" content=\"Nuria Moreno\" \/>\n<meta name=\"twitter:card\" content=\"summary_large_image\" \/>\n<meta name=\"twitter:label1\" content=\"Escrito por\" \/>\n\t<meta name=\"twitter:data1\" content=\"Nuria Moreno\" \/>\n\t<meta name=\"twitter:label2\" content=\"Tiempo de lectura\" \/>\n\t<meta name=\"twitter:data2\" content=\"4 minutos\" \/>\n<script type=\"application\/ld+json\" class=\"yoast-schema-graph\">{\"@context\":\"https:\/\/schema.org\",\"@graph\":[{\"@type\":\"WebPage\",\"@id\":\"https:\/\/www.essenciales.com\/blog\/velas-aromaticas-aromaterapia-aceites-esenciales-beneficios-absolutos-productos-naturales-hecho-en-espana-producto-nacional\/\",\"url\":\"https:\/\/www.essenciales.com\/blog\/velas-aromaticas-aromaterapia-aceites-esenciales-beneficios-absolutos-productos-naturales-hecho-en-espana-producto-nacional\/\",\"name\":\"Las 9 mejores velas arom\u00e1ticas - Con aceites esenciales\",\"isPartOf\":{\"@id\":\"https:\/\/www.essenciales.com\/blog\/#website\"},\"datePublished\":\"2021-09-02T09:52:23+00:00\",\"dateModified\":\"2022-09-16T08:31:46+00:00\",\"author\":{\"@id\":\"https:\/\/www.essenciales.com\/blog\/#\/schema\/person\/ba44a296eed23f89b82b6b67dee32d7f\"},\"description\":\"Os traemos una fant\u00e1stica novedad a Essenciales... Velas Arom\u00e1ticas. Conoce los diferentes tipos de vela y sus beneficios.\",\"breadcrumb\":{\"@id\":\"https:\/\/www.essenciales.com\/blog\/velas-aromaticas-aromaterapia-aceites-esenciales-beneficios-absolutos-productos-naturales-hecho-en-espana-producto-nacional\/#breadcrumb\"},\"inLanguage\":\"es\",\"potentialAction\":[{\"@type\":\"ReadAction\",\"target\":[\"https:\/\/www.essenciales.com\/blog\/velas-aromaticas-aromaterapia-aceites-esenciales-beneficios-absolutos-productos-naturales-hecho-en-espana-producto-nacional\/\"]}]},{\"@type\":\"BreadcrumbList\",\"@id\":\"https:\/\/www.essenciales.com\/blog\/velas-aromaticas-aromaterapia-aceites-esenciales-beneficios-absolutos-productos-naturales-hecho-en-espana-producto-nacional\/#breadcrumb\",\"itemListElement\":[{\"@type\":\"ListItem\",\"position\":1,\"name\":\"Portada\",\"item\":\"https:\/\/www.essenciales.com\/blog\/\"},{\"@type\":\"ListItem\",\"position\":2,\"name\":\"Descubre nuestras velas arom\u00e1ticas\"}]},{\"@type\":\"WebSite\",\"@id\":\"https:\/\/www.essenciales.com\/blog\/#website\",\"url\":\"https:\/\/www.essenciales.com\/blog\/\",\"name\":\"Blog de ESSENCIALES\",\"description\":\"Conoce todas las propiedades de los aceites esenciales y vegetales, as\u00ed como sus usos y remedios naturales\",\"potentialAction\":[{\"@type\":\"SearchAction\",\"target\":{\"@type\":\"EntryPoint\",\"urlTemplate\":\"https:\/\/www.essenciales.com\/blog\/?s={search_term_string}\"},\"query-input\":\"required name=search_term_string\"}],\"inLanguage\":\"es\"},{\"@type\":\"Person\",\"@id\":\"https:\/\/www.essenciales.com\/blog\/#\/schema\/person\/ba44a296eed23f89b82b6b67dee32d7f\",\"name\":\"Nuria Moreno\"}]}<\/script>\n<!-- \/ Yoast SEO plugin. -->","yoast_head_json":{"title":"Las 9 mejores velas arom\u00e1ticas - Con aceites esenciales","description":"Os traemos una fant\u00e1stica novedad a Essenciales... Velas Arom\u00e1ticas. Conoce los diferentes tipos de vela y sus beneficios.","robots":{"index":"index","follow":"follow","max-snippet":"max-snippet:-1","max-image-preview":"max-image-preview:large","max-video-preview":"max-video-preview:-1"},"canonical":"https:\/\/www.essenciales.com\/blog\/velas-aromaticas-aromaterapia-aceites-esenciales-beneficios-absolutos-productos-naturales-hecho-en-espana-producto-nacional\/","og_locale":"es_ES","og_type":"article","og_title":"Las 9 mejores velas arom\u00e1ticas - Con aceites esenciales","og_description":"Os traemos una fant\u00e1stica novedad a Essenciales... Velas Arom\u00e1ticas. Conoce los diferentes tipos de vela y sus beneficios.","og_url":"https:\/\/www.essenciales.com\/blog\/velas-aromaticas-aromaterapia-aceites-esenciales-beneficios-absolutos-productos-naturales-hecho-en-espana-producto-nacional\/","og_site_name":"Blog de ESSENCIALES","article_published_time":"2021-09-02T09:52:23+00:00","article_modified_time":"2022-09-16T08:31:46+00:00","og_image":[{"url":"https:\/\/www.essenciales.com\/blog\/wp-content\/uploads\/IMG_20210802_121754-1024x768.jpg"}],"author":"Nuria Moreno","twitter_card":"summary_large_image","twitter_misc":{"Escrito por":"Nuria Moreno","Tiempo de lectura":"4 minutos"},"schema":{"@context":"https:\/\/schema.org","@graph":[{"@type":"WebPage","@id":"https:\/\/www.essenciales.com\/blog\/velas-aromaticas-aromaterapia-aceites-esenciales-beneficios-absolutos-productos-naturales-hecho-en-espana-producto-nacional\/","url":"https:\/\/www.essenciales.com\/blog\/velas-aromaticas-aromaterapia-aceites-esenciales-beneficios-absolutos-productos-naturales-hecho-en-espana-producto-nacional\/","name":"Las 9 mejores velas arom\u00e1ticas - Con aceites esenciales","isPartOf":{"@id":"https:\/\/www.essenciales.com\/blog\/#website"},"datePublished":"2021-09-02T09:52:23+00:00","dateModified":"2022-09-16T08:31:46+00:00","author":{"@id":"https:\/\/www.essenciales.com\/blog\/#\/schema\/person\/ba44a296eed23f89b82b6b67dee32d7f"},"description":"Os traemos una fant\u00e1stica novedad a Essenciales... Velas Arom\u00e1ticas. Conoce los diferentes tipos de vela y sus beneficios.","breadcrumb":{"@id":"https:\/\/www.essenciales.com\/blog\/velas-aromaticas-aromaterapia-aceites-esenciales-beneficios-absolutos-productos-naturales-hecho-en-espana-producto-nacional\/#breadcrumb"},"inLanguage":"es","potentialAction":[{"@type":"ReadAction","target":["https:\/\/www.essenciales.com\/blog\/velas-aromaticas-aromaterapia-aceites-esenciales-beneficios-absolutos-productos-naturales-hecho-en-espana-producto-nacional\/"]}]},{"@type":"BreadcrumbList","@id":"https:\/\/www.essenciales.com\/blog\/velas-aromaticas-aromaterapia-aceites-esenciales-beneficios-absolutos-productos-naturales-hecho-en-espana-producto-nacional\/#breadcrumb","itemListElement":[{"@type":"ListItem","position":1,"name":"Portada","item":"https:\/\/www.essenciales.com\/blog\/"},{"@type":"ListItem","position":2,"name":"Descubre nuestras velas arom\u00e1ticas"}]},{"@type":"WebSite","@id":"https:\/\/www.essenciales.com\/blog\/#website","url":"https:\/\/www.essenciales.com\/blog\/","name":"Blog de ESSENCIALES","description":"Conoce todas las propiedades de los aceites esenciales y vegetales, as\u00ed como sus usos y remedios naturales","potentialAction":[{"@type":"SearchAction","target":{"@type":"EntryPoint","urlTemplate":"https:\/\/www.essenciales.com\/blog\/?s={search_term_string}"},"query-input":"required name=search_term_string"}],"inLanguage":"es"},{"@type":"Person","@id":"https:\/\/www.essenciales.com\/blog\/#\/schema\/person\/ba44a296eed23f89b82b6b67dee32d7f","name":"Nuria Moreno"}]}},"_links":{"self":[{"href":"https:\/\/www.essenciales.com\/blog\/wp-json\/wp\/v2\/posts\/1431"}],"collection":[{"href":"https:\/\/www.essenciales.com\/blog\/wp-json\/wp\/v2\/posts"}],"about":[{"href":"https:\/\/www.essenciales.com\/blog\/wp-json\/wp\/v2\/types\/post"}],"author":[{"embeddable":true,"href":"https:\/\/www.essenciales.com\/blog\/wp-json\/wp\/v2\/users\/4"}],"replies":[{"embeddable":true,"href":"https:\/\/www.essenciales.com\/blog\/wp-json\/wp\/v2\/comments?post=1431"}],"version-history":[{"count":10,"href":"https:\/\/www.essenciales.com\/blog\/wp-json\/wp\/v2\/posts\/1431\/revisions"}],"predecessor-version":[{"id":1818,"href":"https:\/\/www.essenciales.com\/blog\/wp-json\/wp\/v2\/posts\/1431\/revisions\/1818"}],"wp:attachment":[{"href":"https:\/\/www.essenciales.com\/blog\/wp-json\/wp\/v2\/media?parent=1431"}],"wp:term":[{"taxonomy":"category","embeddable":true,"href":"https:\/\/www.essenciales.com\/blog\/wp-json\/wp\/v2\/categories?post=1431"},{"taxonomy":"post_tag","embeddable":true,"href":"https:\/\/www.essenciales.com\/blog\/wp-json\/wp\/v2\/tags?post=1431"}],"curies":[{"name":"wp","href":"https:\/\/api.w.org\/{rel}","templated":true}]}}