{"id":1451,"date":"2021-08-13T09:30:37","date_gmt":"2021-08-13T07:30:37","guid":{"rendered":"https:\/\/www.essenciales.com\/blog\/?p=1451"},"modified":"2022-05-16T11:09:33","modified_gmt":"2022-05-16T09:09:33","slug":"protegete-con-esta-receta-aftersun","status":"publish","type":"post","link":"https:\/\/www.essenciales.com\/blog\/protegete-con-esta-receta-aftersun\/","title":{"rendered":"Receta Aftersun para tu piel 100% natural"},"content":{"rendered":"<h3><\/h3>\n<h3 style=\"text-align: center;\"><\/h3>\n<h2 style=\"text-align: center;\"><strong>\u00a1Seguimos con el verano! <\/strong><strong>Para ello aqu\u00ed os dejamos unas recetas para nuestra piel y cabello.<\/strong><\/h2>\n<p>Bienvenidos de nuevo al blog de Essenciales! Hoy seguiremos con nuestros consejos y os dejaremos una nueva receta.\u00a0 Vamos\u00a0 a ponernos en la peor situaci\u00f3n que nos puede pasar este verano: Nos hemos quemado y necesitamos cuidar bien la <strong>piel para que se recupere lo antes posible y de una forma eficaz<\/strong>.<\/p>\n<p><!--more--><\/p>\n<p>Necesitaremos:<\/p>\n<ul>\n<li>2 cucharadas de <a href=\"https:\/\/www.essenciales.com\/hidrolatos-bio\/agua-floral-hamamelis-bio.html?search_query=ham&amp;results=6\">hamamelis<\/a>, tiene efectos calmantes y refrescantes adem\u00e1s reduce el picor de la piel<\/li>\n<li>\u00bc de taza de <a href=\"https:\/\/www.essenciales.com\/otros-extractos\/gel-de-aloe-vera.html\">gel de Aloe Vera<\/a>, reduce la inflamaci\u00f3n e hidrata la piel<\/li>\n<li>\u00bd cucharadita de aceite de vitamina E, rejuvenece la piel deshidratada y funciona como antioxidante<\/li>\n<li>2 de <a href=\"https:\/\/www.essenciales.com\/aceites-bio\/aceite-vegetal-jojoba-primera-presion-frio-bio.html\">aceite de Jojoba<\/a>, hidrata la piel<\/li>\n<li>10 gotas de aceite esencial de<a href=\"https:\/\/www.essenciales.com\/aceites-esenciales-puros\/aceite-esencial-lavanda.html\"> lavanda<\/a>, calma y rejuvenece la piel<\/li>\n<li>10 gotas de <a href=\"https:\/\/www.essenciales.com\/aceites-primera-presion-frio\/aceite-rosa-mosqueta-primera-presion-frio.html\">aceite vegetal de rosa mosqueta<\/a>, es un gran cicatrizante<\/li>\n<li>2 gotas de <a href=\"https:\/\/www.essenciales.com\/aceites-esenciales-puros\/menta-arvensis-aceite-esencial.html\">aceite esencial de menta<\/a>, perfecto por su efecto refrescante<\/li>\n<li>Vaso medidor de vidrio<\/li>\n<li>Cuchara mezcladora<\/li>\n<li><a href=\"https:\/\/www.essenciales.com\/envases-accesorios\/botella-airless-spray-50-ml.html\">Botella de spray<\/a><\/li>\n<\/ul>\n<p>Pasos a seguir:<\/p>\n<ol>\n<li>A\u00f1ade 2 cucharadas de hamamelis, \u00bc de taza de gel de aloe vera, \u00bd cucharadita de vitamina E y 2 cucharadas de aceite de jojoba en una taza medidora de cristal y mezcla bien.<\/li>\n<li>A\u00f1adir 10 gotas de aceite esencial de lavanda y 2 gotas de aceite esencial de menta y mezclar bien.<\/li>\n<li>Vierta la mezcla en una botella de spray.<\/li>\n<\/ol>\n<p>La mezcla va a quedar bif\u00e1sica ya que al contener materias acuosas y oleosas no se mezclar\u00e1n, por lo tanto deberemos agitar siempre antes de usarlo.<\/p>\n<p>Podemos guardar este <strong>spray para despu\u00e9s del sol<\/strong> a temperatura ambiente, pero yo recomiendo conservarlo en el frigor\u00edfico. Despu\u00e9s de un d\u00eda al sol, roc\u00eda tu spray para despu\u00e9s del sol fresquito sobre la piel y agradecer\u00e1s haberlo guardado al fr\u00edo. Aseg\u00farate de evitar la zona de los ojos. Frote suavemente la mezcla. Pulveriza al menos un par de veces al d\u00eda o cuando sea necesario y notar\u00e1s un alivio instant\u00e1neo.<\/p>\n<p>&nbsp;<\/p>\n<h3><strong>Por \u00faltimo vamos a proteger una parte de nuestro cuerpo que no tenemos mucho en cuenta pero que tambi\u00e9n sufre por el sol, el cloro o la sal del mar\u2026 nos referimos a nuestro cabello!<\/strong><\/h3>\n<p>No s\u00e9 vosotr@s, pero personalmente mi pelo sufre mucho en verano: se reseca y encrespa; por ello aplico este <strong>remedio para protegerlo e hidratar el cabello<\/strong>.<\/p>\n<p>Vamos a utilizar:<\/p>\n<ul>\n<li>Dos cucharadas de alg\u00fan protector solar que <strong>no<\/strong> contenga \u00f3xido de zinc ya que puede da\u00f1ar el cabello<\/li>\n<li>100 ml de aceite de <a href=\"https:\/\/www.essenciales.com\/aceites-primera-presion-frio\/aceite-de-aguacate-1-presion-frio.html\">aguacate<\/a>, <a href=\"https:\/\/www.essenciales.com\/aceites-primera-presion-frio\/aceite-vegetal-jojoba-primera-presion-frio.html\">jojoba<\/a>, <a href=\"https:\/\/www.essenciales.com\/aceites-bio\/aceite-vegetal-coco-primera-presion-frio-bio.html\">coco<\/a>, <a href=\"https:\/\/www.essenciales.com\/aceites-primera-presion-frio\/aceite-vegetal-argan-primera-presion-frio.html\">arg\u00e1n<\/a> o <a href=\"https:\/\/www.essenciales.com\/aceites-primera-presion-frio\/aceite-de-almendra-dulce-1a-presion-en-frio.html\">almendras dulces<\/a><\/li>\n<li>4 gotas de aceite esencial de <a href=\"https:\/\/www.essenciales.com\/aceites-esenciales-puros\/aceite-esencial-zanahoria.html\">zanahoria<\/a><\/li>\n<li>8 gotas de un aceite esencial que nos guste el aroma (evitando los c\u00edtricos), en mi caso uso el de <a href=\"https:\/\/www.essenciales.com\/aceites-esenciales-puros\/aceite-esencial-ylang-ylang.html\">Ylang Ylang<\/a><\/li>\n<\/ul>\n<p>Pasos a seguir:<\/p>\n<ol>\n<li>Vamos a calentar el aceite en un cazo o al ba\u00f1o mar\u00eda, sin dejar que hierva<\/li>\n<li>Tras ello vamos a dejar que se temple un poco y entonces a\u00f1adiremos el resto de ingredientes y mezclamos bien<\/li>\n<li>Pasamos nuestra mezcla a una botella con spray y agitamos bien<\/li>\n<li>Dejamos que la mezcla repose en la nevera antes de usarlo o llevarlo a la playa o piscina<\/li>\n<\/ol>\n<p>Recordad agitar bien el bote antes de aplicarlo, evitar que os caiga en los ojos y listo!<\/p>\n<p>Esperamos que con estos remedios os cuid\u00e9is mejor de la exposici\u00f3n solar, si hac\u00e9is alguna de las recetas nos encantar\u00eda que la compartierais con nosotros en redes esenciales etiquet\u00e1ndonos.<\/p>\n<p>Os leemos!!<\/p>\n<p>&nbsp;<\/p>\n<p><a href=\"https:\/\/www.essenciales.com\/blog\/wp-content\/uploads\/Verdaderos-extractos-y-aceites-naturales-1.png\"><img decoding=\"async\" loading=\"lazy\" class=\" wp-image-1333 aligncenter\" src=\"https:\/\/www.essenciales.com\/blog\/wp-content\/uploads\/Verdaderos-extractos-y-aceites-naturales-1-300x300.png\" alt=\"\" width=\"425\" height=\"425\" srcset=\"https:\/\/www.essenciales.com\/blog\/wp-content\/uploads\/Verdaderos-extractos-y-aceites-naturales-1-300x300.png 300w, https:\/\/www.essenciales.com\/blog\/wp-content\/uploads\/Verdaderos-extractos-y-aceites-naturales-1-1024x1024.png 1024w, https:\/\/www.essenciales.com\/blog\/wp-content\/uploads\/Verdaderos-extractos-y-aceites-naturales-1-150x150.png 150w, https:\/\/www.essenciales.com\/blog\/wp-content\/uploads\/Verdaderos-extractos-y-aceites-naturales-1-780x780.png 780w, https:\/\/www.essenciales.com\/blog\/wp-content\/uploads\/Verdaderos-extractos-y-aceites-naturales-1-640x640.png 640w, https:\/\/www.essenciales.com\/blog\/wp-content\/uploads\/Verdaderos-extractos-y-aceites-naturales-1.png 1080w\" sizes=\"(max-width: 425px) 100vw, 425px\" \/><\/a><\/p>\n","protected":false},"excerpt":{"rendered":"<p>\u00a1Seguimos con el verano! Para ello aqu\u00ed os dejamos unas recetas para nuestra piel y cabello. Bienvenidos de nuevo al blog de Essenciales! Hoy seguiremos&#8230;<\/p>\n<p class=\"readmore\"><a class=\"more-btn\" href=\"https:\/\/www.essenciales.com\/blog\/protegete-con-esta-receta-aftersun\/\">Leer m\u00e1s<\/a><\/p>\n","protected":false},"author":4,"featured_media":1462,"comment_status":"open","ping_status":"open","sticky":false,"template":"","format":"standard","meta":[],"categories":[42,104,1],"tags":[146],"yoast_head":"<!-- This site is optimized with the Yoast SEO plugin v19.10 - https:\/\/yoast.com\/wordpress\/plugins\/seo\/ -->\n<title>Receta Aftersun para tu piel 100% natural | Blog de ESSENCIALES<\/title>\n<meta name=\"description\" content=\"Como elaborar un aftersun 100% natural para recuperarse de la quemadura de piel, y para cuidar el cabello despu\u00e9s de la exposici\u00f3n solar.\" \/>\n<meta name=\"robots\" content=\"index, follow, max-snippet:-1, max-image-preview:large, max-video-preview:-1\" \/>\n<link rel=\"canonical\" href=\"https:\/\/www.essenciales.com\/blog\/protegete-con-esta-receta-aftersun\/\" \/>\n<meta property=\"og:locale\" content=\"es_ES\" \/>\n<meta property=\"og:type\" content=\"article\" \/>\n<meta property=\"og:title\" content=\"Receta Aftersun para tu piel 100% natural | Blog de ESSENCIALES\" \/>\n<meta property=\"og:description\" content=\"Como elaborar un aftersun 100% natural para recuperarse de la quemadura de piel, y para cuidar el cabello despu\u00e9s de la exposici\u00f3n solar.\" \/>\n<meta property=\"og:url\" content=\"https:\/\/www.essenciales.com\/blog\/protegete-con-esta-receta-aftersun\/\" \/>\n<meta property=\"og:site_name\" content=\"Blog de ESSENCIALES\" \/>\n<meta property=\"article:published_time\" content=\"2021-08-13T07:30:37+00:00\" \/>\n<meta property=\"article:modified_time\" content=\"2022-05-16T09:09:33+00:00\" \/>\n<meta property=\"og:image\" content=\"https:\/\/www.essenciales.com\/blog\/wp-content\/uploads\/BLOG.jpg\" \/>\n\t<meta property=\"og:image:width\" content=\"1200\" \/>\n\t<meta property=\"og:image:height\" content=\"750\" \/>\n\t<meta property=\"og:image:type\" content=\"image\/jpeg\" \/>\n<meta name=\"author\" content=\"Nuria Moreno\" \/>\n<meta name=\"twitter:card\" content=\"summary_large_image\" \/>\n<meta name=\"twitter:label1\" content=\"Escrito por\" \/>\n\t<meta name=\"twitter:data1\" content=\"Nuria Moreno\" \/>\n\t<meta name=\"twitter:label2\" content=\"Tiempo de lectura\" \/>\n\t<meta name=\"twitter:data2\" content=\"3 minutos\" \/>\n<script type=\"application\/ld+json\" class=\"yoast-schema-graph\">{\"@context\":\"https:\/\/schema.org\",\"@graph\":[{\"@type\":\"WebPage\",\"@id\":\"https:\/\/www.essenciales.com\/blog\/protegete-con-esta-receta-aftersun\/\",\"url\":\"https:\/\/www.essenciales.com\/blog\/protegete-con-esta-receta-aftersun\/\",\"name\":\"Receta Aftersun para tu piel 100% natural | Blog de ESSENCIALES\",\"isPartOf\":{\"@id\":\"https:\/\/www.essenciales.com\/blog\/#website\"},\"datePublished\":\"2021-08-13T07:30:37+00:00\",\"dateModified\":\"2022-05-16T09:09:33+00:00\",\"author\":{\"@id\":\"https:\/\/www.essenciales.com\/blog\/#\/schema\/person\/ba44a296eed23f89b82b6b67dee32d7f\"},\"description\":\"Como elaborar un aftersun 100% natural para recuperarse de la quemadura de piel, y para cuidar el cabello despu\u00e9s de la exposici\u00f3n solar.\",\"breadcrumb\":{\"@id\":\"https:\/\/www.essenciales.com\/blog\/protegete-con-esta-receta-aftersun\/#breadcrumb\"},\"inLanguage\":\"es\",\"potentialAction\":[{\"@type\":\"ReadAction\",\"target\":[\"https:\/\/www.essenciales.com\/blog\/protegete-con-esta-receta-aftersun\/\"]}]},{\"@type\":\"BreadcrumbList\",\"@id\":\"https:\/\/www.essenciales.com\/blog\/protegete-con-esta-receta-aftersun\/#breadcrumb\",\"itemListElement\":[{\"@type\":\"ListItem\",\"position\":1,\"name\":\"Portada\",\"item\":\"https:\/\/www.essenciales.com\/blog\/\"},{\"@type\":\"ListItem\",\"position\":2,\"name\":\"Receta Aftersun para tu piel 100% natural\"}]},{\"@type\":\"WebSite\",\"@id\":\"https:\/\/www.essenciales.com\/blog\/#website\",\"url\":\"https:\/\/www.essenciales.com\/blog\/\",\"name\":\"Blog de ESSENCIALES\",\"description\":\"Conoce todas las propiedades de los aceites esenciales y vegetales, as\u00ed como sus usos y remedios naturales\",\"potentialAction\":[{\"@type\":\"SearchAction\",\"target\":{\"@type\":\"EntryPoint\",\"urlTemplate\":\"https:\/\/www.essenciales.com\/blog\/?s={search_term_string}\"},\"query-input\":\"required name=search_term_string\"}],\"inLanguage\":\"es\"},{\"@type\":\"Person\",\"@id\":\"https:\/\/www.essenciales.com\/blog\/#\/schema\/person\/ba44a296eed23f89b82b6b67dee32d7f\",\"name\":\"Nuria Moreno\"}]}<\/script>\n<!-- \/ Yoast SEO plugin. -->","yoast_head_json":{"title":"Receta Aftersun para tu piel 100% natural | Blog de ESSENCIALES","description":"Como elaborar un aftersun 100% natural para recuperarse de la quemadura de piel, y para cuidar el cabello despu\u00e9s de la exposici\u00f3n solar.","robots":{"index":"index","follow":"follow","max-snippet":"max-snippet:-1","max-image-preview":"max-image-preview:large","max-video-preview":"max-video-preview:-1"},"canonical":"https:\/\/www.essenciales.com\/blog\/protegete-con-esta-receta-aftersun\/","og_locale":"es_ES","og_type":"article","og_title":"Receta Aftersun para tu piel 100% natural | Blog de ESSENCIALES","og_description":"Como elaborar un aftersun 100% natural para recuperarse de la quemadura de piel, y para cuidar el cabello despu\u00e9s de la exposici\u00f3n solar.","og_url":"https:\/\/www.essenciales.com\/blog\/protegete-con-esta-receta-aftersun\/","og_site_name":"Blog de ESSENCIALES","article_published_time":"2021-08-13T07:30:37+00:00","article_modified_time":"2022-05-16T09:09:33+00:00","og_image":[{"width":1200,"height":750,"url":"https:\/\/www.essenciales.com\/blog\/wp-content\/uploads\/BLOG.jpg","type":"image\/jpeg"}],"author":"Nuria Moreno","twitter_card":"summary_large_image","twitter_misc":{"Escrito por":"Nuria Moreno","Tiempo de lectura":"3 minutos"},"schema":{"@context":"https:\/\/schema.org","@graph":[{"@type":"WebPage","@id":"https:\/\/www.essenciales.com\/blog\/protegete-con-esta-receta-aftersun\/","url":"https:\/\/www.essenciales.com\/blog\/protegete-con-esta-receta-aftersun\/","name":"Receta Aftersun para tu piel 100% natural | Blog de ESSENCIALES","isPartOf":{"@id":"https:\/\/www.essenciales.com\/blog\/#website"},"datePublished":"2021-08-13T07:30:37+00:00","dateModified":"2022-05-16T09:09:33+00:00","author":{"@id":"https:\/\/www.essenciales.com\/blog\/#\/schema\/person\/ba44a296eed23f89b82b6b67dee32d7f"},"description":"Como elaborar un aftersun 100% natural para recuperarse de la quemadura de piel, y para cuidar el cabello despu\u00e9s de la exposici\u00f3n solar.","breadcrumb":{"@id":"https:\/\/www.essenciales.com\/blog\/protegete-con-esta-receta-aftersun\/#breadcrumb"},"inLanguage":"es","potentialAction":[{"@type":"ReadAction","target":["https:\/\/www.essenciales.com\/blog\/protegete-con-esta-receta-aftersun\/"]}]},{"@type":"BreadcrumbList","@id":"https:\/\/www.essenciales.com\/blog\/protegete-con-esta-receta-aftersun\/#breadcrumb","itemListElement":[{"@type":"ListItem","position":1,"name":"Portada","item":"https:\/\/www.essenciales.com\/blog\/"},{"@type":"ListItem","position":2,"name":"Receta Aftersun para tu piel 100% natural"}]},{"@type":"WebSite","@id":"https:\/\/www.essenciales.com\/blog\/#website","url":"https:\/\/www.essenciales.com\/blog\/","name":"Blog de ESSENCIALES","description":"Conoce todas las propiedades de los aceites esenciales y vegetales, as\u00ed como sus usos y remedios naturales","potentialAction":[{"@type":"SearchAction","target":{"@type":"EntryPoint","urlTemplate":"https:\/\/www.essenciales.com\/blog\/?s={search_term_string}"},"query-input":"required name=search_term_string"}],"inLanguage":"es"},{"@type":"Person","@id":"https:\/\/www.essenciales.com\/blog\/#\/schema\/person\/ba44a296eed23f89b82b6b67dee32d7f","name":"Nuria Moreno"}]}},"_links":{"self":[{"href":"https:\/\/www.essenciales.com\/blog\/wp-json\/wp\/v2\/posts\/1451"}],"collection":[{"href":"https:\/\/www.essenciales.com\/blog\/wp-json\/wp\/v2\/posts"}],"about":[{"href":"https:\/\/www.essenciales.com\/blog\/wp-json\/wp\/v2\/types\/post"}],"author":[{"embeddable":true,"href":"https:\/\/www.essenciales.com\/blog\/wp-json\/wp\/v2\/users\/4"}],"replies":[{"embeddable":true,"href":"https:\/\/www.essenciales.com\/blog\/wp-json\/wp\/v2\/comments?post=1451"}],"version-history":[{"count":11,"href":"https:\/\/www.essenciales.com\/blog\/wp-json\/wp\/v2\/posts\/1451\/revisions"}],"predecessor-version":[{"id":1716,"href":"https:\/\/www.essenciales.com\/blog\/wp-json\/wp\/v2\/posts\/1451\/revisions\/1716"}],"wp:featuredmedia":[{"embeddable":true,"href":"https:\/\/www.essenciales.com\/blog\/wp-json\/wp\/v2\/media\/1462"}],"wp:attachment":[{"href":"https:\/\/www.essenciales.com\/blog\/wp-json\/wp\/v2\/media?parent=1451"}],"wp:term":[{"taxonomy":"category","embeddable":true,"href":"https:\/\/www.essenciales.com\/blog\/wp-json\/wp\/v2\/categories?post=1451"},{"taxonomy":"post_tag","embeddable":true,"href":"https:\/\/www.essenciales.com\/blog\/wp-json\/wp\/v2\/tags?post=1451"}],"curies":[{"name":"wp","href":"https:\/\/api.w.org\/{rel}","templated":true}]}}