{"id":1472,"date":"2021-09-30T11:27:41","date_gmt":"2021-09-30T09:27:41","guid":{"rendered":"https:\/\/www.essenciales.com\/blog\/?p=1472"},"modified":"2021-12-28T18:35:43","modified_gmt":"2021-12-28T17:35:43","slug":"recuperar-gusto-y-olfato-tras-el-covid-con-un-entrenamiento-de-aceites-esenciales","status":"publish","type":"post","link":"https:\/\/www.essenciales.com\/blog\/recuperar-gusto-y-olfato-tras-el-covid-con-un-entrenamiento-de-aceites-esenciales\/","title":{"rendered":"Recuperar gusto y olfato tras el COVID"},"content":{"rendered":"<p style=\"text-align: center; font-size: 16px;\"><strong>Bienvenidos un d\u00eda m\u00e1s al blog de Essenciales. Hoy queremos tratar un tema actual que ha afectado a un porcentaje significativo de la sociedad y que a d\u00eda de hoy a\u00fan no se ha recuperado\u2026 hablemos de c\u00f3mo recuperar el olfato y el gusto tras pasar el COVID.<\/strong><\/p>\n<p>Una de las consecuencias m\u00e1s comunes de la enfermedad ha sido la <strong>p\u00e9rdida del olfato y el gusto<\/strong>. Tras pasar la enfermedad este problema no se ha resuelto, quedando como secuela un sinf\u00edn de comidas y olores que no podemos disfrutar; por ello hoy en Essenciales vamos a intentar daros la <strong>f\u00f3rmula de recuperar estos dos sentidos de una manera natural<\/strong> y no da\u00f1ina para nuestro organismo.<\/p>\n<p><!--more--><\/p>\n<p>Este remedio lo han estudiado en La Unidad de Olfato del Servicio de Otorrinolaringolog\u00eda del Hospital Cl\u00ednico San Carlos de la Comunidad de Madrid (pod\u00e9is encontrar m\u00e1s info <a href=\"https:\/\/www.europapress.es\/madrid\/noticia-especialistas-hospital-clinico-tratan-pacientes-perdido-olfato-gusto-covid-20200815105812.html\" target=\"_blank\" rel=\"noopener noreferrer\">aqu\u00ed<\/a>)<\/p>\n<p>Este remedio va a consistir en un <strong>entrenamiento olfativo por el cual iremos recuperando el sentido del olfato<\/strong> progresivamente, es por ello que debemos ser constantes y rigurosos con dicha pr\u00e1ctica. Realizando estos ejercicios con el olfato iremos recuperando tambi\u00e9n el gusto ya que ambos sentidos est\u00e1n conectados.<\/p>\n<blockquote><p>Con esta pr\u00e1ctica, el afectado entrena su olfato y su capacidad cerebral para identificar olores, almacenarlos y recordarlos, acelerando as\u00ed \u00a0la regeneraci\u00f3n de las c\u00e9lulas da\u00f1adas por la enfermedad y recuperando as\u00ed sus sentidos de gusto y olfato.<\/p><\/blockquote>\n<p>El entrenamiento se llevar\u00e1 a <strong>cabo dos veces al d\u00eda<\/strong> (ma\u00f1ana y noche) y durante al menos\u00a0 4 meses, su duraci\u00f3n oscilar\u00e1 entre los 10 y 15 minutos y tratar\u00e1 de <strong>oler aceites esenciales e intentar identificar cu\u00e1les son<\/strong> con el olfato.<\/p>\n<p>Realizar el ejercicio sin forzaros, es decir, respirar con normalidad, sin inspirar fuerte. Deb\u00e9is respirar cada aceite un m\u00e1ximo de 10 segundos. Probad tambi\u00e9n a oler otros elementos que teng\u00e1is en casa como flores o especias. Si en un principio no ol\u00e9is nada, no os desanim\u00e9is, seguid la rutina y ver\u00e9is como finalmente vais captando los olores.<\/p>\n<h2>Entrenar y recuperar el olfato con aceites esenciales, sigue estos pasos:<\/h2>\n<ol>\n<li>Acercaremos el primer frasco, almohadilla o tira de fragancia a nuestra nariz, a unos dos cent\u00edmetros de distancia; el orden en que olamos los aceites no importa. Con un bast\u00f3n inhalador, colocaremos la mecha de algod\u00f3n en el tubo e introduciremos el tubo en la nariz.<\/li>\n<li>Relaj\u00e9monos y aspiramos lentamente y con suavidad, si olemos demasiado r\u00e1pido, demasiado fuerte y demasiado profundamente, es probable que no podamos detectar nada.<\/li>\n<li>Repetimos la operaci\u00f3n 2 o 3 veces m\u00e1s y luego descansamos durante cinco minutos<\/li>\n<li>Pasaremos entonces al siguiente olor y repetiremos los pasos anteriores.<\/li>\n<li>Cuando hayamos terminado, debemos asegurarnos de que el frasco est\u00e9 bien cerrado y gu\u00e1rdalo en un lugar fresco para poder reutilizar el aceite.<\/li>\n<li>Si utilizamos una varilla inhaladora, desecharemos la mecha usada y limpiaremos bien el tubo con agua y jab\u00f3n.<\/li>\n<\/ol>\n<p>Es recomendable que llev\u00e9is al d\u00eda un cuaderno en el que apunt\u00e9is lo que ol\u00e9is o no en cada sesi\u00f3n; para ver si est\u00e1is progresando y que un m\u00e9dico haga el seguimiento de la terapia, os recordamos que ten\u00e9is a vuestra disposici\u00f3n a nuestra compa\u00f1era Yolanda Rico para cualquier duda o ayuda que necesit\u00e9is.<\/p>\n<h2>Aqu\u00ed teneis de aceites esenciales que pod\u00e9is usar para recuperar el olfato:<\/h2>\n<ul>\n<li>El aceite de <a href=\"https:\/\/www.essenciales.com\/aceites-esenciales-puros\/aceite-esencial-limon.html\">lim\u00f3n <\/a>se extrae de la c\u00e1scara. Tiene un efecto limpiador sobre el cuerpo y la mente. Seg\u00fan una investigaci\u00f3n, se demostr\u00f3 que el aceite esencial de lim\u00f3n tiene poderosas cualidades calmantes y de mejora del estado de \u00e1nimo.<\/li>\n<li>El\u00a0 de <a href=\"https:\/\/www.essenciales.com\/aceites-esenciales-puros\/aceite-esencial-albahaca-basilico.html?search_query=albahaca&amp;results=1\">albahaca <\/a>puede utilizarse eficazmente para recuperar el olfato.<\/li>\n<li>El aceite esencial de <a href=\"https:\/\/www.essenciales.com\/aceites-esenciales-puros\/aceite-esencial-clavo.html\"><strong>clavo<\/strong><\/a> se ha utilizado tradicionalmente como antimicrobiano, para ayudar a eliminar las bacterias, para aliviar el dolor, como el de muelas, para los trastornos digestivos y para aliviar afecciones respiratorias como la tos y el asma.<\/li>\n<li>El aceite de<a href=\"https:\/\/www.essenciales.com\/aceites-esenciales-bio\/aceite-esencial-eucalipto-radiata-bio.html\"> eucalipto<strong> radiata<\/strong><\/a> se incluye en los medicamentos de venta libre para la tos que tienen aceite de eucalipto como uno de sus ingredientes activos, y puede ayudar a las afecciones respiratorias, los problemas de sinusitis y la fiebre del heno.<\/li>\n<li>El de <a href=\"https:\/\/www.essenciales.com\/aceites-esenciales-puros\/aceite-esencial-menta-piperita.html\"><strong>menta<\/strong> piperita<\/a> tiene un fuerte olor que nos ayudar\u00e1 a abrir las v\u00edas respiratorias y mejorar el funcionamiento de las mismas.<\/li>\n<li>Aceite esencial de <a href=\"https:\/\/www.essenciales.com\/aceites-esenciales-puros\/aceite-esencial-ylang-ylang.html\">Ylang Ylang<\/a> su potente olor floral nos ayudar\u00e1 a la relajaci\u00f3n del cuerpo y lamente, es un gran aliado en \u00e9pocas de estr\u00e9s e insomnio.<\/li>\n<li>Tambi\u00e9n se podr\u00edan utilizar aceites como:<a href=\"https:\/\/www.essenciales.com\/aceites-esenciales-puros\/laurel-aceite-esencial.html\"> laurel<\/a>, <a href=\"https:\/\/www.essenciales.com\/aceites-esenciales-puros\/aceite-esencial-de-romero-cineol.html\">romero cineol<\/a>, <a href=\"https:\/\/www.essenciales.com\/aceites-esenciales-puros\/aceite-esencial-naranja.html\">naranja<\/a>, etc; se pueden utilizar casi todos los aceites esenciales ya que lo que queremos es despertar esos neurotransmisores que han dejado de funcionar.<\/li>\n<\/ul>\n<p>Esperamos que con este entrenamiento pod\u00e1is recuperar el olfato y el gusto, pudiendo as\u00ed volver a disfrutar de vuestras comidas favoritas, fragancias o el simple y adictivo olor de vuestro suavizante de ropa preferido. Porque pocas cosas son tan placenteras como irse uno a la cama limpito y oliendo las s\u00e1banas reci\u00e9n puestas!!<\/p>\n<p>Os recordamos que ten\u00e9is a vuestra disposici\u00f3n a nuestra compa\u00f1era Yolanda Rico experta en aromaterapia y aceites esenciales, a trav\u00e9s del apartado de consulta gratuita de nuestra web.<\/p>\n<p style=\"text-align: center;\"><strong>Tambi\u00e9n nos pod\u00e9is seguir por las diferentes redes sociales o escribir aqu\u00ed en los comentarios.<\/strong><\/p>\n","protected":false},"excerpt":{"rendered":"<p>Recuperar los sentidos de gusto y olfato tras el COVID entrenando tu nariz con una terapia de aceites esenciales.<\/p>\n","protected":false},"author":4,"featured_media":1490,"comment_status":"open","ping_status":"open","sticky":false,"template":"","format":"standard","meta":[],"categories":[42,141,144],"tags":[],"yoast_head":"<!-- This site is optimized with the Yoast SEO plugin v19.10 - https:\/\/yoast.com\/wordpress\/plugins\/seo\/ -->\n<title>Recuperar gusto y olfato tras el COVID | Blog de ESSENCIALES<\/title>\n<meta name=\"description\" content=\"Recupera los sentidos de gusto y olfato tras el COVID entrenando tu nariz con una terapia de aceites esenciales.\" \/>\n<meta name=\"robots\" content=\"index, follow, max-snippet:-1, max-image-preview:large, max-video-preview:-1\" \/>\n<link rel=\"canonical\" href=\"https:\/\/www.essenciales.com\/blog\/recuperar-gusto-y-olfato-tras-el-covid-con-un-entrenamiento-de-aceites-esenciales\/\" \/>\n<meta property=\"og:locale\" content=\"es_ES\" \/>\n<meta property=\"og:type\" content=\"article\" \/>\n<meta property=\"og:title\" content=\"Recuperar gusto y olfato tras el COVID | Blog de ESSENCIALES\" \/>\n<meta property=\"og:description\" content=\"Recupera los sentidos de gusto y olfato tras el COVID entrenando tu nariz con una terapia de aceites esenciales.\" \/>\n<meta property=\"og:url\" content=\"https:\/\/www.essenciales.com\/blog\/recuperar-gusto-y-olfato-tras-el-covid-con-un-entrenamiento-de-aceites-esenciales\/\" \/>\n<meta property=\"og:site_name\" content=\"Blog de ESSENCIALES\" \/>\n<meta property=\"article:published_time\" content=\"2021-09-30T09:27:41+00:00\" \/>\n<meta property=\"article:modified_time\" content=\"2021-12-28T17:35:43+00:00\" \/>\n<meta property=\"og:image\" content=\"https:\/\/www.essenciales.com\/blog\/wp-content\/uploads\/recuperar-olfato.jpg\" \/>\n\t<meta property=\"og:image:width\" content=\"1280\" \/>\n\t<meta property=\"og:image:height\" content=\"853\" \/>\n\t<meta property=\"og:image:type\" content=\"image\/jpeg\" \/>\n<meta name=\"author\" content=\"Nuria Moreno\" \/>\n<meta name=\"twitter:card\" content=\"summary_large_image\" \/>\n<meta name=\"twitter:label1\" content=\"Escrito por\" \/>\n\t<meta name=\"twitter:data1\" content=\"Nuria Moreno\" \/>\n\t<meta name=\"twitter:label2\" content=\"Tiempo de lectura\" \/>\n\t<meta name=\"twitter:data2\" content=\"5 minutos\" \/>\n<script type=\"application\/ld+json\" class=\"yoast-schema-graph\">{\"@context\":\"https:\/\/schema.org\",\"@graph\":[{\"@type\":\"WebPage\",\"@id\":\"https:\/\/www.essenciales.com\/blog\/recuperar-gusto-y-olfato-tras-el-covid-con-un-entrenamiento-de-aceites-esenciales\/\",\"url\":\"https:\/\/www.essenciales.com\/blog\/recuperar-gusto-y-olfato-tras-el-covid-con-un-entrenamiento-de-aceites-esenciales\/\",\"name\":\"Recuperar gusto y olfato tras el COVID | Blog de ESSENCIALES\",\"isPartOf\":{\"@id\":\"https:\/\/www.essenciales.com\/blog\/#website\"},\"datePublished\":\"2021-09-30T09:27:41+00:00\",\"dateModified\":\"2021-12-28T17:35:43+00:00\",\"author\":{\"@id\":\"https:\/\/www.essenciales.com\/blog\/#\/schema\/person\/ba44a296eed23f89b82b6b67dee32d7f\"},\"description\":\"Recupera los sentidos de gusto y olfato tras el COVID entrenando tu nariz con una terapia de aceites esenciales.\",\"breadcrumb\":{\"@id\":\"https:\/\/www.essenciales.com\/blog\/recuperar-gusto-y-olfato-tras-el-covid-con-un-entrenamiento-de-aceites-esenciales\/#breadcrumb\"},\"inLanguage\":\"es\",\"potentialAction\":[{\"@type\":\"ReadAction\",\"target\":[\"https:\/\/www.essenciales.com\/blog\/recuperar-gusto-y-olfato-tras-el-covid-con-un-entrenamiento-de-aceites-esenciales\/\"]}]},{\"@type\":\"BreadcrumbList\",\"@id\":\"https:\/\/www.essenciales.com\/blog\/recuperar-gusto-y-olfato-tras-el-covid-con-un-entrenamiento-de-aceites-esenciales\/#breadcrumb\",\"itemListElement\":[{\"@type\":\"ListItem\",\"position\":1,\"name\":\"Portada\",\"item\":\"https:\/\/www.essenciales.com\/blog\/\"},{\"@type\":\"ListItem\",\"position\":2,\"name\":\"Recuperar gusto y olfato tras el COVID\"}]},{\"@type\":\"WebSite\",\"@id\":\"https:\/\/www.essenciales.com\/blog\/#website\",\"url\":\"https:\/\/www.essenciales.com\/blog\/\",\"name\":\"Blog de ESSENCIALES\",\"description\":\"Conoce todas las propiedades de los aceites esenciales y vegetales, as\u00ed como sus usos y remedios naturales\",\"potentialAction\":[{\"@type\":\"SearchAction\",\"target\":{\"@type\":\"EntryPoint\",\"urlTemplate\":\"https:\/\/www.essenciales.com\/blog\/?s={search_term_string}\"},\"query-input\":\"required name=search_term_string\"}],\"inLanguage\":\"es\"},{\"@type\":\"Person\",\"@id\":\"https:\/\/www.essenciales.com\/blog\/#\/schema\/person\/ba44a296eed23f89b82b6b67dee32d7f\",\"name\":\"Nuria Moreno\"}]}<\/script>\n<!-- \/ Yoast SEO plugin. -->","yoast_head_json":{"title":"Recuperar gusto y olfato tras el COVID | Blog de ESSENCIALES","description":"Recupera los sentidos de gusto y olfato tras el COVID entrenando tu nariz con una terapia de aceites esenciales.","robots":{"index":"index","follow":"follow","max-snippet":"max-snippet:-1","max-image-preview":"max-image-preview:large","max-video-preview":"max-video-preview:-1"},"canonical":"https:\/\/www.essenciales.com\/blog\/recuperar-gusto-y-olfato-tras-el-covid-con-un-entrenamiento-de-aceites-esenciales\/","og_locale":"es_ES","og_type":"article","og_title":"Recuperar gusto y olfato tras el COVID | Blog de ESSENCIALES","og_description":"Recupera los sentidos de gusto y olfato tras el COVID entrenando tu nariz con una terapia de aceites esenciales.","og_url":"https:\/\/www.essenciales.com\/blog\/recuperar-gusto-y-olfato-tras-el-covid-con-un-entrenamiento-de-aceites-esenciales\/","og_site_name":"Blog de ESSENCIALES","article_published_time":"2021-09-30T09:27:41+00:00","article_modified_time":"2021-12-28T17:35:43+00:00","og_image":[{"width":1280,"height":853,"url":"https:\/\/www.essenciales.com\/blog\/wp-content\/uploads\/recuperar-olfato.jpg","type":"image\/jpeg"}],"author":"Nuria Moreno","twitter_card":"summary_large_image","twitter_misc":{"Escrito por":"Nuria Moreno","Tiempo de lectura":"5 minutos"},"schema":{"@context":"https:\/\/schema.org","@graph":[{"@type":"WebPage","@id":"https:\/\/www.essenciales.com\/blog\/recuperar-gusto-y-olfato-tras-el-covid-con-un-entrenamiento-de-aceites-esenciales\/","url":"https:\/\/www.essenciales.com\/blog\/recuperar-gusto-y-olfato-tras-el-covid-con-un-entrenamiento-de-aceites-esenciales\/","name":"Recuperar gusto y olfato tras el COVID | Blog de ESSENCIALES","isPartOf":{"@id":"https:\/\/www.essenciales.com\/blog\/#website"},"datePublished":"2021-09-30T09:27:41+00:00","dateModified":"2021-12-28T17:35:43+00:00","author":{"@id":"https:\/\/www.essenciales.com\/blog\/#\/schema\/person\/ba44a296eed23f89b82b6b67dee32d7f"},"description":"Recupera los sentidos de gusto y olfato tras el COVID entrenando tu nariz con una terapia de aceites esenciales.","breadcrumb":{"@id":"https:\/\/www.essenciales.com\/blog\/recuperar-gusto-y-olfato-tras-el-covid-con-un-entrenamiento-de-aceites-esenciales\/#breadcrumb"},"inLanguage":"es","potentialAction":[{"@type":"ReadAction","target":["https:\/\/www.essenciales.com\/blog\/recuperar-gusto-y-olfato-tras-el-covid-con-un-entrenamiento-de-aceites-esenciales\/"]}]},{"@type":"BreadcrumbList","@id":"https:\/\/www.essenciales.com\/blog\/recuperar-gusto-y-olfato-tras-el-covid-con-un-entrenamiento-de-aceites-esenciales\/#breadcrumb","itemListElement":[{"@type":"ListItem","position":1,"name":"Portada","item":"https:\/\/www.essenciales.com\/blog\/"},{"@type":"ListItem","position":2,"name":"Recuperar gusto y olfato tras el COVID"}]},{"@type":"WebSite","@id":"https:\/\/www.essenciales.com\/blog\/#website","url":"https:\/\/www.essenciales.com\/blog\/","name":"Blog de ESSENCIALES","description":"Conoce todas las propiedades de los aceites esenciales y vegetales, as\u00ed como sus usos y remedios naturales","potentialAction":[{"@type":"SearchAction","target":{"@type":"EntryPoint","urlTemplate":"https:\/\/www.essenciales.com\/blog\/?s={search_term_string}"},"query-input":"required name=search_term_string"}],"inLanguage":"es"},{"@type":"Person","@id":"https:\/\/www.essenciales.com\/blog\/#\/schema\/person\/ba44a296eed23f89b82b6b67dee32d7f","name":"Nuria Moreno"}]}},"_links":{"self":[{"href":"https:\/\/www.essenciales.com\/blog\/wp-json\/wp\/v2\/posts\/1472"}],"collection":[{"href":"https:\/\/www.essenciales.com\/blog\/wp-json\/wp\/v2\/posts"}],"about":[{"href":"https:\/\/www.essenciales.com\/blog\/wp-json\/wp\/v2\/types\/post"}],"author":[{"embeddable":true,"href":"https:\/\/www.essenciales.com\/blog\/wp-json\/wp\/v2\/users\/4"}],"replies":[{"embeddable":true,"href":"https:\/\/www.essenciales.com\/blog\/wp-json\/wp\/v2\/comments?post=1472"}],"version-history":[{"count":8,"href":"https:\/\/www.essenciales.com\/blog\/wp-json\/wp\/v2\/posts\/1472\/revisions"}],"predecessor-version":[{"id":1573,"href":"https:\/\/www.essenciales.com\/blog\/wp-json\/wp\/v2\/posts\/1472\/revisions\/1573"}],"wp:featuredmedia":[{"embeddable":true,"href":"https:\/\/www.essenciales.com\/blog\/wp-json\/wp\/v2\/media\/1490"}],"wp:attachment":[{"href":"https:\/\/www.essenciales.com\/blog\/wp-json\/wp\/v2\/media?parent=1472"}],"wp:term":[{"taxonomy":"category","embeddable":true,"href":"https:\/\/www.essenciales.com\/blog\/wp-json\/wp\/v2\/categories?post=1472"},{"taxonomy":"post_tag","embeddable":true,"href":"https:\/\/www.essenciales.com\/blog\/wp-json\/wp\/v2\/tags?post=1472"}],"curies":[{"name":"wp","href":"https:\/\/api.w.org\/{rel}","templated":true}]}}