{"id":1660,"date":"2022-05-09T20:00:16","date_gmt":"2022-05-09T18:00:16","guid":{"rendered":"https:\/\/www.essenciales.com\/blog\/?p=1660"},"modified":"2023-03-13T13:28:55","modified_gmt":"2023-03-13T12:28:55","slug":"mejores-aceites-esenciales-para-tu-cabello","status":"publish","type":"post","link":"https:\/\/www.essenciales.com\/blog\/mejores-aceites-esenciales-para-tu-cabello\/","title":{"rendered":"Mejores aceites esenciales para tu cabello"},"content":{"rendered":"<h2><\/h2>\n<h2 style=\"text-align: center;\"><strong>Ra\u00edces grasas, pelo te\u00f1ido, puntas abiertas, pelo seco\u2026 te traemos los mejores aceites esenciales para tu cabello<\/strong><\/h2>\n<p>&nbsp;<\/p>\n<p>Bienvenidos un d\u00eda m\u00e1s al blog de Essenciales, no s\u00e9 a vosotros, pero personalmente los <strong>cambios de estaci\u00f3n y de temperatura<\/strong> hacen que mi pelo se resienta y pase unas semanas raro hasta que se <strong>adapta a la nueva \u00e9poca<\/strong>. Por ello hoy os he querido traer este art\u00edculo sobre <strong>los mejores aceites esenciales para cuidar tu cabello<\/strong>.<!--more--><\/p>\n<p>&nbsp;<\/p>\n<p>A m\u00ed lo que m\u00e1s me irrita y me preocupa es que <strong>se caiga el cabello<\/strong>, que al cepillarme el pelo acabe el peine casi con m\u00e1s pelo que mi cabeza. Otro problema que me acosa cada vez que hay un pel\u00edn de humedad es el <strong>frizz<\/strong>, me afecta de tal manera que acabo pareciendo una boja del desierto\u2026<\/p>\n<p>Son muchos los problemas que nos da el cabello:<strong> ra\u00edces grasas, pelo seco, puntas estropeadas, frizz, ca\u00edda del cabello, enredos imposibles, quemaz\u00f3n del sol, caspa, etc.<\/strong> Hoy vamos a intentar buscar <strong>soluci\u00f3n<\/strong> a estos problemas con los aceites esenciales.<\/p>\n<p>Antes de nada, quiero que sep\u00e1is que tenemos disponible en la web de Essenciales <strong>un champ\u00fa base<\/strong>, es decir, un champ\u00fa ecol\u00f3gico elaborado <strong>para a\u00f1adirle t\u00fa mismo los aceites esenciales<\/strong> que mejor te convengan para tu tipo de cabello.<\/p>\n<p><strong><a href=\"https:\/\/www.essenciales.com\/jabones\/champu-base-ecologico.html\">Champ\u00fa ecol\u00f3gico<\/a>:<\/strong><\/p>\n<p>Base de champ\u00fa para que le a\u00f1adas tus aceites esenciales, vegetales e hidrolatos favoritos. <strong>Perfecto para crear tu propio shampoo<\/strong> o para a\u00f1adirle puntualmente tus aceites preferidos en la ducha.<\/p>\n<p>Se trata de un champ\u00fa (jab\u00f3n de gel l\u00edquido) no s\u00f3lo ideal para el profesional o el aficionado exigente que busca la creatividad y personalizaci\u00f3n, tambi\u00e9n es <strong>perfecto para su aplicaci\u00f3n directa y para quienes necesiten un producto libre de sulfatos<\/strong> SLS y SLES. Su contenido tensioactivos muy suaves respeta el cuero cabelludo y el <strong>Aloe Vera le aporta propiedades calmantes, antiinflamatorias y relajantes<\/strong>.\u00a0 \u00a1C\u00f3mpralo ahora en Essenciales!<\/p>\n<p>&nbsp;<\/p>\n<h2>Mejores aceites esenciales para tu cabello:<\/h2>\n<p>Estos son los beneficios de algunos aceites esenciales y aceites portadores:<\/p>\n<ul>\n<li><a href=\"https:\/\/www.essenciales.com\/aceites-primera-presion-frio\/aceite-de-almendra-dulce-1a-presion-en-frio.html\">El aceite vegetal de almendras<\/a> calma e hidrata el cuero cabelludo.<\/li>\n<li><a href=\"https:\/\/www.essenciales.com\/aceites-esenciales-puros\/aceite-esencial-cedro.html\">El aceite esencial de cedro<\/a> estimula el cuero cabelludo y promueve el crecimiento del cabello.<\/li>\n<li><a href=\"https:\/\/www.essenciales.com\/aceites-esenciales-puros\/aceite-esencial-manzanilla-romana.html\">El aceite esencial de manzanilla<\/a> aporta brillo y suavidad al cabello y calma el cuero cabelludo.<\/li>\n<li><a href=\"https:\/\/www.essenciales.com\/aceites-esenciales-puros\/salvia-espanola.html\">El aceite esencial de salvia<\/a> promueve el crecimiento del cabello y estimula el cuero cabelludo.<\/li>\n<li><a href=\"https:\/\/www.essenciales.com\/aceites-primera-presion-frio\/aceite-coco-primera-presion-frio.html\">El aceite vegetal de coco<\/a> suaviza el cabello y aumenta el brillo.<\/li>\n<li><a href=\"https:\/\/www.essenciales.com\/aceites-esenciales-puros\/aceite-esencial-geranio.html\">El aceite esencial de geranio<\/a> fortalece el cabello.<\/li>\n<li><a href=\"https:\/\/www.essenciales.com\/aceites-primera-presion-frio\/aceite-vegetal-jojoba-primera-presion-frio.html\">El aceite vegetal de jojoba<\/a> hidrata el cabello, aporta nutrientes y estimula el cuero cabelludo.<\/li>\n<li><a href=\"https:\/\/www.essenciales.com\/aceites-esenciales-puros\/aceite-esencial-lavanda.html\">El aceite esencial de lavanda<\/a> acondiciona profundamente el cabello, lo mantiene brillante y ayuda a controlar la caspa.<\/li>\n<li><a href=\"https:\/\/www.essenciales.com\/aceites-primera-presion-frio\/aceite-vegetal-argan-primera-presion-frio.html\">El aceite vegetal de arg\u00e1n hidrata<\/a>, nutre y aporta antioxidantes al cabello.<\/li>\n<li><a href=\"https:\/\/www.essenciales.com\/aceites-esenciales-puros\/aceite-esencial-romero-alcanfor.html\">El aceite esencial de romero<\/a> estimula las ra\u00edces, mejora el crecimiento del cabello y aumenta la circulaci\u00f3n en el cuero cabelludo.<\/li>\n<li><a href=\"https:\/\/www.essenciales.com\/aceites-esenciales-puros\/aceite-esencial-sandalo-blanco.html\">El aceite esencial de s\u00e1ndalo<\/a> ayuda con las puntas secas y agrega fragancia al cabello.<\/li>\n<li><a href=\"https:\/\/www.essenciales.com\/aceites-esenciales-puros\/aceite-esencial-mandarina.html\">Aceite esencial de mandarina<\/a> ayuda a tratar la caspa, el cuero cabelludo seco y otras infecciones del pelo.<\/li>\n<\/ul>\n<p style=\"text-align: center;\"><strong>Os recuerdo que los aceites esenciales deben ser mezclados con un portador para su aplicaci\u00f3n en mascarilla.<\/strong><\/p>\n<h2>C\u00f3mo usar aceites esenciales para tu cabello:<\/h2>\n<p>Solo necesitas unas gotas de un aceite esencial. Puedes mezclar uno o m\u00e1s tipos en un champ\u00fa o acondicionador. O mezclar las gotas en 2 onzas de un aceite portador.<\/p>\n<p>Ten en cuenta que si aplicas algunos aceites esenciales directamente en el cuero cabelludo, pueden causar irritaci\u00f3n. <strong>Lee las instrucciones de la etiqueta sobre c\u00f3mo diluir los aceites y nunca uses m\u00e1s de la cantidad recomendada<\/strong>.<\/p>\n<p>Si eres al\u00e9rgico a plantas como la ambros\u00eda, prueba el aceite en un \u00e1rea peque\u00f1a de tu piel como por ejemplo en el interior de la mu\u00f1eca, si no se produce ning\u00fan tipo de alteraci\u00f3n d\u00e9rmica en el d\u00eda es que en un principio puedes utilizarlo.<\/p>\n<h3>Prueba estas sinergias:<\/h3>\n<ul>\n<li><a href=\"https:\/\/www.essenciales.com\/aceites-bio\/aceite-vegetal-coco-primera-presion-frio-bio.html\">Aceite vegetal de Coco<\/a> con aceite esencial de <a href=\"https:\/\/www.essenciales.com\/aceites-esenciales-puros\/aceite-esencial-ylang-ylang.html\">Ylang Ylang<\/a> para embellecer el cabello y repararlo<\/li>\n<li><a href=\"https:\/\/www.essenciales.com\/aceites-primera-presion-frio\/aceite-vegetal-jojoba-primera-presion-frio.html\">Aceite vegetal de Jojoba<\/a> con aceite esencial de <a href=\"https:\/\/www.essenciales.com\/aceites-esenciales-puros\/aceite-esencial-romero-alcanfor.html\">romero alcanfor<\/a> para estimular el crecimiento<\/li>\n<li><a href=\"https:\/\/www.essenciales.com\/aceites-primera-presion-frio\/aceite-de-almendra-dulce-1a-presion-en-frio.html\">Aceite de almendras<\/a> con aceite esencial de <a href=\"https:\/\/www.essenciales.com\/aceites-esenciales-puros\/aceite-esencial-menta-piperita.html\">menta piperita<\/a> para la caspa.<\/li>\n<li><a href=\"https:\/\/www.essenciales.com\/aceites-primera-presion-frio\/aceite-rosa-mosqueta-primera-presion-frio.html\">Aceite de rosa mosqueta<\/a> con <a href=\"https:\/\/www.essenciales.com\/aceites-esenciales-puros\/aceite-esencial-palmarosa.html\">palmarosa<\/a> para ayudar a esos cabellos secos y deshidratados.<\/li>\n<\/ul>\n<p>Puedes <strong>lavar el tratamiento despu\u00e9s de 30 minutos<\/strong>, o dejarlo toda la noche y lavar con champ\u00fa por la ma\u00f1ana, o usar un poco como <strong>acondicionador sin enjuague<\/strong>. Prueba qu\u00e9 funciona mejor para la textura de tu cabello.<\/p>\n<h2>Y para desenredar el cabello:<\/h2>\n<p><a href=\"https:\/\/www.essenciales.com\/otros-extractos\/gel-de-aloe-vera.html\">Aloe Vera<\/a>:<\/p>\n<p>Para 10 cl de desenredante (unos 6 usos), necesitar\u00e1s:<\/p>\n<ul>\n<li>9 cl de <a href=\"https:\/\/www.essenciales.com\/otros-extractos\/gel-de-aloe-vera.html\">gel de aloe vera<\/a> (preferiblemente org\u00e1nico)<\/li>\n<li>12 gotas de aceite esencial de <a href=\"https:\/\/www.essenciales.com\/aceites-esenciales-puros\/aceite-esencial-ylang-ylang.html\">ylang-ylang<\/a> o <a href=\"https:\/\/www.essenciales.com\/aceites-esenciales-puros\/aceite-esencial-romero-alcanfor.html\">romero alcanfor<\/a><\/li>\n<li>1 cucharada de <a href=\"https:\/\/www.essenciales.com\/aceites-primera-presion-frio\/aceite-de-aguacate-1-presion-frio.html\">aceite de aguacate<\/a> (u otro aceite seco como<a href=\"https:\/\/www.essenciales.com\/aceites-primera-presion-frio\/aceite-vegetal-jojoba-primera-presion-frio.html\"> jojoba<\/a> o <a href=\"https:\/\/www.essenciales.com\/aceites-primera-presion-frio\/aceite-vegetal-argan-primera-presion-frio.html\">arg\u00e1n<\/a>)<\/li>\n<\/ul>\n<p>En una <strong>botella de bomba limpia y desinfectada<\/strong>, vierte todos los ingredientes enumerados anteriormente. Cierra con cuidado <strong>y mezcla bien<\/strong>. Esto deber\u00eda formar una especie <strong>de crema<\/strong>.<\/p>\n<p>Ten\u00e9is una amplia variedad de <a href=\"https:\/\/www.essenciales.com\/envases-accesorios\/\">envases y botellas<\/a> disponible en nuestra web.<\/p>\n<p>Aplica una avellana de esta mezcla en tu pelo una vez lavado, si es posible, recomendamos <strong>dejar actuar unos 10 minutos<\/strong> y , tras ello, pasar un peine o un cepillo de dientes anchos para desenredarlo.<\/p>\n<p><strong>No tienes que enjuagar esta preparaci\u00f3n<\/strong>.<\/p>\n<p>Para un mejor peinado os recomendamos <strong>cepillar primero las puntas, despu\u00e9s los medios y por \u00faltimo desde la ra\u00edz<\/strong>. Otro consejo es que <strong>cepill\u00e9is el cabello con el cepillo recto<\/strong>, en vertical para que sea m\u00e1s f\u00e1cil y <strong>menos brusco el cepillado<\/strong>.<\/p>\n<h2>Aceites naturales para cabello rizado o encrespado:<\/h2>\n<p>Las <strong>melenas rizadas o encrespadas<\/strong> suelen necesitar un mejor cuidado. Deben <strong>nutrirse<\/strong>, pero el cuidado debe permanecer ligero para la fibra capilar. <strong>La siguiente receta est\u00e1 especialmente formulada para este tipo de cabello<\/strong>. Necesitar\u00e1s:<\/p>\n<ul>\n<li>45 g de <a href=\"https:\/\/www.essenciales.com\/aceites-primera-presion-frio\/manteca-karite.html\">manteca de karit\u00e9<\/a><\/li>\n<li>20 g de aceite vegetal de <a href=\"https:\/\/www.essenciales.com\/aceites-primera-presion-frio\/aceite-coco-primera-presion-frio.html\">coco<\/a> o <a href=\"https:\/\/www.essenciales.com\/aceites-primera-presion-frio\/aceite-vegetal-jojoba-primera-presion-frio.html\">jojoba<\/a> (m\u00e1s seco)<\/li>\n<li>20 g de aceite vegetal de <a href=\"https:\/\/www.essenciales.com\/aceites-primera-presion-frio\/aceite-de-aguacate-1-presion-frio.html\">aguacate<\/a><\/li>\n<\/ul>\n<p>En un ba\u00f1o mar\u00eda, <strong>derrite la mantequilla y el aceite de coco<\/strong>. Una vez que la mezcla est\u00e9 homog\u00e9nea, retiramos del fuego y <strong>agregamos el resto de los ingredientes<\/strong>. Congela esta preparaci\u00f3n y s\u00e1cala a intervalos regulares para mezclarla. Deber\u00edas terminar con una <strong>masa suave y cremosa<\/strong>. Una vez logrado este resultado, se puede envasar.<\/p>\n<p>&nbsp;<\/p>\n<h2>Receta r\u00e1pida para todo tipo de cabellos:<\/h2>\n<p>En una botella de spray verteremos:<\/p>\n<ul>\n<li>1\/3 de aceite vegetal de tu elecci\u00f3n adaptado a tu tipo de cabello (jojoba, arg\u00e1n, oliva, girasol, coco, aguacate, etc.)<\/li>\n<li>2\/3 de agua<\/li>\n<li>A\u00f1ade unas gotas de aceites esenciales adecuados a tus necesidades (\u00e1rbol de t\u00e9, romero, lavanda, romero, geranio, etc.)<\/li>\n<\/ul>\n<p>\u00a1Agitar, est\u00e1 listo!<\/p>\n<p>\u00a1Recuerda <strong>agitar la botella con cada uso<\/strong> para que los elementos se mezclen! Pulverizar sobre el <strong>cabello h\u00famedo<\/strong>, teniendo cuidado de que no entre en contacto con los ojos. \u00a1Cepilla y admira el resultado!<\/p>\n<p>Os recordamos en su d\u00eda os hablamos de un <a href=\"https:\/\/www.essenciales.com\/blog\/protegete-con-esta-receta-aftersun\/\">protector solar para el cabello natural<\/a> en este art\u00edculo de verano.<\/p>\n<p>&nbsp;<\/p>\n<h2>Aceites para cabellos te\u00f1idos:<\/h2>\n<p>Puedes encontrar esta informaci\u00f3n m\u00e1s detallada en nuestro art\u00edculo m\u00e1s espec\u00edfico en el que explicamos <a href=\"https:\/\/www.essenciales.com\/blog\/cuida-tu-cabello-tenido-con-aceites-esenciales-essenciales-blog-decoloracion-tintes\/\">como cuidar tu cabello te\u00f1ido con aceites esenciales<\/a>. \u00a1No te lo pierdas!<\/p>\n<p style=\"text-align: center;\"><strong>Para cualquier duda o consulta no dudes en ponerte en contacto con nosotros, esperamos que los aceites esenciales te ayuden a domar y dar vida a tu cabello!!<\/strong><\/p>\n<p>&nbsp;<\/p>\n","protected":false},"excerpt":{"rendered":"<p>Ra\u00edces grasas, pelo te\u00f1ido, puntas abiertas, pelo seco\u2026 te traemos los mejores aceites esenciales para tu cabello &nbsp; Bienvenidos un d\u00eda m\u00e1s al blog de&#8230;<\/p>\n<p class=\"readmore\"><a class=\"more-btn\" href=\"https:\/\/www.essenciales.com\/blog\/mejores-aceites-esenciales-para-tu-cabello\/\">Leer m\u00e1s<\/a><\/p>\n","protected":false},"author":4,"featured_media":1661,"comment_status":"open","ping_status":"open","sticky":false,"template":"","format":"standard","meta":[],"categories":[42,76,104,141,149],"tags":[],"yoast_head":"<!-- This site is optimized with the Yoast SEO plugin v19.10 - https:\/\/yoast.com\/wordpress\/plugins\/seo\/ -->\n<title>Mejores aceites esenciales para tu cabello. Aceites naturales.<\/title>\n<meta name=\"description\" content=\"Aprende a cuidar tu cabello con los mejores aceites naturales. Luce y protege tu melena de la forma m\u00e1s natural.\" \/>\n<meta name=\"robots\" content=\"index, follow, max-snippet:-1, max-image-preview:large, max-video-preview:-1\" \/>\n<link rel=\"canonical\" href=\"https:\/\/www.essenciales.com\/blog\/mejores-aceites-esenciales-para-tu-cabello\/\" \/>\n<meta property=\"og:locale\" content=\"es_ES\" \/>\n<meta property=\"og:type\" content=\"article\" \/>\n<meta property=\"og:title\" content=\"Mejores aceites esenciales para tu cabello. Aceites naturales.\" \/>\n<meta property=\"og:description\" content=\"Aprende a cuidar tu cabello con los mejores aceites naturales. Luce y protege tu melena de la forma m\u00e1s natural.\" \/>\n<meta property=\"og:url\" content=\"https:\/\/www.essenciales.com\/blog\/mejores-aceites-esenciales-para-tu-cabello\/\" \/>\n<meta property=\"og:site_name\" content=\"Blog de ESSENCIALES\" \/>\n<meta property=\"article:published_time\" content=\"2022-05-09T18:00:16+00:00\" \/>\n<meta property=\"article:modified_time\" content=\"2023-03-13T12:28:55+00:00\" \/>\n<meta property=\"og:image\" content=\"https:\/\/www.essenciales.com\/blog\/wp-content\/uploads\/girl-ga430deac3_1920.jpg\" \/>\n\t<meta property=\"og:image:width\" content=\"1920\" \/>\n\t<meta property=\"og:image:height\" content=\"1402\" \/>\n\t<meta property=\"og:image:type\" content=\"image\/jpeg\" \/>\n<meta name=\"author\" content=\"Nuria Moreno\" \/>\n<meta name=\"twitter:card\" content=\"summary_large_image\" \/>\n<meta name=\"twitter:label1\" content=\"Escrito por\" \/>\n\t<meta name=\"twitter:data1\" content=\"Nuria Moreno\" \/>\n\t<meta name=\"twitter:label2\" content=\"Tiempo de lectura\" \/>\n\t<meta name=\"twitter:data2\" content=\"6 minutos\" \/>\n<script type=\"application\/ld+json\" class=\"yoast-schema-graph\">{\"@context\":\"https:\/\/schema.org\",\"@graph\":[{\"@type\":\"WebPage\",\"@id\":\"https:\/\/www.essenciales.com\/blog\/mejores-aceites-esenciales-para-tu-cabello\/\",\"url\":\"https:\/\/www.essenciales.com\/blog\/mejores-aceites-esenciales-para-tu-cabello\/\",\"name\":\"Mejores aceites esenciales para tu cabello. Aceites naturales.\",\"isPartOf\":{\"@id\":\"https:\/\/www.essenciales.com\/blog\/#website\"},\"datePublished\":\"2022-05-09T18:00:16+00:00\",\"dateModified\":\"2023-03-13T12:28:55+00:00\",\"author\":{\"@id\":\"https:\/\/www.essenciales.com\/blog\/#\/schema\/person\/ba44a296eed23f89b82b6b67dee32d7f\"},\"description\":\"Aprende a cuidar tu cabello con los mejores aceites naturales. Luce y protege tu melena de la forma m\u00e1s natural.\",\"breadcrumb\":{\"@id\":\"https:\/\/www.essenciales.com\/blog\/mejores-aceites-esenciales-para-tu-cabello\/#breadcrumb\"},\"inLanguage\":\"es\",\"potentialAction\":[{\"@type\":\"ReadAction\",\"target\":[\"https:\/\/www.essenciales.com\/blog\/mejores-aceites-esenciales-para-tu-cabello\/\"]}]},{\"@type\":\"BreadcrumbList\",\"@id\":\"https:\/\/www.essenciales.com\/blog\/mejores-aceites-esenciales-para-tu-cabello\/#breadcrumb\",\"itemListElement\":[{\"@type\":\"ListItem\",\"position\":1,\"name\":\"Portada\",\"item\":\"https:\/\/www.essenciales.com\/blog\/\"},{\"@type\":\"ListItem\",\"position\":2,\"name\":\"Mejores aceites esenciales para tu cabello\"}]},{\"@type\":\"WebSite\",\"@id\":\"https:\/\/www.essenciales.com\/blog\/#website\",\"url\":\"https:\/\/www.essenciales.com\/blog\/\",\"name\":\"Blog de ESSENCIALES\",\"description\":\"Conoce todas las propiedades de los aceites esenciales y vegetales, as\u00ed como sus usos y remedios naturales\",\"potentialAction\":[{\"@type\":\"SearchAction\",\"target\":{\"@type\":\"EntryPoint\",\"urlTemplate\":\"https:\/\/www.essenciales.com\/blog\/?s={search_term_string}\"},\"query-input\":\"required name=search_term_string\"}],\"inLanguage\":\"es\"},{\"@type\":\"Person\",\"@id\":\"https:\/\/www.essenciales.com\/blog\/#\/schema\/person\/ba44a296eed23f89b82b6b67dee32d7f\",\"name\":\"Nuria Moreno\"}]}<\/script>\n<!-- \/ Yoast SEO plugin. -->","yoast_head_json":{"title":"Mejores aceites esenciales para tu cabello. Aceites naturales.","description":"Aprende a cuidar tu cabello con los mejores aceites naturales. Luce y protege tu melena de la forma m\u00e1s natural.","robots":{"index":"index","follow":"follow","max-snippet":"max-snippet:-1","max-image-preview":"max-image-preview:large","max-video-preview":"max-video-preview:-1"},"canonical":"https:\/\/www.essenciales.com\/blog\/mejores-aceites-esenciales-para-tu-cabello\/","og_locale":"es_ES","og_type":"article","og_title":"Mejores aceites esenciales para tu cabello. Aceites naturales.","og_description":"Aprende a cuidar tu cabello con los mejores aceites naturales. Luce y protege tu melena de la forma m\u00e1s natural.","og_url":"https:\/\/www.essenciales.com\/blog\/mejores-aceites-esenciales-para-tu-cabello\/","og_site_name":"Blog de ESSENCIALES","article_published_time":"2022-05-09T18:00:16+00:00","article_modified_time":"2023-03-13T12:28:55+00:00","og_image":[{"width":1920,"height":1402,"url":"https:\/\/www.essenciales.com\/blog\/wp-content\/uploads\/girl-ga430deac3_1920.jpg","type":"image\/jpeg"}],"author":"Nuria Moreno","twitter_card":"summary_large_image","twitter_misc":{"Escrito por":"Nuria Moreno","Tiempo de lectura":"6 minutos"},"schema":{"@context":"https:\/\/schema.org","@graph":[{"@type":"WebPage","@id":"https:\/\/www.essenciales.com\/blog\/mejores-aceites-esenciales-para-tu-cabello\/","url":"https:\/\/www.essenciales.com\/blog\/mejores-aceites-esenciales-para-tu-cabello\/","name":"Mejores aceites esenciales para tu cabello. Aceites naturales.","isPartOf":{"@id":"https:\/\/www.essenciales.com\/blog\/#website"},"datePublished":"2022-05-09T18:00:16+00:00","dateModified":"2023-03-13T12:28:55+00:00","author":{"@id":"https:\/\/www.essenciales.com\/blog\/#\/schema\/person\/ba44a296eed23f89b82b6b67dee32d7f"},"description":"Aprende a cuidar tu cabello con los mejores aceites naturales. Luce y protege tu melena de la forma m\u00e1s natural.","breadcrumb":{"@id":"https:\/\/www.essenciales.com\/blog\/mejores-aceites-esenciales-para-tu-cabello\/#breadcrumb"},"inLanguage":"es","potentialAction":[{"@type":"ReadAction","target":["https:\/\/www.essenciales.com\/blog\/mejores-aceites-esenciales-para-tu-cabello\/"]}]},{"@type":"BreadcrumbList","@id":"https:\/\/www.essenciales.com\/blog\/mejores-aceites-esenciales-para-tu-cabello\/#breadcrumb","itemListElement":[{"@type":"ListItem","position":1,"name":"Portada","item":"https:\/\/www.essenciales.com\/blog\/"},{"@type":"ListItem","position":2,"name":"Mejores aceites esenciales para tu cabello"}]},{"@type":"WebSite","@id":"https:\/\/www.essenciales.com\/blog\/#website","url":"https:\/\/www.essenciales.com\/blog\/","name":"Blog de ESSENCIALES","description":"Conoce todas las propiedades de los aceites esenciales y vegetales, as\u00ed como sus usos y remedios naturales","potentialAction":[{"@type":"SearchAction","target":{"@type":"EntryPoint","urlTemplate":"https:\/\/www.essenciales.com\/blog\/?s={search_term_string}"},"query-input":"required name=search_term_string"}],"inLanguage":"es"},{"@type":"Person","@id":"https:\/\/www.essenciales.com\/blog\/#\/schema\/person\/ba44a296eed23f89b82b6b67dee32d7f","name":"Nuria Moreno"}]}},"_links":{"self":[{"href":"https:\/\/www.essenciales.com\/blog\/wp-json\/wp\/v2\/posts\/1660"}],"collection":[{"href":"https:\/\/www.essenciales.com\/blog\/wp-json\/wp\/v2\/posts"}],"about":[{"href":"https:\/\/www.essenciales.com\/blog\/wp-json\/wp\/v2\/types\/post"}],"author":[{"embeddable":true,"href":"https:\/\/www.essenciales.com\/blog\/wp-json\/wp\/v2\/users\/4"}],"replies":[{"embeddable":true,"href":"https:\/\/www.essenciales.com\/blog\/wp-json\/wp\/v2\/comments?post=1660"}],"version-history":[{"count":6,"href":"https:\/\/www.essenciales.com\/blog\/wp-json\/wp\/v2\/posts\/1660\/revisions"}],"predecessor-version":[{"id":1978,"href":"https:\/\/www.essenciales.com\/blog\/wp-json\/wp\/v2\/posts\/1660\/revisions\/1978"}],"wp:featuredmedia":[{"embeddable":true,"href":"https:\/\/www.essenciales.com\/blog\/wp-json\/wp\/v2\/media\/1661"}],"wp:attachment":[{"href":"https:\/\/www.essenciales.com\/blog\/wp-json\/wp\/v2\/media?parent=1660"}],"wp:term":[{"taxonomy":"category","embeddable":true,"href":"https:\/\/www.essenciales.com\/blog\/wp-json\/wp\/v2\/categories?post=1660"},{"taxonomy":"post_tag","embeddable":true,"href":"https:\/\/www.essenciales.com\/blog\/wp-json\/wp\/v2\/tags?post=1660"}],"curies":[{"name":"wp","href":"https:\/\/api.w.org\/{rel}","templated":true}]}}