{"id":1822,"date":"2022-10-24T20:00:14","date_gmt":"2022-10-24T18:00:14","guid":{"rendered":"https:\/\/www.essenciales.com\/blog\/?p=1822"},"modified":"2022-10-15T19:04:04","modified_gmt":"2022-10-15T17:04:04","slug":"celebraciones-sobre-almas-y-difuntos","status":"publish","type":"post","link":"https:\/\/www.essenciales.com\/blog\/celebraciones-sobre-almas-y-difuntos\/","title":{"rendered":"Celebraciones sobre almas y difuntos"},"content":{"rendered":"<p>&nbsp;<\/p>\n<h3 style=\"text-align: center;\"><strong>Halloween, d\u00eda de muertos, todos los santos\u2026 son muchas las celebraciones alrededor del mundo en cuanto a los difuntos y las almas<\/strong><\/h3>\n<p>Bienvenidos a este art\u00edculo tan especial de Essenciales, hoy no os traemos remedios a vuestros males. Os traemos conocimientos e historias de diferentes partes del mundo sobre los difuntos y las almas.<\/p>\n<p>Antes de saber m\u00e1s sobre la historia de estas celebraciones queremos recomendaros algunos aceites esenciales que son para el alma, el yo interior.<\/p>\n<p><!--more--><\/p>\n<h3><strong>Aceites esenciales para el alma:<\/strong><\/h3>\n<ul>\n<li>Los aceites esenciales que nos ayudar\u00e1n con la meditaci\u00f3n son: <a href=\"https:\/\/www.essenciales.com\/aceites-esenciales-puros\/aceite-esencial-elemi.html\">elem\u00ed<\/a>, <a href=\"https:\/\/www.essenciales.com\/aceites-esenciales-puros\/aceite-esencial-sandalo-blanco.html\">s\u00e1ndalo blanco<\/a>, <a href=\"https:\/\/www.essenciales.com\/aceites-esenciales-puros\/aceite-esencial-pino-silvestre.html\">pino silvestre<\/a>, <a href=\"https:\/\/www.essenciales.com\/aceites-esenciales-puros\/aceite-esencial-incienso.html\">incienso<\/a>, <a href=\"https:\/\/www.essenciales.com\/aceites-esenciales-puros\/aceite-esencial-mirra.html\">mirra<\/a> y <a href=\"https:\/\/www.essenciales.com\/aceites-esenciales-puros\/aceite-esencial-lavanda.html\">lavanda<\/a>.<\/li>\n<li>Para conectar con el medio podemos usar: aceite esencial de <a href=\"https:\/\/www.essenciales.com\/aceites-esenciales-puros\/canela-hojas-aceite-esencial.html\">canela<\/a>, <a href=\"https:\/\/www.essenciales.com\/aceites-esenciales-puros\/aceite-esencial-cipres.html\">cipr\u00e9s<\/a>, <a href=\"https:\/\/www.essenciales.com\/aceites-esenciales-puros\/aceite-esencial-vetiver.html\">vetiver<\/a>, <a href=\"https:\/\/www.essenciales.com\/aceites-esenciales-puros\/aceite-esencial-menta-piperita.html\">menta piperita<\/a>, <a href=\"https:\/\/www.essenciales.com\/aceites-esenciales-puros\/aceite-esencial-limon.html\">lim\u00f3n<\/a> o <a href=\"https:\/\/www.essenciales.com\/aceites-esenciales-puros\/laurel-aceite-esencial.html\">laurel<\/a>.<\/li>\n<li>Para conectar con uno mismo y con nuestro yo interior: aceite esencial de <a href=\"https:\/\/www.essenciales.com\/aceites-esenciales-puros\/aceite-esencial-lavanda.html\">lavanda<\/a>, <a href=\"https:\/\/www.essenciales.com\/aceites-esenciales-puros\/jengibre-aceite-esencial.html\">jengibre<\/a>, <a href=\"https:\/\/www.essenciales.com\/aceites-esenciales-puros\/aceite-esencial-abeto-siberiano.html\">abeto siberiano<\/a>, <a href=\"https:\/\/www.essenciales.com\/aceites-esenciales-puros\/absoluto-de-rosa-bulgara.html\">rosa<\/a>, <a href=\"https:\/\/www.essenciales.com\/aceites-esenciales-puros\/aceite-esencial-geranio.html\">geranio<\/a> o <a href=\"https:\/\/www.essenciales.com\/aceites-esenciales-puros\/aceite-esencial-mejorana-dulce.html\">mejorana<\/a>.<\/li>\n<li>Para limpiar y purificar podemos usar los siguientes aceites esenciales: <a href=\"https:\/\/www.essenciales.com\/aceites-esenciales-puros\/aceite-esencial-cedro.html\">cedro<\/a>, <a href=\"https:\/\/www.essenciales.com\/aceites-esenciales-puros\/aceite-esencial-mirra.html\">mirra<\/a>, <a href=\"https:\/\/www.essenciales.com\/aceites-esenciales-puros\/aceite-esencial-limon.html\">lim\u00f3n<\/a>, <a href=\"https:\/\/www.essenciales.com\/aceites-esenciales-puros\/aceite-esencial-pomelo.html\">pomelo<\/a>, <a href=\"https:\/\/www.essenciales.com\/aceites-esenciales-puros\/aceite-esencial-eucalipto.html\">eucalipto<\/a> y <a href=\"https:\/\/www.essenciales.com\/aceites-esenciales-puros\/aceite-esencial-ruda.html\">ruda<\/a>.<\/li>\n<\/ul>\n<p>Podemos usar todos estos aceites esenciales en difusi\u00f3n combin\u00e1ndolos como m\u00e1s os guste dependiendo de lo que est\u00e9is buscando.<\/p>\n<p>&nbsp;<\/p>\n<p>Os recordamos que el a\u00f1o pasado subimos un <a href=\"https:\/\/www.essenciales.com\/blog\/que-aceites-esenciales-uso-para-superar-el-duelo\/\">art\u00edculo sobre el duelo<\/a> que tambi\u00e9n puede ayudaros en estos d\u00edas.<\/p>\n<p><a href=\"https:\/\/www.essenciales.com\/blog\/wp-content\/uploads\/halloween.4.jpg\"><img decoding=\"async\" loading=\"lazy\" class=\"size-medium wp-image-1833 aligncenter\" src=\"https:\/\/www.essenciales.com\/blog\/wp-content\/uploads\/halloween.4-300x225.jpg\" alt=\"\" width=\"300\" height=\"225\" srcset=\"https:\/\/www.essenciales.com\/blog\/wp-content\/uploads\/halloween.4-300x225.jpg 300w, https:\/\/www.essenciales.com\/blog\/wp-content\/uploads\/halloween.4-780x585.jpg 780w, https:\/\/www.essenciales.com\/blog\/wp-content\/uploads\/halloween.4.jpg 800w\" sizes=\"(max-width: 300px) 100vw, 300px\" \/><\/a><\/p>\n<h3><strong>Ha llegado el momento, vamos a conocer las principales festividades alrededor de los difuntos:<\/strong><\/h3>\n<h3><strong>Siempre hemos o\u00eddo hablar de la noche de Halloween, pero \u00bfconoces su historia?<\/strong><\/h3>\n<p>Los or\u00edgenes de Halloween se remontan a la antigua fiesta celta de Samhain. Los celtas celebraban su a\u00f1o nuevo el 1 de noviembre. Este d\u00eda marcaba el final del verano y de la cosecha y el comienzo del oscuro y fr\u00edo invierno, una \u00e9poca del a\u00f1o a menudo asociada con la muerte humana.<\/p>\n<p>Los celtas cre\u00edan que, en la noche anterior al a\u00f1o nuevo, la frontera entre el mundo de los vivos y el de los muertos se difuminaba, por lo que en la noche del 31 de octubre se celebraba el Samhain, cuando se cre\u00eda que los fantasmas de los muertos volv\u00edan a la tierra.<\/p>\n<p>Para conmemorar el acontecimiento, los druidas (los hechiceros y curanderos) constru\u00edan enormes hogueras sagradas, donde la gente se reun\u00eda para quemar cosechas y animales como sacrificios a las deidades celtas. Durante la celebraci\u00f3n, los celtas se vest\u00edan con disfraces, que sol\u00edan consistir en cabezas y pieles de animales, y trataban de adivinar el destino de los dem\u00e1s.<\/p>\n<p>Cuando el Imperio Romano conquist\u00f3 las tierras celtas (sobre todo en el Reino Unido e Irlanda), esta tradici\u00f3n se mezcl\u00f3 con las costumbres romanas. Con la conquista brit\u00e1nica de Am\u00e9rica del Norte, esta tradici\u00f3n y creencia viaj\u00f3 con ellos, cobrando fuerza all\u00ed gracias a los irlandeses que poblaron el continente huyendo de la hambruna de la patata en su pa\u00eds. De hecho, la tradici\u00f3n de tallar caras en las verduras para ahuyentar a los malos esp\u00edritus procede de Irlanda. En Am\u00e9rica, los irlandeses descubrieron una nueva hortaliza, la calabaza, que se cosecha en oto\u00f1o, y comenzaron a utilizarla para ahuyentar a los malos esp\u00edritus.<\/p>\n<p>El uso del t\u00e9rmino ingl\u00e9s Jack O&#8217;Lantern para una calabaza de Halloween tambi\u00e9n procede de Irlanda. Cuenta la leyenda que un hombre llamado Jack consigui\u00f3 vencer al diablo en un trato, impidiendo que \u00e9ste se llevara su alma. Sin embargo, como Jack hab\u00eda sido malvado, taca\u00f1o y ego\u00edsta a lo largo de su vida, se le neg\u00f3 la entrada al Cielo cuando muri\u00f3 y, como se hab\u00eda prometido, no fue convocado al Infierno. Por lo tanto, el alma de Jack estaba condenada a vagar por la eternidad y la gente empez\u00f3 a dibujar caras terror\u00edficas en sus verduras para mantenerlo alejado de sus hogares.<\/p>\n<h3><strong><a href=\"https:\/\/www.essenciales.com\/blog\/wp-content\/uploads\/halloween.5.jpg\"><img decoding=\"async\" loading=\"lazy\" class=\"size-medium wp-image-1834 alignleft\" src=\"https:\/\/www.essenciales.com\/blog\/wp-content\/uploads\/halloween.5-300x225.jpg\" alt=\"\" width=\"300\" height=\"225\" srcset=\"https:\/\/www.essenciales.com\/blog\/wp-content\/uploads\/halloween.5-300x225.jpg 300w, https:\/\/www.essenciales.com\/blog\/wp-content\/uploads\/halloween.5-780x585.jpg 780w, https:\/\/www.essenciales.com\/blog\/wp-content\/uploads\/halloween.5.jpg 800w\" sizes=\"(max-width: 300px) 100vw, 300px\" \/><\/a>Vamos a por una festividad nacional: Todos los Santos<\/strong><\/h3>\n<p>El 1 de noviembre se celebra en Espa\u00f1a y otros territorios el D\u00eda de Todos los Santos. El 13 de mayo de 609 d. C., el Papa Bonifacio IV dedic\u00f3 el Pante\u00f3n de Roma en honor a todos los m\u00e1rtires cristianos, y se estableci\u00f3 en la iglesia occidental la fiesta cat\u00f3lica del D\u00eda de Todos los M\u00e1rtires. Posteriormente, el Papa Gregorio III ampli\u00f3 el festival para incluir a todos los santos y a todos los m\u00e1rtires, y traslad\u00f3 la celebraci\u00f3n del 13 de mayo al 1 de noviembre.<\/p>\n<p>En el siglo IX, la influencia del cristianismo se hab\u00eda extendido a las tierras celtas, donde gradualmente se mezcl\u00f3 con los ritos celtas m\u00e1s antiguos y los suplant\u00f3. En el a\u00f1o 1000 dC, la iglesia hizo el 2 de noviembre el D\u00eda de los Muertos, un d\u00eda para honrar a los muertos.<\/p>\n<p>&nbsp;<\/p>\n<p>En la actualidad, se cree ampliamente que la iglesia estaba tratando de reemplazar el festival celta de los muertos por una celebraci\u00f3n cristiana aceptada por la iglesia.<\/p>\n<p>&nbsp;<\/p>\n<h3><strong>Otra tradici\u00f3n relacionada con los difuntos es el D\u00eda de Muertos<a href=\"https:\/\/www.essenciales.com\/blog\/wp-content\/uploads\/halloween.2.jpg\"><img decoding=\"async\" loading=\"lazy\" class=\" wp-image-1836 alignright\" src=\"https:\/\/www.essenciales.com\/blog\/wp-content\/uploads\/halloween.2-300x225.jpg\" alt=\"\" width=\"247\" height=\"185\" srcset=\"https:\/\/www.essenciales.com\/blog\/wp-content\/uploads\/halloween.2-300x225.jpg 300w, https:\/\/www.essenciales.com\/blog\/wp-content\/uploads\/halloween.2-780x585.jpg 780w, https:\/\/www.essenciales.com\/blog\/wp-content\/uploads\/halloween.2.jpg 800w\" sizes=\"(max-width: 247px) 100vw, 247px\" \/><\/a><\/strong><\/h3>\n<p>Antes de nada, debemos apreciar el hecho de que siempre se ha imitado esta tradici\u00f3n sin tener mucha idea de ella, simplemente nos disfrazamos de catrinas y ya, lo que se puede considerar una apropiaci\u00f3n cultural y disneyficaci\u00f3n de una tradici\u00f3n hist\u00f3rica de gran valor, por ello, al igual que Halloween os pedimos que os inform\u00e9is y celebr\u00e9is estas festividades de una manera consciente y respetuosa.<\/p>\n<p>&nbsp;<\/p>\n<p>Ahora s\u00ed, vamos a contaros un poco sobre esta tradici\u00f3n y sus valores:<\/p>\n<p>Las ra\u00edces del D\u00eda de Muertos, celebrado en el M\u00e9xico contempor\u00e1neo y entre los de herencia mexicana en los Estados Unidos y alrededor del mundo, se remontan a unos 3.000 a\u00f1os atr\u00e1s, a los rituales en honor a los muertos en la Mesoam\u00e9rica precolombina. Los aztecas y otros pueblos nahuas que viv\u00edan en el centro de M\u00e9xico ten\u00edan una visi\u00f3n c\u00edclica del universo y ve\u00edan la muerte como parte de la vida, por lo que la ten\u00edan siempre presente.<\/p>\n<p>Al morir, se cre\u00eda que una persona viajaba a Chicunamictl\u00e1n, la Tierra de los Muertos. Solo despu\u00e9s de superar nueve desafiantes niveles, un viaje de varios a\u00f1os, el alma de la persona pod\u00eda finalmente llegar al Mictl\u00e1n, el lugar de descanso final, el para\u00edso por as\u00ed decirlo.<\/p>\n<p>En los rituales nahuas en honor a los muertos, tradicionalmente realizados en agosto, los miembros de la familia proporcionaban comida, agua y herramientas para ayudar al difunto en este dif\u00edcil viaje.<\/p>\n<p>Esto inspir\u00f3 la pr\u00e1ctica contempor\u00e1nea del D\u00eda de los Muertos en la que las personas dejan comida u otras ofrendas en las tumbas de sus seres queridos, o las colocan en altares improvisados \u200b\u200bllamados ofrendas en sus hogares. Esto se hace para honrar su memoria y ofrecerles un regalo en el m\u00e1s all\u00e1, record\u00e1ndoles que no les olvidan y que los tienen presentes.<\/p>\n<p>&nbsp;<\/p>\n<p>Los s\u00edmbolos m\u00e1s destacados relacionados con el D\u00eda de Muertos son las calacas (esqueletos) y las calaveras (calaveras). A principios del siglo XX, el impresor y caricaturista Jos\u00e9 Guadalupe Posada incorpor\u00f3 figuras esquel\u00e9ticas en su arte burl\u00e1ndose de los pol\u00edticos y comentando la pol\u00edtica revolucionaria. Su obra m\u00e1s conocida, La Calavera Catrina , o Elegant Skull, presenta un esqueleto femenino adornado con maquillaje y vestido con ropa elegante. El grabado de 1910 pretend\u00eda ser una queja sobre la adopci\u00f3n de las modas europeas por parte de los mexicanos sobre su propia herencia y tradiciones, haciendo as\u00ed que perdieran autenticidad y tradici\u00f3n.<\/p>\n<p><a href=\"https:\/\/www.essenciales.com\/blog\/wp-content\/uploads\/halloween.6.jpg\"><img decoding=\"async\" loading=\"lazy\" class=\"size-medium wp-image-1837 alignleft\" src=\"https:\/\/www.essenciales.com\/blog\/wp-content\/uploads\/halloween.6-300x225.jpg\" alt=\"\" width=\"300\" height=\"225\" srcset=\"https:\/\/www.essenciales.com\/blog\/wp-content\/uploads\/halloween.6-300x225.jpg 300w, https:\/\/www.essenciales.com\/blog\/wp-content\/uploads\/halloween.6-780x585.jpg 780w, https:\/\/www.essenciales.com\/blog\/wp-content\/uploads\/halloween.6.jpg 800w\" sizes=\"(max-width: 300px) 100vw, 300px\" \/><\/a><\/p>\n<p>&nbsp;<\/p>\n<p>La Calavera Catrina fue entonces adoptada como uno de los \u00edconos m\u00e1s reconocibles del D\u00eda de Muertos, el valor de esta calavera como coment\u00e1bamos es una queja social al colonialismo y a la europeizaci\u00f3n de Am\u00e9rica, es por ello que debemos tomar conciencia de ello, y no hacer una apropiaci\u00f3n cultural de un elemento tan crucial y de tal importancia.<\/p>\n<p>&nbsp;<\/p>\n<p>&nbsp;<\/p>\n<p>&nbsp;<\/p>\n<p style=\"text-align: center;\">Si quieres ampliar informaci\u00f3n puedes hacerlo en el canal History.<\/p>\n<p>&nbsp;<\/p>\n<p>Tras este paseo por la tradici\u00f3n y las festividades sobre las almas y difuntos, queremos recordaros que los aceites esenciales han sido utilizados desde tiempos inmemoriales para los difuntos y todo lo relacionado con el alma, como os explicamos en este breve <a href=\"https:\/\/www.essenciales.com\/blog\/halloween-con-aceites-esenciales\/\">art\u00edculo sobre la historia de los aceites esenciales<\/a>.<\/p>\n<p>&nbsp;<\/p>\n<h3 style=\"text-align: center;\">Por \u00faltimo os animo a uniros a nosotros en nuestras redes sociales, donde adem\u00e1s de compartir un sinf\u00edn de recetas y remedios, vamos a elaborar unas velitas para estos d\u00edas tan especiales<\/h3>\n<h3 style=\"text-align: center;\">\u00a1no te lo puedes perder!<\/h3>\n<p><a href=\"https:\/\/www.essenciales.com\/blog\/wp-content\/uploads\/halloween.1.jpg\"><img decoding=\"async\" loading=\"lazy\" class=\"size-medium wp-image-1835 aligncenter\" src=\"https:\/\/www.essenciales.com\/blog\/wp-content\/uploads\/halloween.1-300x225.jpg\" alt=\"\" width=\"300\" height=\"225\" srcset=\"https:\/\/www.essenciales.com\/blog\/wp-content\/uploads\/halloween.1-300x225.jpg 300w, https:\/\/www.essenciales.com\/blog\/wp-content\/uploads\/halloween.1-780x585.jpg 780w, https:\/\/www.essenciales.com\/blog\/wp-content\/uploads\/halloween.1.jpg 800w\" sizes=\"(max-width: 300px) 100vw, 300px\" \/><\/a><\/p>\n","protected":false},"excerpt":{"rendered":"<p>&nbsp; Halloween, d\u00eda de muertos, todos los santos\u2026 son muchas las celebraciones alrededor del mundo en cuanto a los difuntos y las almas Bienvenidos a&#8230;<\/p>\n<p class=\"readmore\"><a class=\"more-btn\" href=\"https:\/\/www.essenciales.com\/blog\/celebraciones-sobre-almas-y-difuntos\/\">Leer m\u00e1s<\/a><\/p>\n","protected":false},"author":4,"featured_media":1832,"comment_status":"open","ping_status":"open","sticky":false,"template":"","format":"standard","meta":[],"categories":[1],"tags":[],"yoast_head":"<!-- This site is optimized with the Yoast SEO plugin v19.10 - https:\/\/yoast.com\/wordpress\/plugins\/seo\/ -->\n<title>Celebraciones sobre almas y difuntos | Blog de ESSENCIALES<\/title>\n<meta name=\"robots\" content=\"index, follow, max-snippet:-1, max-image-preview:large, max-video-preview:-1\" \/>\n<link rel=\"canonical\" href=\"https:\/\/www.essenciales.com\/blog\/celebraciones-sobre-almas-y-difuntos\/\" \/>\n<meta property=\"og:locale\" content=\"es_ES\" \/>\n<meta property=\"og:type\" content=\"article\" \/>\n<meta property=\"og:title\" content=\"Celebraciones sobre almas y difuntos | Blog de ESSENCIALES\" \/>\n<meta property=\"og:description\" content=\"&nbsp; Halloween, d\u00eda de muertos, todos los santos\u2026 son muchas las celebraciones alrededor del mundo en cuanto a los difuntos y las almas Bienvenidos a...Leer m\u00e1s\" \/>\n<meta property=\"og:url\" content=\"https:\/\/www.essenciales.com\/blog\/celebraciones-sobre-almas-y-difuntos\/\" \/>\n<meta property=\"og:site_name\" content=\"Blog de ESSENCIALES\" \/>\n<meta property=\"article:published_time\" content=\"2022-10-24T18:00:14+00:00\" \/>\n<meta property=\"article:modified_time\" content=\"2022-10-15T17:04:04+00:00\" \/>\n<meta property=\"og:image\" content=\"https:\/\/www.essenciales.com\/blog\/wp-content\/uploads\/fondo_blog_CELEBRACIONES-SOBRE-ALMAS-Y-DIFUNTOS_800x500.jpg\" \/>\n\t<meta property=\"og:image:width\" content=\"800\" \/>\n\t<meta property=\"og:image:height\" content=\"500\" \/>\n\t<meta property=\"og:image:type\" content=\"image\/jpeg\" \/>\n<meta name=\"author\" content=\"Nuria Moreno\" \/>\n<meta name=\"twitter:card\" content=\"summary_large_image\" \/>\n<meta name=\"twitter:label1\" content=\"Escrito por\" \/>\n\t<meta name=\"twitter:data1\" content=\"Nuria Moreno\" \/>\n\t<meta name=\"twitter:label2\" content=\"Tiempo de lectura\" \/>\n\t<meta name=\"twitter:data2\" content=\"7 minutos\" \/>\n<script type=\"application\/ld+json\" class=\"yoast-schema-graph\">{\"@context\":\"https:\/\/schema.org\",\"@graph\":[{\"@type\":\"WebPage\",\"@id\":\"https:\/\/www.essenciales.com\/blog\/celebraciones-sobre-almas-y-difuntos\/\",\"url\":\"https:\/\/www.essenciales.com\/blog\/celebraciones-sobre-almas-y-difuntos\/\",\"name\":\"Celebraciones sobre almas y difuntos | Blog de ESSENCIALES\",\"isPartOf\":{\"@id\":\"https:\/\/www.essenciales.com\/blog\/#website\"},\"datePublished\":\"2022-10-24T18:00:14+00:00\",\"dateModified\":\"2022-10-15T17:04:04+00:00\",\"author\":{\"@id\":\"https:\/\/www.essenciales.com\/blog\/#\/schema\/person\/ba44a296eed23f89b82b6b67dee32d7f\"},\"breadcrumb\":{\"@id\":\"https:\/\/www.essenciales.com\/blog\/celebraciones-sobre-almas-y-difuntos\/#breadcrumb\"},\"inLanguage\":\"es\",\"potentialAction\":[{\"@type\":\"ReadAction\",\"target\":[\"https:\/\/www.essenciales.com\/blog\/celebraciones-sobre-almas-y-difuntos\/\"]}]},{\"@type\":\"BreadcrumbList\",\"@id\":\"https:\/\/www.essenciales.com\/blog\/celebraciones-sobre-almas-y-difuntos\/#breadcrumb\",\"itemListElement\":[{\"@type\":\"ListItem\",\"position\":1,\"name\":\"Portada\",\"item\":\"https:\/\/www.essenciales.com\/blog\/\"},{\"@type\":\"ListItem\",\"position\":2,\"name\":\"Celebraciones sobre almas y difuntos\"}]},{\"@type\":\"WebSite\",\"@id\":\"https:\/\/www.essenciales.com\/blog\/#website\",\"url\":\"https:\/\/www.essenciales.com\/blog\/\",\"name\":\"Blog de ESSENCIALES\",\"description\":\"Conoce todas las propiedades de los aceites esenciales y vegetales, as\u00ed como sus usos y remedios naturales\",\"potentialAction\":[{\"@type\":\"SearchAction\",\"target\":{\"@type\":\"EntryPoint\",\"urlTemplate\":\"https:\/\/www.essenciales.com\/blog\/?s={search_term_string}\"},\"query-input\":\"required name=search_term_string\"}],\"inLanguage\":\"es\"},{\"@type\":\"Person\",\"@id\":\"https:\/\/www.essenciales.com\/blog\/#\/schema\/person\/ba44a296eed23f89b82b6b67dee32d7f\",\"name\":\"Nuria Moreno\"}]}<\/script>\n<!-- \/ Yoast SEO plugin. -->","yoast_head_json":{"title":"Celebraciones sobre almas y difuntos | Blog de ESSENCIALES","robots":{"index":"index","follow":"follow","max-snippet":"max-snippet:-1","max-image-preview":"max-image-preview:large","max-video-preview":"max-video-preview:-1"},"canonical":"https:\/\/www.essenciales.com\/blog\/celebraciones-sobre-almas-y-difuntos\/","og_locale":"es_ES","og_type":"article","og_title":"Celebraciones sobre almas y difuntos | Blog de ESSENCIALES","og_description":"&nbsp; Halloween, d\u00eda de muertos, todos los santos\u2026 son muchas las celebraciones alrededor del mundo en cuanto a los difuntos y las almas Bienvenidos a...Leer m\u00e1s","og_url":"https:\/\/www.essenciales.com\/blog\/celebraciones-sobre-almas-y-difuntos\/","og_site_name":"Blog de ESSENCIALES","article_published_time":"2022-10-24T18:00:14+00:00","article_modified_time":"2022-10-15T17:04:04+00:00","og_image":[{"width":800,"height":500,"url":"https:\/\/www.essenciales.com\/blog\/wp-content\/uploads\/fondo_blog_CELEBRACIONES-SOBRE-ALMAS-Y-DIFUNTOS_800x500.jpg","type":"image\/jpeg"}],"author":"Nuria Moreno","twitter_card":"summary_large_image","twitter_misc":{"Escrito por":"Nuria Moreno","Tiempo de lectura":"7 minutos"},"schema":{"@context":"https:\/\/schema.org","@graph":[{"@type":"WebPage","@id":"https:\/\/www.essenciales.com\/blog\/celebraciones-sobre-almas-y-difuntos\/","url":"https:\/\/www.essenciales.com\/blog\/celebraciones-sobre-almas-y-difuntos\/","name":"Celebraciones sobre almas y difuntos | Blog de ESSENCIALES","isPartOf":{"@id":"https:\/\/www.essenciales.com\/blog\/#website"},"datePublished":"2022-10-24T18:00:14+00:00","dateModified":"2022-10-15T17:04:04+00:00","author":{"@id":"https:\/\/www.essenciales.com\/blog\/#\/schema\/person\/ba44a296eed23f89b82b6b67dee32d7f"},"breadcrumb":{"@id":"https:\/\/www.essenciales.com\/blog\/celebraciones-sobre-almas-y-difuntos\/#breadcrumb"},"inLanguage":"es","potentialAction":[{"@type":"ReadAction","target":["https:\/\/www.essenciales.com\/blog\/celebraciones-sobre-almas-y-difuntos\/"]}]},{"@type":"BreadcrumbList","@id":"https:\/\/www.essenciales.com\/blog\/celebraciones-sobre-almas-y-difuntos\/#breadcrumb","itemListElement":[{"@type":"ListItem","position":1,"name":"Portada","item":"https:\/\/www.essenciales.com\/blog\/"},{"@type":"ListItem","position":2,"name":"Celebraciones sobre almas y difuntos"}]},{"@type":"WebSite","@id":"https:\/\/www.essenciales.com\/blog\/#website","url":"https:\/\/www.essenciales.com\/blog\/","name":"Blog de ESSENCIALES","description":"Conoce todas las propiedades de los aceites esenciales y vegetales, as\u00ed como sus usos y remedios naturales","potentialAction":[{"@type":"SearchAction","target":{"@type":"EntryPoint","urlTemplate":"https:\/\/www.essenciales.com\/blog\/?s={search_term_string}"},"query-input":"required name=search_term_string"}],"inLanguage":"es"},{"@type":"Person","@id":"https:\/\/www.essenciales.com\/blog\/#\/schema\/person\/ba44a296eed23f89b82b6b67dee32d7f","name":"Nuria Moreno"}]}},"_links":{"self":[{"href":"https:\/\/www.essenciales.com\/blog\/wp-json\/wp\/v2\/posts\/1822"}],"collection":[{"href":"https:\/\/www.essenciales.com\/blog\/wp-json\/wp\/v2\/posts"}],"about":[{"href":"https:\/\/www.essenciales.com\/blog\/wp-json\/wp\/v2\/types\/post"}],"author":[{"embeddable":true,"href":"https:\/\/www.essenciales.com\/blog\/wp-json\/wp\/v2\/users\/4"}],"replies":[{"embeddable":true,"href":"https:\/\/www.essenciales.com\/blog\/wp-json\/wp\/v2\/comments?post=1822"}],"version-history":[{"count":3,"href":"https:\/\/www.essenciales.com\/blog\/wp-json\/wp\/v2\/posts\/1822\/revisions"}],"predecessor-version":[{"id":1840,"href":"https:\/\/www.essenciales.com\/blog\/wp-json\/wp\/v2\/posts\/1822\/revisions\/1840"}],"wp:featuredmedia":[{"embeddable":true,"href":"https:\/\/www.essenciales.com\/blog\/wp-json\/wp\/v2\/media\/1832"}],"wp:attachment":[{"href":"https:\/\/www.essenciales.com\/blog\/wp-json\/wp\/v2\/media?parent=1822"}],"wp:term":[{"taxonomy":"category","embeddable":true,"href":"https:\/\/www.essenciales.com\/blog\/wp-json\/wp\/v2\/categories?post=1822"},{"taxonomy":"post_tag","embeddable":true,"href":"https:\/\/www.essenciales.com\/blog\/wp-json\/wp\/v2\/tags?post=1822"}],"curies":[{"name":"wp","href":"https:\/\/api.w.org\/{rel}","templated":true}]}}