{"id":1824,"date":"2022-10-17T12:30:27","date_gmt":"2022-10-17T10:30:27","guid":{"rendered":"https:\/\/www.essenciales.com\/blog\/?p=1824"},"modified":"2022-10-24T12:12:30","modified_gmt":"2022-10-24T10:12:30","slug":"combate-el-dolor-de-cabeza-y-la-migrana-con-aceites-esenciales","status":"publish","type":"post","link":"https:\/\/www.essenciales.com\/blog\/combate-el-dolor-de-cabeza-y-la-migrana-con-aceites-esenciales\/","title":{"rendered":"Combate el dolor de cabeza y la migra\u00f1a con aceites esenciales"},"content":{"rendered":"<h3 style=\"text-align: center;\"><\/h3>\n<h3 style=\"text-align: center;\"><strong>Las tareas diarias, el trabajo, nuevos proyectos, estudiar, opositar \u2026 y un sinf\u00edn m\u00e1s de situaciones que nos generan estr\u00e9s y con el dolor de cabeza e incluso migra\u00f1as\u2026 Combate el dolor de cabeza y la migra\u00f1a con aceites esenciales.<\/strong><\/h3>\n<h3 style=\"text-align: center;\"><\/h3>\n<p>Bienvenidos de nuevo al blog de Essenciales, \u00bfqu\u00e9 tal va todo? Esperamos que est\u00e9is bien, aunque si no es as\u00ed para eso estamos nosotros aqu\u00ed, para proporcionaros remedios org\u00e1nicos y naturales a vuestros males.<\/p>\n<p>&nbsp;<\/p>\n<p>A veces es complicado compaginar la vida laboral, con la vida en casa y la vida social, d\u00edas de trabajo interminables que culminan con mil tareas del hogar por hacer y que nos llevan a necesitar salir a tomar algo con amigos, derivando a acostarnos m\u00e1s tarde de lo ideal. Todo ello deriva en estr\u00e9s, ansiedad, cansancio, etc. que se reflejan en nuestro \u00e1nimo y en nuestra cabeza en forma de irritabilidad y dolor de cabeza, o incluso a sufrir de migra\u00f1as. Combate el dolor de cabeza y la migra\u00f1a de una forma natural con aceites esenciales.<\/p>\n<p><!--more--><\/p>\n<h2>\u00bfPor qu\u00e9 usar aceites esenciales para los dolores de cabeza?<\/h2>\n<p>Los aceites esenciales son remedios eficaces para los dolores de cabeza. Potentes analg\u00e9sicos, act\u00faan sobre los vasos sangu\u00edneos para dilatarlos y reducir la tensi\u00f3n en la cabeza.<\/p>\n<h3><strong>\u00bfDolor de cabeza o migra\u00f1a?<\/strong><\/h3>\n<p>Se hace una distinci\u00f3n entre dolores de cabeza \u201cordinarios\u201d y migra\u00f1as, a menudo localizados en la mitad del cr\u00e1neo. Las migra\u00f1as duran m\u00e1s, entre 4 y 72 horas, y van acompa\u00f1adas de n\u00e1useas, v\u00f3mitos o aumento de la sensibilidad al ruido o la luz.<\/p>\n<h3><\/h3>\n<h2>Aceites esenciales que te ayudar\u00e1n a aliviar el dolor de cabeza:<\/h2>\n<h4><\/h4>\n<h4><strong>Manzanilla romana (Anthemis nobilis &#8211; Chamaemelum nobile (L.)), el rey de los analg\u00e9sicos<\/strong><\/h4>\n<p>Tambi\u00e9n llamada manzanilla noble, el aceite esencial de manzanilla romana tiene una acci\u00f3n analg\u00e9sica y reduce el dolor asociado con los dolores de cabeza. Es el aceite esencial de la calma y la relajaci\u00f3n gracias a su acci\u00f3n sobre el sistema nervioso central.<\/p>\n<p>Vierte 2 gotas de aceite esencial de manzanilla romana en \u00bd cucharadita de aceite vegetal.<\/p>\n<p style=\"text-align: center;\"><a href=\"https:\/\/www.essenciales.com\/aceites-esenciales-puros\/aceite-esencial-manzanilla-romana.html\">Compra aceite esencial de manzanilla romana<\/a><\/p>\n<h4><\/h4>\n<h4><strong>Lavand\u00edn s\u00faper (Lavandula hybrida), vasodilatador e hipotensor<\/strong><\/h4>\n<p>Adem\u00e1s de sus propiedades analg\u00e9sicas y anest\u00e9sicas gracias al linalool que contiene, el lavand\u00edn s\u00faper dilata los vasos y reduce la tensi\u00f3n para calmar los dolores de cabeza. Al igual que la manzanilla romana, calma los nervios y relaja los m\u00fasculos para que los dolores de cabeza no afecten tu estado de \u00e1nimo.<\/p>\n<p>Vierte 2 gotas de aceite esencial de lavand\u00edn s\u00faper en \u00bd cucharadita de aceite vegetal. Masajear la zona dolorida, m\u00e1ximo aproximadamente 3 veces al d\u00eda<span style=\"text-decoration: line-through;\">.<\/span><\/p>\n<p style=\"text-align: center;\"><a href=\"https:\/\/www.essenciales.com\/aceites-esenciales-puros\/aceite-esencial-lavandin-super.html\">Compra aceite esencial de lavand\u00edn s\u00faper<\/a><\/p>\n<h3><\/h3>\n<h2>Combinaciones de aceites esenciales para el dolor de cabeza.<\/h2>\n<p>Prepara estas sinergias m\u00e1s espec\u00edficas para ayur a combatir el dolor.<\/p>\n<h3><\/h3>\n<h3><strong>Sinergia contra el dolor de cabeza:<\/strong><\/h3>\n<ul>\n<li>Aceites esencial de lavand\u00edn s\u00faper: 10 gotas<\/li>\n<li>Aceite esencial de manzanilla romana: 2 gotas<\/li>\n<li>Aceite esencial de albahaca: 2 gotas<\/li>\n<li>Aceite esencial de menta piperita: 7 gotas<\/li>\n<li>Aceite esencial de gaulteria: 5 gotas<\/li>\n<li>Aceite esencial de clavo: 6 gotas<\/li>\n<\/ul>\n<p>En un frasco cuentagotas de 30ml. vertimos los aceites esenciales para mezclarlos.<\/p>\n<p>Aplicaremos de 2 a 3 gotas en las sienes y la frente (lejos de los ojos).<\/p>\n<p>Repite si es necesario cada hora, hasta que se reduzca el dolor.<\/p>\n<h3><\/h3>\n<h3><strong>Sinergia contra el dolor de cabeza por tensi\u00f3n:<\/strong><\/h3>\n<p>Aceite esencial de lavanda: 15 gotas<\/p>\n<p>Aceite esencial de manzanilla romana: 3 gotas<\/p>\n<p>Aceite esencial de lim\u00f3n: 7 gotas<\/p>\n<p>Aceite esencial de menta piperita: 7 gotas<\/p>\n<p>Aceite esencial de gaulteria: 4 gotas<\/p>\n<p>En un recipiente de 30 ml, verteremos los aceites esenciales para mezclarlos, esta sinergia la aplicaremos sobre las sienes, lejos de los ojos. Tambi\u00e9n la podemos aplicar en el interior de las mu\u00f1ecas y hacer respiraciones profundas durante 5 minutos.<\/p>\n<p>&nbsp;<\/p>\n<h3><strong>Sinergia contra dolores de cabeza relacionados con el ciclo menstrual:<\/strong><\/h3>\n<ul>\n<li>Aceite esencial de salvia sclarea: 20 gotas<\/li>\n<li>Aceite esencial de cipr\u00e9s: 10 gotas<\/li>\n<li>Aceite esencial de lavanda: 15 gotas<\/li>\n<li>Aceite esencial de manzanilla romana: 5 gotas<\/li>\n<li>Aceite vegetal de jojoba: 50 ml<\/li>\n<\/ul>\n<p>En un molde previamente desinfectado, verteremos los aceites esenciales y a\u00f1adiremos el aceite vegetal y mezclaremos la sinergia bien.<\/p>\n<p>Masajea el bajo vientre de 2 a 6 veces al d\u00eda con unas gotas de esta mezcla y ver\u00e1s c\u00f3mo los dolores aminoran.<\/p>\n<h3><strong>Vamos a por algo un poco m\u00e1s fuerte\u2026<\/strong><\/h3>\n<h3><strong>\u00bfQu\u00e9 causa la migra\u00f1a?<\/strong><\/h3>\n<p>La migra\u00f1a forma parte de los dolores de cabeza (o dolores de cabeza) y aparece con intensidad variable. Es recurrente y puls\u00e1til y est\u00e1 ligado a una predisposici\u00f3n gen\u00e9tica (herencia, vulnerabilidad a un problema de salud, al medio ambiente, etc.). El dolor causado por la migra\u00f1a se produce despu\u00e9s de una estimulaci\u00f3n nerviosa que conduce a la inflamaci\u00f3n de las neuronas y la dilataci\u00f3n de los vasos del cerebro.<\/p>\n<p><strong>\u00bfCu\u00e1les son los s\u00edntomas de la migra\u00f1a?<\/strong><\/p>\n<p>Cada ataque de migra\u00f1a est\u00e1 asociado con uno o m\u00e1s de los siguientes s\u00edntomas:<\/p>\n<ul>\n<li>Dolor intenso y palpitante en un lado de la cabeza, en la sien o encima de un ojo<\/li>\n<li>Intolerancia sensorial: dificultad para tolerar la luz, el ruido y el movimiento que requiere aislamiento en una habitaci\u00f3n tranquila y oscura.<\/li>\n<li>S\u00edntomas digestivos: n\u00e1useas o v\u00f3mitos<\/li>\n<li>Sentirse inesperadamente caliente o fr\u00edo<\/li>\n<li>Problemas de visi\u00f3n (visi\u00f3n borrosa, peque\u00f1os puntos negros)<\/li>\n<\/ul>\n<p>Despu\u00e9s de una migra\u00f1a, es com\u00fan experimentar fatiga y dificultad para concentrarse.<\/p>\n<h2>Aceites esenciales para combatir las migra\u00f1as:<\/h2>\n<h4><strong>Aceite esencial de mejorana dulce (Origanum majorana), calmante y sedante<\/strong><\/h4>\n<p>La mejorana dulce es uno de los aceites m\u00e1s sedantes, calmantes y reconfortantes; en especial para las personas mayores. Por su efecto calmante sobre el sistema central, es especialmente id\u00f3neo para combatir el insomnio y tratar los problemas de estr\u00e9s y ansiedad. Ayuda a aliviar los dolores de cabeza, las jaquecas y las migra\u00f1as.<\/p>\n<p>Usaremos unas gotitas para aplicar en la sien, lejos de los ojos, masajearemos un poco la zona y despu\u00e9s de su absorci\u00f3n, aplicaremos en la frente una compresa fr\u00eda. Podemos aplicar hasta 3 veces al d\u00eda.<\/p>\n<p style=\"text-align: center;\"><a href=\"https:\/\/www.essenciales.com\/aceites-esenciales-puros\/aceite-esencial-mejorana-dulce.html\">Compra aceite esencial de mejorana dulce<\/a><\/p>\n<h4><strong>Aceite esencial de ravintsara (Cinnamomum camphora &#8211; Alcanforero o ravintsara \/ Laurel chino &#8211; QT 1,8 cineol), relajante a m\u00e1s no poder<\/strong><\/h4>\n<p>Procedente de Asia, el alcanforero ha sido conocido por sus propiedades medicinales y como fuente de alcanfor desde tiempos inmemoriales. La ravintsara es una variante destilada de las hojas del alcanforero de conteniendo importante en antivirales y antioxidantes. Es anti-inflamatorio y un estimulante del sistema inmune.\u00a0 Es id\u00f3neo para elaborar aceites de masaje o para mantener los insectos alejados del hogar, as\u00ed como para desinfectar mascarillas junto con soluci\u00f3n alcoh\u00f3lica. El aceite esencial de ravintsara es uno de los cl\u00e1sicos en la aromaterapia.\u00a0 Es uno de los m\u00e1s recomendados para todo tipo de s\u00edntomas invernales, aliviando los resfriados y gripes.\u00a0 Tambi\u00e9n es calmante y relajante, siendo de ayuda para conciliar el sue\u00f1o, lo que lo hace un gran aliado para aliviar las migra\u00f1as.<\/p>\n<p>Lo podemos aplicar de igual modo que el aceite esencial de mejorana dulce.<\/p>\n<p style=\"text-align: center;\"><a href=\"https:\/\/www.essenciales.com\/aceites-esenciales-puros\/aceite-esencial-ravintsara.html\">Compra aceite esencial de ravintsara<\/a><\/p>\n<h3 style=\"text-align: center;\">Hasta aqu\u00ed el art\u00edculo de hoy, esperamos que estos aceites esenciales te ayuden con tus dolores de cabeza y migra\u00f1as.<\/h3>\n<p>&nbsp;<\/p>\n","protected":false},"excerpt":{"rendered":"<p>Las tareas diarias, el trabajo, nuevos proyectos, estudiar, opositar \u2026 y un sinf\u00edn m\u00e1s de situaciones que nos generan estr\u00e9s y con el dolor de&#8230;<\/p>\n<p class=\"readmore\"><a class=\"more-btn\" href=\"https:\/\/www.essenciales.com\/blog\/combate-el-dolor-de-cabeza-y-la-migrana-con-aceites-esenciales\/\">Leer m\u00e1s<\/a><\/p>\n","protected":false},"author":4,"featured_media":1830,"comment_status":"open","ping_status":"open","sticky":false,"template":"","format":"standard","meta":[],"categories":[42,141],"tags":[],"yoast_head":"<!-- This site is optimized with the Yoast SEO plugin v19.10 - https:\/\/yoast.com\/wordpress\/plugins\/seo\/ -->\n<title>Combate el dolor de cabeza y la migra\u00f1a con aceites esenciales | Blog de ESSENCIALES<\/title>\n<meta name=\"robots\" content=\"index, follow, max-snippet:-1, max-image-preview:large, max-video-preview:-1\" \/>\n<link rel=\"canonical\" href=\"https:\/\/www.essenciales.com\/blog\/combate-el-dolor-de-cabeza-y-la-migrana-con-aceites-esenciales\/\" \/>\n<meta property=\"og:locale\" content=\"es_ES\" \/>\n<meta property=\"og:type\" content=\"article\" \/>\n<meta property=\"og:title\" content=\"Combate el dolor de cabeza y la migra\u00f1a con aceites esenciales | Blog de ESSENCIALES\" \/>\n<meta property=\"og:description\" content=\"Las tareas diarias, el trabajo, nuevos proyectos, estudiar, opositar \u2026 y un sinf\u00edn m\u00e1s de situaciones que nos generan estr\u00e9s y con el dolor de...Leer m\u00e1s\" \/>\n<meta property=\"og:url\" content=\"https:\/\/www.essenciales.com\/blog\/combate-el-dolor-de-cabeza-y-la-migrana-con-aceites-esenciales\/\" \/>\n<meta property=\"og:site_name\" content=\"Blog de ESSENCIALES\" \/>\n<meta property=\"article:published_time\" content=\"2022-10-17T10:30:27+00:00\" \/>\n<meta property=\"article:modified_time\" content=\"2022-10-24T10:12:30+00:00\" \/>\n<meta property=\"og:image\" content=\"https:\/\/www.essenciales.com\/blog\/wp-content\/uploads\/fondo_blog_COMBATE-MIGRAN\u0303A_800x500.jpg\" \/>\n\t<meta property=\"og:image:width\" content=\"800\" \/>\n\t<meta property=\"og:image:height\" content=\"500\" \/>\n\t<meta property=\"og:image:type\" content=\"image\/jpeg\" \/>\n<meta name=\"author\" content=\"Nuria Moreno\" \/>\n<meta name=\"twitter:card\" content=\"summary_large_image\" \/>\n<meta name=\"twitter:label1\" content=\"Escrito por\" \/>\n\t<meta name=\"twitter:data1\" content=\"Nuria Moreno\" \/>\n\t<meta name=\"twitter:label2\" content=\"Tiempo de lectura\" \/>\n\t<meta name=\"twitter:data2\" content=\"6 minutos\" \/>\n<script type=\"application\/ld+json\" class=\"yoast-schema-graph\">{\"@context\":\"https:\/\/schema.org\",\"@graph\":[{\"@type\":\"WebPage\",\"@id\":\"https:\/\/www.essenciales.com\/blog\/combate-el-dolor-de-cabeza-y-la-migrana-con-aceites-esenciales\/\",\"url\":\"https:\/\/www.essenciales.com\/blog\/combate-el-dolor-de-cabeza-y-la-migrana-con-aceites-esenciales\/\",\"name\":\"Combate el dolor de cabeza y la migra\u00f1a con aceites esenciales | Blog de ESSENCIALES\",\"isPartOf\":{\"@id\":\"https:\/\/www.essenciales.com\/blog\/#website\"},\"datePublished\":\"2022-10-17T10:30:27+00:00\",\"dateModified\":\"2022-10-24T10:12:30+00:00\",\"author\":{\"@id\":\"https:\/\/www.essenciales.com\/blog\/#\/schema\/person\/ba44a296eed23f89b82b6b67dee32d7f\"},\"breadcrumb\":{\"@id\":\"https:\/\/www.essenciales.com\/blog\/combate-el-dolor-de-cabeza-y-la-migrana-con-aceites-esenciales\/#breadcrumb\"},\"inLanguage\":\"es\",\"potentialAction\":[{\"@type\":\"ReadAction\",\"target\":[\"https:\/\/www.essenciales.com\/blog\/combate-el-dolor-de-cabeza-y-la-migrana-con-aceites-esenciales\/\"]}]},{\"@type\":\"BreadcrumbList\",\"@id\":\"https:\/\/www.essenciales.com\/blog\/combate-el-dolor-de-cabeza-y-la-migrana-con-aceites-esenciales\/#breadcrumb\",\"itemListElement\":[{\"@type\":\"ListItem\",\"position\":1,\"name\":\"Portada\",\"item\":\"https:\/\/www.essenciales.com\/blog\/\"},{\"@type\":\"ListItem\",\"position\":2,\"name\":\"Combate el dolor de cabeza y la migra\u00f1a con aceites esenciales\"}]},{\"@type\":\"WebSite\",\"@id\":\"https:\/\/www.essenciales.com\/blog\/#website\",\"url\":\"https:\/\/www.essenciales.com\/blog\/\",\"name\":\"Blog de ESSENCIALES\",\"description\":\"Conoce todas las propiedades de los aceites esenciales y vegetales, as\u00ed como sus usos y remedios naturales\",\"potentialAction\":[{\"@type\":\"SearchAction\",\"target\":{\"@type\":\"EntryPoint\",\"urlTemplate\":\"https:\/\/www.essenciales.com\/blog\/?s={search_term_string}\"},\"query-input\":\"required name=search_term_string\"}],\"inLanguage\":\"es\"},{\"@type\":\"Person\",\"@id\":\"https:\/\/www.essenciales.com\/blog\/#\/schema\/person\/ba44a296eed23f89b82b6b67dee32d7f\",\"name\":\"Nuria Moreno\"}]}<\/script>\n<!-- \/ Yoast SEO plugin. -->","yoast_head_json":{"title":"Combate el dolor de cabeza y la migra\u00f1a con aceites esenciales | Blog de ESSENCIALES","robots":{"index":"index","follow":"follow","max-snippet":"max-snippet:-1","max-image-preview":"max-image-preview:large","max-video-preview":"max-video-preview:-1"},"canonical":"https:\/\/www.essenciales.com\/blog\/combate-el-dolor-de-cabeza-y-la-migrana-con-aceites-esenciales\/","og_locale":"es_ES","og_type":"article","og_title":"Combate el dolor de cabeza y la migra\u00f1a con aceites esenciales | Blog de ESSENCIALES","og_description":"Las tareas diarias, el trabajo, nuevos proyectos, estudiar, opositar \u2026 y un sinf\u00edn m\u00e1s de situaciones que nos generan estr\u00e9s y con el dolor de...Leer m\u00e1s","og_url":"https:\/\/www.essenciales.com\/blog\/combate-el-dolor-de-cabeza-y-la-migrana-con-aceites-esenciales\/","og_site_name":"Blog de ESSENCIALES","article_published_time":"2022-10-17T10:30:27+00:00","article_modified_time":"2022-10-24T10:12:30+00:00","og_image":[{"width":800,"height":500,"url":"https:\/\/www.essenciales.com\/blog\/wp-content\/uploads\/fondo_blog_COMBATE-MIGRAN\u0303A_800x500.jpg","type":"image\/jpeg"}],"author":"Nuria Moreno","twitter_card":"summary_large_image","twitter_misc":{"Escrito por":"Nuria Moreno","Tiempo de lectura":"6 minutos"},"schema":{"@context":"https:\/\/schema.org","@graph":[{"@type":"WebPage","@id":"https:\/\/www.essenciales.com\/blog\/combate-el-dolor-de-cabeza-y-la-migrana-con-aceites-esenciales\/","url":"https:\/\/www.essenciales.com\/blog\/combate-el-dolor-de-cabeza-y-la-migrana-con-aceites-esenciales\/","name":"Combate el dolor de cabeza y la migra\u00f1a con aceites esenciales | Blog de ESSENCIALES","isPartOf":{"@id":"https:\/\/www.essenciales.com\/blog\/#website"},"datePublished":"2022-10-17T10:30:27+00:00","dateModified":"2022-10-24T10:12:30+00:00","author":{"@id":"https:\/\/www.essenciales.com\/blog\/#\/schema\/person\/ba44a296eed23f89b82b6b67dee32d7f"},"breadcrumb":{"@id":"https:\/\/www.essenciales.com\/blog\/combate-el-dolor-de-cabeza-y-la-migrana-con-aceites-esenciales\/#breadcrumb"},"inLanguage":"es","potentialAction":[{"@type":"ReadAction","target":["https:\/\/www.essenciales.com\/blog\/combate-el-dolor-de-cabeza-y-la-migrana-con-aceites-esenciales\/"]}]},{"@type":"BreadcrumbList","@id":"https:\/\/www.essenciales.com\/blog\/combate-el-dolor-de-cabeza-y-la-migrana-con-aceites-esenciales\/#breadcrumb","itemListElement":[{"@type":"ListItem","position":1,"name":"Portada","item":"https:\/\/www.essenciales.com\/blog\/"},{"@type":"ListItem","position":2,"name":"Combate el dolor de cabeza y la migra\u00f1a con aceites esenciales"}]},{"@type":"WebSite","@id":"https:\/\/www.essenciales.com\/blog\/#website","url":"https:\/\/www.essenciales.com\/blog\/","name":"Blog de ESSENCIALES","description":"Conoce todas las propiedades de los aceites esenciales y vegetales, as\u00ed como sus usos y remedios naturales","potentialAction":[{"@type":"SearchAction","target":{"@type":"EntryPoint","urlTemplate":"https:\/\/www.essenciales.com\/blog\/?s={search_term_string}"},"query-input":"required name=search_term_string"}],"inLanguage":"es"},{"@type":"Person","@id":"https:\/\/www.essenciales.com\/blog\/#\/schema\/person\/ba44a296eed23f89b82b6b67dee32d7f","name":"Nuria Moreno"}]}},"_links":{"self":[{"href":"https:\/\/www.essenciales.com\/blog\/wp-json\/wp\/v2\/posts\/1824"}],"collection":[{"href":"https:\/\/www.essenciales.com\/blog\/wp-json\/wp\/v2\/posts"}],"about":[{"href":"https:\/\/www.essenciales.com\/blog\/wp-json\/wp\/v2\/types\/post"}],"author":[{"embeddable":true,"href":"https:\/\/www.essenciales.com\/blog\/wp-json\/wp\/v2\/users\/4"}],"replies":[{"embeddable":true,"href":"https:\/\/www.essenciales.com\/blog\/wp-json\/wp\/v2\/comments?post=1824"}],"version-history":[{"count":4,"href":"https:\/\/www.essenciales.com\/blog\/wp-json\/wp\/v2\/posts\/1824\/revisions"}],"predecessor-version":[{"id":1844,"href":"https:\/\/www.essenciales.com\/blog\/wp-json\/wp\/v2\/posts\/1824\/revisions\/1844"}],"wp:featuredmedia":[{"embeddable":true,"href":"https:\/\/www.essenciales.com\/blog\/wp-json\/wp\/v2\/media\/1830"}],"wp:attachment":[{"href":"https:\/\/www.essenciales.com\/blog\/wp-json\/wp\/v2\/media?parent=1824"}],"wp:term":[{"taxonomy":"category","embeddable":true,"href":"https:\/\/www.essenciales.com\/blog\/wp-json\/wp\/v2\/categories?post=1824"},{"taxonomy":"post_tag","embeddable":true,"href":"https:\/\/www.essenciales.com\/blog\/wp-json\/wp\/v2\/tags?post=1824"}],"curies":[{"name":"wp","href":"https:\/\/api.w.org\/{rel}","templated":true}]}}