{"id":1951,"date":"2023-02-13T19:10:10","date_gmt":"2023-02-13T18:10:10","guid":{"rendered":"https:\/\/www.essenciales.com\/blog\/?p=1951"},"modified":"2023-02-06T11:51:30","modified_gmt":"2023-02-06T10:51:30","slug":"ama-y-a-quien-mas-a-ti","status":"publish","type":"post","link":"https:\/\/www.essenciales.com\/blog\/ama-y-a-quien-mas-a-ti\/","title":{"rendered":"Ama y a quien m\u00e1s a ti"},"content":{"rendered":"<p>&nbsp;<\/p>\n<h2 style=\"text-align: center;\"><strong>Tener una pareja, formar una familia, establecer v\u00ednculos\u2026 para todo ello necesitamos primero querernos a nosotros mismos, hablemos del amor propio.<\/strong><\/h2>\n<p>Bienvenidos un d\u00eda m\u00e1s al blog de Essenciales, en el art\u00edculo de hoy, como no pod\u00eda ser de otra manera, vamos a hablar del amor. Pero no de un amor cualquiera. Nuestra sociedad est\u00e1 dispuesta de tal manera que al final acabamos, casi siempre, en pareja y formando una familia.<\/p>\n<p>Bien, esta idea de amor es bonita y perfecta para qui\u00e9n as\u00ed lo crea, pero hoy aqu\u00ed queremos tratar un tipo de amor mucho m\u00e1s profundo e importante: <strong>el amor propio<\/strong>.<\/p>\n<p>Sabemos que en San Valent\u00edn se habla de amor y de picard\u00eda, pero desde Essenciales queremos darle la vuelta a la tortilla y mirarnos un poquito a nosotros. Aunque no os preocup\u00e9is que habr\u00e1 algo picant\u00f3n al final.<\/p>\n<p><!--more--><\/p>\n<p>No hablamos de que quieras a esa barriguita cervecera o a tus arrugas (que tambi\u00e9n), si no que ames a esa \u201ccabecita loca\u201d, a la que se enfada y patalea. Queremos que seas consciente de que <strong>todos los sentimientos son v\u00e1lidos<\/strong>.<\/p>\n<p>Puedes tener o no tener la raz\u00f3n, puede que esa raz\u00f3n ni exista, pero tu mente y tu coraz\u00f3n est\u00e1n sacando a relucir unos sentimientos, y como tales, debes sentirlos y abrazarlos.<\/p>\n<p>Hay que aprender a empatizar y ponernos en la piel del otro, estamos de acuerdo en que no est\u00e1 bien ser ego\u00edsta o egoc\u00e9ntrico, pero si tu pareja\/familiar\/amigo te dice que se siente desplazado debemos aprender a aceptar esos sentimientos en vez de recriminarlos y lanzar acusaciones. Primero piensa en que esa persona no lo est\u00e1 pasando bien y busca con ella una soluci\u00f3n, a veces con simplemente hablar las cosas ya se alivia un gran peso.<\/p>\n<p>&nbsp;<\/p>\n<p>Por otra parte, a la persona que no se siente bien, no pasa nada, tranquila. Sentir no es malo, si bien es cierto que no puedes dejar que los sentimientos te inunden; ya sean buenos o malos; tampoco es sano evitar sentirlos, enterrarlos en tu interior.<\/p>\n<h3>Por todo ello hoy os traemos una serie de aceites esenciales que te ayudar\u00e1n a fomentar el amor propio, a abrir tu coraz\u00f3n y calmar tu interior. Porque sin amor propio, sin querernos y aceptarnos nosotros mismos, nadie lo har\u00e1 por nosotros\u2026<\/h3>\n<p><a href=\"https:\/\/www.essenciales.com\/aceites-esenciales-puros\/aceite-esencial-bergamota.html#\/2-tamano-10_ml\">Bergamota<\/a> (<em>Citrus Bergamia<\/em>)<\/p>\n<p>Un aroma fresco que transmite energ\u00eda. Ayuda a relajar la mente y calmar el alma.<\/p>\n<p><a href=\"https:\/\/www.essenciales.com\/aceites-esenciales-puros\/aceite-esencial-ylang-ylang.html#\/2-tamano-10_ml\">Ylang Ylang<\/a> (<em>Cananga Odorata<\/em>)<\/p>\n<p>Ylang-Ylang tiene un encantador aroma floral c\u00e1lido y se usa a menudo para ayudar a aliviar el nerviosismo, la tensi\u00f3n y la inquietud. Tambi\u00e9n es muy \u00fatil para equilibrar las emociones y crear conexiones con los dem\u00e1s.<\/p>\n<p>&nbsp;<\/p>\n<p><a href=\"https:\/\/www.essenciales.com\/aceites-esenciales-puros\/absoluto-jazmin.html#\/1-tamano-5_ml\">Jazm\u00edn<\/a> (<em>Jasminum grandiflorum<\/em>)<\/p>\n<p>El jazm\u00edn posee un aroma rico, dulce, embriagador y floral. Se le conoce como el rey de los arom\u00e1ticos. Es un reconocido afrodis\u00edaco y se dice que reaviva la pasi\u00f3n. Es un buen aceite para equilibrar estados de \u00e1nimo y tensiones. En la India se le conoce como lo reina de la noche por ser durante la puesta de sol cuando su aroma es m\u00e1s intenso.<\/p>\n<p><a href=\"https:\/\/www.essenciales.com\/aceites-esenciales-puros\/absoluto-de-rosa-bulgara.html#\/1-tamano-5_ml\">Rosa b\u00falgara<\/a> (<em>Rosa damascena &#8211; Rosa B\u00falgara o de Damasco<\/em>)<\/p>\n<p>Durante siglos, la rosa de Damasco ha sido considerada como un s\u00edmbolo de la belleza y el amor. La fragancia de la rosa ha sido capturada y conservada en forma de agua de rosas por un m\u00e9todo antiguo que se remonta a los tiempos b\u00edblicos en el Oriente Medio, y m\u00e1s tarde en el subcontinente indio.<\/p>\n<p><a href=\"https:\/\/www.essenciales.com\/aceites-esenciales-puros\/aceite-esencial-sandalo-blanco.html#\/1-tamano-5_ml\">S\u00e1ndalo blanco<\/a> (<em>Santalum album \u2013 az\u00e1ndar<\/em>)<\/p>\n<p>El s\u00e1ndalo tiene un aroma c\u00e1lido y especiado que ayuda a aumentar la claridad y la memoria a la vez que calma. Es excelente para usar durante la meditaci\u00f3n, adem\u00e1s de ayudar a mejorar el estado de \u00e1nimo y promover la conexi\u00f3n a tierra.<\/p>\n<p><a href=\"https:\/\/www.essenciales.com\/aceites-esenciales-puros\/aceite-esencial-azahar-neroli.html#\/1-tamano-5_ml\">Neroli\/Azahar<\/a> (<em>Citrus aurantium<\/em>)<\/p>\n<p>Uno de los aromas m\u00e1s exquisitos de la naturaleza. Su aroma sutil a flor de naranjo junto con sus propiedades regenerantes y reafirmantes, lo hacen uno de los aceites esenciales m\u00e1s apreciados. El aceite esencial de Azahar, es el m\u00e1s valioso reconstituyente de la piel y reconocido antiarrugas y antiedad. Gran afrodis\u00edaco, digestivo y desestresante.<\/p>\n<p><a href=\"https:\/\/www.essenciales.com\/aceites-esenciales-puros\/aceite-esencial-limon.html#\/2-tamano-10_ml\">Lim\u00f3n<\/a> (<em>Citrus lim\u00f3n<\/em>)<\/p>\n<p>Con un aroma c\u00edtrico brillante, el aceite esencial de lim\u00f3n puede ayudar a mejorar tu estado de \u00e1nimo y es naturalmente estimulante y energizante. El lim\u00f3n tambi\u00e9n es desintoxicante y purificante, y puede ayudar a calmar la digesti\u00f3n.<\/p>\n<p>&nbsp;<\/p>\n<p><a href=\"https:\/\/www.essenciales.com\/aceites-esenciales-puros\/aceite-esencial-naranja.html#\/2-tamano-10_ml\">Naranja<\/a> (<em>Citrus sinensis dulcis<\/em>)<\/p>\n<p>El aceite esencial de naranja dulce tiene efecto antidepresivo, que nos ayudar\u00e1 a fomentar los pensamientos positivos.<\/p>\n<p><a href=\"https:\/\/www.essenciales.com\/aceites-esenciales-puros\/aceite-esencial-geranio.html#\/2-tamano-10_ml\">Geranio<\/a> (<em>Pelargonium graveolens &#8211; Geranio egipcio &#8211; Geranio rosa<\/em>)<\/p>\n<p>Su aroma tambi\u00e9n se asocia desde la antig\u00fcedad con el poder de la mujer, siendo utilizado en innumerables perfumes.\u00a0 Nos ayuda a mantener el equilibrio emocional y mejorar nuestro \u00e1nimo.<\/p>\n<p>Puedes combinar estos aceites como m\u00e1s te plazcan y usarlos en difusi\u00f3n o en masaje. Os recordamos que en masaje debemos trabajar al 4% y siempre mezclando con aceites portadores o mantecas.<\/p>\n<p>Ojo con los aceites c\u00edtricos, son fotosensibles y por lo tanto no se pueden aplicar en zonas donde os vaya a dar la luz, por lo que aplicar mejor de noche.<\/p>\n<p>&nbsp;<\/p>\n<h4>Y para los que os interesa darle un tono picante a la noche os dejo por aqu\u00ed un <a href=\"https:\/\/www.essenciales.com\/blog\/5-mejores-aceites-afrodisiacos\/\">art\u00edculo sobre los 5 mejores aceites afrodisiacos<\/a> adem\u00e1s de los enlaces a nuestros <a href=\"https:\/\/www.essenciales.com\/buscar?controller=search&amp;s=pack+pareja\">packs de pareja<\/a>.<\/h4>\n<p><a href=\"https:\/\/www.essenciales.com\/blog\/wp-content\/uploads\/fondo_blog_SAN-VALENTIN_800x500.jpg\"><img decoding=\"async\" loading=\"lazy\" class=\" wp-image-1952 aligncenter\" src=\"https:\/\/www.essenciales.com\/blog\/wp-content\/uploads\/fondo_blog_SAN-VALENTIN_800x500-300x188.jpg\" alt=\"\" width=\"446\" height=\"279\" srcset=\"https:\/\/www.essenciales.com\/blog\/wp-content\/uploads\/fondo_blog_SAN-VALENTIN_800x500-300x188.jpg 300w, https:\/\/www.essenciales.com\/blog\/wp-content\/uploads\/fondo_blog_SAN-VALENTIN_800x500-780x488.jpg 780w, https:\/\/www.essenciales.com\/blog\/wp-content\/uploads\/fondo_blog_SAN-VALENTIN_800x500.jpg 800w\" sizes=\"(max-width: 446px) 100vw, 446px\" \/><\/a><\/p>\n<h3 style=\"text-align: center;\">Esperamos que con estos aceites y haciendo un buen ejercicio para el interior, consigas tener las pilas del amor propio a tope.<\/h3>\n<p>&nbsp;<\/p>\n<p>&nbsp;<\/p>\n<p>&nbsp;<\/p>\n","protected":false},"excerpt":{"rendered":"<p>&nbsp; Tener una pareja, formar una familia, establecer v\u00ednculos\u2026 para todo ello necesitamos primero querernos a nosotros mismos, hablemos del amor propio. Bienvenidos un d\u00eda&#8230;<\/p>\n<p class=\"readmore\"><a class=\"more-btn\" href=\"https:\/\/www.essenciales.com\/blog\/ama-y-a-quien-mas-a-ti\/\">Leer m\u00e1s<\/a><\/p>\n","protected":false},"author":4,"featured_media":1955,"comment_status":"open","ping_status":"open","sticky":false,"template":"","format":"standard","meta":[],"categories":[42,150],"tags":[],"yoast_head":"<!-- This site is optimized with the Yoast SEO plugin v19.10 - https:\/\/yoast.com\/wordpress\/plugins\/seo\/ -->\n<title>Ama y a quien m\u00e1s a ti | Blog de ESSENCIALES<\/title>\n<meta name=\"description\" content=\"San Valent\u00edn es igual a amor, pero a veces se nos olvida que el amor empieza por uno mismo. Descubre aceites esenciales para el amor propio.\" \/>\n<meta name=\"robots\" content=\"index, follow, max-snippet:-1, max-image-preview:large, max-video-preview:-1\" \/>\n<link rel=\"canonical\" href=\"https:\/\/www.essenciales.com\/blog\/ama-y-a-quien-mas-a-ti\/\" \/>\n<meta property=\"og:locale\" content=\"es_ES\" \/>\n<meta property=\"og:type\" content=\"article\" \/>\n<meta property=\"og:title\" content=\"Ama y a quien m\u00e1s a ti | Blog de ESSENCIALES\" \/>\n<meta property=\"og:description\" content=\"San Valent\u00edn es igual a amor, pero a veces se nos olvida que el amor empieza por uno mismo. Descubre aceites esenciales para el amor propio.\" \/>\n<meta property=\"og:url\" content=\"https:\/\/www.essenciales.com\/blog\/ama-y-a-quien-mas-a-ti\/\" \/>\n<meta property=\"og:site_name\" content=\"Blog de ESSENCIALES\" \/>\n<meta property=\"article:published_time\" content=\"2023-02-13T18:10:10+00:00\" \/>\n<meta property=\"article:modified_time\" content=\"2023-02-06T10:51:30+00:00\" \/>\n<meta property=\"og:image\" content=\"https:\/\/www.essenciales.com\/blog\/wp-content\/uploads\/fondo_blog_AMA-Y-A-QUIEN-MAS-A-Ti_800x500.jpg\" \/>\n\t<meta property=\"og:image:width\" content=\"800\" \/>\n\t<meta property=\"og:image:height\" content=\"500\" \/>\n\t<meta property=\"og:image:type\" content=\"image\/jpeg\" \/>\n<meta name=\"author\" content=\"Nuria Moreno\" \/>\n<meta name=\"twitter:card\" content=\"summary_large_image\" \/>\n<meta name=\"twitter:label1\" content=\"Escrito por\" \/>\n\t<meta name=\"twitter:data1\" content=\"Nuria Moreno\" \/>\n\t<meta name=\"twitter:label2\" content=\"Tiempo de lectura\" \/>\n\t<meta name=\"twitter:data2\" content=\"5 minutos\" \/>\n<script type=\"application\/ld+json\" class=\"yoast-schema-graph\">{\"@context\":\"https:\/\/schema.org\",\"@graph\":[{\"@type\":\"WebPage\",\"@id\":\"https:\/\/www.essenciales.com\/blog\/ama-y-a-quien-mas-a-ti\/\",\"url\":\"https:\/\/www.essenciales.com\/blog\/ama-y-a-quien-mas-a-ti\/\",\"name\":\"Ama y a quien m\u00e1s a ti | Blog de ESSENCIALES\",\"isPartOf\":{\"@id\":\"https:\/\/www.essenciales.com\/blog\/#website\"},\"datePublished\":\"2023-02-13T18:10:10+00:00\",\"dateModified\":\"2023-02-06T10:51:30+00:00\",\"author\":{\"@id\":\"https:\/\/www.essenciales.com\/blog\/#\/schema\/person\/ba44a296eed23f89b82b6b67dee32d7f\"},\"description\":\"San Valent\u00edn es igual a amor, pero a veces se nos olvida que el amor empieza por uno mismo. Descubre aceites esenciales para el amor propio.\",\"breadcrumb\":{\"@id\":\"https:\/\/www.essenciales.com\/blog\/ama-y-a-quien-mas-a-ti\/#breadcrumb\"},\"inLanguage\":\"es\",\"potentialAction\":[{\"@type\":\"ReadAction\",\"target\":[\"https:\/\/www.essenciales.com\/blog\/ama-y-a-quien-mas-a-ti\/\"]}]},{\"@type\":\"BreadcrumbList\",\"@id\":\"https:\/\/www.essenciales.com\/blog\/ama-y-a-quien-mas-a-ti\/#breadcrumb\",\"itemListElement\":[{\"@type\":\"ListItem\",\"position\":1,\"name\":\"Portada\",\"item\":\"https:\/\/www.essenciales.com\/blog\/\"},{\"@type\":\"ListItem\",\"position\":2,\"name\":\"Ama y a quien m\u00e1s a ti\"}]},{\"@type\":\"WebSite\",\"@id\":\"https:\/\/www.essenciales.com\/blog\/#website\",\"url\":\"https:\/\/www.essenciales.com\/blog\/\",\"name\":\"Blog de ESSENCIALES\",\"description\":\"Conoce todas las propiedades de los aceites esenciales y vegetales, as\u00ed como sus usos y remedios naturales\",\"potentialAction\":[{\"@type\":\"SearchAction\",\"target\":{\"@type\":\"EntryPoint\",\"urlTemplate\":\"https:\/\/www.essenciales.com\/blog\/?s={search_term_string}\"},\"query-input\":\"required name=search_term_string\"}],\"inLanguage\":\"es\"},{\"@type\":\"Person\",\"@id\":\"https:\/\/www.essenciales.com\/blog\/#\/schema\/person\/ba44a296eed23f89b82b6b67dee32d7f\",\"name\":\"Nuria Moreno\"}]}<\/script>\n<!-- \/ Yoast SEO plugin. -->","yoast_head_json":{"title":"Ama y a quien m\u00e1s a ti | Blog de ESSENCIALES","description":"San Valent\u00edn es igual a amor, pero a veces se nos olvida que el amor empieza por uno mismo. Descubre aceites esenciales para el amor propio.","robots":{"index":"index","follow":"follow","max-snippet":"max-snippet:-1","max-image-preview":"max-image-preview:large","max-video-preview":"max-video-preview:-1"},"canonical":"https:\/\/www.essenciales.com\/blog\/ama-y-a-quien-mas-a-ti\/","og_locale":"es_ES","og_type":"article","og_title":"Ama y a quien m\u00e1s a ti | Blog de ESSENCIALES","og_description":"San Valent\u00edn es igual a amor, pero a veces se nos olvida que el amor empieza por uno mismo. Descubre aceites esenciales para el amor propio.","og_url":"https:\/\/www.essenciales.com\/blog\/ama-y-a-quien-mas-a-ti\/","og_site_name":"Blog de ESSENCIALES","article_published_time":"2023-02-13T18:10:10+00:00","article_modified_time":"2023-02-06T10:51:30+00:00","og_image":[{"width":800,"height":500,"url":"https:\/\/www.essenciales.com\/blog\/wp-content\/uploads\/fondo_blog_AMA-Y-A-QUIEN-MAS-A-Ti_800x500.jpg","type":"image\/jpeg"}],"author":"Nuria Moreno","twitter_card":"summary_large_image","twitter_misc":{"Escrito por":"Nuria Moreno","Tiempo de lectura":"5 minutos"},"schema":{"@context":"https:\/\/schema.org","@graph":[{"@type":"WebPage","@id":"https:\/\/www.essenciales.com\/blog\/ama-y-a-quien-mas-a-ti\/","url":"https:\/\/www.essenciales.com\/blog\/ama-y-a-quien-mas-a-ti\/","name":"Ama y a quien m\u00e1s a ti | Blog de ESSENCIALES","isPartOf":{"@id":"https:\/\/www.essenciales.com\/blog\/#website"},"datePublished":"2023-02-13T18:10:10+00:00","dateModified":"2023-02-06T10:51:30+00:00","author":{"@id":"https:\/\/www.essenciales.com\/blog\/#\/schema\/person\/ba44a296eed23f89b82b6b67dee32d7f"},"description":"San Valent\u00edn es igual a amor, pero a veces se nos olvida que el amor empieza por uno mismo. Descubre aceites esenciales para el amor propio.","breadcrumb":{"@id":"https:\/\/www.essenciales.com\/blog\/ama-y-a-quien-mas-a-ti\/#breadcrumb"},"inLanguage":"es","potentialAction":[{"@type":"ReadAction","target":["https:\/\/www.essenciales.com\/blog\/ama-y-a-quien-mas-a-ti\/"]}]},{"@type":"BreadcrumbList","@id":"https:\/\/www.essenciales.com\/blog\/ama-y-a-quien-mas-a-ti\/#breadcrumb","itemListElement":[{"@type":"ListItem","position":1,"name":"Portada","item":"https:\/\/www.essenciales.com\/blog\/"},{"@type":"ListItem","position":2,"name":"Ama y a quien m\u00e1s a ti"}]},{"@type":"WebSite","@id":"https:\/\/www.essenciales.com\/blog\/#website","url":"https:\/\/www.essenciales.com\/blog\/","name":"Blog de ESSENCIALES","description":"Conoce todas las propiedades de los aceites esenciales y vegetales, as\u00ed como sus usos y remedios naturales","potentialAction":[{"@type":"SearchAction","target":{"@type":"EntryPoint","urlTemplate":"https:\/\/www.essenciales.com\/blog\/?s={search_term_string}"},"query-input":"required name=search_term_string"}],"inLanguage":"es"},{"@type":"Person","@id":"https:\/\/www.essenciales.com\/blog\/#\/schema\/person\/ba44a296eed23f89b82b6b67dee32d7f","name":"Nuria Moreno"}]}},"_links":{"self":[{"href":"https:\/\/www.essenciales.com\/blog\/wp-json\/wp\/v2\/posts\/1951"}],"collection":[{"href":"https:\/\/www.essenciales.com\/blog\/wp-json\/wp\/v2\/posts"}],"about":[{"href":"https:\/\/www.essenciales.com\/blog\/wp-json\/wp\/v2\/types\/post"}],"author":[{"embeddable":true,"href":"https:\/\/www.essenciales.com\/blog\/wp-json\/wp\/v2\/users\/4"}],"replies":[{"embeddable":true,"href":"https:\/\/www.essenciales.com\/blog\/wp-json\/wp\/v2\/comments?post=1951"}],"version-history":[{"count":3,"href":"https:\/\/www.essenciales.com\/blog\/wp-json\/wp\/v2\/posts\/1951\/revisions"}],"predecessor-version":[{"id":1956,"href":"https:\/\/www.essenciales.com\/blog\/wp-json\/wp\/v2\/posts\/1951\/revisions\/1956"}],"wp:featuredmedia":[{"embeddable":true,"href":"https:\/\/www.essenciales.com\/blog\/wp-json\/wp\/v2\/media\/1955"}],"wp:attachment":[{"href":"https:\/\/www.essenciales.com\/blog\/wp-json\/wp\/v2\/media?parent=1951"}],"wp:term":[{"taxonomy":"category","embeddable":true,"href":"https:\/\/www.essenciales.com\/blog\/wp-json\/wp\/v2\/categories?post=1951"},{"taxonomy":"post_tag","embeddable":true,"href":"https:\/\/www.essenciales.com\/blog\/wp-json\/wp\/v2\/tags?post=1951"}],"curies":[{"name":"wp","href":"https:\/\/api.w.org\/{rel}","templated":true}]}}