{"id":1961,"date":"2023-03-03T19:30:38","date_gmt":"2023-03-03T18:30:38","guid":{"rendered":"https:\/\/www.essenciales.com\/blog\/?p=1961"},"modified":"2023-03-02T15:10:50","modified_gmt":"2023-03-02T14:10:50","slug":"cuida-tu-cabello-tenido-con-aceites-esenciales-essenciales-blog-decoloracion-tintes","status":"publish","type":"post","link":"https:\/\/www.essenciales.com\/blog\/cuida-tu-cabello-tenido-con-aceites-esenciales-essenciales-blog-decoloracion-tintes\/","title":{"rendered":"Cuida tu cabello te\u00f1ido con aceites esenciales"},"content":{"rendered":"<p>&nbsp;<\/p>\n<h2 style=\"text-align: center;\"><strong>Tal vez no lo sepas, pero los aceites esenciales son un gran aliado para tu cabello y te vamos a contar por qu\u00e9.<\/strong><\/h2>\n<p>&nbsp;<\/p>\n<p>Bienvenidos un d\u00eda m\u00e1s al blog de Essenciales, donde te damos remedios naturales para usar en tu d\u00eda a d\u00eda. Hoy os traemos un art\u00edculo muy especial y es que sois muchas las que nos hab\u00e9is preguntado por Instagram \u00a0sobre el cuidado del cabello con aceites esenciales y vegetales, as\u00ed que hemos decidido elaborar una secci\u00f3n en nuestro blog sobre ello.<\/p>\n<p>En nuestro blog encontrareis un art\u00edculo general sobre el <a href=\"https:\/\/www.essenciales.com\/blog\/mejores-aceites-esenciales-para-tu-cabello\/\">cuidado del cabello con aceites esenciales<\/a>, pero en esta ocasi\u00f3n queremos tratar un tema m\u00e1s espec\u00edfico: el pelo te\u00f1ido. Porque s\u00ed, <strong>puedes cuidar tu cabello te\u00f1ido de forma natural con aceites esenciales<\/strong> y te vamos a contar c\u00f3mo hacerlo.<\/p>\n<p><!--more--><\/p>\n<h3><strong>Primero comenzar explicando un poco en qu\u00e9 consiste el pelo te\u00f1ido y los da\u00f1os que este sufre:<\/strong><\/h3>\n<p>Por cabello te\u00f1ido se entiende el cabello que ha sido tratado qu\u00edmicamente con tintes o colorantes capilares para cambiar su color natural. El tinte es un producto que contiene sustancias qu\u00edmicas capaces de penetrar en el tallo del cabello y alterar su pigmento natural. Puede utilizarse para oscurecer o aclarar el cabello, as\u00ed como para a\u00f1adir color al cabello que no est\u00e1 presente de forma natural, como el rosa o el azul brillante.<\/p>\n<p>El cabello te\u00f1ido puede sufrir diversos da\u00f1os, dependiendo del estado del cabello antes del te\u00f1ido, del tipo de tinte utilizado y de la frecuencia con que se ti\u00f1a. Estos son algunos de los da\u00f1os m\u00e1s comunes que puede sufrir el cabello te\u00f1ido:<\/p>\n<ul>\n<li>Sequedad: Los productos qu\u00edmicos del tinte pueden eliminar los aceites naturales del cabello, dej\u00e1ndolo seco y quebradizo. Esto puede hacer que el cabello sea propenso a la rotura, las puntas abiertas y el encrespamiento.<\/li>\n<li>Debilidad: Las sustancias qu\u00edmicas del tinte pueden debilitar la ra\u00edz del cabello, haci\u00e9ndolo m\u00e1s propenso a da\u00f1os y roturas.<\/li>\n<li>Irritaci\u00f3n del cuero cabelludo: Algunas personas pueden sufrir irritaci\u00f3n del cuero cabelludo o reacciones al\u00e9rgicas a las sustancias qu\u00edmicas del tinte.<\/li>\n<li>Decoloraci\u00f3n: El pelo te\u00f1ido puede deste\u00f1irse con el tiempo, sobre todo si se expone a la luz solar, al cloro o a champ\u00fas agresivos.<\/li>\n<li>Correcci\u00f3n del color: Si no se consigues el color de pelo deseado, pueden ser necesarios otros tintes o tratamientos de correcci\u00f3n del color, que pueden da\u00f1ar a\u00fan m\u00e1s el cabello, como la decoloraci\u00f3n.<\/li>\n<li>Ca\u00edda del cabello: En algunos casos, un tinte excesivo puede provocar la ca\u00edda del cabello, sobre todo si est\u00e1 demasiado procesado o da\u00f1ado.<\/li>\n<\/ul>\n<p>Para minimizar los da\u00f1os en el cabello te\u00f1ido, es importante utilizar tintes de alta calidad, seguir las instrucciones al pie de la letra y cuidar el cabello con tratamientos de acondicionamiento regulares y peinados suaves.<\/p>\n<h3><strong>Para los que tenemos el pelo te\u00f1ido, es importante elegir aceites esenciales que sean suaves y no desti\u00f1an el color. Te sugerimos algunos aceites esenciales y vegetales adecuados para el cabello te\u00f1ido:<\/strong><\/h3>\n<h4><strong>Aceite esencial de geranio<\/strong> (<em>Pelargonium graveolens<\/em>):<\/h4>\n<p>favorece el crecimiento del cabello y lo nutre, sin afectar al color.<\/p>\n<p style=\"text-align: center;\"><a href=\"https:\/\/www.essenciales.com\/aceites-esenciales-puros\/aceite-esencial-geranio.html#\/2-tamano-10_ml\">Comprar aceite esencial de geranio<\/a><\/p>\n<h4><strong>Aceite esencial \u00a0de manzanilla romana<\/strong> (<em>Anthemis nobilis<\/em>):<\/h4>\n<p>calma el cuero cabelludo, aporta brillo y realza el color del cabello te\u00f1ido. Sobre todo los tonos rubios.<\/p>\n<p style=\"text-align: center;\"><a href=\"https:\/\/www.essenciales.com\/aceites-esenciales-puros\/aceite-esencial-manzanilla-romana.html#\/1-tamano-5_ml\">Comprar aceite esencial de manzanilla<\/a><\/p>\n<h4><strong>Aceite \u00a0esencial de ylang-ylang<\/strong> (<em>Cananga Odorata<\/em>):<\/h4>\n<p>ayuda a mantener la vitalidad del cabello te\u00f1ido y favorece su crecimiento.<\/p>\n<p style=\"text-align: center;\"><a href=\"https:\/\/www.essenciales.com\/aceites-esenciales-puros\/aceite-esencial-ylang-ylang.html#\/2-tamano-10_ml\">Comprar aceite esencial de Ylang-Ylang<\/a><\/p>\n<h4><strong>Aceite vegetal de almendras dulces<\/strong> (<em>Prunus amygdalus dulcis<\/em>):<\/h4>\n<p>hidrata el cabello, evita que se rompa y no desti\u00f1e el color.<\/p>\n<p style=\"text-align: center;\"><a href=\"https:\/\/www.essenciales.com\/aceites-primera-presion-frio\/aceite-de-almendra-dulce-1a-presion-en-frio.html#\/4-tamano-100_ml\">Comprar aceite vegetal de almendras dulces<\/a><\/p>\n<p>Para utilizar aceites esenciales en el cabello te\u00f1ido, puedes seguir los mismos m\u00e9todos que para el cabello no te\u00f1ido, pero aseg\u00farate de utilizar un champ\u00fa suave y sin sulfatos para evitar que se decolore.<\/p>\n<p>Como con todos los aceites esenciales, es importante hacer una prueba y diluir antes de usar para evitar irritaciones cut\u00e1neas.<\/p>\n<h4>Por \u00faltimo te recomiendo algunas formas de usar los aceites esenciales y vegetales en tu cabello:<\/h4>\n<h4><strong>Masaje en el cuero cabelludo<\/strong>:<\/h4>\n<p>Mezcla unas de 2 a 4 gotas gotas de aceite esencial con un aceite portador (como aceite de coco o aceite de jojoba) y masajea el cuero cabelludo. D\u00e9jalo actuar unos 30 minutos o bien, nos lo podemos dejar de un d\u00eda para el otro. y, a continuaci\u00f3n, l\u00e1vatelo bien con tu champ\u00fa de siempre.<\/p>\n<p>&nbsp;<\/p>\n<h4><strong>Tratamiento con aceite caliente<\/strong>:<\/h4>\n<p>Calienta una peque\u00f1a cantidad de aceite portador con unas gota de 2 a 4 gotas gotas de aceite esencial y apl\u00edcalo sobre el cabello y el cuero cabelludo. C\u00fabrelo con un gorro de ducha y d\u00e9jalo actuar de 30 minutos a una hora, despu\u00e9s l\u00e1valo con champ\u00fa como de costumbre. Aqu\u00ed lo que no me queda claro, es que se consigue con el aceite caliente en el cabello, esto se suele hacer en medicina ayurv\u00e9dica, falta un poco m\u00e1s de explicaci\u00f3n en cuanto al objetivo que vamos a conseguir.<\/p>\n<p>&nbsp;<\/p>\n<h4><strong>En tu acondicionador<\/strong>:<\/h4>\n<p>A\u00f1ade unas gotas de 2 a 4 gotas de aceite esencial a tu acondicionador habitual y masajea el cabello. D\u00e9jalo actuar unos 10 minutos antes de aclarar con abundante agua.<\/p>\n<h4><strong>Tratamiento antes del champ\u00fa<\/strong>:<\/h4>\n<p>Mezcla unas gotas de 2 a 4 gotas gotas de aceite esencial con un aceite portador y masajea el cuero cabelludo antes del champ\u00fa. Esto ayudar\u00e1 a nutrir y proteger el cabello.<\/p>\n<h4><strong>Con tu champ\u00fa<\/strong>:<\/h4>\n<p>En un envase de 100 ml a\u00f1ade hasta 100 gotas de aceite esencial a tu champ\u00fa o a un champ\u00fa base para el lavado de tu cabello.<\/p>\n<h4><strong>Toque final<\/strong>:<\/h4>\n<p>A\u00f1ade una o dos gotas de aceite esencial a tus manos y apl\u00edcalo en las puntas del cabello para dar brillo y controlar el encrespamiento.<\/p>\n<h4 style=\"text-align: center;\">Y hasta aqu\u00ed el art\u00edculo de hoy, para pr\u00f3ximos art\u00edculos trataremos temas como los tratamientos de alisado o permanente o la crecida del cabello, \u00a1as\u00ed que estad atentos!<\/h4>\n<h4 style=\"text-align: center;\">\u00bfQue otros temas te interesar\u00eda que tratasemos? Te leo en comentarios\u2665<\/h4>\n<p>&nbsp;<\/p>\n","protected":false},"excerpt":{"rendered":"<p>&nbsp; Tal vez no lo sepas, pero los aceites esenciales son un gran aliado para tu cabello y te vamos a contar por qu\u00e9. &nbsp;&#8230;<\/p>\n<p class=\"readmore\"><a class=\"more-btn\" href=\"https:\/\/www.essenciales.com\/blog\/cuida-tu-cabello-tenido-con-aceites-esenciales-essenciales-blog-decoloracion-tintes\/\">Leer m\u00e1s<\/a><\/p>\n","protected":false},"author":4,"featured_media":1975,"comment_status":"open","ping_status":"open","sticky":false,"template":"","format":"standard","meta":[],"categories":[42,76,148,153,154],"tags":[156,155],"yoast_head":"<!-- This site is optimized with the Yoast SEO plugin v19.10 - https:\/\/yoast.com\/wordpress\/plugins\/seo\/ -->\n<title>Cuida tu cabello te\u00f1ido con aceites esenciales | Blog de ESSENCIALES<\/title>\n<meta name=\"description\" content=\"\u00bfPensabas que no pod\u00edas cuidar tu cabello te\u00f1ido con aceites esenciales? Pues est\u00e1s de suerte porque te contamos la manera de hacerlo.\" \/>\n<meta name=\"robots\" content=\"index, follow, max-snippet:-1, max-image-preview:large, max-video-preview:-1\" \/>\n<link rel=\"canonical\" href=\"https:\/\/www.essenciales.com\/blog\/cuida-tu-cabello-tenido-con-aceites-esenciales-essenciales-blog-decoloracion-tintes\/\" \/>\n<meta property=\"og:locale\" content=\"es_ES\" \/>\n<meta property=\"og:type\" content=\"article\" \/>\n<meta property=\"og:title\" content=\"Cuida tu cabello te\u00f1ido con aceites esenciales | Blog de ESSENCIALES\" \/>\n<meta property=\"og:description\" content=\"\u00bfPensabas que no pod\u00edas cuidar tu cabello te\u00f1ido con aceites esenciales? Pues est\u00e1s de suerte porque te contamos la manera de hacerlo.\" \/>\n<meta property=\"og:url\" content=\"https:\/\/www.essenciales.com\/blog\/cuida-tu-cabello-tenido-con-aceites-esenciales-essenciales-blog-decoloracion-tintes\/\" \/>\n<meta property=\"og:site_name\" content=\"Blog de ESSENCIALES\" \/>\n<meta property=\"article:published_time\" content=\"2023-03-03T18:30:38+00:00\" \/>\n<meta property=\"article:modified_time\" content=\"2023-03-02T14:10:50+00:00\" \/>\n<meta property=\"og:image\" content=\"https:\/\/www.essenciales.com\/blog\/wp-content\/uploads\/fondo_blog_-CUIDA-TU-CABELLO_800x500.jpg\" \/>\n\t<meta property=\"og:image:width\" content=\"800\" \/>\n\t<meta property=\"og:image:height\" content=\"500\" \/>\n\t<meta property=\"og:image:type\" content=\"image\/jpeg\" \/>\n<meta name=\"author\" content=\"Nuria Moreno\" \/>\n<meta name=\"twitter:card\" content=\"summary_large_image\" \/>\n<meta name=\"twitter:label1\" content=\"Escrito por\" \/>\n\t<meta name=\"twitter:data1\" content=\"Nuria Moreno\" \/>\n\t<meta name=\"twitter:label2\" content=\"Tiempo de lectura\" \/>\n\t<meta name=\"twitter:data2\" content=\"5 minutos\" \/>\n<script type=\"application\/ld+json\" class=\"yoast-schema-graph\">{\"@context\":\"https:\/\/schema.org\",\"@graph\":[{\"@type\":\"WebPage\",\"@id\":\"https:\/\/www.essenciales.com\/blog\/cuida-tu-cabello-tenido-con-aceites-esenciales-essenciales-blog-decoloracion-tintes\/\",\"url\":\"https:\/\/www.essenciales.com\/blog\/cuida-tu-cabello-tenido-con-aceites-esenciales-essenciales-blog-decoloracion-tintes\/\",\"name\":\"Cuida tu cabello te\u00f1ido con aceites esenciales | Blog de ESSENCIALES\",\"isPartOf\":{\"@id\":\"https:\/\/www.essenciales.com\/blog\/#website\"},\"datePublished\":\"2023-03-03T18:30:38+00:00\",\"dateModified\":\"2023-03-02T14:10:50+00:00\",\"author\":{\"@id\":\"https:\/\/www.essenciales.com\/blog\/#\/schema\/person\/ba44a296eed23f89b82b6b67dee32d7f\"},\"description\":\"\u00bfPensabas que no pod\u00edas cuidar tu cabello te\u00f1ido con aceites esenciales? Pues est\u00e1s de suerte porque te contamos la manera de hacerlo.\",\"breadcrumb\":{\"@id\":\"https:\/\/www.essenciales.com\/blog\/cuida-tu-cabello-tenido-con-aceites-esenciales-essenciales-blog-decoloracion-tintes\/#breadcrumb\"},\"inLanguage\":\"es\",\"potentialAction\":[{\"@type\":\"ReadAction\",\"target\":[\"https:\/\/www.essenciales.com\/blog\/cuida-tu-cabello-tenido-con-aceites-esenciales-essenciales-blog-decoloracion-tintes\/\"]}]},{\"@type\":\"BreadcrumbList\",\"@id\":\"https:\/\/www.essenciales.com\/blog\/cuida-tu-cabello-tenido-con-aceites-esenciales-essenciales-blog-decoloracion-tintes\/#breadcrumb\",\"itemListElement\":[{\"@type\":\"ListItem\",\"position\":1,\"name\":\"Portada\",\"item\":\"https:\/\/www.essenciales.com\/blog\/\"},{\"@type\":\"ListItem\",\"position\":2,\"name\":\"Cuida tu cabello te\u00f1ido con aceites esenciales\"}]},{\"@type\":\"WebSite\",\"@id\":\"https:\/\/www.essenciales.com\/blog\/#website\",\"url\":\"https:\/\/www.essenciales.com\/blog\/\",\"name\":\"Blog de ESSENCIALES\",\"description\":\"Conoce todas las propiedades de los aceites esenciales y vegetales, as\u00ed como sus usos y remedios naturales\",\"potentialAction\":[{\"@type\":\"SearchAction\",\"target\":{\"@type\":\"EntryPoint\",\"urlTemplate\":\"https:\/\/www.essenciales.com\/blog\/?s={search_term_string}\"},\"query-input\":\"required name=search_term_string\"}],\"inLanguage\":\"es\"},{\"@type\":\"Person\",\"@id\":\"https:\/\/www.essenciales.com\/blog\/#\/schema\/person\/ba44a296eed23f89b82b6b67dee32d7f\",\"name\":\"Nuria Moreno\"}]}<\/script>\n<!-- \/ Yoast SEO plugin. -->","yoast_head_json":{"title":"Cuida tu cabello te\u00f1ido con aceites esenciales | Blog de ESSENCIALES","description":"\u00bfPensabas que no pod\u00edas cuidar tu cabello te\u00f1ido con aceites esenciales? Pues est\u00e1s de suerte porque te contamos la manera de hacerlo.","robots":{"index":"index","follow":"follow","max-snippet":"max-snippet:-1","max-image-preview":"max-image-preview:large","max-video-preview":"max-video-preview:-1"},"canonical":"https:\/\/www.essenciales.com\/blog\/cuida-tu-cabello-tenido-con-aceites-esenciales-essenciales-blog-decoloracion-tintes\/","og_locale":"es_ES","og_type":"article","og_title":"Cuida tu cabello te\u00f1ido con aceites esenciales | Blog de ESSENCIALES","og_description":"\u00bfPensabas que no pod\u00edas cuidar tu cabello te\u00f1ido con aceites esenciales? Pues est\u00e1s de suerte porque te contamos la manera de hacerlo.","og_url":"https:\/\/www.essenciales.com\/blog\/cuida-tu-cabello-tenido-con-aceites-esenciales-essenciales-blog-decoloracion-tintes\/","og_site_name":"Blog de ESSENCIALES","article_published_time":"2023-03-03T18:30:38+00:00","article_modified_time":"2023-03-02T14:10:50+00:00","og_image":[{"width":800,"height":500,"url":"https:\/\/www.essenciales.com\/blog\/wp-content\/uploads\/fondo_blog_-CUIDA-TU-CABELLO_800x500.jpg","type":"image\/jpeg"}],"author":"Nuria Moreno","twitter_card":"summary_large_image","twitter_misc":{"Escrito por":"Nuria Moreno","Tiempo de lectura":"5 minutos"},"schema":{"@context":"https:\/\/schema.org","@graph":[{"@type":"WebPage","@id":"https:\/\/www.essenciales.com\/blog\/cuida-tu-cabello-tenido-con-aceites-esenciales-essenciales-blog-decoloracion-tintes\/","url":"https:\/\/www.essenciales.com\/blog\/cuida-tu-cabello-tenido-con-aceites-esenciales-essenciales-blog-decoloracion-tintes\/","name":"Cuida tu cabello te\u00f1ido con aceites esenciales | Blog de ESSENCIALES","isPartOf":{"@id":"https:\/\/www.essenciales.com\/blog\/#website"},"datePublished":"2023-03-03T18:30:38+00:00","dateModified":"2023-03-02T14:10:50+00:00","author":{"@id":"https:\/\/www.essenciales.com\/blog\/#\/schema\/person\/ba44a296eed23f89b82b6b67dee32d7f"},"description":"\u00bfPensabas que no pod\u00edas cuidar tu cabello te\u00f1ido con aceites esenciales? Pues est\u00e1s de suerte porque te contamos la manera de hacerlo.","breadcrumb":{"@id":"https:\/\/www.essenciales.com\/blog\/cuida-tu-cabello-tenido-con-aceites-esenciales-essenciales-blog-decoloracion-tintes\/#breadcrumb"},"inLanguage":"es","potentialAction":[{"@type":"ReadAction","target":["https:\/\/www.essenciales.com\/blog\/cuida-tu-cabello-tenido-con-aceites-esenciales-essenciales-blog-decoloracion-tintes\/"]}]},{"@type":"BreadcrumbList","@id":"https:\/\/www.essenciales.com\/blog\/cuida-tu-cabello-tenido-con-aceites-esenciales-essenciales-blog-decoloracion-tintes\/#breadcrumb","itemListElement":[{"@type":"ListItem","position":1,"name":"Portada","item":"https:\/\/www.essenciales.com\/blog\/"},{"@type":"ListItem","position":2,"name":"Cuida tu cabello te\u00f1ido con aceites esenciales"}]},{"@type":"WebSite","@id":"https:\/\/www.essenciales.com\/blog\/#website","url":"https:\/\/www.essenciales.com\/blog\/","name":"Blog de ESSENCIALES","description":"Conoce todas las propiedades de los aceites esenciales y vegetales, as\u00ed como sus usos y remedios naturales","potentialAction":[{"@type":"SearchAction","target":{"@type":"EntryPoint","urlTemplate":"https:\/\/www.essenciales.com\/blog\/?s={search_term_string}"},"query-input":"required name=search_term_string"}],"inLanguage":"es"},{"@type":"Person","@id":"https:\/\/www.essenciales.com\/blog\/#\/schema\/person\/ba44a296eed23f89b82b6b67dee32d7f","name":"Nuria Moreno"}]}},"_links":{"self":[{"href":"https:\/\/www.essenciales.com\/blog\/wp-json\/wp\/v2\/posts\/1961"}],"collection":[{"href":"https:\/\/www.essenciales.com\/blog\/wp-json\/wp\/v2\/posts"}],"about":[{"href":"https:\/\/www.essenciales.com\/blog\/wp-json\/wp\/v2\/types\/post"}],"author":[{"embeddable":true,"href":"https:\/\/www.essenciales.com\/blog\/wp-json\/wp\/v2\/users\/4"}],"replies":[{"embeddable":true,"href":"https:\/\/www.essenciales.com\/blog\/wp-json\/wp\/v2\/comments?post=1961"}],"version-history":[{"count":6,"href":"https:\/\/www.essenciales.com\/blog\/wp-json\/wp\/v2\/posts\/1961\/revisions"}],"predecessor-version":[{"id":1963,"href":"https:\/\/www.essenciales.com\/blog\/wp-json\/wp\/v2\/posts\/1961\/revisions\/1963"}],"wp:featuredmedia":[{"embeddable":true,"href":"https:\/\/www.essenciales.com\/blog\/wp-json\/wp\/v2\/media\/1975"}],"wp:attachment":[{"href":"https:\/\/www.essenciales.com\/blog\/wp-json\/wp\/v2\/media?parent=1961"}],"wp:term":[{"taxonomy":"category","embeddable":true,"href":"https:\/\/www.essenciales.com\/blog\/wp-json\/wp\/v2\/categories?post=1961"},{"taxonomy":"post_tag","embeddable":true,"href":"https:\/\/www.essenciales.com\/blog\/wp-json\/wp\/v2\/tags?post=1961"}],"curies":[{"name":"wp","href":"https:\/\/api.w.org\/{rel}","templated":true}]}}