{"id":1966,"date":"2023-03-17T18:40:18","date_gmt":"2023-03-17T17:40:18","guid":{"rendered":"https:\/\/www.essenciales.com\/blog\/?p=1966"},"modified":"2023-03-02T15:11:24","modified_gmt":"2023-03-02T14:11:24","slug":"los-mejores-aceites-esenciales-para-primavera-equinoccio-estacion-aromas-aceites-calor-buen-tiempo-flores-color","status":"publish","type":"post","link":"https:\/\/www.essenciales.com\/blog\/los-mejores-aceites-esenciales-para-primavera-equinoccio-estacion-aromas-aceites-calor-buen-tiempo-flores-color\/","title":{"rendered":"Los mejores aceites esenciales para primavera"},"content":{"rendered":"<h2 style=\"text-align: center;\"><strong>Color, m\u00e1s horas de sol y muchos aromas, eso es lo que se nos viene esta primavera<\/strong><\/h2>\n<p>Bienvenidos un d\u00eda m\u00e1s al blog de Essenciales, en el art\u00edculo de hoy y por el solsticio de primavera os traemos un art\u00edculo muy especial sobre los aceites esenciales que no pueden faltar en tu armario en primavera.<\/p>\n<p>El pr\u00f3ximo lunes 20 de marzo se producir\u00e1 el equinoccio de primavera y no podemos estar m\u00e1s contentos. No s\u00e9 si os ocurre a vosotros, pero las estaciones medias son mis favoritas: oto\u00f1o y primavera. Tienen una belleza especial y a\u00fan tenemos d\u00edas de buen tiempo y suficientes horas de sol.<\/p>\n<p>Adem\u00e1s, el paisaje no puede ser m\u00e1s bonito en primavera: todo verde y lleno de flores con sus aromas. As\u00ed que para disfrutar bien de esta \u00e9poca no hay nada mejor que salir a pasear por tu ciudad, por el campo, la monta\u00f1a o la playa, y respirar ese aire a\u00fan fresquito que trae la primavera.<\/p>\n<h3><strong>Sin m\u00e1s dilaci\u00f3n estos son algunos de los aceites esenciales m\u00e1s utilizados en primavera:<\/strong><\/h3>\n<p><!--more--><\/p>\n<ul>\n<li><a href=\"https:\/\/www.essenciales.com\/aceites-esenciales-puros\/aceite-esencial-limon.html#\/2-tamano-10_ml\">Aceite esencial de lim\u00f3n<\/a>(<span style=\"color: #808080;\"><em>Citrus limon<\/em><\/span>): conocido por su aroma fresco y c\u00edtrico y su capacidad para levantar el \u00e1nimo y promover la claridad mental.<\/li>\n<li><a href=\"https:\/\/www.essenciales.com\/aceites-esenciales-puros\/aceite-esencial-lavanda.html#\/2-tamano-10_ml\">Aceite esencial de lavanda<\/a> (<span style=\"color: #808080;\"><em>Lavandula angustifolia<\/em><\/span>): popular por sus propiedades calmantes y relajantes, por lo que es ideal para conciliar el sue\u00f1o y reducir el estr\u00e9s.<\/li>\n<li><a href=\"https:\/\/www.essenciales.com\/aceites-esenciales-puros\/aceite-esencial-menta-piperita.html#\/2-tamano-10_ml\">Aceite esencial de menta<\/a> (<span style=\"color: #808080;\"><em>Mentha piperita<\/em><\/span>): destacado por sus propiedades vigorizantes y energizantes, por lo que es ideal para ayudar a combatir la fatiga y promover la agudeza mental.<\/li>\n<li><a href=\"https:\/\/www.essenciales.com\/aceites-esenciales-puros\/aceite-esencial-eucalipto.html#\/2-tamano-10_ml\">Aceite esencial de eucalipto<\/a> (<em><span style=\"color: #808080;\">Eucalyptus globulus<\/span><\/em>): conocido por su capacidad para descongestionar los senos nasales y mejorar la salud respiratoria, por lo que es ideal durante la temporada de alergias, para la cual os recordamos que ten\u00e9is un <a href=\"https:\/\/www.essenciales.com\/blog\/adios-a-los-sintomas-de-alergia-y-asma-alergia-primaveral-y-asma-remedios-sintomas-polinizacion-contaminacion-del-aire-cansancio-mala-respiracion\/\">art\u00edculo en nuestro blog<\/a>.<\/li>\n<li><a href=\"https:\/\/www.essenciales.com\/aceites-esenciales-puros\/absoluto-de-rosa-bulgara.html#\/1-tamano-5_ml\">Aceite esencial de rosa b\u00falgara<\/a> (<em><span style=\"color: #808080;\">Rosa damascena<\/span><\/em>): conocido por su aroma dulce y floral, y su capacidad para calmar la piel y promover una sensaci\u00f3n de paz y calma.<\/li>\n<\/ul>\n<h4><strong>Por otra parte, quiero destacar que el solsticio de primavera es una \u00e9poca de renovaci\u00f3n y crecimiento, y ciertos aceites esenciales pueden ayudar a potenciar esta sensaci\u00f3n.<\/strong><\/h4>\n<h3><strong>Por ello os dejo aqu\u00ed algunos aceites esenciales populares para utilizar durante el solsticio de primavera:<\/strong><\/h3>\n<ul>\n<li><a href=\"https:\/\/www.essenciales.com\/aceites-esenciales-puros\/aceite-esencial-incienso.html#\/2-tamano-10_ml\">Aceite esencial de incienso<\/a> (<span style=\"color: #808080;\"><em>Boswellia carterii<\/em><\/span>): destacado por sus propiedades enraizantes y espirituales, por lo que es ideal para la meditaci\u00f3n y las pr\u00e1cticas espirituales.<\/li>\n<li><a href=\"https:\/\/www.essenciales.com\/aceites-esenciales-puros\/aceite-esencial-pomelo.html#\/2-tamano-10_ml\">Aceite esencial de pomelo<\/a> (<span style=\"color: #808080;\"><em>Citrus Paradisi<\/em><\/span>): conocido por sus propiedades estimulantes y energizantes, por lo que es ideal para fomentar la positividad y la motivaci\u00f3n.<\/li>\n<li><a href=\"https:\/\/www.essenciales.com\/aceites-esenciales-puros\/absoluto-jazmin.html#\/1-tamano-5_ml\">Absoluto de jazm\u00edn<\/a> (<span style=\"color: #808080;\"><em>Jasminum grandiflorum<\/em><\/span>): resalta por su aroma dulce y floral, y su capacidad para promover sentimientos de alegr\u00eda, felicidad y optimismo.<\/li>\n<li><a href=\"https:\/\/www.essenciales.com\/aceites-esenciales-puros\/aceite-esencial-de-romero-cineol.html#\/2-tamano-10_ml\">Aceite esencial de romero cineol<\/a> (<em><span style=\"color: #808080;\">Rosmarinus Officinalis &#8211; cineol<\/span><\/em>): relevante por su aroma fresco y herb\u00e1ceo, y su capacidad para promover la claridad mental y la concentraci\u00f3n.<\/li>\n<li><a href=\"https:\/\/www.essenciales.com\/aceites-esenciales-puros\/aceite-esencial-sandalo-blanco.html#\/1-tamano-5_ml\">Aceite esencial de s\u00e1ndalo blanco<\/a> (<span style=\"color: #808080;\"><em>Santalum album &#8211; az\u00e1ndar<\/em><\/span>): una de las fragancias m\u00e1s antiguas del mundo, destaca por ser muy eficaz como ayuda para nuestro sistema nervioso, siendo un gran calmante y sedativo, adem\u00e1s de por su aroma sugerente.<\/li>\n<\/ul>\n<p>&nbsp;<\/p>\n<h4><strong>Os recuerdo que es imprescindible diluir siempre los aceites esenciales en un aceite portador antes de aplicarlos sobre la piel, y realizar una prueba del parche antes de utilizarlos por primera vez. Consulta a un profesional sanitario antes de utilizar aceites esenciales con fines terap\u00e9uticos.<\/strong><\/h4>\n<p>&nbsp;<\/p>\n<h3><strong>Por \u00faltimo, aqu\u00ed tienes un sencillo ritual de solsticio de primavera que puedes realizar utilizando aceites esenciales:<\/strong><\/h3>\n<p>&nbsp;<\/p>\n<ul>\n<li><strong>Limpia tu espacio<\/strong>: Enciende unas velas y utiliza un difusor para difundir un aceite esencial purificador, como el de lim\u00f3n o eucalipto.<\/li>\n<li><strong>Establece una intenci\u00f3n<\/strong>: Cierra los ojos y respira profundamente. Fija una intenci\u00f3n para el ritual, como promover el crecimiento y la renovaci\u00f3n.<\/li>\n<li><strong>Embad\u00farnate<\/strong>: Elige un aceite que promueva tu intenci\u00f3n anterior, como el de jazm\u00edn o romero. Diluye unas gotas en un aceite portador y \u00fantate las mu\u00f1ecas, las sienes y el coraz\u00f3n.<\/li>\n<li><strong>Medita<\/strong>: Si\u00e9ntate c\u00f3modamente y cierra los ojos. Visualiza la energ\u00eda de la primavera entrando en tu cuerpo, llen\u00e1ndote de nuevo crecimiento y renovaci\u00f3n. Mant\u00e9n esta imagen durante varios minutos y luego su\u00e9ltala.<\/li>\n<li><strong>Da las gracias<\/strong>: Expresa tu gratitud por los regalos de la estaci\u00f3n y por el crecimiento y la renovaci\u00f3n que esperas experimentar.<\/li>\n<li><strong>Cierra el ritual<\/strong>: Apaga las velas y termina el ritual expresando gratitud por la experiencia.<\/li>\n<\/ul>\n<p>&nbsp;<\/p>\n<p>Como con cualquier ritual, es importante escuchar a tu cuerpo y hacer lo que te parezca adecuado. Los aceites esenciales son herramientas poderosas, pero deben utilizarse con cuidado y respeto.<\/p>\n<p>Hasta aqu\u00ed el art\u00edculo de hoy, espero que os haya gustado y que los aceites esenciales os ayuden a afrontar con las mejores energ\u00edas esta nueva estaci\u00f3n.<\/p>\n<h4><strong>Me encantar\u00eda saber si haces alg\u00fan ritual para los cambios de estaci\u00f3n, el m\u00edo es muy sencillo: hago una limpieza tanto f\u00edsica como de energ\u00edas de mi casa, \u00bfy t\u00fa?.<\/strong><\/h4>\n<h4 style=\"text-align: center;\"><strong>Como siempre te leo en comentarios\u2665<\/strong><\/h4>\n","protected":false},"excerpt":{"rendered":"<p>Color, m\u00e1s horas de sol y muchos aromas, eso es lo que se nos viene esta primavera Bienvenidos un d\u00eda m\u00e1s al blog de Essenciales,&#8230;<\/p>\n<p class=\"readmore\"><a class=\"more-btn\" href=\"https:\/\/www.essenciales.com\/blog\/los-mejores-aceites-esenciales-para-primavera-equinoccio-estacion-aromas-aceites-calor-buen-tiempo-flores-color\/\">Leer m\u00e1s<\/a><\/p>\n","protected":false},"author":4,"featured_media":1976,"comment_status":"open","ping_status":"open","sticky":false,"template":"","format":"standard","meta":[],"categories":[42,144],"tags":[],"yoast_head":"<!-- This site is optimized with the Yoast SEO plugin v19.10 - https:\/\/yoast.com\/wordpress\/plugins\/seo\/ -->\n<title>Los mejores aceites esenciales para primavera | Blog de ESSENCIALES<\/title>\n<meta name=\"description\" content=\"El equinoccio de primavera y los aceites esenciales: Descubre cu\u00e1les van a ser tus mejores aliados para esta nueva estaci\u00f3n.\" \/>\n<meta name=\"robots\" content=\"index, follow, max-snippet:-1, max-image-preview:large, max-video-preview:-1\" \/>\n<link rel=\"canonical\" href=\"https:\/\/www.essenciales.com\/blog\/los-mejores-aceites-esenciales-para-primavera-equinoccio-estacion-aromas-aceites-calor-buen-tiempo-flores-color\/\" \/>\n<meta property=\"og:locale\" content=\"es_ES\" \/>\n<meta property=\"og:type\" content=\"article\" \/>\n<meta property=\"og:title\" content=\"Los mejores aceites esenciales para primavera | Blog de ESSENCIALES\" \/>\n<meta property=\"og:description\" content=\"El equinoccio de primavera y los aceites esenciales: Descubre cu\u00e1les van a ser tus mejores aliados para esta nueva estaci\u00f3n.\" \/>\n<meta property=\"og:url\" content=\"https:\/\/www.essenciales.com\/blog\/los-mejores-aceites-esenciales-para-primavera-equinoccio-estacion-aromas-aceites-calor-buen-tiempo-flores-color\/\" \/>\n<meta property=\"og:site_name\" content=\"Blog de ESSENCIALES\" \/>\n<meta property=\"article:published_time\" content=\"2023-03-17T17:40:18+00:00\" \/>\n<meta property=\"article:modified_time\" content=\"2023-03-02T14:11:24+00:00\" \/>\n<meta property=\"og:image\" content=\"https:\/\/www.essenciales.com\/blog\/wp-content\/uploads\/fondo_blog_-ACEITES_PRIMAVERA_800x500.jpg\" \/>\n\t<meta property=\"og:image:width\" content=\"800\" \/>\n\t<meta property=\"og:image:height\" content=\"500\" \/>\n\t<meta property=\"og:image:type\" content=\"image\/jpeg\" \/>\n<meta name=\"author\" content=\"Nuria Moreno\" \/>\n<meta name=\"twitter:card\" content=\"summary_large_image\" \/>\n<meta name=\"twitter:label1\" content=\"Escrito por\" \/>\n\t<meta name=\"twitter:data1\" content=\"Nuria Moreno\" \/>\n\t<meta name=\"twitter:label2\" content=\"Tiempo de lectura\" \/>\n\t<meta name=\"twitter:data2\" content=\"4 minutos\" \/>\n<script type=\"application\/ld+json\" class=\"yoast-schema-graph\">{\"@context\":\"https:\/\/schema.org\",\"@graph\":[{\"@type\":\"WebPage\",\"@id\":\"https:\/\/www.essenciales.com\/blog\/los-mejores-aceites-esenciales-para-primavera-equinoccio-estacion-aromas-aceites-calor-buen-tiempo-flores-color\/\",\"url\":\"https:\/\/www.essenciales.com\/blog\/los-mejores-aceites-esenciales-para-primavera-equinoccio-estacion-aromas-aceites-calor-buen-tiempo-flores-color\/\",\"name\":\"Los mejores aceites esenciales para primavera | Blog de ESSENCIALES\",\"isPartOf\":{\"@id\":\"https:\/\/www.essenciales.com\/blog\/#website\"},\"datePublished\":\"2023-03-17T17:40:18+00:00\",\"dateModified\":\"2023-03-02T14:11:24+00:00\",\"author\":{\"@id\":\"https:\/\/www.essenciales.com\/blog\/#\/schema\/person\/ba44a296eed23f89b82b6b67dee32d7f\"},\"description\":\"El equinoccio de primavera y los aceites esenciales: Descubre cu\u00e1les van a ser tus mejores aliados para esta nueva estaci\u00f3n.\",\"breadcrumb\":{\"@id\":\"https:\/\/www.essenciales.com\/blog\/los-mejores-aceites-esenciales-para-primavera-equinoccio-estacion-aromas-aceites-calor-buen-tiempo-flores-color\/#breadcrumb\"},\"inLanguage\":\"es\",\"potentialAction\":[{\"@type\":\"ReadAction\",\"target\":[\"https:\/\/www.essenciales.com\/blog\/los-mejores-aceites-esenciales-para-primavera-equinoccio-estacion-aromas-aceites-calor-buen-tiempo-flores-color\/\"]}]},{\"@type\":\"BreadcrumbList\",\"@id\":\"https:\/\/www.essenciales.com\/blog\/los-mejores-aceites-esenciales-para-primavera-equinoccio-estacion-aromas-aceites-calor-buen-tiempo-flores-color\/#breadcrumb\",\"itemListElement\":[{\"@type\":\"ListItem\",\"position\":1,\"name\":\"Portada\",\"item\":\"https:\/\/www.essenciales.com\/blog\/\"},{\"@type\":\"ListItem\",\"position\":2,\"name\":\"Los mejores aceites esenciales para primavera\"}]},{\"@type\":\"WebSite\",\"@id\":\"https:\/\/www.essenciales.com\/blog\/#website\",\"url\":\"https:\/\/www.essenciales.com\/blog\/\",\"name\":\"Blog de ESSENCIALES\",\"description\":\"Conoce todas las propiedades de los aceites esenciales y vegetales, as\u00ed como sus usos y remedios naturales\",\"potentialAction\":[{\"@type\":\"SearchAction\",\"target\":{\"@type\":\"EntryPoint\",\"urlTemplate\":\"https:\/\/www.essenciales.com\/blog\/?s={search_term_string}\"},\"query-input\":\"required name=search_term_string\"}],\"inLanguage\":\"es\"},{\"@type\":\"Person\",\"@id\":\"https:\/\/www.essenciales.com\/blog\/#\/schema\/person\/ba44a296eed23f89b82b6b67dee32d7f\",\"name\":\"Nuria Moreno\"}]}<\/script>\n<!-- \/ Yoast SEO plugin. -->","yoast_head_json":{"title":"Los mejores aceites esenciales para primavera | Blog de ESSENCIALES","description":"El equinoccio de primavera y los aceites esenciales: Descubre cu\u00e1les van a ser tus mejores aliados para esta nueva estaci\u00f3n.","robots":{"index":"index","follow":"follow","max-snippet":"max-snippet:-1","max-image-preview":"max-image-preview:large","max-video-preview":"max-video-preview:-1"},"canonical":"https:\/\/www.essenciales.com\/blog\/los-mejores-aceites-esenciales-para-primavera-equinoccio-estacion-aromas-aceites-calor-buen-tiempo-flores-color\/","og_locale":"es_ES","og_type":"article","og_title":"Los mejores aceites esenciales para primavera | Blog de ESSENCIALES","og_description":"El equinoccio de primavera y los aceites esenciales: Descubre cu\u00e1les van a ser tus mejores aliados para esta nueva estaci\u00f3n.","og_url":"https:\/\/www.essenciales.com\/blog\/los-mejores-aceites-esenciales-para-primavera-equinoccio-estacion-aromas-aceites-calor-buen-tiempo-flores-color\/","og_site_name":"Blog de ESSENCIALES","article_published_time":"2023-03-17T17:40:18+00:00","article_modified_time":"2023-03-02T14:11:24+00:00","og_image":[{"width":800,"height":500,"url":"https:\/\/www.essenciales.com\/blog\/wp-content\/uploads\/fondo_blog_-ACEITES_PRIMAVERA_800x500.jpg","type":"image\/jpeg"}],"author":"Nuria Moreno","twitter_card":"summary_large_image","twitter_misc":{"Escrito por":"Nuria Moreno","Tiempo de lectura":"4 minutos"},"schema":{"@context":"https:\/\/schema.org","@graph":[{"@type":"WebPage","@id":"https:\/\/www.essenciales.com\/blog\/los-mejores-aceites-esenciales-para-primavera-equinoccio-estacion-aromas-aceites-calor-buen-tiempo-flores-color\/","url":"https:\/\/www.essenciales.com\/blog\/los-mejores-aceites-esenciales-para-primavera-equinoccio-estacion-aromas-aceites-calor-buen-tiempo-flores-color\/","name":"Los mejores aceites esenciales para primavera | Blog de ESSENCIALES","isPartOf":{"@id":"https:\/\/www.essenciales.com\/blog\/#website"},"datePublished":"2023-03-17T17:40:18+00:00","dateModified":"2023-03-02T14:11:24+00:00","author":{"@id":"https:\/\/www.essenciales.com\/blog\/#\/schema\/person\/ba44a296eed23f89b82b6b67dee32d7f"},"description":"El equinoccio de primavera y los aceites esenciales: Descubre cu\u00e1les van a ser tus mejores aliados para esta nueva estaci\u00f3n.","breadcrumb":{"@id":"https:\/\/www.essenciales.com\/blog\/los-mejores-aceites-esenciales-para-primavera-equinoccio-estacion-aromas-aceites-calor-buen-tiempo-flores-color\/#breadcrumb"},"inLanguage":"es","potentialAction":[{"@type":"ReadAction","target":["https:\/\/www.essenciales.com\/blog\/los-mejores-aceites-esenciales-para-primavera-equinoccio-estacion-aromas-aceites-calor-buen-tiempo-flores-color\/"]}]},{"@type":"BreadcrumbList","@id":"https:\/\/www.essenciales.com\/blog\/los-mejores-aceites-esenciales-para-primavera-equinoccio-estacion-aromas-aceites-calor-buen-tiempo-flores-color\/#breadcrumb","itemListElement":[{"@type":"ListItem","position":1,"name":"Portada","item":"https:\/\/www.essenciales.com\/blog\/"},{"@type":"ListItem","position":2,"name":"Los mejores aceites esenciales para primavera"}]},{"@type":"WebSite","@id":"https:\/\/www.essenciales.com\/blog\/#website","url":"https:\/\/www.essenciales.com\/blog\/","name":"Blog de ESSENCIALES","description":"Conoce todas las propiedades de los aceites esenciales y vegetales, as\u00ed como sus usos y remedios naturales","potentialAction":[{"@type":"SearchAction","target":{"@type":"EntryPoint","urlTemplate":"https:\/\/www.essenciales.com\/blog\/?s={search_term_string}"},"query-input":"required name=search_term_string"}],"inLanguage":"es"},{"@type":"Person","@id":"https:\/\/www.essenciales.com\/blog\/#\/schema\/person\/ba44a296eed23f89b82b6b67dee32d7f","name":"Nuria Moreno"}]}},"_links":{"self":[{"href":"https:\/\/www.essenciales.com\/blog\/wp-json\/wp\/v2\/posts\/1966"}],"collection":[{"href":"https:\/\/www.essenciales.com\/blog\/wp-json\/wp\/v2\/posts"}],"about":[{"href":"https:\/\/www.essenciales.com\/blog\/wp-json\/wp\/v2\/types\/post"}],"author":[{"embeddable":true,"href":"https:\/\/www.essenciales.com\/blog\/wp-json\/wp\/v2\/users\/4"}],"replies":[{"embeddable":true,"href":"https:\/\/www.essenciales.com\/blog\/wp-json\/wp\/v2\/comments?post=1966"}],"version-history":[{"count":2,"href":"https:\/\/www.essenciales.com\/blog\/wp-json\/wp\/v2\/posts\/1966\/revisions"}],"predecessor-version":[{"id":1970,"href":"https:\/\/www.essenciales.com\/blog\/wp-json\/wp\/v2\/posts\/1966\/revisions\/1970"}],"wp:featuredmedia":[{"embeddable":true,"href":"https:\/\/www.essenciales.com\/blog\/wp-json\/wp\/v2\/media\/1976"}],"wp:attachment":[{"href":"https:\/\/www.essenciales.com\/blog\/wp-json\/wp\/v2\/media?parent=1966"}],"wp:term":[{"taxonomy":"category","embeddable":true,"href":"https:\/\/www.essenciales.com\/blog\/wp-json\/wp\/v2\/categories?post=1966"},{"taxonomy":"post_tag","embeddable":true,"href":"https:\/\/www.essenciales.com\/blog\/wp-json\/wp\/v2\/tags?post=1966"}],"curies":[{"name":"wp","href":"https:\/\/api.w.org\/{rel}","templated":true}]}}