{"id":1996,"date":"2023-05-07T12:45:56","date_gmt":"2023-05-07T10:45:56","guid":{"rendered":"https:\/\/www.essenciales.com\/blog\/?p=1996"},"modified":"2023-05-06T20:30:44","modified_gmt":"2023-05-06T18:30:44","slug":"aceites-vegetales-en-tratamientos-capilares-cabellos-tratados-permanente-alisado-queratina","status":"publish","type":"post","link":"https:\/\/www.essenciales.com\/blog\/aceites-vegetales-en-tratamientos-capilares-cabellos-tratados-permanente-alisado-queratina\/","title":{"rendered":"Aceites vegetales en tratamientos capilares"},"content":{"rendered":"<p>&nbsp;<\/p>\n<h2 style=\"text-align: center;\"><strong>Alisado de queratina, permanentes\u2026 liso o rizado, aprende a usar aceites vegetales en tratamientos capilares.<\/strong><\/h2>\n<p>Bienvenidos de nuevo al blog de Essenciales, en el mes de marzo publicamos <a href=\"https:\/\/www.essenciales.com\/blog\/cuida-tu-cabello-tenido-con-aceites-esenciales-essenciales-blog-decoloracion-tintes\/)\">un art\u00edculo<\/a> sobre el uso de aceites esenciales en cabellos te\u00f1idos y recibimos muchas dudas con respecto a los cabellos tratados con alisado o permanente, es por ello que hoy os traemos este art\u00edculo recopilando toda la informaci\u00f3n.<\/p>\n<p><!--more--><\/p>\n<h3>Tratamientos del cabello:<\/h3>\n<p>Existen muchos tipos diferentes de tratamientos capilares, en funci\u00f3n de tu tipo de cabello y tus problemas espec\u00edficos. \u00c9stos son algunos de los tratamientos capilares m\u00e1s comunes:<\/p>\n<ul>\n<li><strong>Tratamientos de acondicionamiento profundo:<\/strong> Estos tratamientos est\u00e1n dise\u00f1ados para nutrir e hidratar el cabello en profundidad, dej\u00e1ndolo suave y brillante. Son especialmente beneficiosos para las personas con cabello seco o da\u00f1ado.<\/li>\n<li><strong>Tratamientos de queratina:<\/strong> La queratina es una prote\u00edna que se encuentra de forma natural en el cabello, y estos tratamientos tienen como objetivo reponer la queratina en el cabello, haci\u00e9ndolo m\u00e1s fuerte y suave.<\/li>\n<li><strong>Tratamientos con aceite caliente:<\/strong> Los tratamientos con aceite caliente consisten en aplicar aceite caliente sobre el pelo y el cuero cabelludo para hidratarlo y nutrirlo. Los distintos aceites tienen beneficios diferentes, y algunas opciones populares son el aceite de coco, el aceite de arg\u00e1n y el aceite de oliva.<\/li>\n<li><strong>Tratamientos del cuero cabelludo:<\/strong> Estos tratamientos se centran en el cuero cabelludo y tienen como objetivo aliviar la sequedad, el picor y la descamaci\u00f3n. Pueden incluir ingredientes como aceite de \u00e1rbol de t\u00e9 o \u00e1cido salic\u00edlico.<\/li>\n<li><strong>Tratamientos con prote\u00ednas:<\/strong> Estos tratamientos est\u00e1n dise\u00f1ados para fortalecer el cabello a\u00f1adiendo prote\u00ednas a las hebras capilares. Pueden ser especialmente \u00fatiles para personas con cabello d\u00e9bil o da\u00f1ado.<\/li>\n<li><strong>Tratamientos de coloraci\u00f3n:<\/strong> Los tratamientos de coloraci\u00f3n pueden incluir tintes tradicionales, mechas o balayage. Estos tratamientos pueden ayudar a a\u00f1adir dimensi\u00f3n y vitalidad al cabello, pero tambi\u00e9n pueden causar da\u00f1os si no se realizan correctamente.<\/li>\n<\/ul>\n<p>&nbsp;<\/p>\n<p>Para cualquier tratamiento debes consultar siempre con un profesional que tenga en cuenta tu tipo de cabello, de cuero cabelludo y las caracter\u00edsticas de ambos. No recomendamos llevar a cabo ninguno de estos tratamientos en casa.<\/p>\n<p>Nos vamos a centrar en los dos tratamientos del cabello que nos ata\u00f1en hoy:<\/p>\n<h3>Tratamientos de alisado del cabello:<\/h3>\n<ul>\n<li><strong>Alisado qu\u00edmico:<\/strong> Se trata de un tratamiento de alisado permanente que consiste en utilizar una soluci\u00f3n qu\u00edmica para romper los enlaces naturales del cabello y volver a alisarlo. El proceso puede durar varias horas y da\u00f1ar el cabello si no se realiza correctamente.<\/li>\n<li><strong>Alisado japon\u00e9s:<\/strong> Tambi\u00e9n conocido como reacondicionamiento t\u00e9rmico, este tratamiento utiliza una combinaci\u00f3n de productos qu\u00edmicos y calor para alisar el pelo de forma permanente. Puede llevar varias horas y ser costoso, pero los resultados pueden durar varios meses.<\/li>\n<li><strong>Tratamiento brasile\u00f1o de queratina:<\/strong> Este tratamiento utiliza una soluci\u00f3n a base de queratina para alisar el pelo. No es permanente, suele durar de 2 a 4 meses, y puede ser menos da\u00f1ino para el pelo que el alisado qu\u00edmico.<\/li>\n<li><strong>Plancha:<\/strong> La plancha es una t\u00e9cnica de alisado temporal que consiste en utilizar una plancha para alisar el pelo. Puede ser perjudicial para el cabello si se realiza con frecuencia, pero es una forma r\u00e1pida y f\u00e1cil de conseguir un pelo liso.<\/li>\n<\/ul>\n<h3>Tratamientos para rizar el cabello:<\/h3>\n<ul>\n<li><strong>Permanente:<\/strong> La permanente, abreviatura de \u00abondulaci\u00f3n permanente\u00bb, es un tratamiento qu\u00edmico que consiste en utilizar una soluci\u00f3n qu\u00edmica para romper los enlaces naturales del cabello y volver a rizarlo. El proceso puede durar varias horas y da\u00f1ar el pelo si no se realiza correctamente, los resultados pueden durar varios meses.<\/li>\n<li><strong>Rodillos calientes:<\/strong> Los rulos calientes son un m\u00e9todo no qu\u00edmico de rizar el pelo. Se calientan y luego se enrollan en el pelo, creando rizos mientras se enfr\u00edan. Este m\u00e9todo puede ser menos da\u00f1ino para el pelo que los tratamientos qu\u00edmicos, pero los resultados son temporales.<\/li>\n<li><strong>Rizador:<\/strong> El rizador es una herramienta manual que utiliza calor para rizar el pelo. Puede da\u00f1ar el pelo si se utiliza con frecuencia o de forma inadecuada, pero es una forma r\u00e1pida y f\u00e1cil de crear rizos.<\/li>\n<li><strong>Varillas flexibles:<\/strong> Las varillas flexibles son un tipo de varilla de espuma que se enrosca en el pelo para crear rizos. Se pueden utilizar con el pelo h\u00famedo o seco y no requieren calor. Pueden tardar varias horas en fijarse, pero los resultados pueden durar varios d\u00edas.<\/li>\n<\/ul>\n<h3>Si ya tienes el pelo tratado con alguna de estas t\u00e9cnicas vas a descubrir ahora como cuidarlo con aceites vegetales:<\/h3>\n<p><strong>Aceite de aguacate<\/strong> (<em>Persea Gratissima<\/em>): hidrata y nutre el cabello, ayuda a prevenir la rotura y realza el brillo del cabello tratado.<\/p>\n<p style=\"text-align: center;\"><a href=\"https:\/\/www.essenciales.com\/aceites-primera-presion-frio\/aceite-de-aguacate-1-presion-frio.html#\/3-tamano-30_ml\">Comprar aceite vegetal de aguacate<\/a><\/p>\n<p><strong>Aceite de ricino<\/strong> (<em>Ricinus communis<\/em>): rico en \u00e1cidos grasos, ayuda a hidratar y fortalecer el cabello, favoreciendo su crecimiento y reduciendo su rotura.<\/p>\n<p style=\"text-align: center;\"><a href=\"https:\/\/www.essenciales.com\/aceites-primera-presion-frio\/aceite-ricino-virgen.html#\/4-tamano-100_ml\">Comprar aceite vegetal de ricino\u00a0<\/a><\/p>\n<p>&nbsp;<\/p>\n<p><strong>Aceite de pepitas de uva<\/strong> (<em>Vitis vin\u00edfera<\/em>): ligero y no graso, ayuda a suavizar y desenredar el cabello tratado sin apelmazarlo.<\/p>\n<p style=\"text-align: center;\"><a href=\"https:\/\/www.essenciales.com\/aceites-primera-presion-frio\/aceite-vegetal-pepita-uva-primera-presion-frio.html#\/4-tamano-100_ml\">Comprar aceite vegetal de pepita de uva<\/a><\/p>\n<p><strong>Aceite de jojoba<\/strong> (<em>Simmondsia chinensis<\/em>): Conocido como el \u201coro del desierto\u201d, muy eficaz para la p\u00e9rdida de cabello, cabello graso o cabello seco y da\u00f1ado. Su influencia en la industria de champ\u00fas cada vez es mayor.<\/p>\n<p style=\"text-align: center;\"><a href=\"https:\/\/www.essenciales.com\/aceites-primera-presion-frio\/aceite-vegetal-jojoba-primera-presion-frio.html#\/4-tamano-100_ml\">Comprar aceite vegetal de jojoba<\/a><\/p>\n<p><strong>Aceite de coco<\/strong> (<em>Cocos nucifera<\/em>): El aceite de coco es uno de los mejores aliados para la belleza que podemos encontrar en nuestra naturaleza. El coco ha sido usado desde la antig\u00fcedad por sus propiedades para la salud. Con el tiempo, este s\u00faper hidratante tambi\u00e9n se ha convertido en uno de los mejores productos para el cuidado de la piel y el cabello.<\/p>\n<p style=\"text-align: center;\"><a href=\"https:\/\/www.essenciales.com\/aceites-primera-presion-frio\/aceite-coco-primera-presion-frio.html#\/4-tamano-100_ml\">Comprar aceite vegetal de coco<\/a><\/p>\n<p>&nbsp;<\/p>\n<p>Para utilizar aceites esenciales en el cabello tratado, alisado o rizado, puedes seguir los mismos m\u00e9todos que para el cabello no tratado, como el masaje del cuero cabelludo o el tratamiento con aceite caliente, pero aseg\u00farate de utilizar un champ\u00fa suave sin sulfatos para evitar da\u00f1ar el cabello al igual que con el te\u00f1ido. Como con todos los aceites esenciales, es importante hacer una prueba y diluirlo antes de usarlo para evitar irritaciones cut\u00e1neas.<\/p>\n<p>Hasta aqu\u00ed el art\u00edculo de hoy, dime si te interesa este tema y si te gustar\u00eda conocer tipos de aceite para cabellos rizados o lisos de manera natural, o para la ca\u00edda del cabello o cabellos canos, cualquier tema que te interese al respecto buscaremos la manera de ayudarte a tratarlo con aceites vegetales o esenciales.<\/p>\n<p>&nbsp;<\/p>\n<h3 style=\"text-align: center;\">\u2665Os leo en comentarios\u2665<\/h3>\n","protected":false},"excerpt":{"rendered":"<p>&nbsp; Alisado de queratina, permanentes\u2026 liso o rizado, aprende a usar aceites vegetales en tratamientos capilares. Bienvenidos de nuevo al blog de Essenciales, en el&#8230;<\/p>\n<p class=\"readmore\"><a class=\"more-btn\" href=\"https:\/\/www.essenciales.com\/blog\/aceites-vegetales-en-tratamientos-capilares-cabellos-tratados-permanente-alisado-queratina\/\">Leer m\u00e1s<\/a><\/p>\n","protected":false},"author":4,"featured_media":2002,"comment_status":"open","ping_status":"open","sticky":false,"template":"","format":"standard","meta":[],"categories":[76,153],"tags":[],"yoast_head":"<!-- This site is optimized with the Yoast SEO plugin v19.10 - https:\/\/yoast.com\/wordpress\/plugins\/seo\/ -->\n<title>Aceites vegetales en tratamientos capilares | Blog de ESSENCIALES<\/title>\n<meta name=\"description\" content=\"Los cabellos con tratamientos necesitan unos cuidados especiales. Aprende a cuidarlos de manera natural con aceites vegetales.\" \/>\n<meta name=\"robots\" content=\"index, follow, max-snippet:-1, max-image-preview:large, max-video-preview:-1\" \/>\n<link rel=\"canonical\" href=\"https:\/\/www.essenciales.com\/blog\/aceites-vegetales-en-tratamientos-capilares-cabellos-tratados-permanente-alisado-queratina\/\" \/>\n<meta property=\"og:locale\" content=\"es_ES\" \/>\n<meta property=\"og:type\" content=\"article\" \/>\n<meta property=\"og:title\" content=\"Aceites vegetales en tratamientos capilares | Blog de ESSENCIALES\" \/>\n<meta property=\"og:description\" content=\"Los cabellos con tratamientos necesitan unos cuidados especiales. Aprende a cuidarlos de manera natural con aceites vegetales.\" \/>\n<meta property=\"og:url\" content=\"https:\/\/www.essenciales.com\/blog\/aceites-vegetales-en-tratamientos-capilares-cabellos-tratados-permanente-alisado-queratina\/\" \/>\n<meta property=\"og:site_name\" content=\"Blog de ESSENCIALES\" \/>\n<meta property=\"article:published_time\" content=\"2023-05-07T10:45:56+00:00\" \/>\n<meta property=\"article:modified_time\" content=\"2023-05-06T18:30:44+00:00\" \/>\n<meta property=\"og:image\" content=\"https:\/\/www.essenciales.com\/blog\/wp-content\/uploads\/fondo_blog_TRATAMIENTOS-CAPILARES_800x500.jpg\" \/>\n\t<meta property=\"og:image:width\" content=\"800\" \/>\n\t<meta property=\"og:image:height\" content=\"500\" \/>\n\t<meta property=\"og:image:type\" content=\"image\/jpeg\" \/>\n<meta name=\"author\" content=\"Nuria Moreno\" \/>\n<meta name=\"twitter:card\" content=\"summary_large_image\" \/>\n<meta name=\"twitter:label1\" content=\"Escrito por\" \/>\n\t<meta name=\"twitter:data1\" content=\"Nuria Moreno\" \/>\n\t<meta name=\"twitter:label2\" content=\"Tiempo de lectura\" \/>\n\t<meta name=\"twitter:data2\" content=\"5 minutos\" \/>\n<script type=\"application\/ld+json\" class=\"yoast-schema-graph\">{\"@context\":\"https:\/\/schema.org\",\"@graph\":[{\"@type\":\"WebPage\",\"@id\":\"https:\/\/www.essenciales.com\/blog\/aceites-vegetales-en-tratamientos-capilares-cabellos-tratados-permanente-alisado-queratina\/\",\"url\":\"https:\/\/www.essenciales.com\/blog\/aceites-vegetales-en-tratamientos-capilares-cabellos-tratados-permanente-alisado-queratina\/\",\"name\":\"Aceites vegetales en tratamientos capilares | Blog de ESSENCIALES\",\"isPartOf\":{\"@id\":\"https:\/\/www.essenciales.com\/blog\/#website\"},\"datePublished\":\"2023-05-07T10:45:56+00:00\",\"dateModified\":\"2023-05-06T18:30:44+00:00\",\"author\":{\"@id\":\"https:\/\/www.essenciales.com\/blog\/#\/schema\/person\/ba44a296eed23f89b82b6b67dee32d7f\"},\"description\":\"Los cabellos con tratamientos necesitan unos cuidados especiales. Aprende a cuidarlos de manera natural con aceites vegetales.\",\"breadcrumb\":{\"@id\":\"https:\/\/www.essenciales.com\/blog\/aceites-vegetales-en-tratamientos-capilares-cabellos-tratados-permanente-alisado-queratina\/#breadcrumb\"},\"inLanguage\":\"es\",\"potentialAction\":[{\"@type\":\"ReadAction\",\"target\":[\"https:\/\/www.essenciales.com\/blog\/aceites-vegetales-en-tratamientos-capilares-cabellos-tratados-permanente-alisado-queratina\/\"]}]},{\"@type\":\"BreadcrumbList\",\"@id\":\"https:\/\/www.essenciales.com\/blog\/aceites-vegetales-en-tratamientos-capilares-cabellos-tratados-permanente-alisado-queratina\/#breadcrumb\",\"itemListElement\":[{\"@type\":\"ListItem\",\"position\":1,\"name\":\"Portada\",\"item\":\"https:\/\/www.essenciales.com\/blog\/\"},{\"@type\":\"ListItem\",\"position\":2,\"name\":\"Aceites vegetales en tratamientos capilares\"}]},{\"@type\":\"WebSite\",\"@id\":\"https:\/\/www.essenciales.com\/blog\/#website\",\"url\":\"https:\/\/www.essenciales.com\/blog\/\",\"name\":\"Blog de ESSENCIALES\",\"description\":\"Conoce todas las propiedades de los aceites esenciales y vegetales, as\u00ed como sus usos y remedios naturales\",\"potentialAction\":[{\"@type\":\"SearchAction\",\"target\":{\"@type\":\"EntryPoint\",\"urlTemplate\":\"https:\/\/www.essenciales.com\/blog\/?s={search_term_string}\"},\"query-input\":\"required name=search_term_string\"}],\"inLanguage\":\"es\"},{\"@type\":\"Person\",\"@id\":\"https:\/\/www.essenciales.com\/blog\/#\/schema\/person\/ba44a296eed23f89b82b6b67dee32d7f\",\"name\":\"Nuria Moreno\"}]}<\/script>\n<!-- \/ Yoast SEO plugin. -->","yoast_head_json":{"title":"Aceites vegetales en tratamientos capilares | Blog de ESSENCIALES","description":"Los cabellos con tratamientos necesitan unos cuidados especiales. Aprende a cuidarlos de manera natural con aceites vegetales.","robots":{"index":"index","follow":"follow","max-snippet":"max-snippet:-1","max-image-preview":"max-image-preview:large","max-video-preview":"max-video-preview:-1"},"canonical":"https:\/\/www.essenciales.com\/blog\/aceites-vegetales-en-tratamientos-capilares-cabellos-tratados-permanente-alisado-queratina\/","og_locale":"es_ES","og_type":"article","og_title":"Aceites vegetales en tratamientos capilares | Blog de ESSENCIALES","og_description":"Los cabellos con tratamientos necesitan unos cuidados especiales. Aprende a cuidarlos de manera natural con aceites vegetales.","og_url":"https:\/\/www.essenciales.com\/blog\/aceites-vegetales-en-tratamientos-capilares-cabellos-tratados-permanente-alisado-queratina\/","og_site_name":"Blog de ESSENCIALES","article_published_time":"2023-05-07T10:45:56+00:00","article_modified_time":"2023-05-06T18:30:44+00:00","og_image":[{"width":800,"height":500,"url":"https:\/\/www.essenciales.com\/blog\/wp-content\/uploads\/fondo_blog_TRATAMIENTOS-CAPILARES_800x500.jpg","type":"image\/jpeg"}],"author":"Nuria Moreno","twitter_card":"summary_large_image","twitter_misc":{"Escrito por":"Nuria Moreno","Tiempo de lectura":"5 minutos"},"schema":{"@context":"https:\/\/schema.org","@graph":[{"@type":"WebPage","@id":"https:\/\/www.essenciales.com\/blog\/aceites-vegetales-en-tratamientos-capilares-cabellos-tratados-permanente-alisado-queratina\/","url":"https:\/\/www.essenciales.com\/blog\/aceites-vegetales-en-tratamientos-capilares-cabellos-tratados-permanente-alisado-queratina\/","name":"Aceites vegetales en tratamientos capilares | Blog de ESSENCIALES","isPartOf":{"@id":"https:\/\/www.essenciales.com\/blog\/#website"},"datePublished":"2023-05-07T10:45:56+00:00","dateModified":"2023-05-06T18:30:44+00:00","author":{"@id":"https:\/\/www.essenciales.com\/blog\/#\/schema\/person\/ba44a296eed23f89b82b6b67dee32d7f"},"description":"Los cabellos con tratamientos necesitan unos cuidados especiales. Aprende a cuidarlos de manera natural con aceites vegetales.","breadcrumb":{"@id":"https:\/\/www.essenciales.com\/blog\/aceites-vegetales-en-tratamientos-capilares-cabellos-tratados-permanente-alisado-queratina\/#breadcrumb"},"inLanguage":"es","potentialAction":[{"@type":"ReadAction","target":["https:\/\/www.essenciales.com\/blog\/aceites-vegetales-en-tratamientos-capilares-cabellos-tratados-permanente-alisado-queratina\/"]}]},{"@type":"BreadcrumbList","@id":"https:\/\/www.essenciales.com\/blog\/aceites-vegetales-en-tratamientos-capilares-cabellos-tratados-permanente-alisado-queratina\/#breadcrumb","itemListElement":[{"@type":"ListItem","position":1,"name":"Portada","item":"https:\/\/www.essenciales.com\/blog\/"},{"@type":"ListItem","position":2,"name":"Aceites vegetales en tratamientos capilares"}]},{"@type":"WebSite","@id":"https:\/\/www.essenciales.com\/blog\/#website","url":"https:\/\/www.essenciales.com\/blog\/","name":"Blog de ESSENCIALES","description":"Conoce todas las propiedades de los aceites esenciales y vegetales, as\u00ed como sus usos y remedios naturales","potentialAction":[{"@type":"SearchAction","target":{"@type":"EntryPoint","urlTemplate":"https:\/\/www.essenciales.com\/blog\/?s={search_term_string}"},"query-input":"required name=search_term_string"}],"inLanguage":"es"},{"@type":"Person","@id":"https:\/\/www.essenciales.com\/blog\/#\/schema\/person\/ba44a296eed23f89b82b6b67dee32d7f","name":"Nuria Moreno"}]}},"_links":{"self":[{"href":"https:\/\/www.essenciales.com\/blog\/wp-json\/wp\/v2\/posts\/1996"}],"collection":[{"href":"https:\/\/www.essenciales.com\/blog\/wp-json\/wp\/v2\/posts"}],"about":[{"href":"https:\/\/www.essenciales.com\/blog\/wp-json\/wp\/v2\/types\/post"}],"author":[{"embeddable":true,"href":"https:\/\/www.essenciales.com\/blog\/wp-json\/wp\/v2\/users\/4"}],"replies":[{"embeddable":true,"href":"https:\/\/www.essenciales.com\/blog\/wp-json\/wp\/v2\/comments?post=1996"}],"version-history":[{"count":2,"href":"https:\/\/www.essenciales.com\/blog\/wp-json\/wp\/v2\/posts\/1996\/revisions"}],"predecessor-version":[{"id":2003,"href":"https:\/\/www.essenciales.com\/blog\/wp-json\/wp\/v2\/posts\/1996\/revisions\/2003"}],"wp:featuredmedia":[{"embeddable":true,"href":"https:\/\/www.essenciales.com\/blog\/wp-json\/wp\/v2\/media\/2002"}],"wp:attachment":[{"href":"https:\/\/www.essenciales.com\/blog\/wp-json\/wp\/v2\/media?parent=1996"}],"wp:term":[{"taxonomy":"category","embeddable":true,"href":"https:\/\/www.essenciales.com\/blog\/wp-json\/wp\/v2\/categories?post=1996"},{"taxonomy":"post_tag","embeddable":true,"href":"https:\/\/www.essenciales.com\/blog\/wp-json\/wp\/v2\/tags?post=1996"}],"curies":[{"name":"wp","href":"https:\/\/api.w.org\/{rel}","templated":true}]}}