{"id":2013,"date":"2023-06-15T13:16:38","date_gmt":"2023-06-15T11:16:38","guid":{"rendered":"https:\/\/www.essenciales.com\/blog\/?p=2013"},"modified":"2023-06-02T12:51:58","modified_gmt":"2023-06-02T10:51:58","slug":"aceites-esenciales-y-vegetales-en-el-solsticio-de-verano-ritual-san-juan-litha-luna-natural","status":"publish","type":"post","link":"https:\/\/www.essenciales.com\/blog\/aceites-esenciales-y-vegetales-en-el-solsticio-de-verano-ritual-san-juan-litha-luna-natural\/","title":{"rendered":"Aceites esenciales y vegetales en el solsticio de verano"},"content":{"rendered":"<h2 style=\"text-align: center;\"><em>\u2666\u2666\u2666 Bienvenido verano \u2666\u2666\u2666<\/em><\/h2>\n<h2 style=\"text-align: center;\"><strong>Todos conocemos la celebraci\u00f3n de San Juan, pero \u00bfconoces la celebraci\u00f3n de Litha?<\/strong><\/h2>\n<p>Bienvenidos un d\u00eda m\u00e1s al blog de Essenciales. Estamos a nada de comenzar el verano y no nos podr\u00eda hacer m\u00e1s ilusi\u00f3n. Para m\u00ed el verano siempre ha comenzado con una hoguera, un ba\u00f1o y un papelito dejando atr\u00e1s todo lo malo, s\u00ed me refiero a las festividades y rituales en torno a la noche m\u00e1gica de San Juan. Este a\u00f1o, gracias a una de nuestras <a href=\"https:\/\/www.instagram.com\/lasvelitasdesandrita\/\">colaboradoras \u00a0<\/a>de <a href=\"https:\/\/www.instagram.com\/essenciales_com\/\">Instagram<\/a> he descubierto una antigua festividad en torno al verano que me ha encantado y vengo a compartir con vosotros: Litha.<\/p>\n<p>&nbsp;<\/p>\n<p>El solsticio de verano es un momento m\u00e1gico que marca el d\u00eda m\u00e1s largo del a\u00f1o y la llegada oficial del verano. En diferentes culturas y tradiciones, este evento se celebra de diversas maneras. Dos de las celebraciones m\u00e1s conocidas son Litha y San Juan. Estas festividades est\u00e1n llenas de historia, mitolog\u00eda y rituales que honran el poder del sol y la renovaci\u00f3n de la naturaleza.<\/p>\n<p>&nbsp;<\/p>\n<h3><strong>Vamos a conocer estas dos festividades:<\/strong><\/h3>\n<h4><strong>Litha: El renacimiento del sol<\/strong><\/h4>\n<p>Litha es una antigua festividad pagana que se celebra el 21 de junio en el hemisferio norte (o el 21 de diciembre en el hemisferio sur). En la tradici\u00f3n wicca y otras corrientes paganas, Litha es un momento de celebraci\u00f3n y gratitud por la energ\u00eda del sol y su fuerza vital. Se cree que durante este d\u00eda, el sol est\u00e1 en su punto m\u00e1s alto en el cielo, irradiando su m\u00e1ximo poder y vitalidad.<\/p>\n<p>&nbsp;<\/p>\n<p>Durante Litha, muchas personas se re\u00fanen al aire libre, en lugares sagrados o en sus propios jardines, para conectarse con la naturaleza y celebrar el solsticio de verano. Se realizan rituales para honrar al sol, agradecer por la abundancia y la fertilidad de la tierra, y pedir bendiciones para el futuro. Las hogueras son una parte importante de las celebraciones de Litha, ya que representan la luz solar y la purificaci\u00f3n.<\/p>\n<p>&nbsp;<\/p>\n<p>Adem\u00e1s de los rituales, Litha es un momento para disfrutar de actividades al aire libre, como danzas, m\u00fasica, comida y juegos. Las personas suelen vestirse con colores brillantes y usar coronas de flores para celebrar la belleza y la vitalidad de la naturaleza en pleno verano.<\/p>\n<p>&nbsp;<\/p>\n<h4><strong>San Juan: La noche m\u00e1gica<\/strong><\/h4>\n<p>San Juan es una festividad cristiana que se celebra el 24 de junio y est\u00e1 asociada con el solsticio de verano. Esta celebraci\u00f3n tiene ra\u00edces tanto cristianas como paganas, y combina elementos religiosos y rituales populares. Se le atribuyen propiedades m\u00e1gicas y protectoras a esta noche, consider\u00e1ndola un momento en el que los poderes sobrenaturales est\u00e1n m\u00e1s accesibles.<\/p>\n<p>&nbsp;<\/p>\n<p>En muchas regiones, especialmente en Espa\u00f1a y Am\u00e9rica Latina, la festividad de San Juan se celebra con hogueras, fuegos artificiales y rituales relacionados con el agua. La tradici\u00f3n m\u00e1s extendida es la de encender hogueras en las playas o en lugares al aire libre, donde las personas se re\u00fanen para saltar sobre el fuego o hacer rituales de purificaci\u00f3n. Se cree que saltar sobre las llamas limpia los malos esp\u00edritus y atrae buena suerte.<\/p>\n<p>&nbsp;<\/p>\n<p>Adem\u00e1s, en la noche de San Juan es com\u00fan que la gente se ba\u00f1e en el mar, r\u00edos o fuentes. Se cree que el agua en esta noche tiene propiedades curativas y purificadoras. Tambi\u00e9n se practican rituales para atraer el amor, la salud y la prosperidad.<\/p>\n<p>&nbsp;<\/p>\n<p>Tanto Litha como San Juan son festividades llenas de simbolismo y magia, donde las personas se conectan con la naturaleza y celebran la renovaci\u00f3n y la energ\u00eda del sol en el solsticio de verano. Son momentos propicios para reflexionar, agradecer y establecer intenciones para el futuro, al tiempo que se disfruta de la compa\u00f1\u00eda de seres queridos y se participa en rituales tradicionales que han perdurado a lo largo de los siglos.<\/p>\n<p>&nbsp;<\/p>\n<h3><strong>Aceites esenciales en un ritual de solsticio de verano:<\/strong><\/h3>\n<p>En un ritual de solsticio de verano, puedes utilizar varios aceites esenciales que se asocian con la energ\u00eda del sol, la vitalidad y la celebraci\u00f3n. Aqu\u00ed tienes algunas opciones que podr\u00edas considerar:<\/p>\n<p>&nbsp;<\/p>\n<ol>\n<li><a href=\"https:\/\/www.essenciales.com\/aceites-esenciales-puros\/aceite-esencial-naranja.html#\/2-tamano-10_ml\">Aceite esencial de naranja<\/a> (<em>Citrus sinensis dulcis<\/em>): La naranja es un aroma energizante y refrescante que evoca alegr\u00eda y vitalidad. Puedes utilizarlo para infundir tu espacio ritual con un ambiente festivo y alegre.<\/li>\n<\/ol>\n<p>&nbsp;<\/p>\n<ol start=\"2\">\n<li><a href=\"https:\/\/www.essenciales.com\/aceites-esenciales-puros\/aceite-esencial-limon.html#\/2-tamano-10_ml\">Aceite esencial de lim\u00f3n<\/a> (<em>Citrus limon<\/em>): El lim\u00f3n es conocido por su aroma c\u00edtrico y estimulante. Puede ayudar a despertar los sentidos y proporcionar una sensaci\u00f3n de claridad y energ\u00eda.<\/li>\n<\/ol>\n<p>&nbsp;<\/p>\n<ol start=\"3\">\n<li><a href=\"https:\/\/www.essenciales.com\/aceites-esenciales-puros\/aceite-esencial-bergamota.html#\/2-tamano-10_ml\">Aceite esencial de bergamota<\/a> (<em>Citrus Bergamia<\/em>): La bergamota tiene un aroma c\u00edtrico y floral que es revitalizante y alegre. Puede ser \u00fatil para promover una actitud positiva y optimista durante el ritual.<\/li>\n<\/ol>\n<p>&nbsp;<\/p>\n<ol start=\"4\">\n<li><a href=\"https:\/\/www.essenciales.com\/aceites-esenciales-puros\/aceite-esencial-lavanda.html#\/2-tamano-10_ml\">Aceite esencial de lavanda<\/a> (<em>Lavandula angustifolia<\/em>): Aunque la lavanda es conocida principalmente por su efecto relajante, tambi\u00e9n puede ser un complemento interesante en un ritual de solsticio de verano. Su aroma suave y floral puede ayudar a equilibrar y armonizar la energ\u00eda.<\/li>\n<\/ol>\n<p>&nbsp;<\/p>\n<p>Recuerda que es importante diluir los aceites esenciales en un aceite vegetal portador antes de utilizarlos en la piel o difundirlos en el ambiente, adem\u00e1s los c\u00edtricos s\u00f3lo deben usarse durante la noche si van a ser aplicados sobre la piel. Por \u00faltimo, si tienes alguna sensibilidad o alergia, aseg\u00farate de verificar la compatibilidad de los aceites esenciales antes de usarlos.<\/p>\n<p>&nbsp;<\/p>\n<h3><strong>Aceites vegetales portadores en un ritual de solsticio de verano:<\/strong><\/h3>\n<p>En el ritual del solsticio de verano, puedes utilizar varios aceites vegetales portadores que te ayudar\u00e1n a diluir y aplicar los aceites esenciales de manera segura. Aqu\u00ed tienes algunos de los mejores aceites portadores para considerar:<\/p>\n<p>&nbsp;<\/p>\n<ol>\n<li><a href=\"https:\/\/www.essenciales.com\/aceites-primera-presion-frio\/aceite-de-almendra-dulce-1a-presion-en-frio.html#\/4-tamano-100_ml\">Aceite\u00a0 de almendra dulce<\/a> (<em>Prunus amygdalus dulcis<\/em>): Es uno de los aceites portadores m\u00e1s populares y vers\u00e1tiles. Se absorbe f\u00e1cilmente en la piel, dej\u00e1ndola suave e hidratada. Adem\u00e1s, no tiene un aroma fuerte, por lo que no interferir\u00e1 con los aromas de los aceites esenciales.<\/li>\n<\/ol>\n<p>&nbsp;<\/p>\n<ol start=\"2\">\n<li><a href=\"https:\/\/www.essenciales.com\/aceites-primera-presion-frio\/aceite-vegetal-jojoba-primera-presion-frio.html#\/4-tamano-100_ml\">Aceite de jojoba<\/a> (<em>Simmondsia chinensis<\/em>): Es muy similar al sebo natural de la piel y se absorbe r\u00e1pidamente sin dejar sensaci\u00f3n grasosa. El aceite de jojoba es nutritivo y se puede utilizar en todo tipo de piel, incluso en pieles sensibles.<\/li>\n<\/ol>\n<p>&nbsp;<\/p>\n<ol start=\"3\">\n<li><a href=\"https:\/\/www.essenciales.com\/aceites-naturales\/aceite-coco-liquido-fraccionado.html#\/4-tamano-100_ml\">Aceite de coco fraccionado<\/a> (<em>Cocos nucifera<\/em>): Este aceite se mantiene l\u00edquido incluso a bajas temperaturas y es ideal para hacer mezclas con aceites esenciales. Es hidratante y suave, y puede ayudar a extender el aroma de los aceites esenciales.<\/li>\n<\/ol>\n<p>&nbsp;<\/p>\n<ol start=\"4\">\n<li><a href=\"https:\/\/www.essenciales.com\/aceites-primera-presion-frio\/aceite-vegetal-pepita-uva-primera-presion-frio.html#\/4-tamano-100_ml\">Aceite de pepita de uva<\/a> (<em>Vitis vin\u00edfera<\/em>): Es ligero, no graso y se absorbe r\u00e1pidamente. Es conocido por sus propiedades antioxidantes y puede ser beneficioso para la piel. Adem\u00e1s, tiene un aroma neutro, lo que permite que los aceites esenciales se destaquen.<\/li>\n<\/ol>\n<p>&nbsp;<\/p>\n<ol start=\"5\">\n<li><a href=\"https:\/\/www.essenciales.com\/aceites-primera-presion-frio\/aceite-rosa-mosqueta-primera-presion-frio.html#\/2-tamano-10_ml\">Aceite de rosa mosqueta<\/a> (<em>Rosa canina<\/em>): Es especialmente beneficioso para la piel, ya que es rico en \u00e1cidos grasos esenciales y vitaminas. Ayuda a hidratar, regenerar y nutrir la piel, dej\u00e1ndola suave y radiante.<\/li>\n<\/ol>\n<p>&nbsp;<\/p>\n<p>Recuerda que al usar aceites portadores, es importante asegurarse de que sean de alta calidad y preferiblemente prensados en fr\u00edo. Esto garantizar\u00e1 que conserven sus propiedades y beneficios. Antes de aplicar cualquier aceite portador en la piel, realiza una peque\u00f1a prueba en una peque\u00f1a \u00e1rea para verificar que no haya reacciones al\u00e9rgicas o irritaciones.<\/p>\n<p>&nbsp;<\/p>\n<h3><strong>Ritual para el solsticio de verano:<\/strong><\/h3>\n<p>Aqu\u00ed te dejo una idea de ritual que puedes hacer durante el solsticio de verano:<\/p>\n<h4><u>Materiales necesarios:<\/u><\/h4>\n<p>&#8211; Aceite esencial de naranja<\/p>\n<p>&#8211; Aceite esencial de lim\u00f3n<\/p>\n<p>&#8211; Vela dorada o amarilla<\/p>\n<p>&#8211; Cuenco de cristal con agua<\/p>\n<p>&#8211; Hierbas frescas como lavanda, romero o menta<\/p>\n<p>&#8211; Papel y l\u00e1piz<\/p>\n<p>&#8211; Incienso de s\u00e1ndalo o lavanda<\/p>\n<p>&nbsp;<\/p>\n<h4><u>Pasos del ritual:<\/u><\/h4>\n<p>&nbsp;<\/p>\n<ol>\n<li>\n<h4><strong> Preparaci\u00f3n:<\/strong><\/h4>\n<\/li>\n<\/ol>\n<p>&#8211; Busca un lugar tranquilo al aire libre donde puedas estar en contacto con la naturaleza, preferiblemente al amanecer o al atardecer.<\/p>\n<p>&#8211; Coloca el cuenco de cristal con agua en el centro del espacio ritual y a\u00f1ade las hierbas frescas.<\/p>\n<p>&nbsp;<\/p>\n<ol start=\"2\">\n<li>\n<h4><strong> Intenci\u00f3n y meditaci\u00f3n:<\/strong><\/h4>\n<\/li>\n<\/ol>\n<p>&#8211; Si\u00e9ntate en frente del cuenco con las hierbas y enciende el incienso.<\/p>\n<p>&#8211; Cierra los ojos, toma algunas respiraciones profundas y relajantes.<\/p>\n<p>&#8211; Visualiza la energ\u00eda radiante del sol y conecta con su vitalidad y fuerza.<\/p>\n<p>&#8211; En tu mente o en voz alta, establece tu intenci\u00f3n para el ritual. Puede ser algo relacionado con el crecimiento personal, la alegr\u00eda, la gratitud o cualquier otro tema que te resuene para esta celebraci\u00f3n del solsticio.<\/p>\n<p>&nbsp;<\/p>\n<ol start=\"3\">\n<li>\n<h4><strong> Invocaci\u00f3n del sol y los aceites esenciales:<\/strong><\/h4>\n<\/li>\n<\/ol>\n<p>&#8211; Toma el aceite esencial de naranja en tus manos y visualiza su luz dorada. Dedica unas palabras de agradecimiento al sol y su energ\u00eda c\u00e1lida y revitalizante.<\/p>\n<p>&#8211; Aplica unas gotas del aceite de naranja en tus mu\u00f1ecas y frota tus manos para difundir su aroma.<\/p>\n<p>&#8211; A medida que disfrutas del aroma, repite en voz alta o en tu mente afirmaciones relacionadas con tu intenci\u00f3n y la energ\u00eda solar que deseas invocar.<\/p>\n<p>&nbsp;<\/p>\n<ol start=\"4\">\n<li>\n<h4><strong> Renovaci\u00f3n y purificaci\u00f3n:<\/strong><\/h4>\n<\/li>\n<\/ol>\n<p>&#8211; Toma el aceite esencial de lim\u00f3n y visualiza su brillo amarillo. Dedica unas palabras a la purificaci\u00f3n y renovaci\u00f3n que deseas para este nuevo ciclo solar.<\/p>\n<p>&#8211; Aplica unas gotas del aceite de lim\u00f3n en tus sienes, en el chakra del tercer ojo o en cualquier parte del cuerpo donde sientas que necesitas renovaci\u00f3n y claridad.<\/p>\n<p>&#8211; Mientras sientes el aroma, visualiza c\u00f3mo te liberas de cualquier negatividad o bloqueo y te llenas de energ\u00eda luminosa y fresca.<\/p>\n<p>&nbsp;<\/p>\n<ol start=\"5\">\n<li>\n<h4><strong> Escritura de intenciones y gratitud:<\/strong><\/h4>\n<\/li>\n<\/ol>\n<p>&#8211; Toma papel y l\u00e1piz y escribe tus intenciones y gratitudes relacionadas con el solsticio de verano y tu camino personal.<\/p>\n<p>&#8211; Lee en voz alta lo que has escrito y visualiza c\u00f3mo tus deseos se manifiestan con la ayuda de la energ\u00eda solar.<\/p>\n<p>&nbsp;<\/p>\n<ol start=\"6\">\n<li>\n<h4><strong> Ofrenda al agua:<\/strong><\/h4>\n<\/li>\n<\/ol>\n<p>&#8211; Toma el cuenco con agua y las hierbas frescas.<\/p>\n<p>&#8211; Con cuidado, coloca el papel con tus intenciones y gratitudes en el cuenco, permitiendo que se sumerja en el agua.<\/p>\n<p>&#8211; Observa c\u00f3mo el agua absorbe tus palabras y energ\u00eda, llevando tus intenciones al universo.<\/p>\n<p>&nbsp;<\/p>\n<ol start=\"7\">\n<li>\n<h4><strong> Agradecimiento y cierre:<\/strong><\/h4>\n<\/li>\n<\/ol>\n<p>&#8211; Agradece al sol, a los aceites esenciales y a los elementos que participaron en el ritual por su presencia y apoyo.<\/p>\n<p>&#8211; Apaga el incienso y agradece tambi\u00e9n su energ\u00eda purificadora.<\/p>\n<p>&#8211; Si lo deseas, puedes meditar unos minutos m\u00e1s, absorbiendo la energ\u00eda del sol y sinti\u00e9ndote renovado\/a.<\/p>\n<p>&nbsp;<\/p>\n<p>Recuerda que este ritual es solo una gu\u00eda y puedes adaptarlo seg\u00fan tus preferencias y creencias personales. Siempre aseg\u00farate de tomar precauciones de seguridad al manipular aceites esenciales y velas.<\/p>\n<p>&nbsp;<\/p>\n<p>Hasta aqu\u00ed el art\u00edculo de hoy, espero que os sea de ayuda para vuestros rituales y que comenc\u00e9is este nuevo periodo solar con mucha energ\u00eda.<\/p>\n<h2 style=\"text-align: center;\"><strong>\u00a1Que tengas un hermoso y poderoso solsticio de verano!<\/strong><\/h2>\n<h2 style=\"text-align: center;\"><strong>\u2665Te leo en comentarios\u2665<\/strong><\/h2>\n","protected":false},"excerpt":{"rendered":"<p>\u2666\u2666\u2666 Bienvenido verano \u2666\u2666\u2666 Todos conocemos la celebraci\u00f3n de San Juan, pero \u00bfconoces la celebraci\u00f3n de Litha? Bienvenidos un d\u00eda m\u00e1s al blog de Essenciales&#8230;.<\/p>\n<p class=\"readmore\"><a class=\"more-btn\" href=\"https:\/\/www.essenciales.com\/blog\/aceites-esenciales-y-vegetales-en-el-solsticio-de-verano-ritual-san-juan-litha-luna-natural\/\">Leer m\u00e1s<\/a><\/p>\n","protected":false},"author":4,"featured_media":2017,"comment_status":"open","ping_status":"open","sticky":false,"template":"","format":"standard","meta":[],"categories":[42,76,150,104,157],"tags":[],"yoast_head":"<!-- This site is optimized with the Yoast SEO plugin v19.10 - https:\/\/yoast.com\/wordpress\/plugins\/seo\/ -->\n<title>Aceites esenciales y vegetales en el solsticio de verano | Blog de ESSENCIALES<\/title>\n<meta name=\"description\" content=\"El solsticio de verano es un momento m\u00e1gico que marca la llegada oficial del verano, celebralo con aceites esenciales y vegetales en ritual.\" \/>\n<meta name=\"robots\" content=\"index, follow, max-snippet:-1, max-image-preview:large, max-video-preview:-1\" \/>\n<link rel=\"canonical\" href=\"https:\/\/www.essenciales.com\/blog\/aceites-esenciales-y-vegetales-en-el-solsticio-de-verano-ritual-san-juan-litha-luna-natural\/\" \/>\n<meta property=\"og:locale\" content=\"es_ES\" \/>\n<meta property=\"og:type\" content=\"article\" \/>\n<meta property=\"og:title\" content=\"Aceites esenciales y vegetales en el solsticio de verano | Blog de ESSENCIALES\" \/>\n<meta property=\"og:description\" content=\"El solsticio de verano es un momento m\u00e1gico que marca la llegada oficial del verano, celebralo con aceites esenciales y vegetales en ritual.\" \/>\n<meta property=\"og:url\" content=\"https:\/\/www.essenciales.com\/blog\/aceites-esenciales-y-vegetales-en-el-solsticio-de-verano-ritual-san-juan-litha-luna-natural\/\" \/>\n<meta property=\"og:site_name\" content=\"Blog de ESSENCIALES\" \/>\n<meta property=\"article:published_time\" content=\"2023-06-15T11:16:38+00:00\" \/>\n<meta property=\"article:modified_time\" content=\"2023-06-02T10:51:58+00:00\" \/>\n<meta property=\"og:image\" content=\"https:\/\/www.essenciales.com\/blog\/wp-content\/uploads\/fondo_blog_SOLSTICIO-DE-VERANO_800x500.jpg\" \/>\n\t<meta property=\"og:image:width\" content=\"800\" \/>\n\t<meta property=\"og:image:height\" content=\"500\" \/>\n\t<meta property=\"og:image:type\" content=\"image\/jpeg\" \/>\n<meta name=\"author\" content=\"Nuria Moreno\" \/>\n<meta name=\"twitter:card\" content=\"summary_large_image\" \/>\n<meta name=\"twitter:label1\" content=\"Escrito por\" \/>\n\t<meta name=\"twitter:data1\" content=\"Nuria Moreno\" \/>\n\t<meta name=\"twitter:label2\" content=\"Tiempo de lectura\" \/>\n\t<meta name=\"twitter:data2\" content=\"8 minutos\" \/>\n<script type=\"application\/ld+json\" class=\"yoast-schema-graph\">{\"@context\":\"https:\/\/schema.org\",\"@graph\":[{\"@type\":\"WebPage\",\"@id\":\"https:\/\/www.essenciales.com\/blog\/aceites-esenciales-y-vegetales-en-el-solsticio-de-verano-ritual-san-juan-litha-luna-natural\/\",\"url\":\"https:\/\/www.essenciales.com\/blog\/aceites-esenciales-y-vegetales-en-el-solsticio-de-verano-ritual-san-juan-litha-luna-natural\/\",\"name\":\"Aceites esenciales y vegetales en el solsticio de verano | Blog de ESSENCIALES\",\"isPartOf\":{\"@id\":\"https:\/\/www.essenciales.com\/blog\/#website\"},\"datePublished\":\"2023-06-15T11:16:38+00:00\",\"dateModified\":\"2023-06-02T10:51:58+00:00\",\"author\":{\"@id\":\"https:\/\/www.essenciales.com\/blog\/#\/schema\/person\/ba44a296eed23f89b82b6b67dee32d7f\"},\"description\":\"El solsticio de verano es un momento m\u00e1gico que marca la llegada oficial del verano, celebralo con aceites esenciales y vegetales en ritual.\",\"breadcrumb\":{\"@id\":\"https:\/\/www.essenciales.com\/blog\/aceites-esenciales-y-vegetales-en-el-solsticio-de-verano-ritual-san-juan-litha-luna-natural\/#breadcrumb\"},\"inLanguage\":\"es\",\"potentialAction\":[{\"@type\":\"ReadAction\",\"target\":[\"https:\/\/www.essenciales.com\/blog\/aceites-esenciales-y-vegetales-en-el-solsticio-de-verano-ritual-san-juan-litha-luna-natural\/\"]}]},{\"@type\":\"BreadcrumbList\",\"@id\":\"https:\/\/www.essenciales.com\/blog\/aceites-esenciales-y-vegetales-en-el-solsticio-de-verano-ritual-san-juan-litha-luna-natural\/#breadcrumb\",\"itemListElement\":[{\"@type\":\"ListItem\",\"position\":1,\"name\":\"Portada\",\"item\":\"https:\/\/www.essenciales.com\/blog\/\"},{\"@type\":\"ListItem\",\"position\":2,\"name\":\"Aceites esenciales y vegetales en el solsticio de verano\"}]},{\"@type\":\"WebSite\",\"@id\":\"https:\/\/www.essenciales.com\/blog\/#website\",\"url\":\"https:\/\/www.essenciales.com\/blog\/\",\"name\":\"Blog de ESSENCIALES\",\"description\":\"Conoce todas las propiedades de los aceites esenciales y vegetales, as\u00ed como sus usos y remedios naturales\",\"potentialAction\":[{\"@type\":\"SearchAction\",\"target\":{\"@type\":\"EntryPoint\",\"urlTemplate\":\"https:\/\/www.essenciales.com\/blog\/?s={search_term_string}\"},\"query-input\":\"required name=search_term_string\"}],\"inLanguage\":\"es\"},{\"@type\":\"Person\",\"@id\":\"https:\/\/www.essenciales.com\/blog\/#\/schema\/person\/ba44a296eed23f89b82b6b67dee32d7f\",\"name\":\"Nuria Moreno\"}]}<\/script>\n<!-- \/ Yoast SEO plugin. -->","yoast_head_json":{"title":"Aceites esenciales y vegetales en el solsticio de verano | Blog de ESSENCIALES","description":"El solsticio de verano es un momento m\u00e1gico que marca la llegada oficial del verano, celebralo con aceites esenciales y vegetales en ritual.","robots":{"index":"index","follow":"follow","max-snippet":"max-snippet:-1","max-image-preview":"max-image-preview:large","max-video-preview":"max-video-preview:-1"},"canonical":"https:\/\/www.essenciales.com\/blog\/aceites-esenciales-y-vegetales-en-el-solsticio-de-verano-ritual-san-juan-litha-luna-natural\/","og_locale":"es_ES","og_type":"article","og_title":"Aceites esenciales y vegetales en el solsticio de verano | Blog de ESSENCIALES","og_description":"El solsticio de verano es un momento m\u00e1gico que marca la llegada oficial del verano, celebralo con aceites esenciales y vegetales en ritual.","og_url":"https:\/\/www.essenciales.com\/blog\/aceites-esenciales-y-vegetales-en-el-solsticio-de-verano-ritual-san-juan-litha-luna-natural\/","og_site_name":"Blog de ESSENCIALES","article_published_time":"2023-06-15T11:16:38+00:00","article_modified_time":"2023-06-02T10:51:58+00:00","og_image":[{"width":800,"height":500,"url":"https:\/\/www.essenciales.com\/blog\/wp-content\/uploads\/fondo_blog_SOLSTICIO-DE-VERANO_800x500.jpg","type":"image\/jpeg"}],"author":"Nuria Moreno","twitter_card":"summary_large_image","twitter_misc":{"Escrito por":"Nuria Moreno","Tiempo de lectura":"8 minutos"},"schema":{"@context":"https:\/\/schema.org","@graph":[{"@type":"WebPage","@id":"https:\/\/www.essenciales.com\/blog\/aceites-esenciales-y-vegetales-en-el-solsticio-de-verano-ritual-san-juan-litha-luna-natural\/","url":"https:\/\/www.essenciales.com\/blog\/aceites-esenciales-y-vegetales-en-el-solsticio-de-verano-ritual-san-juan-litha-luna-natural\/","name":"Aceites esenciales y vegetales en el solsticio de verano | Blog de ESSENCIALES","isPartOf":{"@id":"https:\/\/www.essenciales.com\/blog\/#website"},"datePublished":"2023-06-15T11:16:38+00:00","dateModified":"2023-06-02T10:51:58+00:00","author":{"@id":"https:\/\/www.essenciales.com\/blog\/#\/schema\/person\/ba44a296eed23f89b82b6b67dee32d7f"},"description":"El solsticio de verano es un momento m\u00e1gico que marca la llegada oficial del verano, celebralo con aceites esenciales y vegetales en ritual.","breadcrumb":{"@id":"https:\/\/www.essenciales.com\/blog\/aceites-esenciales-y-vegetales-en-el-solsticio-de-verano-ritual-san-juan-litha-luna-natural\/#breadcrumb"},"inLanguage":"es","potentialAction":[{"@type":"ReadAction","target":["https:\/\/www.essenciales.com\/blog\/aceites-esenciales-y-vegetales-en-el-solsticio-de-verano-ritual-san-juan-litha-luna-natural\/"]}]},{"@type":"BreadcrumbList","@id":"https:\/\/www.essenciales.com\/blog\/aceites-esenciales-y-vegetales-en-el-solsticio-de-verano-ritual-san-juan-litha-luna-natural\/#breadcrumb","itemListElement":[{"@type":"ListItem","position":1,"name":"Portada","item":"https:\/\/www.essenciales.com\/blog\/"},{"@type":"ListItem","position":2,"name":"Aceites esenciales y vegetales en el solsticio de verano"}]},{"@type":"WebSite","@id":"https:\/\/www.essenciales.com\/blog\/#website","url":"https:\/\/www.essenciales.com\/blog\/","name":"Blog de ESSENCIALES","description":"Conoce todas las propiedades de los aceites esenciales y vegetales, as\u00ed como sus usos y remedios naturales","potentialAction":[{"@type":"SearchAction","target":{"@type":"EntryPoint","urlTemplate":"https:\/\/www.essenciales.com\/blog\/?s={search_term_string}"},"query-input":"required name=search_term_string"}],"inLanguage":"es"},{"@type":"Person","@id":"https:\/\/www.essenciales.com\/blog\/#\/schema\/person\/ba44a296eed23f89b82b6b67dee32d7f","name":"Nuria Moreno"}]}},"_links":{"self":[{"href":"https:\/\/www.essenciales.com\/blog\/wp-json\/wp\/v2\/posts\/2013"}],"collection":[{"href":"https:\/\/www.essenciales.com\/blog\/wp-json\/wp\/v2\/posts"}],"about":[{"href":"https:\/\/www.essenciales.com\/blog\/wp-json\/wp\/v2\/types\/post"}],"author":[{"embeddable":true,"href":"https:\/\/www.essenciales.com\/blog\/wp-json\/wp\/v2\/users\/4"}],"replies":[{"embeddable":true,"href":"https:\/\/www.essenciales.com\/blog\/wp-json\/wp\/v2\/comments?post=2013"}],"version-history":[{"count":2,"href":"https:\/\/www.essenciales.com\/blog\/wp-json\/wp\/v2\/posts\/2013\/revisions"}],"predecessor-version":[{"id":2018,"href":"https:\/\/www.essenciales.com\/blog\/wp-json\/wp\/v2\/posts\/2013\/revisions\/2018"}],"wp:featuredmedia":[{"embeddable":true,"href":"https:\/\/www.essenciales.com\/blog\/wp-json\/wp\/v2\/media\/2017"}],"wp:attachment":[{"href":"https:\/\/www.essenciales.com\/blog\/wp-json\/wp\/v2\/media?parent=2013"}],"wp:term":[{"taxonomy":"category","embeddable":true,"href":"https:\/\/www.essenciales.com\/blog\/wp-json\/wp\/v2\/categories?post=2013"},{"taxonomy":"post_tag","embeddable":true,"href":"https:\/\/www.essenciales.com\/blog\/wp-json\/wp\/v2\/tags?post=2013"}],"curies":[{"name":"wp","href":"https:\/\/api.w.org\/{rel}","templated":true}]}}