{"id":2020,"date":"2023-07-12T09:00:18","date_gmt":"2023-07-12T07:00:18","guid":{"rendered":"https:\/\/www.essenciales.com\/blog\/?p=2020"},"modified":"2023-07-03T00:32:02","modified_gmt":"2023-07-02T22:32:02","slug":"cuidado-del-cabello-en-verano-consejos-para-lucir-una-melena-radiante-con-aceites-vegetales-y-aceites-esenciales-de-la-mejor-calidad","status":"publish","type":"post","link":"https:\/\/www.essenciales.com\/blog\/cuidado-del-cabello-en-verano-consejos-para-lucir-una-melena-radiante-con-aceites-vegetales-y-aceites-esenciales-de-la-mejor-calidad\/","title":{"rendered":"Cuidado del cabello en verano: consejos para lucir una melena radiante"},"content":{"rendered":"<h2 style=\"text-align: center;\"><strong>Cloro, sol, sal, calor\u2026 son muchos los factores que en verano afectan a nuestro cabello por ello os traemos estos consejos sobre cuidado del cabello en verano para lucir una melena radiante.<\/strong><\/h2>\n<p>&nbsp;<\/p>\n<p>Bienvenidos de nuevo al blog de Essenciales, el verano es una \u00e9poca en la que disfrutamos del sol, el mar, la piscina y las vacaciones. Sin embargo, todas estas actividades pueden afectar negativamente la salud y apariencia de nuestro cabello. La exposici\u00f3n al sol, el cloro de las piscinas y la sal del mar pueden da\u00f1ar las hebras capilares, dej\u00e1ndolas secas, opacas y quebradizas. Afortunadamente, existen medidas que podemos tomar para proteger y cuidar nuestro cabello durante la temporada estival. En este art\u00edculo, compartiremos valiosos consejos para mantener una melena radiante y saludable durante el verano.<\/p>\n<p>&nbsp;<\/p>\n<ol>\n<li>\n<h3>Hidrataci\u00f3n esencial:<\/h3>\n<\/li>\n<\/ol>\n<p>Durante el verano, el cabello tiende a deshidratarse debido a la exposici\u00f3n al sol y al agua salada o clorada. Es importante mantenerlo bien hidratado para prevenir la sequedad y la fragilidad. Utiliza acondicionadores y mascarillas hidratantes espec\u00edficas para el verano, ricas en ingredientes nutritivos como aceite de coco, aloe vera o manteca de karit\u00e9. Aplica estos productos de medios a puntas y d\u00e9jalos actuar el tiempo recomendado para obtener una hidrataci\u00f3n profunda.<\/p>\n<p>&nbsp;<\/p>\n<ol start=\"2\">\n<li>\n<h3>Protecci\u00f3n solar para el cabello:<\/h3>\n<\/li>\n<\/ol>\n<p>Al igual que protegemos nuestra piel del sol, debemos hacer lo mismo con nuestro cabello. Usa productos capilares con protecci\u00f3n solar o utiliza sombreros o pa\u00f1uelos para protegerlo de los rayos UV. Adem\u00e1s, evita exponer tu cabello al sol durante las horas de m\u00e1xima intensidad, generalmente entre las 10 a.m. y las 4 p.m.<\/p>\n<p>&nbsp;<\/p>\n<ol start=\"3\">\n<li>\n<h3>Enjuaga despu\u00e9s de nadar:<\/h3>\n<\/li>\n<\/ol>\n<p>Tanto el cloro de las piscinas como la sal del mar pueden da\u00f1ar el cabello. Despu\u00e9s de nadar, enjuaga tu cabello con agua dulce para eliminar los residuos y los qu\u00edmicos. Si es posible, aplica un acondicionador sin enjuague para evitar que el cabello se reseque a\u00fan m\u00e1s.<\/p>\n<p>&nbsp;<\/p>\n<ol start=\"4\">\n<li>\n<h3>Evita el uso excesivo de calor:<\/h3>\n<\/li>\n<\/ol>\n<p>Durante el verano, es recomendable reducir el uso de herramientas de calor como secadores, planchas o rizadores, ya que pueden causar un mayor da\u00f1o al cabello. Opta por estilos m\u00e1s naturales y deja que tu cabello se seque al aire libre siempre que sea posible.<\/p>\n<p>&nbsp;<\/p>\n<ol start=\"5\">\n<li>\n<h3>Protege tus trenzas:<\/h3>\n<\/li>\n<\/ol>\n<p>Si sueles llevar el cabello recogido en trenzas, coletas o mo\u00f1os, aseg\u00farate de no apretar demasiado los peinados, ya que esto puede debilitar los fol\u00edculos capilares y causar roturas. Utiliza accesorios suaves y evita los el\u00e1sticos con partes met\u00e1licas que pueden enganchar y da\u00f1ar el cabello.<\/p>\n<p>&nbsp;<\/p>\n<ol start=\"6\">\n<li>\n<h3>Alimentaci\u00f3n saludable:<\/h3>\n<\/li>\n<\/ol>\n<p>Una dieta equilibrada y rica en nutrientes es fundamental para la salud del cabello. Aumenta el consumo de alimentos ricos en vitaminas A, C y E, antioxidantes y \u00e1cidos grasos omega-3. Estos nutrientes fortalecen el cabello desde dentro, proporcionando brillo y elasticidad.<\/p>\n<p>&nbsp;<\/p>\n<ol start=\"7\">\n<li>\n<h3>Corte regular:<\/h3>\n<\/li>\n<\/ol>\n<p>No olvides programar visitas regulares al sal\u00f3n de belleza para mantener las puntas saludables y evitar la aparici\u00f3n de puntas abiertas. Un corte regular ayudar\u00e1 a mantener tu cabello en buen estado durante el verano.<\/p>\n<p>&nbsp;<\/p>\n<p>El cuidado del cabello durante el verano es esencial para mantenerlo sano y radiante a pesar de los factores estresantes a los que se expone. Sigue estos consejos y disfruta de una melena hermosa y saludable durante toda la temporada. Recuerda que el cuidado adecuado del cabello no solo lo protege en el momento presente, sino que tambi\u00e9n promueve su salud a largo plazo. \u00a1Luce un cabello deslumbrante mientras disfrutas del verano!<\/p>\n<p>&nbsp;<\/p>\n<h2>Afortunadamente, los aceites esenciales y vegetales ofrecen una soluci\u00f3n natural y efectiva para mantener tu melena radiante durante esta temporada. A continuaci\u00f3n, te presentamos consejos y recetas para el cuidado del cabello en verano utilizando aceites esenciales y vegetales.<\/h2>\n<ol>\n<li>\n<h3><a href=\"https:\/\/www.essenciales.com\/aceites-primera-presion-frio\/aceite-coco-primera-presion-frio.html\">Aceite vegetal de coco<\/a>:<\/h3>\n<\/li>\n<\/ol>\n<p>El aceite de coco es un aliado excepcional en el cuidado del cabello en verano. Su estructura \u00fanica le permite penetrar profundamente en el cabello, hidrat\u00e1ndolo y protegi\u00e9ndolo de los da\u00f1os causados por el sol y el agua. Aplica una peque\u00f1a cantidad de aceite de coco en tu cabello antes de exponerte al sol o antes de nadar para formar una barrera protectora. Tambi\u00e9n puedes utilizarlo como mascarilla nutritiva dej\u00e1ndolo actuar durante unos 30 minutos antes de lavar el cabello.<\/p>\n<p>&nbsp;<\/p>\n<ol start=\"2\">\n<li>\n<h3><a href=\"https:\/\/www.essenciales.com\/aceites-primera-presion-frio\/aceite-vegetal-argan-primera-presion-frio.html\">Aceite vegetal de arg\u00e1n:<\/a><\/h3>\n<\/li>\n<\/ol>\n<p>El aceite de arg\u00e1n es rico en antioxidantes y \u00e1cidos grasos esenciales, lo que lo convierte en un excelente aliado para el cuidado del cabello. Aplica unas gotas de aceite de arg\u00e1n en las puntas del cabello para nutrirlas, prevenir las puntas abiertas y controlar el encrespamiento. Tambi\u00e9n puedes mezclar unas gotas de aceite de arg\u00e1n en tu acondicionador para obtener beneficios adicionales.<\/p>\n<p>&nbsp;<\/p>\n<ol start=\"3\">\n<li>\n<h3><a href=\"https:\/\/www.essenciales.com\/aceites-primera-presion-frio\/aceite-vegetal-jojoba-primera-presion-frio.html\">Aceite vegetal de jojoba:<\/a><\/h3>\n<\/li>\n<\/ol>\n<p>El aceite de jojoba es ideal para proteger y humectar el cabello durante el verano. Su estructura similar al sebo natural del cuero cabelludo ayuda a equilibrar la producci\u00f3n de aceite, evitando que el cabello se vuelva demasiado graso o demasiado seco. Aplica unas gotas de aceite de jojoba en el cuero cabelludo y masajea suavemente para estimular la circulaci\u00f3n y mantenerlo hidratado.<\/p>\n<p>&nbsp;<\/p>\n<ol start=\"4\">\n<li>\n<h3><a href=\"https:\/\/www.essenciales.com\/aceites-esenciales-puros\/aceite-esencial-lavanda.html\">Aceite esencial de lavanda:<\/a><\/h3>\n<\/li>\n<\/ol>\n<p>Adem\u00e1s de su aroma relajante, el aceite esencial de lavanda tiene propiedades calmantes y refrescantes que son perfectas para el cuidado del cabello en verano. Agrega unas gotas de aceite de lavanda a tu champ\u00fa o acondicionador para ayudar a calmar el cuero cabelludo irritado por el sol y mantener el cabello fresco y revitalizado.<\/p>\n<p>&nbsp;<\/p>\n<h2>Receta de spray refrescante:<\/h2>\n<p>Prepara un spray refrescante para el cabello utilizando aceites esenciales y vegetales. Mezcla en un <a href=\"https:\/\/www.essenciales.com\/envases-accesorios\/tapon-pulverizador-spray-din18.html\">pulverizador<\/a> <a href=\"https:\/\/www.essenciales.com\/envases-accesorios\/botella-100-ml-vidrio-ambar.html\">100 ml<\/a> <a href=\"https:\/\/www.essenciales.com\/hidrolatos-naturales\/rosa-extra-hidrolato.html\">hidrolato de rosas<\/a> por ejemplo, 1 cucharada de <a href=\"https:\/\/www.essenciales.com\/otros-extractos\/gel-de-aloe-vera.html\">gel de aloe vera<\/a> y 5-10 gotas de aceite esencial de <a href=\"https:\/\/www.essenciales.com\/aceites-esenciales-puros\/aceite-esencial-menta-piperita.html\">menta piperita<\/a>. Agita bien y roc\u00eda el spray sobre el cabello cuando necesites un impulso de frescura y para mantenerlo hidratado.<\/p>\n<p>&nbsp;<\/p>\n<h2>Mascarilla para cuidar el cabello:<\/h2>\n<h3>Ingredientes:<\/h3>\n<p>&#8211; 2 cucharadas de <a href=\"https:\/\/www.essenciales.com\/aceites-primera-presion-frio\/aceite-coco-primera-presion-frio.html\">aceite vegetal de coco<\/a><\/p>\n<p>&#8211; 1 cucharada de <a href=\"https:\/\/www.essenciales.com\/aceites-primera-presion-frio\/aceite-vegetal-argan-primera-presion-frio.html\">aceite vegetal de arg\u00e1n<\/a><\/p>\n<p>&#8211; 1 cucharada de <a href=\"https:\/\/www.essenciales.com\/aceites-primera-presion-frio\/aceite-de-almendra-dulce-1a-presion-en-frio.html\">aceite vegetal de almendras dulces<\/a><\/p>\n<p>&#8211; 5 gotas de <a href=\"https:\/\/www.essenciales.com\/aceites-esenciales-puros\/aceite-esencial-lavanda.html\">aceite esencial de lavanda<\/a><\/p>\n<p>&#8211; 5 gotas de <a href=\"https:\/\/www.essenciales.com\/aceites-esenciales-puros\/aceite-esencial-romero-alcanfor.html\">aceite esencial de \u00a0romero alcanfor<\/a><\/p>\n<p>&#8211; 5 gotas de <a href=\"https:\/\/www.essenciales.com\/aceites-esenciales-puros\/aceite-esencial-limon.html\">aceite esencial de lim\u00f3n<\/a><\/p>\n<p>&nbsp;<\/p>\n<h3>Instrucciones:<\/h3>\n<p>Importante: \u00a1Esta mascarilla la debemos aplicar por la noche ya que el aceite de lim\u00f3n es fotosensible!<\/p>\n<ol>\n<li>En un recipiente peque\u00f1o, mezcla el aceite vegetal de coco, el aceite vegetal de arg\u00e1n y el aceite vegetal de almendras dulces. Estos aceites vegetales proporcionar\u00e1n hidrataci\u00f3n y nutrici\u00f3n a tu cabello.<\/li>\n<\/ol>\n<p>&nbsp;<\/p>\n<ol start=\"2\">\n<li>Agrega las gotas de aceite esencial de lavanda, aceite esencial de romero alcanfor y aceite esencial de lim\u00f3n. Estos aceites esenciales ayudar\u00e1n a fortalecer el cabello, estimular el crecimiento y combatir la sequedad del cuero cabelludo.<\/li>\n<\/ol>\n<p>&nbsp;<\/p>\n<ol start=\"3\">\n<li>Mezcla todos los ingredientes hasta que est\u00e9n bien combinados.<\/li>\n<\/ol>\n<p>&nbsp;<\/p>\n<ol start=\"4\">\n<li>Aplica la mascarilla sobre el cabello seco, desde la ra\u00edz hasta las puntas, asegur\u00e1ndote de cubrir todo el cabello de manera uniforme. Puedes usar un pincel o tus manos para hacerlo.<\/li>\n<\/ol>\n<p>&nbsp;<\/p>\n<ol start=\"5\">\n<li>Masajea suavemente el cuero cabelludo para estimular la circulaci\u00f3n sangu\u00ednea.<\/li>\n<\/ol>\n<p>&nbsp;<\/p>\n<ol start=\"6\">\n<li>Deja actuar la mascarilla durante al menos 30 minutos. Si deseas obtener mejores resultados, puedes envolver tu cabello con una toalla caliente o usar una gorra de ducha para generar calor y facilitar la absorci\u00f3n de los aceites.<\/li>\n<\/ol>\n<p>&nbsp;<\/p>\n<ol start=\"7\">\n<li>Despu\u00e9s del tiempo de espera, lava tu cabello como de costumbre con champ\u00fa y acondicionador. Aseg\u00farate de enjuagar bien para eliminar cualquier residuo de la mascarilla.<\/li>\n<\/ol>\n<p>&nbsp;<\/p>\n<ol start=\"8\">\n<li>Repite este tratamiento una vez por semana para mantener tu cabello hidratado y saludable durante todo el verano.<\/li>\n<\/ol>\n<p>&nbsp;<\/p>\n<p>Recuerda que los aceites esenciales son potentes y deben diluirse adecuadamente antes de usarlos en el cabello. Realiza una prueba de sensibilidad antes de aplicar cualquier mezcla y consulta a un profesional de la salud o aromaterapeuta si tienes alguna duda o afecci\u00f3n espec\u00edfica.<\/p>\n<p>&nbsp;<\/p>\n<h4>\u00a1Disfruta de tu mascarilla capilar casera y del verano con un cabello radiante!<\/h4>\n<p>&nbsp;<\/p>\n<p>El cuidado del cabello en verano puede ser un desaf\u00edo, pero con el uso adecuado de aceites esenciales y vegetales, puedes mantener tu melena saludable y deslumbrante. El aceite vegetal de coco, el aceite vegetal de arg\u00e1n, el aceite vegetal de jojoba y el aceite esencial de lavanda son solo algunas opciones que pueden ayudarte a proteger y nutrir tu cabello durante esta temporada. Experimenta con estas recetas y encuentra la combinaci\u00f3n perfecta para ti.<\/p>\n<h3 style=\"text-align: center;\">\u00a1Disfruta de un cabello radiante y saludable mientras te diviertes bajo el sol del verano!<\/h3>\n<p>&nbsp;<\/p>\n<h3 style=\"text-align: center;\">\u2665Te leo en comentarios\u2665<\/h3>\n","protected":false},"excerpt":{"rendered":"<p>Cloro, sol, sal, calor\u2026 son muchos los factores que en verano afectan a nuestro cabello por ello os traemos estos consejos sobre cuidado del cabello&#8230;<\/p>\n<p class=\"readmore\"><a class=\"more-btn\" href=\"https:\/\/www.essenciales.com\/blog\/cuidado-del-cabello-en-verano-consejos-para-lucir-una-melena-radiante-con-aceites-vegetales-y-aceites-esenciales-de-la-mejor-calidad\/\">Leer m\u00e1s<\/a><\/p>\n","protected":false},"author":4,"featured_media":2023,"comment_status":"open","ping_status":"open","sticky":false,"template":"","format":"standard","meta":[],"categories":[153,154,108,141,144],"tags":[],"yoast_head":"<!-- This site is optimized with the Yoast SEO plugin v19.10 - https:\/\/yoast.com\/wordpress\/plugins\/seo\/ -->\n<title>Cuidado del cabello en verano: consejos para lucir una melena radiante | Blog de ESSENCIALES<\/title>\n<meta name=\"description\" content=\"Protege y cuida este verano tu cabello con aceites esenciales y vegetales de la mejor calidad. \u00a1Adi\u00f3s pelo da\u00f1ado!\" \/>\n<meta name=\"robots\" content=\"index, follow, max-snippet:-1, max-image-preview:large, max-video-preview:-1\" \/>\n<link rel=\"canonical\" href=\"https:\/\/www.essenciales.com\/blog\/cuidado-del-cabello-en-verano-consejos-para-lucir-una-melena-radiante-con-aceites-vegetales-y-aceites-esenciales-de-la-mejor-calidad\/\" \/>\n<meta property=\"og:locale\" content=\"es_ES\" \/>\n<meta property=\"og:type\" content=\"article\" \/>\n<meta property=\"og:title\" content=\"Cuidado del cabello en verano: consejos para lucir una melena radiante | Blog de ESSENCIALES\" \/>\n<meta property=\"og:description\" content=\"Protege y cuida este verano tu cabello con aceites esenciales y vegetales de la mejor calidad. \u00a1Adi\u00f3s pelo da\u00f1ado!\" \/>\n<meta property=\"og:url\" content=\"https:\/\/www.essenciales.com\/blog\/cuidado-del-cabello-en-verano-consejos-para-lucir-una-melena-radiante-con-aceites-vegetales-y-aceites-esenciales-de-la-mejor-calidad\/\" \/>\n<meta property=\"og:site_name\" content=\"Blog de ESSENCIALES\" \/>\n<meta property=\"article:published_time\" content=\"2023-07-12T07:00:18+00:00\" \/>\n<meta property=\"article:modified_time\" content=\"2023-07-02T22:32:02+00:00\" \/>\n<meta property=\"og:image\" content=\"https:\/\/www.essenciales.com\/blog\/wp-content\/uploads\/fondo_blog_CUIDADO-DEL-CABELLO-EN-VERANO_800x500.jpg\" \/>\n\t<meta property=\"og:image:width\" content=\"800\" \/>\n\t<meta property=\"og:image:height\" content=\"500\" \/>\n\t<meta property=\"og:image:type\" content=\"image\/jpeg\" \/>\n<meta name=\"author\" content=\"Nuria Moreno\" \/>\n<meta name=\"twitter:card\" content=\"summary_large_image\" \/>\n<meta name=\"twitter:label1\" content=\"Escrito por\" \/>\n\t<meta name=\"twitter:data1\" content=\"Nuria Moreno\" \/>\n\t<meta name=\"twitter:label2\" content=\"Tiempo de lectura\" \/>\n\t<meta name=\"twitter:data2\" content=\"7 minutos\" \/>\n<script type=\"application\/ld+json\" class=\"yoast-schema-graph\">{\"@context\":\"https:\/\/schema.org\",\"@graph\":[{\"@type\":\"WebPage\",\"@id\":\"https:\/\/www.essenciales.com\/blog\/cuidado-del-cabello-en-verano-consejos-para-lucir-una-melena-radiante-con-aceites-vegetales-y-aceites-esenciales-de-la-mejor-calidad\/\",\"url\":\"https:\/\/www.essenciales.com\/blog\/cuidado-del-cabello-en-verano-consejos-para-lucir-una-melena-radiante-con-aceites-vegetales-y-aceites-esenciales-de-la-mejor-calidad\/\",\"name\":\"Cuidado del cabello en verano: consejos para lucir una melena radiante | Blog de ESSENCIALES\",\"isPartOf\":{\"@id\":\"https:\/\/www.essenciales.com\/blog\/#website\"},\"datePublished\":\"2023-07-12T07:00:18+00:00\",\"dateModified\":\"2023-07-02T22:32:02+00:00\",\"author\":{\"@id\":\"https:\/\/www.essenciales.com\/blog\/#\/schema\/person\/ba44a296eed23f89b82b6b67dee32d7f\"},\"description\":\"Protege y cuida este verano tu cabello con aceites esenciales y vegetales de la mejor calidad. \u00a1Adi\u00f3s pelo da\u00f1ado!\",\"breadcrumb\":{\"@id\":\"https:\/\/www.essenciales.com\/blog\/cuidado-del-cabello-en-verano-consejos-para-lucir-una-melena-radiante-con-aceites-vegetales-y-aceites-esenciales-de-la-mejor-calidad\/#breadcrumb\"},\"inLanguage\":\"es\",\"potentialAction\":[{\"@type\":\"ReadAction\",\"target\":[\"https:\/\/www.essenciales.com\/blog\/cuidado-del-cabello-en-verano-consejos-para-lucir-una-melena-radiante-con-aceites-vegetales-y-aceites-esenciales-de-la-mejor-calidad\/\"]}]},{\"@type\":\"BreadcrumbList\",\"@id\":\"https:\/\/www.essenciales.com\/blog\/cuidado-del-cabello-en-verano-consejos-para-lucir-una-melena-radiante-con-aceites-vegetales-y-aceites-esenciales-de-la-mejor-calidad\/#breadcrumb\",\"itemListElement\":[{\"@type\":\"ListItem\",\"position\":1,\"name\":\"Portada\",\"item\":\"https:\/\/www.essenciales.com\/blog\/\"},{\"@type\":\"ListItem\",\"position\":2,\"name\":\"Cuidado del cabello en verano: consejos para lucir una melena radiante\"}]},{\"@type\":\"WebSite\",\"@id\":\"https:\/\/www.essenciales.com\/blog\/#website\",\"url\":\"https:\/\/www.essenciales.com\/blog\/\",\"name\":\"Blog de ESSENCIALES\",\"description\":\"Conoce todas las propiedades de los aceites esenciales y vegetales, as\u00ed como sus usos y remedios naturales\",\"potentialAction\":[{\"@type\":\"SearchAction\",\"target\":{\"@type\":\"EntryPoint\",\"urlTemplate\":\"https:\/\/www.essenciales.com\/blog\/?s={search_term_string}\"},\"query-input\":\"required name=search_term_string\"}],\"inLanguage\":\"es\"},{\"@type\":\"Person\",\"@id\":\"https:\/\/www.essenciales.com\/blog\/#\/schema\/person\/ba44a296eed23f89b82b6b67dee32d7f\",\"name\":\"Nuria Moreno\"}]}<\/script>\n<!-- \/ Yoast SEO plugin. -->","yoast_head_json":{"title":"Cuidado del cabello en verano: consejos para lucir una melena radiante | Blog de ESSENCIALES","description":"Protege y cuida este verano tu cabello con aceites esenciales y vegetales de la mejor calidad. \u00a1Adi\u00f3s pelo da\u00f1ado!","robots":{"index":"index","follow":"follow","max-snippet":"max-snippet:-1","max-image-preview":"max-image-preview:large","max-video-preview":"max-video-preview:-1"},"canonical":"https:\/\/www.essenciales.com\/blog\/cuidado-del-cabello-en-verano-consejos-para-lucir-una-melena-radiante-con-aceites-vegetales-y-aceites-esenciales-de-la-mejor-calidad\/","og_locale":"es_ES","og_type":"article","og_title":"Cuidado del cabello en verano: consejos para lucir una melena radiante | Blog de ESSENCIALES","og_description":"Protege y cuida este verano tu cabello con aceites esenciales y vegetales de la mejor calidad. \u00a1Adi\u00f3s pelo da\u00f1ado!","og_url":"https:\/\/www.essenciales.com\/blog\/cuidado-del-cabello-en-verano-consejos-para-lucir-una-melena-radiante-con-aceites-vegetales-y-aceites-esenciales-de-la-mejor-calidad\/","og_site_name":"Blog de ESSENCIALES","article_published_time":"2023-07-12T07:00:18+00:00","article_modified_time":"2023-07-02T22:32:02+00:00","og_image":[{"width":800,"height":500,"url":"https:\/\/www.essenciales.com\/blog\/wp-content\/uploads\/fondo_blog_CUIDADO-DEL-CABELLO-EN-VERANO_800x500.jpg","type":"image\/jpeg"}],"author":"Nuria Moreno","twitter_card":"summary_large_image","twitter_misc":{"Escrito por":"Nuria Moreno","Tiempo de lectura":"7 minutos"},"schema":{"@context":"https:\/\/schema.org","@graph":[{"@type":"WebPage","@id":"https:\/\/www.essenciales.com\/blog\/cuidado-del-cabello-en-verano-consejos-para-lucir-una-melena-radiante-con-aceites-vegetales-y-aceites-esenciales-de-la-mejor-calidad\/","url":"https:\/\/www.essenciales.com\/blog\/cuidado-del-cabello-en-verano-consejos-para-lucir-una-melena-radiante-con-aceites-vegetales-y-aceites-esenciales-de-la-mejor-calidad\/","name":"Cuidado del cabello en verano: consejos para lucir una melena radiante | Blog de ESSENCIALES","isPartOf":{"@id":"https:\/\/www.essenciales.com\/blog\/#website"},"datePublished":"2023-07-12T07:00:18+00:00","dateModified":"2023-07-02T22:32:02+00:00","author":{"@id":"https:\/\/www.essenciales.com\/blog\/#\/schema\/person\/ba44a296eed23f89b82b6b67dee32d7f"},"description":"Protege y cuida este verano tu cabello con aceites esenciales y vegetales de la mejor calidad. \u00a1Adi\u00f3s pelo da\u00f1ado!","breadcrumb":{"@id":"https:\/\/www.essenciales.com\/blog\/cuidado-del-cabello-en-verano-consejos-para-lucir-una-melena-radiante-con-aceites-vegetales-y-aceites-esenciales-de-la-mejor-calidad\/#breadcrumb"},"inLanguage":"es","potentialAction":[{"@type":"ReadAction","target":["https:\/\/www.essenciales.com\/blog\/cuidado-del-cabello-en-verano-consejos-para-lucir-una-melena-radiante-con-aceites-vegetales-y-aceites-esenciales-de-la-mejor-calidad\/"]}]},{"@type":"BreadcrumbList","@id":"https:\/\/www.essenciales.com\/blog\/cuidado-del-cabello-en-verano-consejos-para-lucir-una-melena-radiante-con-aceites-vegetales-y-aceites-esenciales-de-la-mejor-calidad\/#breadcrumb","itemListElement":[{"@type":"ListItem","position":1,"name":"Portada","item":"https:\/\/www.essenciales.com\/blog\/"},{"@type":"ListItem","position":2,"name":"Cuidado del cabello en verano: consejos para lucir una melena radiante"}]},{"@type":"WebSite","@id":"https:\/\/www.essenciales.com\/blog\/#website","url":"https:\/\/www.essenciales.com\/blog\/","name":"Blog de ESSENCIALES","description":"Conoce todas las propiedades de los aceites esenciales y vegetales, as\u00ed como sus usos y remedios naturales","potentialAction":[{"@type":"SearchAction","target":{"@type":"EntryPoint","urlTemplate":"https:\/\/www.essenciales.com\/blog\/?s={search_term_string}"},"query-input":"required name=search_term_string"}],"inLanguage":"es"},{"@type":"Person","@id":"https:\/\/www.essenciales.com\/blog\/#\/schema\/person\/ba44a296eed23f89b82b6b67dee32d7f","name":"Nuria Moreno"}]}},"_links":{"self":[{"href":"https:\/\/www.essenciales.com\/blog\/wp-json\/wp\/v2\/posts\/2020"}],"collection":[{"href":"https:\/\/www.essenciales.com\/blog\/wp-json\/wp\/v2\/posts"}],"about":[{"href":"https:\/\/www.essenciales.com\/blog\/wp-json\/wp\/v2\/types\/post"}],"author":[{"embeddable":true,"href":"https:\/\/www.essenciales.com\/blog\/wp-json\/wp\/v2\/users\/4"}],"replies":[{"embeddable":true,"href":"https:\/\/www.essenciales.com\/blog\/wp-json\/wp\/v2\/comments?post=2020"}],"version-history":[{"count":2,"href":"https:\/\/www.essenciales.com\/blog\/wp-json\/wp\/v2\/posts\/2020\/revisions"}],"predecessor-version":[{"id":2024,"href":"https:\/\/www.essenciales.com\/blog\/wp-json\/wp\/v2\/posts\/2020\/revisions\/2024"}],"wp:featuredmedia":[{"embeddable":true,"href":"https:\/\/www.essenciales.com\/blog\/wp-json\/wp\/v2\/media\/2023"}],"wp:attachment":[{"href":"https:\/\/www.essenciales.com\/blog\/wp-json\/wp\/v2\/media?parent=2020"}],"wp:term":[{"taxonomy":"category","embeddable":true,"href":"https:\/\/www.essenciales.com\/blog\/wp-json\/wp\/v2\/categories?post=2020"},{"taxonomy":"post_tag","embeddable":true,"href":"https:\/\/www.essenciales.com\/blog\/wp-json\/wp\/v2\/tags?post=2020"}],"curies":[{"name":"wp","href":"https:\/\/api.w.org\/{rel}","templated":true}]}}