{"id":2032,"date":"2023-08-07T09:30:06","date_gmt":"2023-08-07T07:30:06","guid":{"rendered":"https:\/\/www.essenciales.com\/blog\/?p=2032"},"modified":"2023-08-01T10:32:52","modified_gmt":"2023-08-01T08:32:52","slug":"el-poder-de-las-piedras-su-relacion-con-los-chakras-las-emociones-y-los-aceites-esenciales","status":"publish","type":"post","link":"https:\/\/www.essenciales.com\/blog\/el-poder-de-las-piedras-su-relacion-con-los-chakras-las-emociones-y-los-aceites-esenciales\/","title":{"rendered":"El poder de las piedras: su relaci\u00f3n con los chakras, las emociones y los aceites esenciales"},"content":{"rendered":"<h2 style=\"text-align: center;\"><strong>Piedras preciosas a la par de poderosas<\/strong><\/h2>\n<p>&nbsp;<\/p>\n<p>Bienvenidos un d\u00eda m\u00e1s al blog de Essenciales. Desde tiempos antiguos, las piedras preciosas y semipreciosas han sido apreciadas por su belleza y valor. Sin embargo, tambi\u00e9n se les atribuyen propiedades energ\u00e9ticas y curativas. En este art\u00edculo, exploraremos en detalle nueve piedras diferentes: amatista, citrino, cuarzo rosa, fluorita, sodalita, obsidiana, lapisl\u00e1zuli, aventurina verde y cristal de cuarzo. Descubriremos c\u00f3mo se relacionan con los chakras, las emociones y los aceites esenciales, brindando una gu\u00eda para utilizar estas poderosas herramientas en nuestra vida diaria.<\/p>\n<p>&nbsp;<\/p>\n<ol>\n<li>\n<h3><strong>Amatista:<\/strong><\/h3>\n<\/li>\n<\/ol>\n<p>La amatista, con su color violeta caracter\u00edstico, se asocia principalmente con el chakra coronal en la parte superior de la cabeza. Este cristal est\u00e1 conectado con la espiritualidad, la sabidur\u00eda y la claridad mental. Ayuda a calmar la mente y promover la relajaci\u00f3n. Para potenciar sus efectos, se puede combinar con el aceite esencial de lavanda, conocido por su capacidad para inducir la calma y aliviar el estr\u00e9s.<\/p>\n<p>&nbsp;<\/p>\n<ol start=\"2\">\n<li>\n<h3><strong>Citrino:<\/strong><\/h3>\n<\/li>\n<\/ol>\n<p>El citrino, con su brillo dorado y amarillo, est\u00e1 relacionado con el chakra del plexo solar, ubicado en el \u00e1rea del abdomen. Esta piedra se asocia con la energ\u00eda positiva, la prosperidad y la confianza en uno mismo. Utilizar el citrino junto con el aceite esencial de naranja puede potenciar a\u00fan m\u00e1s sus cualidades, ya que este aceite es conocido por su capacidad para estimular la alegr\u00eda, la vitalidad y el optimismo.<\/p>\n<p>&nbsp;<\/p>\n<ol start=\"3\">\n<li>\n<h3><strong>Cuarzo rosa:<\/strong><\/h3>\n<\/li>\n<\/ol>\n<p>El cuarzo rosa, de tonalidad rosa suave, se vincula con el chakra del coraz\u00f3n, situado en el centro del pecho. Representa el amor incondicional y la sanaci\u00f3n emocional. Este cristal es ideal para fomentar la compasi\u00f3n, el amor propio y la armon\u00eda en las relaciones. Al combinarlo con el aceite esencial de rosa, conocido por sus propiedades equilibrantes y armonizantes, se pueden potenciar a\u00fan m\u00e1s los efectos curativos y emocionales del cuarzo rosa.<\/p>\n<p>&nbsp;<\/p>\n<ol start=\"4\">\n<li>\n<h3><strong>Fluorita:<\/strong><\/h3>\n<\/li>\n<\/ol>\n<p>La fluorita se presenta en una variedad de colores, como el verde, el p\u00farpura y el azul, y se relaciona con el chakra de la garganta, que est\u00e1 asociado con la comunicaci\u00f3n y la expresi\u00f3n personal. Esta piedra ayuda a estimular la creatividad y la claridad mental. Al utilizarla junto con el aceite esencial de menta, que refresca la mente y estimula la concentraci\u00f3n, podemos fortalecer la comunicaci\u00f3n consciente y la expresi\u00f3n verbal.<\/p>\n<p>&nbsp;<\/p>\n<ol start=\"5\">\n<li>\n<h3><strong>Sodalita:<\/strong><\/h3>\n<\/li>\n<\/ol>\n<p>La sodalita, con su combinaci\u00f3n de tonos azules y blancos, est\u00e1 conectada al chakra del tercer ojo, ubicado en el centro de la frente. Esta piedra se asocia con la intuici\u00f3n, la visi\u00f3n interna y el autoconocimiento. Para fortalecer estas cualidades, se recomienda combinar la sodalita con el aceite esencial de eucalipto, que promueve la claridad mental y ayuda a enfocar la atenci\u00f3n, facilitando as\u00ed la conexi\u00f3n con la intuici\u00f3n y la toma de decisiones conscientes.<\/p>\n<p>&nbsp;<\/p>\n<ol start=\"6\">\n<li>\n<h3><strong>Obsidiana:<\/strong><\/h3>\n<\/li>\n<\/ol>\n<p>La obsidiana es una piedra volc\u00e1nica de color negro profundo y se vincula con el chakra ra\u00edz, situado en la base de la columna vertebral. Esta piedra se asocia con la protecci\u00f3n, la transformaci\u00f3n y la liberaci\u00f3n de energ\u00edas negativas. Para fortalecer su efecto protector, se recomienda combinarla con el aceite esencial de s\u00e1ndalo, conocido por su capacidad para brindar una sensaci\u00f3n de seguridad y estabilidad, as\u00ed como para promover la relajaci\u00f3n profunda.<\/p>\n<p>&nbsp;<\/p>\n<ol start=\"7\">\n<li>\n<h3><strong>Lapisl\u00e1zuli:<\/strong><\/h3>\n<\/li>\n<\/ol>\n<p>El lapisl\u00e1zuli es una piedra azul oscuro con inclusiones doradas y se relaciona con el chakra de la garganta y el tercer ojo. Esta piedra se asocia con la comunicaci\u00f3n consciente, la sabidur\u00eda y la conexi\u00f3n espiritual. Al combinar el lapisl\u00e1zuli con el aceite esencial de incienso, que se ha utilizado durante siglos en pr\u00e1cticas espirituales debido a su capacidad para inducir un estado de calma y facilitar la conexi\u00f3n con lo divino, se pueden fortalecer sus propiedades comunicativas y espirituales.<\/p>\n<p>&nbsp;<\/p>\n<ol start=\"8\">\n<li>\n<h3><strong>Aventurina verde:<\/strong><\/h3>\n<\/li>\n<\/ol>\n<p>La aventurina verde es una piedra de tonalidad verde suave y se vincula con el chakra del coraz\u00f3n. Esta piedra se asocia con la prosperidad, la armon\u00eda emocional y la curaci\u00f3n del coraz\u00f3n. Al combinarla con el aceite esencial de bergamota, que promueve la alegr\u00eda, el equilibrio emocional y la autoaceptaci\u00f3n, podemos potenciar sus efectos curativos y promover la apertura del coraz\u00f3n hacia la abundancia y el bienestar.<\/p>\n<p>&nbsp;<\/p>\n<ol start=\"9\">\n<li>\n<h3><strong>Cristal de cuarzo:<\/strong><\/h3>\n<\/li>\n<\/ol>\n<p>El cristal de cuarzo transparente es conocido como la piedra maestra y se asocia con todos los chakras. Es un amplificador de energ\u00eda y se utiliza para equilibrar y armonizar el sistema energ\u00e9tico en general. Al ser una piedra neutra, puede combinarse con cualquier aceite esencial seg\u00fan las necesidades individuales de cada persona. Dependiendo de las emociones o \u00e1reas espec\u00edficas que se deseen trabajar, se puede seleccionar el aceite esencial adecuado para complementar los efectos del cristal de cuarzo.<\/p>\n<p>&nbsp;<\/p>\n<p>Las piedras preciosas y semipreciosas tienen propiedades energ\u00e9ticas que pueden influir en nuestros chakras y emociones. Al utilizar estas piedras en combinaci\u00f3n con aceites esenciales apropiados, podemos potenciar sus efectos y promover la armon\u00eda y el bienestar en nuestra vida diaria. Es importante recordar que la elecci\u00f3n de las piedras y los aceites esenciales debe basarse en las necesidades individuales y la intuici\u00f3n personal. Experimenta y descubre cu\u00e1les son las combinaciones que funcionan mejor para ti en tu b\u00fasqueda de equilibrio y sanaci\u00f3n. Recuerda que, en \u00faltima instancia, el poder reside en tu propia intenci\u00f3n y conexi\u00f3n con la energ\u00eda de las piedras y los aceites esenciales.<\/p>\n<p>Encuentra todas las piedras <a href=\"https:\/\/www.essenciales.com\/piedras-minerales\/\">aqu\u00ed<\/a><\/p>\n<h2 style=\"text-align: center;\"><strong>\u00bfCu\u00e1l es tu favorita?<\/strong><\/h2>\n<h2 style=\"text-align: center;\"><strong>\u2665\u00a1Te leo en comentarios!\u2665<\/strong><\/h2>\n","protected":false},"excerpt":{"rendered":"<p>Piedras preciosas a la par de poderosas &nbsp; Bienvenidos un d\u00eda m\u00e1s al blog de Essenciales. Desde tiempos antiguos, las piedras preciosas y semipreciosas han&#8230;<\/p>\n<p class=\"readmore\"><a class=\"more-btn\" href=\"https:\/\/www.essenciales.com\/blog\/el-poder-de-las-piedras-su-relacion-con-los-chakras-las-emociones-y-los-aceites-esenciales\/\">Leer m\u00e1s<\/a><\/p>\n","protected":false},"author":4,"featured_media":2037,"comment_status":"open","ping_status":"open","sticky":false,"template":"","format":"standard","meta":[],"categories":[42,145,108,157],"tags":[],"yoast_head":"<!-- This site is optimized with the Yoast SEO plugin v19.10 - https:\/\/yoast.com\/wordpress\/plugins\/seo\/ -->\n<title>El poder de las piedras: su relaci\u00f3n con los chakras, las emociones y los aceites esenciales | Blog de ESSENCIALES<\/title>\n<meta name=\"description\" content=\"Desde tiempos antiguos, las piedras preciosas han sido apreciadas por su valor, hoy en d\u00eda apreciamos su conexi\u00f3n con los chakras y aceites.\" \/>\n<meta name=\"robots\" content=\"index, follow, max-snippet:-1, max-image-preview:large, max-video-preview:-1\" \/>\n<link rel=\"canonical\" href=\"https:\/\/www.essenciales.com\/blog\/el-poder-de-las-piedras-su-relacion-con-los-chakras-las-emociones-y-los-aceites-esenciales\/\" \/>\n<meta property=\"og:locale\" content=\"es_ES\" \/>\n<meta property=\"og:type\" content=\"article\" \/>\n<meta property=\"og:title\" content=\"El poder de las piedras: su relaci\u00f3n con los chakras, las emociones y los aceites esenciales | Blog de ESSENCIALES\" \/>\n<meta property=\"og:description\" content=\"Desde tiempos antiguos, las piedras preciosas han sido apreciadas por su valor, hoy en d\u00eda apreciamos su conexi\u00f3n con los chakras y aceites.\" \/>\n<meta property=\"og:url\" content=\"https:\/\/www.essenciales.com\/blog\/el-poder-de-las-piedras-su-relacion-con-los-chakras-las-emociones-y-los-aceites-esenciales\/\" \/>\n<meta property=\"og:site_name\" content=\"Blog de ESSENCIALES\" \/>\n<meta property=\"article:published_time\" content=\"2023-08-07T07:30:06+00:00\" \/>\n<meta property=\"article:modified_time\" content=\"2023-08-01T08:32:52+00:00\" \/>\n<meta property=\"og:image\" content=\"https:\/\/www.essenciales.com\/blog\/wp-content\/uploads\/fondo_blog_EL-PODER-DE-LAS-PIEDRAS_800x500.jpg\" \/>\n\t<meta property=\"og:image:width\" content=\"800\" \/>\n\t<meta property=\"og:image:height\" content=\"500\" \/>\n\t<meta property=\"og:image:type\" content=\"image\/jpeg\" \/>\n<meta name=\"author\" content=\"Nuria Moreno\" \/>\n<meta name=\"twitter:card\" content=\"summary_large_image\" \/>\n<meta name=\"twitter:label1\" content=\"Escrito por\" \/>\n\t<meta name=\"twitter:data1\" content=\"Nuria Moreno\" \/>\n\t<meta name=\"twitter:label2\" content=\"Tiempo de lectura\" \/>\n\t<meta name=\"twitter:data2\" content=\"5 minutos\" \/>\n<script type=\"application\/ld+json\" class=\"yoast-schema-graph\">{\"@context\":\"https:\/\/schema.org\",\"@graph\":[{\"@type\":\"WebPage\",\"@id\":\"https:\/\/www.essenciales.com\/blog\/el-poder-de-las-piedras-su-relacion-con-los-chakras-las-emociones-y-los-aceites-esenciales\/\",\"url\":\"https:\/\/www.essenciales.com\/blog\/el-poder-de-las-piedras-su-relacion-con-los-chakras-las-emociones-y-los-aceites-esenciales\/\",\"name\":\"El poder de las piedras: su relaci\u00f3n con los chakras, las emociones y los aceites esenciales | Blog de ESSENCIALES\",\"isPartOf\":{\"@id\":\"https:\/\/www.essenciales.com\/blog\/#website\"},\"datePublished\":\"2023-08-07T07:30:06+00:00\",\"dateModified\":\"2023-08-01T08:32:52+00:00\",\"author\":{\"@id\":\"https:\/\/www.essenciales.com\/blog\/#\/schema\/person\/ba44a296eed23f89b82b6b67dee32d7f\"},\"description\":\"Desde tiempos antiguos, las piedras preciosas han sido apreciadas por su valor, hoy en d\u00eda apreciamos su conexi\u00f3n con los chakras y aceites.\",\"breadcrumb\":{\"@id\":\"https:\/\/www.essenciales.com\/blog\/el-poder-de-las-piedras-su-relacion-con-los-chakras-las-emociones-y-los-aceites-esenciales\/#breadcrumb\"},\"inLanguage\":\"es\",\"potentialAction\":[{\"@type\":\"ReadAction\",\"target\":[\"https:\/\/www.essenciales.com\/blog\/el-poder-de-las-piedras-su-relacion-con-los-chakras-las-emociones-y-los-aceites-esenciales\/\"]}]},{\"@type\":\"BreadcrumbList\",\"@id\":\"https:\/\/www.essenciales.com\/blog\/el-poder-de-las-piedras-su-relacion-con-los-chakras-las-emociones-y-los-aceites-esenciales\/#breadcrumb\",\"itemListElement\":[{\"@type\":\"ListItem\",\"position\":1,\"name\":\"Portada\",\"item\":\"https:\/\/www.essenciales.com\/blog\/\"},{\"@type\":\"ListItem\",\"position\":2,\"name\":\"El poder de las piedras: su relaci\u00f3n con los chakras, las emociones y los aceites esenciales\"}]},{\"@type\":\"WebSite\",\"@id\":\"https:\/\/www.essenciales.com\/blog\/#website\",\"url\":\"https:\/\/www.essenciales.com\/blog\/\",\"name\":\"Blog de ESSENCIALES\",\"description\":\"Conoce todas las propiedades de los aceites esenciales y vegetales, as\u00ed como sus usos y remedios naturales\",\"potentialAction\":[{\"@type\":\"SearchAction\",\"target\":{\"@type\":\"EntryPoint\",\"urlTemplate\":\"https:\/\/www.essenciales.com\/blog\/?s={search_term_string}\"},\"query-input\":\"required name=search_term_string\"}],\"inLanguage\":\"es\"},{\"@type\":\"Person\",\"@id\":\"https:\/\/www.essenciales.com\/blog\/#\/schema\/person\/ba44a296eed23f89b82b6b67dee32d7f\",\"name\":\"Nuria Moreno\"}]}<\/script>\n<!-- \/ Yoast SEO plugin. -->","yoast_head_json":{"title":"El poder de las piedras: su relaci\u00f3n con los chakras, las emociones y los aceites esenciales | Blog de ESSENCIALES","description":"Desde tiempos antiguos, las piedras preciosas han sido apreciadas por su valor, hoy en d\u00eda apreciamos su conexi\u00f3n con los chakras y aceites.","robots":{"index":"index","follow":"follow","max-snippet":"max-snippet:-1","max-image-preview":"max-image-preview:large","max-video-preview":"max-video-preview:-1"},"canonical":"https:\/\/www.essenciales.com\/blog\/el-poder-de-las-piedras-su-relacion-con-los-chakras-las-emociones-y-los-aceites-esenciales\/","og_locale":"es_ES","og_type":"article","og_title":"El poder de las piedras: su relaci\u00f3n con los chakras, las emociones y los aceites esenciales | Blog de ESSENCIALES","og_description":"Desde tiempos antiguos, las piedras preciosas han sido apreciadas por su valor, hoy en d\u00eda apreciamos su conexi\u00f3n con los chakras y aceites.","og_url":"https:\/\/www.essenciales.com\/blog\/el-poder-de-las-piedras-su-relacion-con-los-chakras-las-emociones-y-los-aceites-esenciales\/","og_site_name":"Blog de ESSENCIALES","article_published_time":"2023-08-07T07:30:06+00:00","article_modified_time":"2023-08-01T08:32:52+00:00","og_image":[{"width":800,"height":500,"url":"https:\/\/www.essenciales.com\/blog\/wp-content\/uploads\/fondo_blog_EL-PODER-DE-LAS-PIEDRAS_800x500.jpg","type":"image\/jpeg"}],"author":"Nuria Moreno","twitter_card":"summary_large_image","twitter_misc":{"Escrito por":"Nuria Moreno","Tiempo de lectura":"5 minutos"},"schema":{"@context":"https:\/\/schema.org","@graph":[{"@type":"WebPage","@id":"https:\/\/www.essenciales.com\/blog\/el-poder-de-las-piedras-su-relacion-con-los-chakras-las-emociones-y-los-aceites-esenciales\/","url":"https:\/\/www.essenciales.com\/blog\/el-poder-de-las-piedras-su-relacion-con-los-chakras-las-emociones-y-los-aceites-esenciales\/","name":"El poder de las piedras: su relaci\u00f3n con los chakras, las emociones y los aceites esenciales | Blog de ESSENCIALES","isPartOf":{"@id":"https:\/\/www.essenciales.com\/blog\/#website"},"datePublished":"2023-08-07T07:30:06+00:00","dateModified":"2023-08-01T08:32:52+00:00","author":{"@id":"https:\/\/www.essenciales.com\/blog\/#\/schema\/person\/ba44a296eed23f89b82b6b67dee32d7f"},"description":"Desde tiempos antiguos, las piedras preciosas han sido apreciadas por su valor, hoy en d\u00eda apreciamos su conexi\u00f3n con los chakras y aceites.","breadcrumb":{"@id":"https:\/\/www.essenciales.com\/blog\/el-poder-de-las-piedras-su-relacion-con-los-chakras-las-emociones-y-los-aceites-esenciales\/#breadcrumb"},"inLanguage":"es","potentialAction":[{"@type":"ReadAction","target":["https:\/\/www.essenciales.com\/blog\/el-poder-de-las-piedras-su-relacion-con-los-chakras-las-emociones-y-los-aceites-esenciales\/"]}]},{"@type":"BreadcrumbList","@id":"https:\/\/www.essenciales.com\/blog\/el-poder-de-las-piedras-su-relacion-con-los-chakras-las-emociones-y-los-aceites-esenciales\/#breadcrumb","itemListElement":[{"@type":"ListItem","position":1,"name":"Portada","item":"https:\/\/www.essenciales.com\/blog\/"},{"@type":"ListItem","position":2,"name":"El poder de las piedras: su relaci\u00f3n con los chakras, las emociones y los aceites esenciales"}]},{"@type":"WebSite","@id":"https:\/\/www.essenciales.com\/blog\/#website","url":"https:\/\/www.essenciales.com\/blog\/","name":"Blog de ESSENCIALES","description":"Conoce todas las propiedades de los aceites esenciales y vegetales, as\u00ed como sus usos y remedios naturales","potentialAction":[{"@type":"SearchAction","target":{"@type":"EntryPoint","urlTemplate":"https:\/\/www.essenciales.com\/blog\/?s={search_term_string}"},"query-input":"required name=search_term_string"}],"inLanguage":"es"},{"@type":"Person","@id":"https:\/\/www.essenciales.com\/blog\/#\/schema\/person\/ba44a296eed23f89b82b6b67dee32d7f","name":"Nuria Moreno"}]}},"_links":{"self":[{"href":"https:\/\/www.essenciales.com\/blog\/wp-json\/wp\/v2\/posts\/2032"}],"collection":[{"href":"https:\/\/www.essenciales.com\/blog\/wp-json\/wp\/v2\/posts"}],"about":[{"href":"https:\/\/www.essenciales.com\/blog\/wp-json\/wp\/v2\/types\/post"}],"author":[{"embeddable":true,"href":"https:\/\/www.essenciales.com\/blog\/wp-json\/wp\/v2\/users\/4"}],"replies":[{"embeddable":true,"href":"https:\/\/www.essenciales.com\/blog\/wp-json\/wp\/v2\/comments?post=2032"}],"version-history":[{"count":1,"href":"https:\/\/www.essenciales.com\/blog\/wp-json\/wp\/v2\/posts\/2032\/revisions"}],"predecessor-version":[{"id":2033,"href":"https:\/\/www.essenciales.com\/blog\/wp-json\/wp\/v2\/posts\/2032\/revisions\/2033"}],"wp:featuredmedia":[{"embeddable":true,"href":"https:\/\/www.essenciales.com\/blog\/wp-json\/wp\/v2\/media\/2037"}],"wp:attachment":[{"href":"https:\/\/www.essenciales.com\/blog\/wp-json\/wp\/v2\/media?parent=2032"}],"wp:term":[{"taxonomy":"category","embeddable":true,"href":"https:\/\/www.essenciales.com\/blog\/wp-json\/wp\/v2\/categories?post=2032"},{"taxonomy":"post_tag","embeddable":true,"href":"https:\/\/www.essenciales.com\/blog\/wp-json\/wp\/v2\/tags?post=2032"}],"curies":[{"name":"wp","href":"https:\/\/api.w.org\/{rel}","templated":true}]}}