{"id":2041,"date":"2023-09-04T11:56:34","date_gmt":"2023-09-04T09:56:34","guid":{"rendered":"https:\/\/www.essenciales.com\/blog\/?p=2041"},"modified":"2023-09-04T10:36:16","modified_gmt":"2023-09-04T08:36:16","slug":"cuidado-del-cabello-post-verano-recuperacion-y-mantenimiento-con-aceites-esenciales-y-vegetales","status":"publish","type":"post","link":"https:\/\/www.essenciales.com\/blog\/cuidado-del-cabello-post-verano-recuperacion-y-mantenimiento-con-aceites-esenciales-y-vegetales\/","title":{"rendered":"Cuidado del Cabello Post-Verano: Recuperaci\u00f3n y Mantenimiento con Aceites Esenciales y Vegetales"},"content":{"rendered":"<h2 style=\"text-align: center;\"><strong>Revitaliza y cuida tu cabello con aceites esenciales y vegetales despu\u00e9s del verano<\/strong><\/h2>\n<p>El verano es sin\u00f3nimo de diversi\u00f3n bajo el sol, pero tambi\u00e9n puede causar estragos en nuestro querido cabello. La exposici\u00f3n constante al sol, el cloro de las piscinas y la sal del mar pueden dejarlo reseco y da\u00f1ado. \u00a1Pero no te preocupes! En este art\u00edculo, te traemos consejos sobre c\u00f3mo cuidar y revitalizar tu cabello con el poder de los aceites esenciales y vegetales, adem\u00e1s de recetas naturales para la recuperaci\u00f3n capilar y el mantenimiento de diferentes tipos de cabello.<\/p>\n<h2 style=\"text-align: center;\"><strong>\u00bfQu\u00e9 aceites usaremos y por qu\u00e9?<\/strong><\/h2>\n<h3><strong>Aceite de Coco Virgen:<\/strong><\/h3>\n<p>El aceite de coco es un aut\u00e9ntico tesoro para el cuidado capilar. Su composici\u00f3n \u00fanica de \u00e1cidos grasos esenciales penetra en la fibra capilar, proporcionando hidrataci\u00f3n profunda y ayudando a reparar el cabello da\u00f1ado. Adem\u00e1s, su acci\u00f3n antif\u00fangica y antibacteriana ayuda a mantener el cuero cabelludo limpio y libre de infecciones.<\/p>\n<p style=\"text-align: center;\"><a href=\"https:\/\/www.essenciales.com\/aceites-primera-presion-frio\/aceite-coco-primera-presion-frio.html\">Comprar aceite de coco<\/a><\/p>\n<h3><strong>Aceite de Arg\u00e1n:<\/strong><\/h3>\n<p>Originario de Marruecos, el aceite de arg\u00e1n es rico en vitamina E y antioxidantes que nutren y reparan las hebras del cabello. Sus propiedades suavizantes y antiencrespamiento lo convierten en una opci\u00f3n ideal para cabello seco y da\u00f1ado. Ayuda a sellar la cut\u00edcula capilar, dejando el cabello m\u00e1s suave, manejable y con un brillo radiante.<\/p>\n<p style=\"text-align: center;\"><a href=\"https:\/\/www.essenciales.com\/aceites-primera-presion-frio\/aceite-vegetal-argan-primera-presion-frio.html\">Comprar aceite de arg\u00e1n<\/a><\/p>\n<h3><strong>Aceite de Jojoba:<\/strong><\/h3>\n<p>A pesar de ser t\u00e9cnicamente un l\u00edquido ceroso, el aceite de jojoba es similar al sebo humano, lo que lo convierte en un acondicionador natural perfecto. Penetra en el cabello sin dejarlo grasoso, sellando la humedad y suavizando los mechones rebeldes.<\/p>\n<p style=\"text-align: center;\"><a href=\"https:\/\/www.essenciales.com\/aceites-primera-presion-frio\/aceite-vegetal-jojoba-primera-presion-frio.html\">Comprar aceite de jojoba<\/a><\/p>\n<h3><strong>Aceite de Oliva Extra Virgen:<\/strong><\/h3>\n<p>Rico en antioxidantes y \u00e1cidos grasos esenciales, el aceite de oliva hidrata intensamente y suaviza el cabello rizado. Ayuda a reducir el encrespamiento y mejora la elasticidad de los rizos.<\/p>\n<p style=\"text-align: center;\"><a href=\"https:\/\/www.essenciales.com\/aceites-primera-presion-frio\/aceite-vegetal-oliva-arbequina-primera-presion-frio-.html\">Comprar aceite de oliva<\/a><\/p>\n<h3><strong>Aceite Esencial de Lavanda:<\/strong><\/h3>\n<p>Adem\u00e1s de su agradable aroma, el aceite esencial de lavanda posee propiedades calmantes y relajantes para el cuero cabelludo. Tambi\u00e9n estimula la circulaci\u00f3n sangu\u00ednea en el fol\u00edculo piloso, lo que puede favorecer el crecimiento capilar saludable.<\/p>\n<p style=\"text-align: center;\"><a href=\"https:\/\/www.essenciales.com\/aceites-esenciales\/aceite-esencial-lavanda.html\">Comprar aceite de lavanda<\/a><\/p>\n<h3><strong>Aceite Esencial de Ylang-Ylang:<\/strong><\/h3>\n<p>Este aceite esencial no solo aporta un aroma floral y ex\u00f3tico, sino que tambi\u00e9n regula la producci\u00f3n de sebo en el cuero cabelludo. Esto ayuda a mantener el cabello liso sin exceso de grasa ni sequedad.<\/p>\n<p style=\"text-align: center;\"><a href=\"https:\/\/www.essenciales.com\/aceites-esenciales\/aceite-esencial-ylang-ylang.html\">Comprar aceite de ylang-ylang<\/a><\/p>\n<h3><strong>Aceite Esencial de Lim\u00f3n:<\/strong><\/h3>\n<p>El aceite esencial de lim\u00f3n es conocido por sus propiedades astringentes y purificantes. Puede ayudar a controlar el exceso de grasa en el cuero cabelludo, proporcionando un equilibrio adecuado para el cabello liso.<\/p>\n<p style=\"text-align: center;\"><a href=\"https:\/\/www.essenciales.com\/aceites-esenciales\/aceite-esencial-limon.html\">Comprar aceite de lim\u00f3n<\/a><\/p>\n<h3><strong>Aceite Esencial de Romero Alcanfor:<\/strong><\/h3>\n<p>El aceite esencial de romero estimula el flujo sangu\u00edneo en el cuero cabelludo, promoviendo un ambiente saludable para el crecimiento capilar. Tambi\u00e9n fortalece los fol\u00edculos y previene la ca\u00edda del cabello.<\/p>\n<p style=\"text-align: center;\"><a href=\"https:\/\/www.essenciales.com\/aceites-esenciales\/aceite-esencial-romero-alcanfor.html\">Comprar aceite de romero alcanfor<\/a><\/p>\n<h2><strong>Ahora s\u00ed, vamos a por esas sinergias que nos sacar\u00e1n de m\u00e1s de un apuro con nuestro cabello<\/strong><\/h2>\n<h3><strong>Recuperaci\u00f3n Capilar para Cabello Da\u00f1ado:<\/strong><\/h3>\n<p>El cabello da\u00f1ado necesita amor y atenci\u00f3n extra despu\u00e9s de los meses de verano. Una excelente manera de revitalizarlo es con una mascarilla nutritiva. Aqu\u00ed tienes una receta sencilla:<\/p>\n<h4><strong>Mascarilla de Recuperaci\u00f3n Capilar:<\/strong><\/h4>\n<p>&#8211; 2 cucharadas de aceite de coco virgen<\/p>\n<p>&#8211; 1 cucharada de aceite de arg\u00e1n<\/p>\n<p>&#8211; 5 gotas de aceite esencial de lavanda<\/p>\n<p>&nbsp;<\/p>\n<p>Mezcla todos los ingredientes en un recipiente. Aplica la mezcla generosamente sobre tu cabello, desde las ra\u00edces hasta las puntas. Masajea suavemente el cuero cabelludo. Deja actuar durante 30-45 minutos y luego lava tu cabello con champ\u00fa y acondicionador como de costumbre. Repite este tratamiento una vez a la semana para obtener mejores resultados.<\/p>\n<p>&nbsp;<\/p>\n<h3><strong>Mantenimiento para Cabello Liso:<\/strong><\/h3>\n<p>&nbsp;<\/p>\n<p>Si tienes el cabello liso y deseas mantenerlo brillante y sedoso, los siguientes ingredientes naturales son tus aliados:<\/p>\n<p>&nbsp;<\/p>\n<p>Aceite de Jojoba: Este aceite vegetal es similar a los aceites naturales del cuero cabelludo, por lo que ayuda a mantener la humedad y evitar el frizz.<\/p>\n<p>&nbsp;<\/p>\n<p>Aceite esencial de Ylang-Ylang: Este aceite esencial no solo a\u00f1ade un aroma delicioso, sino que tambi\u00e9n ayuda a equilibrar la producci\u00f3n de aceite en el cuero cabelludo.<\/p>\n<p>&nbsp;<\/p>\n<h4><strong>Receta de Serum para Cabello Liso:<\/strong><\/h4>\n<p>&#8211; 2 cucharadas de aceite de jojoba<\/p>\n<p>&#8211; 3 gotas de aceite esencial de ylang-ylang<\/p>\n<p>&#8211; 2 gotas de aceite esencial de lim\u00f3n<\/p>\n<p>&nbsp;<\/p>\n<p>Mezcla los ingredientes en una botella de vidrio oscuro. Aplica unas gotas en tus manos y distrib\u00fayelas en el cabello seco o h\u00famedo, evitando las ra\u00edces. Puedes usarlo diariamente para mantener tu cabello liso y brillante.<\/p>\n<p>&nbsp;<\/p>\n<p><strong>Mantenimiento para Cabello Rizado:<\/strong><\/p>\n<p>&nbsp;<\/p>\n<p>Si tienes cabello rizado, sabes lo importante que es mantenerlo hidratado y definido. Estos ingredientes te ayudar\u00e1n a realzar tus rizos:<\/p>\n<p>&nbsp;<\/p>\n<p>Aceite de Oliva: Este aceite vegetal es rico en \u00e1cidos grasos y vitaminas que nutren los rizos y reducen el encrespamiento.<\/p>\n<p>&nbsp;<\/p>\n<p>Aceite esencial de Romero Alcanfor: Este aceite esencial estimula el cuero cabelludo y promueve el crecimiento del cabello, manteniendo tus rizos saludables.<\/p>\n<p>&nbsp;<\/p>\n<h4><strong>Receta de Acondicionador para Cabello Rizado:<\/strong><\/h4>\n<p>&#8211; 3 cucharadas de aceite de oliva extra virgen<\/p>\n<p>&#8211; 4 gotas de aceite esencial de romero<\/p>\n<p>&#8211; 3 gotas de aceite esencial de lavanda<\/p>\n<p>&nbsp;<\/p>\n<p>Mezcla los ingredientes en un recipiente. Aplica la mezcla de medios a puntas despu\u00e9s del champ\u00fa y d\u00e9jala actuar durante unos minutos antes de enjuagar. Utiliza este acondicionador natural una o dos veces por semana para mantener tus rizos definidos y suaves.<\/p>\n<p>&nbsp;<\/p>\n<p>En resumen, despu\u00e9s de un verano lleno de sol y diversi\u00f3n, tu cabello merece un poco de atenci\u00f3n extra. Los aceites esenciales y vegetales son aliados naturales para revitalizar y mantener tu cabello en su mejor estado. \u00a1Prueba estas recetas y deja que tu cabello brille con salud y belleza! Recuerda siempre hacer una prueba de parche antes de usar nuevos productos en tu piel o cabello. Con estos ingredientes naturales y sus propiedades \u00fanicas, puedes crear tratamientos personalizados para recuperar y mantener la salud de tu cabello despu\u00e9s del verano.<\/p>\n<p><strong>\u00a0<\/strong><\/p>\n<h2 style=\"text-align: center;\"><strong>\u00a1Dale a tu melena el amor que se merece y disfruta de un cabello hermoso y radiante en cualquier temporada!<\/strong><\/h2>\n<h2 style=\"text-align: center;\"><strong>\u2665Te leo en comentarios\u2665<\/strong><\/h2>\n","protected":false},"excerpt":{"rendered":"<p>Revitaliza y cuida tu cabello con aceites esenciales y vegetales despu\u00e9s del verano El verano es sin\u00f3nimo de diversi\u00f3n bajo el sol, pero tambi\u00e9n puede&#8230;<\/p>\n<p class=\"readmore\"><a class=\"more-btn\" href=\"https:\/\/www.essenciales.com\/blog\/cuidado-del-cabello-post-verano-recuperacion-y-mantenimiento-con-aceites-esenciales-y-vegetales\/\">Leer m\u00e1s<\/a><\/p>\n","protected":false},"author":4,"featured_media":2046,"comment_status":"open","ping_status":"open","sticky":false,"template":"","format":"standard","meta":[],"categories":[42,76,153,104,108,149],"tags":[],"yoast_head":"<!-- This site is optimized with the Yoast SEO plugin v19.10 - https:\/\/yoast.com\/wordpress\/plugins\/seo\/ -->\n<title>Cuidado del Cabello Post-Verano: Recuperaci\u00f3n y Mantenimiento con Aceites Esenciales y Vegetales | Blog de ESSENCIALES<\/title>\n<meta name=\"description\" content=\"Cuida tu cabello despu\u00e9s de este verano tan caluroso y da\u00f1ino. Luce una melena recuperada y brillante esta temporada con aceites naturales.\" \/>\n<meta name=\"robots\" content=\"index, follow, max-snippet:-1, max-image-preview:large, max-video-preview:-1\" \/>\n<link rel=\"canonical\" href=\"https:\/\/www.essenciales.com\/blog\/cuidado-del-cabello-post-verano-recuperacion-y-mantenimiento-con-aceites-esenciales-y-vegetales\/\" \/>\n<meta property=\"og:locale\" content=\"es_ES\" \/>\n<meta property=\"og:type\" content=\"article\" \/>\n<meta property=\"og:title\" content=\"Cuidado del Cabello Post-Verano: Recuperaci\u00f3n y Mantenimiento con Aceites Esenciales y Vegetales | Blog de ESSENCIALES\" \/>\n<meta property=\"og:description\" content=\"Cuida tu cabello despu\u00e9s de este verano tan caluroso y da\u00f1ino. Luce una melena recuperada y brillante esta temporada con aceites naturales.\" \/>\n<meta property=\"og:url\" content=\"https:\/\/www.essenciales.com\/blog\/cuidado-del-cabello-post-verano-recuperacion-y-mantenimiento-con-aceites-esenciales-y-vegetales\/\" \/>\n<meta property=\"og:site_name\" content=\"Blog de ESSENCIALES\" \/>\n<meta property=\"article:published_time\" content=\"2023-09-04T09:56:34+00:00\" \/>\n<meta property=\"article:modified_time\" content=\"2023-09-04T08:36:16+00:00\" \/>\n<meta property=\"og:image\" content=\"https:\/\/www.essenciales.com\/blog\/wp-content\/uploads\/fondo_blog_CUIDADO-CABELLO-POST-VERANO_800x500.jpg\" \/>\n\t<meta property=\"og:image:width\" content=\"800\" \/>\n\t<meta property=\"og:image:height\" content=\"500\" \/>\n\t<meta property=\"og:image:type\" content=\"image\/jpeg\" \/>\n<meta name=\"author\" content=\"Nuria Moreno\" \/>\n<meta name=\"twitter:card\" content=\"summary_large_image\" \/>\n<meta name=\"twitter:label1\" content=\"Escrito por\" \/>\n\t<meta name=\"twitter:data1\" content=\"Nuria Moreno\" \/>\n\t<meta name=\"twitter:label2\" content=\"Tiempo de lectura\" \/>\n\t<meta name=\"twitter:data2\" content=\"5 minutos\" \/>\n<script type=\"application\/ld+json\" class=\"yoast-schema-graph\">{\"@context\":\"https:\/\/schema.org\",\"@graph\":[{\"@type\":\"WebPage\",\"@id\":\"https:\/\/www.essenciales.com\/blog\/cuidado-del-cabello-post-verano-recuperacion-y-mantenimiento-con-aceites-esenciales-y-vegetales\/\",\"url\":\"https:\/\/www.essenciales.com\/blog\/cuidado-del-cabello-post-verano-recuperacion-y-mantenimiento-con-aceites-esenciales-y-vegetales\/\",\"name\":\"Cuidado del Cabello Post-Verano: Recuperaci\u00f3n y Mantenimiento con Aceites Esenciales y Vegetales | Blog de ESSENCIALES\",\"isPartOf\":{\"@id\":\"https:\/\/www.essenciales.com\/blog\/#website\"},\"datePublished\":\"2023-09-04T09:56:34+00:00\",\"dateModified\":\"2023-09-04T08:36:16+00:00\",\"author\":{\"@id\":\"https:\/\/www.essenciales.com\/blog\/#\/schema\/person\/ba44a296eed23f89b82b6b67dee32d7f\"},\"description\":\"Cuida tu cabello despu\u00e9s de este verano tan caluroso y da\u00f1ino. Luce una melena recuperada y brillante esta temporada con aceites naturales.\",\"breadcrumb\":{\"@id\":\"https:\/\/www.essenciales.com\/blog\/cuidado-del-cabello-post-verano-recuperacion-y-mantenimiento-con-aceites-esenciales-y-vegetales\/#breadcrumb\"},\"inLanguage\":\"es\",\"potentialAction\":[{\"@type\":\"ReadAction\",\"target\":[\"https:\/\/www.essenciales.com\/blog\/cuidado-del-cabello-post-verano-recuperacion-y-mantenimiento-con-aceites-esenciales-y-vegetales\/\"]}]},{\"@type\":\"BreadcrumbList\",\"@id\":\"https:\/\/www.essenciales.com\/blog\/cuidado-del-cabello-post-verano-recuperacion-y-mantenimiento-con-aceites-esenciales-y-vegetales\/#breadcrumb\",\"itemListElement\":[{\"@type\":\"ListItem\",\"position\":1,\"name\":\"Portada\",\"item\":\"https:\/\/www.essenciales.com\/blog\/\"},{\"@type\":\"ListItem\",\"position\":2,\"name\":\"Cuidado del Cabello Post-Verano: Recuperaci\u00f3n y Mantenimiento con Aceites Esenciales y Vegetales\"}]},{\"@type\":\"WebSite\",\"@id\":\"https:\/\/www.essenciales.com\/blog\/#website\",\"url\":\"https:\/\/www.essenciales.com\/blog\/\",\"name\":\"Blog de ESSENCIALES\",\"description\":\"Conoce todas las propiedades de los aceites esenciales y vegetales, as\u00ed como sus usos y remedios naturales\",\"potentialAction\":[{\"@type\":\"SearchAction\",\"target\":{\"@type\":\"EntryPoint\",\"urlTemplate\":\"https:\/\/www.essenciales.com\/blog\/?s={search_term_string}\"},\"query-input\":\"required name=search_term_string\"}],\"inLanguage\":\"es\"},{\"@type\":\"Person\",\"@id\":\"https:\/\/www.essenciales.com\/blog\/#\/schema\/person\/ba44a296eed23f89b82b6b67dee32d7f\",\"name\":\"Nuria Moreno\"}]}<\/script>\n<!-- \/ Yoast SEO plugin. -->","yoast_head_json":{"title":"Cuidado del Cabello Post-Verano: Recuperaci\u00f3n y Mantenimiento con Aceites Esenciales y Vegetales | Blog de ESSENCIALES","description":"Cuida tu cabello despu\u00e9s de este verano tan caluroso y da\u00f1ino. Luce una melena recuperada y brillante esta temporada con aceites naturales.","robots":{"index":"index","follow":"follow","max-snippet":"max-snippet:-1","max-image-preview":"max-image-preview:large","max-video-preview":"max-video-preview:-1"},"canonical":"https:\/\/www.essenciales.com\/blog\/cuidado-del-cabello-post-verano-recuperacion-y-mantenimiento-con-aceites-esenciales-y-vegetales\/","og_locale":"es_ES","og_type":"article","og_title":"Cuidado del Cabello Post-Verano: Recuperaci\u00f3n y Mantenimiento con Aceites Esenciales y Vegetales | Blog de ESSENCIALES","og_description":"Cuida tu cabello despu\u00e9s de este verano tan caluroso y da\u00f1ino. Luce una melena recuperada y brillante esta temporada con aceites naturales.","og_url":"https:\/\/www.essenciales.com\/blog\/cuidado-del-cabello-post-verano-recuperacion-y-mantenimiento-con-aceites-esenciales-y-vegetales\/","og_site_name":"Blog de ESSENCIALES","article_published_time":"2023-09-04T09:56:34+00:00","article_modified_time":"2023-09-04T08:36:16+00:00","og_image":[{"width":800,"height":500,"url":"https:\/\/www.essenciales.com\/blog\/wp-content\/uploads\/fondo_blog_CUIDADO-CABELLO-POST-VERANO_800x500.jpg","type":"image\/jpeg"}],"author":"Nuria Moreno","twitter_card":"summary_large_image","twitter_misc":{"Escrito por":"Nuria Moreno","Tiempo de lectura":"5 minutos"},"schema":{"@context":"https:\/\/schema.org","@graph":[{"@type":"WebPage","@id":"https:\/\/www.essenciales.com\/blog\/cuidado-del-cabello-post-verano-recuperacion-y-mantenimiento-con-aceites-esenciales-y-vegetales\/","url":"https:\/\/www.essenciales.com\/blog\/cuidado-del-cabello-post-verano-recuperacion-y-mantenimiento-con-aceites-esenciales-y-vegetales\/","name":"Cuidado del Cabello Post-Verano: Recuperaci\u00f3n y Mantenimiento con Aceites Esenciales y Vegetales | Blog de ESSENCIALES","isPartOf":{"@id":"https:\/\/www.essenciales.com\/blog\/#website"},"datePublished":"2023-09-04T09:56:34+00:00","dateModified":"2023-09-04T08:36:16+00:00","author":{"@id":"https:\/\/www.essenciales.com\/blog\/#\/schema\/person\/ba44a296eed23f89b82b6b67dee32d7f"},"description":"Cuida tu cabello despu\u00e9s de este verano tan caluroso y da\u00f1ino. Luce una melena recuperada y brillante esta temporada con aceites naturales.","breadcrumb":{"@id":"https:\/\/www.essenciales.com\/blog\/cuidado-del-cabello-post-verano-recuperacion-y-mantenimiento-con-aceites-esenciales-y-vegetales\/#breadcrumb"},"inLanguage":"es","potentialAction":[{"@type":"ReadAction","target":["https:\/\/www.essenciales.com\/blog\/cuidado-del-cabello-post-verano-recuperacion-y-mantenimiento-con-aceites-esenciales-y-vegetales\/"]}]},{"@type":"BreadcrumbList","@id":"https:\/\/www.essenciales.com\/blog\/cuidado-del-cabello-post-verano-recuperacion-y-mantenimiento-con-aceites-esenciales-y-vegetales\/#breadcrumb","itemListElement":[{"@type":"ListItem","position":1,"name":"Portada","item":"https:\/\/www.essenciales.com\/blog\/"},{"@type":"ListItem","position":2,"name":"Cuidado del Cabello Post-Verano: Recuperaci\u00f3n y Mantenimiento con Aceites Esenciales y Vegetales"}]},{"@type":"WebSite","@id":"https:\/\/www.essenciales.com\/blog\/#website","url":"https:\/\/www.essenciales.com\/blog\/","name":"Blog de ESSENCIALES","description":"Conoce todas las propiedades de los aceites esenciales y vegetales, as\u00ed como sus usos y remedios naturales","potentialAction":[{"@type":"SearchAction","target":{"@type":"EntryPoint","urlTemplate":"https:\/\/www.essenciales.com\/blog\/?s={search_term_string}"},"query-input":"required name=search_term_string"}],"inLanguage":"es"},{"@type":"Person","@id":"https:\/\/www.essenciales.com\/blog\/#\/schema\/person\/ba44a296eed23f89b82b6b67dee32d7f","name":"Nuria Moreno"}]}},"_links":{"self":[{"href":"https:\/\/www.essenciales.com\/blog\/wp-json\/wp\/v2\/posts\/2041"}],"collection":[{"href":"https:\/\/www.essenciales.com\/blog\/wp-json\/wp\/v2\/posts"}],"about":[{"href":"https:\/\/www.essenciales.com\/blog\/wp-json\/wp\/v2\/types\/post"}],"author":[{"embeddable":true,"href":"https:\/\/www.essenciales.com\/blog\/wp-json\/wp\/v2\/users\/4"}],"replies":[{"embeddable":true,"href":"https:\/\/www.essenciales.com\/blog\/wp-json\/wp\/v2\/comments?post=2041"}],"version-history":[{"count":1,"href":"https:\/\/www.essenciales.com\/blog\/wp-json\/wp\/v2\/posts\/2041\/revisions"}],"predecessor-version":[{"id":2042,"href":"https:\/\/www.essenciales.com\/blog\/wp-json\/wp\/v2\/posts\/2041\/revisions\/2042"}],"wp:featuredmedia":[{"embeddable":true,"href":"https:\/\/www.essenciales.com\/blog\/wp-json\/wp\/v2\/media\/2046"}],"wp:attachment":[{"href":"https:\/\/www.essenciales.com\/blog\/wp-json\/wp\/v2\/media?parent=2041"}],"wp:term":[{"taxonomy":"category","embeddable":true,"href":"https:\/\/www.essenciales.com\/blog\/wp-json\/wp\/v2\/categories?post=2041"},{"taxonomy":"post_tag","embeddable":true,"href":"https:\/\/www.essenciales.com\/blog\/wp-json\/wp\/v2\/tags?post=2041"}],"curies":[{"name":"wp","href":"https:\/\/api.w.org\/{rel}","templated":true}]}}