{"id":2051,"date":"2023-10-04T09:00:35","date_gmt":"2023-10-04T07:00:35","guid":{"rendered":"https:\/\/www.essenciales.com\/blog\/?p=2051"},"modified":"2023-10-04T10:39:49","modified_gmt":"2023-10-04T08:39:49","slug":"recuperando-la-energia-en-la-vuelta-al-trabajo-en-octubre-un-enfoque-holistico-con-aceites-esenciales-para-combatir-la-apatia-del-otono","status":"publish","type":"post","link":"https:\/\/www.essenciales.com\/blog\/recuperando-la-energia-en-la-vuelta-al-trabajo-en-octubre-un-enfoque-holistico-con-aceites-esenciales-para-combatir-la-apatia-del-otono\/","title":{"rendered":"Recuperando la Energ\u00eda en la Vuelta al Trabajo en Octubre: Un Enfoque Hol\u00edstico con Aceites Esenciales para Combatir la Apat\u00eda del Oto\u00f1o"},"content":{"rendered":"<h2>Descubre c\u00f3mo los aceites esenciales pueden ayudarte a superar la apat\u00eda y recuperar tu motivaci\u00f3n durante la vuelta al trabajo en octubre.<\/h2>\n<p>&nbsp;<\/p>\n<p>Bienvenidos un d\u00eda m\u00e1s al blog de Essenciales. Octubre marca el regreso a la rutina para muchas personas despu\u00e9s de las vacaciones de verano. A menudo, este per\u00edodo de transici\u00f3n puede estar acompa\u00f1ado de apat\u00eda y desgana, ya que nos ajustamos a nuestras obligaciones laborales y cotidianas. Una manera efectiva y natural de combatir estos sentimientos es a trav\u00e9s del uso de aceites esenciales como la menta piperita, el laurel, el lim\u00f3n, el pomelo, el clavo y el eucalipto radiata. En este art\u00edculo, exploraremos las propiedades y beneficios de estos aceites esenciales, as\u00ed como la forma de usarlos tanto en difusi\u00f3n como en aplicaci\u00f3n t\u00f3pica v\u00eda roll-on para mejorar tu energ\u00eda y motivaci\u00f3n durante la vuelta al trabajo en octubre.<\/p>\n<p>&nbsp;<\/p>\n<p>La vuelta al trabajo en octubre coincide con la entrada del oto\u00f1o en muchas partes del mundo. Este per\u00edodo de transici\u00f3n estacional puede tener un impacto en nuestra rutina diaria y en nuestra energ\u00eda, ya que dejamos atr\u00e1s el verano y nos preparamos para los meses m\u00e1s fr\u00edos. Aqu\u00ed hay algunas consideraciones sobre la vuelta al trabajo y la llegada del oto\u00f1o:<\/p>\n<ol>\n<li>\n<h3><strong> Cambio de rutina:<\/strong><\/h3>\n<\/li>\n<\/ol>\n<p>Con la vuelta al trabajo, muchas personas experimentan un cambio significativo en su rutina diaria. Las vacaciones de verano suelen estar llenas de actividades relajantes, viajes y tiempo libre, mientras que el oto\u00f1o puede traer consigo horarios m\u00e1s estructurados y compromisos laborales. Este cambio puede generar cierta resistencia y apat\u00eda inicial, ya que nos adaptamos nuevamente a las responsabilidades cotidianas.<\/p>\n<ol start=\"2\">\n<li>\n<h3><strong> Cambios en la luz natural:<\/strong><\/h3>\n<\/li>\n<\/ol>\n<p>A medida que avanzamos hacia el oto\u00f1o, los d\u00edas se acortan y las horas de luz natural disminuyen. Esto puede afectar nuestro ritmo circadiano y nuestro estado de \u00e1nimo, ya que la exposici\u00f3n a la luz natural juega un papel crucial en la regulaci\u00f3n de nuestro reloj biol\u00f3gico. La falta de luz solar puede contribuir a la sensaci\u00f3n de cansancio y desgana.<\/p>\n<ol start=\"3\">\n<li>\n<h3><strong> Cambios en la temperatura:<\/strong><\/h3>\n<\/li>\n<\/ol>\n<p>El oto\u00f1o suele venir acompa\u00f1ado de una disminuci\u00f3n de las temperaturas. A medida que el clima se vuelve m\u00e1s fresco, es importante adaptar nuestro vestuario y prepararnos para las condiciones clim\u00e1ticas cambiantes. La transici\u00f3n a la ropa m\u00e1s abrigada puede requerir tiempo y ajustes en nuestras rutinas matinales.<\/p>\n<ol start=\"4\">\n<li>\n<h3><strong> Enfoque en la salud:<\/strong><\/h3>\n<\/li>\n<\/ol>\n<p>La temporada de oto\u00f1o tambi\u00e9n nos recuerda la importancia de cuidar nuestra salud, ya que las enfermedades respiratorias como el resfriado y la gripe son m\u00e1s comunes en esta \u00e9poca del a\u00f1o. Mantener una dieta equilibrada, hacer ejercicio regularmente y mantener una buena higiene pueden ayudar a fortalecer nuestro sistema inmunol\u00f3gico.<\/p>\n<ol start=\"5\">\n<li>\n<h3><strong> Aprovechar el oto\u00f1o:<\/strong><\/h3>\n<\/li>\n<\/ol>\n<p>A pesar de los desaf\u00edos que pueden surgir con la vuelta al trabajo y la entrada del oto\u00f1o, esta temporada ofrece muchas oportunidades para disfrutar de actividades \u00fanicas. Las caminatas por los bosques cubiertos de hojas oto\u00f1ales, la degustaci\u00f3n de alimentos de temporada como las calabazas y las manzanas, y la preparaci\u00f3n de bebidas calientes son solo algunas de las maneras en las que podemos abrazar y disfrutar esta estaci\u00f3n.<\/p>\n<p>En resumen, la vuelta al trabajo en octubre durante la entrada del oto\u00f1o puede ser un momento de ajuste, pero tambi\u00e9n ofrece la oportunidad de abrazar el cambio de estaci\u00f3n y las nuevas experiencias que trae consigo. Mantener un enfoque positivo, cuidar de nuestra salud y buscar formas de disfrutar del oto\u00f1o puede ayudarnos a sobrellevar mejor esta transici\u00f3n y mantenernos motivados a medida que nos sumergimos en la rutina laboral nuevamente.<\/p>\n<h3><strong>Ahora s\u00ed, vamos con nuestros aceites esenciales y c\u00f3mo estos van a ayudarnos en esta \u00e9poca del a\u00f1o:<\/strong><\/h3>\n<p><a href=\"https:\/\/www.essenciales.com\/aceites-esenciales\/aceite-esencial-menta-piperita.html\"><strong>Aceite Esencial de Menta Piperita<\/strong><\/a><\/p>\n<h4><strong>Propiedades y Beneficios:<\/strong><\/h4>\n<ul>\n<li>Estimulante y refrescante.<\/li>\n<li>Ayuda a aliviar la fatiga mental.<\/li>\n<li>Promueve la concentraci\u00f3n y la claridad mental.<\/li>\n<li>Puede aliviar dolores de cabeza tensionales.<\/li>\n<\/ul>\n<h4><strong>C\u00f3mo Usarlo:<\/strong><\/h4>\n<ul>\n<li>Difusi\u00f3n: Agrega unas gotas de aceite esencial de menta piperita a tu difusor y d\u00e9jalo actuar en tu espacio de trabajo para mantener la mente alerta.<\/li>\n<li>Aplicaci\u00f3n t\u00f3pica: Mezcla unas gotas con un aceite portador (como el aceite de coco) y apl\u00edcalo en las sienes y la nuca para aliviar la fatiga y los dolores de cabeza.<\/li>\n<\/ul>\n<p><a href=\"https:\/\/www.essenciales.com\/aceites-esenciales\/laurel-aceite-esencial.html\"><strong>Aceite Esencial de Laurel<\/strong><\/a><\/p>\n<h4><strong>Propiedades y Beneficios:<\/strong><\/h4>\n<ul>\n<li>Estimula la confianza y la autoestima.<\/li>\n<li>Ayuda a aumentar la motivaci\u00f3n y la determinaci\u00f3n.<\/li>\n<li>Puede reducir el estr\u00e9s y la ansiedad.<\/li>\n<\/ul>\n<h4><strong>C\u00f3mo Usarlo:<\/strong><\/h4>\n<ul>\n<li>Difusi\u00f3n: Combina el aceite esencial de laurel con otros aceites c\u00edtricos para crear un ambiente inspirador en tu espacio de trabajo.<\/li>\n<li>Aplicaci\u00f3n t\u00f3pica: Diluye unas gotas en un roll-on y apl\u00edcalo en la parte interna de las mu\u00f1ecas para aumentar la confianza y la motivaci\u00f3n.<\/li>\n<\/ul>\n<p><a href=\"https:\/\/www.essenciales.com\/aceites-esenciales\/aceite-esencial-limon.html\"><strong>Aceite Esencial de Lim\u00f3n<\/strong><\/a><\/p>\n<h4><strong>Propiedades y Beneficios:<\/strong><\/h4>\n<ul>\n<li>Revitalizante y estimulante.<\/li>\n<li>Promueve la claridad mental y el enfoque.<\/li>\n<li>Combate la fatiga mental y el agotamiento.<\/li>\n<\/ul>\n<h4><strong>C\u00f3mo Usarlo:<\/strong><\/h4>\n<ul>\n<li>Difusi\u00f3n: A\u00f1ade unas gotas de aceite esencial de lim\u00f3n a tu difusor para crear un ambiente fresco y energizante.<\/li>\n<li>Aplicaci\u00f3n t\u00f3pica: Mezcla unas gotas con un aceite portador y apl\u00edcalo en las sienes para mejorar la concentraci\u00f3n.<\/li>\n<\/ul>\n<p><a href=\"https:\/\/www.essenciales.com\/aceites-esenciales\/aceite-esencial-pomelo.html\"><strong>Aceite Esencial de Pomelo<\/strong><\/a><\/p>\n<h4><strong>Propiedades y Beneficios:<\/strong><\/h4>\n<ul>\n<li>Eleva el \u00e1nimo y combate la apat\u00eda.<\/li>\n<li>Ayuda a reducir la sensaci\u00f3n de cansancio.<\/li>\n<li>Puede aumentar la motivaci\u00f3n y la energ\u00eda.<\/li>\n<\/ul>\n<h4><strong>C\u00f3mo Usarlo:<\/strong><\/h4>\n<ul>\n<li>Difusi\u00f3n: Mezcla el aceite esencial de pomelo con otros aceites c\u00edtricos para crear un ambiente fresco y revitalizante en tu lugar de trabajo.<\/li>\n<li>Aplicaci\u00f3n t\u00f3pica: Diluye unas gotas en un roll-on y apl\u00edcalo en los puntos de pulso (mu\u00f1ecas, cuello) para combatir la apat\u00eda y elevar el \u00e1nimo.<\/li>\n<\/ul>\n<p><a href=\"https:\/\/www.essenciales.com\/aceites-esenciales\/aceite-esencial-clavo.html\"><strong>Aceite Esencial de Clavo<\/strong><\/a><\/p>\n<h4><strong>Propiedades y Beneficios:<\/strong><\/h4>\n<ul>\n<li>Estimula la mente y aumenta la concentraci\u00f3n.<\/li>\n<li>Puede aliviar la fatiga f\u00edsica y mental.<\/li>\n<li>Combate el cansancio y el letargo.<\/li>\n<\/ul>\n<h4><strong>C\u00f3mo Usarlo:<\/strong><\/h4>\n<ul>\n<li>Difusi\u00f3n: Agrega unas gotas de aceite esencial de clavo junto con naranja a tu difusor para crear un ambiente estimulante.<\/li>\n<li>Aplicaci\u00f3n t\u00f3pica: Diluye unas gotas en un aceite portador y masajea los m\u00fasculos tensos para aliviar la fatiga f\u00edsica. Mejor combinado con otros m\u00e1s suaves como la naranja.<\/li>\n<\/ul>\n<p><a href=\"https:\/\/www.essenciales.com\/aceites-esenciales\/aceite-esencial-eucalipto-radiata-bio.html\"><strong>Aceite Esencial de Eucalipto Radiata<\/strong><\/a><\/p>\n<h4><strong>Propiedades y Beneficios:<\/strong><\/h4>\n<ul>\n<li>Refrescante y revitalizante.<\/li>\n<li>Ayuda a descongestionar las v\u00edas respiratorias.<\/li>\n<li>Puede mejorar la claridad mental.<\/li>\n<\/ul>\n<h4><strong>C\u00f3mo Usarlo:<\/strong><\/h4>\n<ul>\n<li>Difusi\u00f3n: Utiliza el aceite esencial de eucalipto radiata en tu difusor para promover la frescura y la claridad en el aire.<\/li>\n<li>Aplicaci\u00f3n t\u00f3pica: Mezcla con un aceite portador y aplica en el pecho para ayudar a descongestionar las v\u00edas respiratorias y mejorar la concentraci\u00f3n.<\/li>\n<\/ul>\n<p>Es importante recordar que los aceites esenciales son concentrados y deben usarse con precauci\u00f3n. Siempre sigue las recomendaciones de diluci\u00f3n y consulta a un aromaterapeuta o profesional de la salud si tienes alguna preocupaci\u00f3n m\u00e9dica.<\/p>\n<p>Usados de manera adecuada, estos aceites esenciales pueden ser aliados valiosos para combatir la apat\u00eda y la desgana, brind\u00e1ndote la energ\u00eda y la motivaci\u00f3n necesarias para enfrentar la vuelta al trabajo en octubre con entusiasmo y vitalidad.<\/p>\n<h3 style=\"text-align: center;\"><strong>\u00a1Que tengas un productivo regreso al trabajo!<\/strong><\/h3>\n<h3 style=\"text-align: center;\"><strong>\u2665Te leo en comentarios\u2665<\/strong><\/h3>\n","protected":false},"excerpt":{"rendered":"<p>Descubre c\u00f3mo los aceites esenciales pueden ayudarte a superar la apat\u00eda y recuperar tu motivaci\u00f3n durante la vuelta al trabajo en octubre. &nbsp; Bienvenidos un&#8230;<\/p>\n<p class=\"readmore\"><a class=\"more-btn\" href=\"https:\/\/www.essenciales.com\/blog\/recuperando-la-energia-en-la-vuelta-al-trabajo-en-octubre-un-enfoque-holistico-con-aceites-esenciales-para-combatir-la-apatia-del-otono\/\">Leer m\u00e1s<\/a><\/p>\n","protected":false},"author":4,"featured_media":2066,"comment_status":"open","ping_status":"open","sticky":false,"template":"","format":"standard","meta":[],"categories":[42,144],"tags":[],"yoast_head":"<!-- This site is optimized with the Yoast SEO plugin v19.10 - https:\/\/yoast.com\/wordpress\/plugins\/seo\/ -->\n<title>Recuperando la Energ\u00eda en la Vuelta al Trabajo en Octubre: Un Enfoque Hol\u00edstico con Aceites Esenciales para Combatir la Apat\u00eda del Oto\u00f1o | Blog de ESSENCIALES<\/title>\n<meta name=\"description\" content=\"Supera la apat\u00eda y la falta de motivaci\u00f3n con la ayuda de aceites esenciales recargando tu energ\u00eda y enfrentando el oto\u00f1o con vitalidad y entusiasmo.\" \/>\n<meta name=\"robots\" content=\"index, follow, max-snippet:-1, max-image-preview:large, max-video-preview:-1\" \/>\n<link rel=\"canonical\" href=\"https:\/\/www.essenciales.com\/blog\/recuperando-la-energia-en-la-vuelta-al-trabajo-en-octubre-un-enfoque-holistico-con-aceites-esenciales-para-combatir-la-apatia-del-otono\/\" \/>\n<meta property=\"og:locale\" content=\"es_ES\" \/>\n<meta property=\"og:type\" content=\"article\" \/>\n<meta property=\"og:title\" content=\"Recuperando la Energ\u00eda en la Vuelta al Trabajo en Octubre: Un Enfoque Hol\u00edstico con Aceites Esenciales para Combatir la Apat\u00eda del Oto\u00f1o | Blog de ESSENCIALES\" \/>\n<meta property=\"og:description\" content=\"Supera la apat\u00eda y la falta de motivaci\u00f3n con la ayuda de aceites esenciales recargando tu energ\u00eda y enfrentando el oto\u00f1o con vitalidad y entusiasmo.\" \/>\n<meta property=\"og:url\" content=\"https:\/\/www.essenciales.com\/blog\/recuperando-la-energia-en-la-vuelta-al-trabajo-en-octubre-un-enfoque-holistico-con-aceites-esenciales-para-combatir-la-apatia-del-otono\/\" \/>\n<meta property=\"og:site_name\" content=\"Blog de ESSENCIALES\" \/>\n<meta property=\"article:published_time\" content=\"2023-10-04T07:00:35+00:00\" \/>\n<meta property=\"article:modified_time\" content=\"2023-10-04T08:39:49+00:00\" \/>\n<meta property=\"og:image\" content=\"https:\/\/www.essenciales.com\/blog\/wp-content\/uploads\/fondo_blog_RECUPERANDO-LA-ENERGIA-VUELTA-AL-TRABAJO_800x500.jpg\" \/>\n\t<meta property=\"og:image:width\" content=\"800\" \/>\n\t<meta property=\"og:image:height\" content=\"500\" \/>\n\t<meta property=\"og:image:type\" content=\"image\/jpeg\" \/>\n<meta name=\"author\" content=\"Nuria Moreno\" \/>\n<meta name=\"twitter:card\" content=\"summary_large_image\" \/>\n<meta name=\"twitter:label1\" content=\"Escrito por\" \/>\n\t<meta name=\"twitter:data1\" content=\"Nuria Moreno\" \/>\n\t<meta name=\"twitter:label2\" content=\"Tiempo de lectura\" \/>\n\t<meta name=\"twitter:data2\" content=\"6 minutos\" \/>\n<script type=\"application\/ld+json\" class=\"yoast-schema-graph\">{\"@context\":\"https:\/\/schema.org\",\"@graph\":[{\"@type\":\"WebPage\",\"@id\":\"https:\/\/www.essenciales.com\/blog\/recuperando-la-energia-en-la-vuelta-al-trabajo-en-octubre-un-enfoque-holistico-con-aceites-esenciales-para-combatir-la-apatia-del-otono\/\",\"url\":\"https:\/\/www.essenciales.com\/blog\/recuperando-la-energia-en-la-vuelta-al-trabajo-en-octubre-un-enfoque-holistico-con-aceites-esenciales-para-combatir-la-apatia-del-otono\/\",\"name\":\"Recuperando la Energ\u00eda en la Vuelta al Trabajo en Octubre: Un Enfoque Hol\u00edstico con Aceites Esenciales para Combatir la Apat\u00eda del Oto\u00f1o | Blog de ESSENCIALES\",\"isPartOf\":{\"@id\":\"https:\/\/www.essenciales.com\/blog\/#website\"},\"datePublished\":\"2023-10-04T07:00:35+00:00\",\"dateModified\":\"2023-10-04T08:39:49+00:00\",\"author\":{\"@id\":\"https:\/\/www.essenciales.com\/blog\/#\/schema\/person\/ba44a296eed23f89b82b6b67dee32d7f\"},\"description\":\"Supera la apat\u00eda y la falta de motivaci\u00f3n con la ayuda de aceites esenciales recargando tu energ\u00eda y enfrentando el oto\u00f1o con vitalidad y entusiasmo.\",\"breadcrumb\":{\"@id\":\"https:\/\/www.essenciales.com\/blog\/recuperando-la-energia-en-la-vuelta-al-trabajo-en-octubre-un-enfoque-holistico-con-aceites-esenciales-para-combatir-la-apatia-del-otono\/#breadcrumb\"},\"inLanguage\":\"es\",\"potentialAction\":[{\"@type\":\"ReadAction\",\"target\":[\"https:\/\/www.essenciales.com\/blog\/recuperando-la-energia-en-la-vuelta-al-trabajo-en-octubre-un-enfoque-holistico-con-aceites-esenciales-para-combatir-la-apatia-del-otono\/\"]}]},{\"@type\":\"BreadcrumbList\",\"@id\":\"https:\/\/www.essenciales.com\/blog\/recuperando-la-energia-en-la-vuelta-al-trabajo-en-octubre-un-enfoque-holistico-con-aceites-esenciales-para-combatir-la-apatia-del-otono\/#breadcrumb\",\"itemListElement\":[{\"@type\":\"ListItem\",\"position\":1,\"name\":\"Portada\",\"item\":\"https:\/\/www.essenciales.com\/blog\/\"},{\"@type\":\"ListItem\",\"position\":2,\"name\":\"Recuperando la Energ\u00eda en la Vuelta al Trabajo en Octubre: Un Enfoque Hol\u00edstico con Aceites Esenciales para Combatir la Apat\u00eda del Oto\u00f1o\"}]},{\"@type\":\"WebSite\",\"@id\":\"https:\/\/www.essenciales.com\/blog\/#website\",\"url\":\"https:\/\/www.essenciales.com\/blog\/\",\"name\":\"Blog de ESSENCIALES\",\"description\":\"Conoce todas las propiedades de los aceites esenciales y vegetales, as\u00ed como sus usos y remedios naturales\",\"potentialAction\":[{\"@type\":\"SearchAction\",\"target\":{\"@type\":\"EntryPoint\",\"urlTemplate\":\"https:\/\/www.essenciales.com\/blog\/?s={search_term_string}\"},\"query-input\":\"required name=search_term_string\"}],\"inLanguage\":\"es\"},{\"@type\":\"Person\",\"@id\":\"https:\/\/www.essenciales.com\/blog\/#\/schema\/person\/ba44a296eed23f89b82b6b67dee32d7f\",\"name\":\"Nuria Moreno\"}]}<\/script>\n<!-- \/ Yoast SEO plugin. -->","yoast_head_json":{"title":"Recuperando la Energ\u00eda en la Vuelta al Trabajo en Octubre: Un Enfoque Hol\u00edstico con Aceites Esenciales para Combatir la Apat\u00eda del Oto\u00f1o | Blog de ESSENCIALES","description":"Supera la apat\u00eda y la falta de motivaci\u00f3n con la ayuda de aceites esenciales recargando tu energ\u00eda y enfrentando el oto\u00f1o con vitalidad y entusiasmo.","robots":{"index":"index","follow":"follow","max-snippet":"max-snippet:-1","max-image-preview":"max-image-preview:large","max-video-preview":"max-video-preview:-1"},"canonical":"https:\/\/www.essenciales.com\/blog\/recuperando-la-energia-en-la-vuelta-al-trabajo-en-octubre-un-enfoque-holistico-con-aceites-esenciales-para-combatir-la-apatia-del-otono\/","og_locale":"es_ES","og_type":"article","og_title":"Recuperando la Energ\u00eda en la Vuelta al Trabajo en Octubre: Un Enfoque Hol\u00edstico con Aceites Esenciales para Combatir la Apat\u00eda del Oto\u00f1o | Blog de ESSENCIALES","og_description":"Supera la apat\u00eda y la falta de motivaci\u00f3n con la ayuda de aceites esenciales recargando tu energ\u00eda y enfrentando el oto\u00f1o con vitalidad y entusiasmo.","og_url":"https:\/\/www.essenciales.com\/blog\/recuperando-la-energia-en-la-vuelta-al-trabajo-en-octubre-un-enfoque-holistico-con-aceites-esenciales-para-combatir-la-apatia-del-otono\/","og_site_name":"Blog de ESSENCIALES","article_published_time":"2023-10-04T07:00:35+00:00","article_modified_time":"2023-10-04T08:39:49+00:00","og_image":[{"width":800,"height":500,"url":"https:\/\/www.essenciales.com\/blog\/wp-content\/uploads\/fondo_blog_RECUPERANDO-LA-ENERGIA-VUELTA-AL-TRABAJO_800x500.jpg","type":"image\/jpeg"}],"author":"Nuria Moreno","twitter_card":"summary_large_image","twitter_misc":{"Escrito por":"Nuria Moreno","Tiempo de lectura":"6 minutos"},"schema":{"@context":"https:\/\/schema.org","@graph":[{"@type":"WebPage","@id":"https:\/\/www.essenciales.com\/blog\/recuperando-la-energia-en-la-vuelta-al-trabajo-en-octubre-un-enfoque-holistico-con-aceites-esenciales-para-combatir-la-apatia-del-otono\/","url":"https:\/\/www.essenciales.com\/blog\/recuperando-la-energia-en-la-vuelta-al-trabajo-en-octubre-un-enfoque-holistico-con-aceites-esenciales-para-combatir-la-apatia-del-otono\/","name":"Recuperando la Energ\u00eda en la Vuelta al Trabajo en Octubre: Un Enfoque Hol\u00edstico con Aceites Esenciales para Combatir la Apat\u00eda del Oto\u00f1o | Blog de ESSENCIALES","isPartOf":{"@id":"https:\/\/www.essenciales.com\/blog\/#website"},"datePublished":"2023-10-04T07:00:35+00:00","dateModified":"2023-10-04T08:39:49+00:00","author":{"@id":"https:\/\/www.essenciales.com\/blog\/#\/schema\/person\/ba44a296eed23f89b82b6b67dee32d7f"},"description":"Supera la apat\u00eda y la falta de motivaci\u00f3n con la ayuda de aceites esenciales recargando tu energ\u00eda y enfrentando el oto\u00f1o con vitalidad y entusiasmo.","breadcrumb":{"@id":"https:\/\/www.essenciales.com\/blog\/recuperando-la-energia-en-la-vuelta-al-trabajo-en-octubre-un-enfoque-holistico-con-aceites-esenciales-para-combatir-la-apatia-del-otono\/#breadcrumb"},"inLanguage":"es","potentialAction":[{"@type":"ReadAction","target":["https:\/\/www.essenciales.com\/blog\/recuperando-la-energia-en-la-vuelta-al-trabajo-en-octubre-un-enfoque-holistico-con-aceites-esenciales-para-combatir-la-apatia-del-otono\/"]}]},{"@type":"BreadcrumbList","@id":"https:\/\/www.essenciales.com\/blog\/recuperando-la-energia-en-la-vuelta-al-trabajo-en-octubre-un-enfoque-holistico-con-aceites-esenciales-para-combatir-la-apatia-del-otono\/#breadcrumb","itemListElement":[{"@type":"ListItem","position":1,"name":"Portada","item":"https:\/\/www.essenciales.com\/blog\/"},{"@type":"ListItem","position":2,"name":"Recuperando la Energ\u00eda en la Vuelta al Trabajo en Octubre: Un Enfoque Hol\u00edstico con Aceites Esenciales para Combatir la Apat\u00eda del Oto\u00f1o"}]},{"@type":"WebSite","@id":"https:\/\/www.essenciales.com\/blog\/#website","url":"https:\/\/www.essenciales.com\/blog\/","name":"Blog de ESSENCIALES","description":"Conoce todas las propiedades de los aceites esenciales y vegetales, as\u00ed como sus usos y remedios naturales","potentialAction":[{"@type":"SearchAction","target":{"@type":"EntryPoint","urlTemplate":"https:\/\/www.essenciales.com\/blog\/?s={search_term_string}"},"query-input":"required name=search_term_string"}],"inLanguage":"es"},{"@type":"Person","@id":"https:\/\/www.essenciales.com\/blog\/#\/schema\/person\/ba44a296eed23f89b82b6b67dee32d7f","name":"Nuria Moreno"}]}},"_links":{"self":[{"href":"https:\/\/www.essenciales.com\/blog\/wp-json\/wp\/v2\/posts\/2051"}],"collection":[{"href":"https:\/\/www.essenciales.com\/blog\/wp-json\/wp\/v2\/posts"}],"about":[{"href":"https:\/\/www.essenciales.com\/blog\/wp-json\/wp\/v2\/types\/post"}],"author":[{"embeddable":true,"href":"https:\/\/www.essenciales.com\/blog\/wp-json\/wp\/v2\/users\/4"}],"replies":[{"embeddable":true,"href":"https:\/\/www.essenciales.com\/blog\/wp-json\/wp\/v2\/comments?post=2051"}],"version-history":[{"count":2,"href":"https:\/\/www.essenciales.com\/blog\/wp-json\/wp\/v2\/posts\/2051\/revisions"}],"predecessor-version":[{"id":2067,"href":"https:\/\/www.essenciales.com\/blog\/wp-json\/wp\/v2\/posts\/2051\/revisions\/2067"}],"wp:featuredmedia":[{"embeddable":true,"href":"https:\/\/www.essenciales.com\/blog\/wp-json\/wp\/v2\/media\/2066"}],"wp:attachment":[{"href":"https:\/\/www.essenciales.com\/blog\/wp-json\/wp\/v2\/media?parent=2051"}],"wp:term":[{"taxonomy":"category","embeddable":true,"href":"https:\/\/www.essenciales.com\/blog\/wp-json\/wp\/v2\/categories?post=2051"},{"taxonomy":"post_tag","embeddable":true,"href":"https:\/\/www.essenciales.com\/blog\/wp-json\/wp\/v2\/tags?post=2051"}],"curies":[{"name":"wp","href":"https:\/\/api.w.org\/{rel}","templated":true}]}}