{"id":2059,"date":"2023-11-09T08:35:20","date_gmt":"2023-11-09T07:35:20","guid":{"rendered":"https:\/\/www.essenciales.com\/blog\/?p=2059"},"modified":"2023-10-18T14:22:20","modified_gmt":"2023-10-18T12:22:20","slug":"caida-del-cabello-en-otono-causas-y-remedios-naturales-para-prevenirla","status":"publish","type":"post","link":"https:\/\/www.essenciales.com\/blog\/caida-del-cabello-en-otono-causas-y-remedios-naturales-para-prevenirla\/","title":{"rendered":"Ca\u00edda del Cabello en Oto\u00f1o: Causas y Remedios Naturales para Prevenirla"},"content":{"rendered":"<h2 style=\"text-align: center;\"><strong>Previene la ca\u00edda del cabello en oto\u00f1o con remedios naturales y sinergias de aceites esenciales<\/strong><\/h2>\n<p>&nbsp;<\/p>\n<p>Bienvenidos de nuevo al blog de Essenciales. El oto\u00f1o es una estaci\u00f3n que trae consigo cambios en la temperatura y en nuestra rutina diaria. Sin embargo, tambi\u00e9n puede traer cambios en la salud capilar, ya que es com\u00fan experimentar una mayor ca\u00edda del cabello durante esta temporada. En este art\u00edculo, exploraremos las causas detr\u00e1s de la ca\u00edda del cabello en oto\u00f1o y compartiremos algunos remedios naturales utilizando aceites esenciales y vegetales para prevenir y tratar este problema.<\/p>\n<h3><strong>Causas de la Ca\u00edda del Cabello en Oto\u00f1o:<\/strong><\/h3>\n<ol>\n<li><strong>Ciclo Capilar:<\/strong> El cabello pasa por un ciclo de crecimiento que incluye fases de crecimiento, descanso y ca\u00edda. En oto\u00f1o, es com\u00fan que m\u00e1s cabello entre en la fase de ca\u00edda, lo que puede dar la impresi\u00f3n de una mayor p\u00e9rdida capilar.<\/li>\n<li><strong>Cambios Estacionales:<\/strong> La transici\u00f3n del verano al oto\u00f1o puede afectar la salud del cabello debido a la exposici\u00f3n al sol, el cloro de piscinas y el agua de mar en los meses de verano. Adem\u00e1s, el aire m\u00e1s seco y el cambio en la temperatura pueden desencadenar la ca\u00edda del cabello.<\/li>\n<li><strong>Estr\u00e9s:<\/strong> La vuelta a la rutina despu\u00e9s de las vacaciones de verano y la preparaci\u00f3n para la temporada navide\u00f1a pueden generar estr\u00e9s, un factor conocido por contribuir a la p\u00e9rdida de cabello.<\/li>\n<li><strong>Deficiencias Nutricionales:<\/strong> Una dieta deficiente en nutrientes esenciales, como vitaminas y minerales, puede debilitar el cabello y aumentar la probabilidad de ca\u00edda.<\/li>\n<\/ol>\n<h3><strong>Remedios Naturales para la Ca\u00edda del Cabello en Oto\u00f1o:<\/strong><\/h3>\n<ol>\n<li><strong>Aceite vegetal de <a href=\"https:\/\/www.essenciales.com\/aceites-primera-presion-frio\/aceite-coco-primera-presion-frio.html\">Coco<\/a>:<\/strong> El aceite vegetal de coco es rico en \u00e1cidos grasos que nutren el cabello y lo fortalecen. Aplica aceite vegetal de coco tibio en el cuero cabelludo y masajea suavemente antes de lavar tu cabello.<\/li>\n<li><strong>Aceite esencial de <a href=\"https:\/\/www.essenciales.com\/aceites-esenciales\/aceite-esencial-lavanda.html\">Lavanda<\/a>:<\/strong> La lavanda tiene propiedades calmantes y puede ayudar a reducir el estr\u00e9s, que es una causa com\u00fan de la ca\u00edda del cabello. Mezcla unas gotas de aceite esencial de lavanda con un aceite portador, como el aceite de jojoba, y apl\u00edcalo en el cuero cabelludo.<\/li>\n<li><strong>Aceite esencial de <a href=\"https:\/\/www.essenciales.com\/aceites-esenciales\/aceite-esencial-romero-alcanfor.html\">Romero alcanfor<\/a>:<\/strong> El aceite esencial de romero<strong> alcanfor<\/strong> puede mejorar la circulaci\u00f3n en el cuero cabelludo y fortalecer los fol\u00edculos capilares. M\u00e9zclalo con un aceite base y masajea el cuero cabelludo regularmente.<\/li>\n<li><strong>Aceite vegetal de <a href=\"https:\/\/www.essenciales.com\/aceites-primera-presion-frio\/aceite-vegetal-jojoba-primera-presion-frio.html\">Jojoba<\/a>:<\/strong> Este aceite es similar al sebo natural del cuero cabelludo y puede ayudar a mantener el equilibrio de aceite. \u00dasalo como acondicionador despu\u00e9s del lavado.<\/li>\n<li><strong>Alimentaci\u00f3n Saludable:<\/strong> Aseg\u00farate de consumir una dieta equilibrada rica en prote\u00ednas, vitaminas (especialmente biotina y vitamina E) y minerales como el hierro y el zinc.<\/li>\n<li><strong>Evitar el Estr\u00e9s:<\/strong> Practicar t\u00e9cnicas de relajaci\u00f3n como la meditaci\u00f3n o el yoga puede ayudar a reducir el estr\u00e9s y, por lo tanto, la ca\u00edda del cabello.<\/li>\n<\/ol>\n<p>Recuerda que los aceites esenciales deben diluirse adecuadamente en aceites vegetales antes de aplicarlos en el cuero cabelludo para evitar irritaciones. La proporci\u00f3n recomendada es generalmente de unas pocas gotas de aceite esencial en una cucharada de aceite vegetal. Siempre realiza una prueba de parche en la piel antes de usar cualquier nueva mezcla.<\/p>\n<h3><strong>Sinergias para el cuidado del cabello<\/strong><\/h3>\n<p><strong>Sinergia 1: Estimulante del Cuero Cabelludo<\/strong><\/p>\n<ul>\n<li>Aceite esencial de <a href=\"https:\/\/www.essenciales.com\/aceites-esenciales\/aceite-esencial-romero-alcanfor.html\">romero alcanfor<\/a>: 2 gotas<\/li>\n<li>Aceite esencial de <a href=\"https:\/\/www.essenciales.com\/aceites-esenciales\/aceite-esencial-lavanda.html\">lavanda<\/a>: 3 gotas<\/li>\n<li>Aceite de <a href=\"https:\/\/www.essenciales.com\/aceites-primera-presion-frio\/aceite-vegetal-jojoba-primera-presion-frio.html\">jojoba<\/a>: 1 cucharada<\/li>\n<\/ul>\n<p>Mezcla estos aceites y apl\u00edcalos en el cuero cabelludo, masajeando suavemente. Deja actuar durante al menos 30 minutos antes de lavar el cabello. El romero estimula la circulaci\u00f3n en el cuero cabelludo, mientras que la lavanda tiene propiedades calmantes.<\/p>\n<p><strong>Sinergia 2: Fortalecimiento del Cabello<\/strong><\/p>\n<ul>\n<li>Aceite esencial de <a href=\"https:\/\/www.essenciales.com\/aceites-esenciales\/aceite-esencial-cedro.html\">cedro atlas<\/a>: 3 gotas<\/li>\n<li>Aceite esencial de <a href=\"https:\/\/www.essenciales.com\/aceites-esenciales\/aceite-esencial-romero-alcanfor.html\">romero alcanfor<\/a>: 2 gotas<\/li>\n<li>Aceite de <a href=\"https:\/\/www.essenciales.com\/aceites-primera-presion-frio\/aceite-vegetal-argan-primera-presion-frio.html\">arg\u00e1n<\/a>: 1 cucharada<\/li>\n<\/ul>\n<p>Esta sinergia es excelente para fortalecer el cabello y prevenir la ca\u00edda. El cedro y el romero promueven el crecimiento capilar, mientras que el aceite de arg\u00e1n hidrata y nutre el cabello.<\/p>\n<p><strong>Sinergia 3: Nutrici\u00f3n Profunda<\/strong><\/p>\n<ul>\n<li>Aceite esencial de <a href=\"https:\/\/www.essenciales.com\/aceites-esenciales\/aceite-esencial-ylang-ylang.html\">ylang-ylang<\/a>: 3 gotas<\/li>\n<li>Aceite esencial de <a href=\"https:\/\/www.essenciales.com\/aceites-esenciales\/aceite-esencial-geranio.html\">geranio<\/a>: 2 gotas<\/li>\n<li>Aceite de <a href=\"https:\/\/www.essenciales.com\/aceites-primera-presion-frio\/aceite-coco-primera-presion-frio.html\">coco<\/a>: 1 cucharada<\/li>\n<\/ul>\n<p>Esta sinergia proporciona una nutrici\u00f3n profunda al cabello y el cuero cabelludo. El ylang-ylang y el geranio mejoran la circulaci\u00f3n sangu\u00ednea en el cuero cabelludo y estimulan los fol\u00edculos capilares, mientras que el aceite de coco hidrata y fortalece el cabello.<\/p>\n<p><strong>Sinergia 4: Antioxidante y Reparadora<\/strong><\/p>\n<ul>\n<li>Aceite esencial de <a href=\"https:\/\/www.essenciales.com\/aceites-esenciales\/salvia-sclarea-o-romana-aceite-esencial.html\">salvia<\/a>: 3 gotas<\/li>\n<\/ul>\n<ul>\n<li>Aceite esencial de<a href=\"https:\/\/www.essenciales.com\/aceites-esenciales\/jengibre-aceite-esencial.html\"> jengibre<\/a>: 2 gotas<\/li>\n<li>Aceite de <a href=\"https:\/\/www.essenciales.com\/aceites-primera-presion-frio\/aceite-de-almendra-dulce-1a-presion-en-frio.html\">almendras dulces<\/a>: 1 cucharada<\/li>\n<\/ul>\n<p>Estos aceites ayudan a combatir los radicales libres y reparar el cabello da\u00f1ado. La salvia y el jengibre tienen propiedades antioxidantes, mientras que el aceite de almendras dulces aporta nutrici\u00f3n adicional al cabello.<\/p>\n<p>&nbsp;<\/p>\n<p>Recuerda que la consistencia es clave cuando se trata de cuidar el cabello. Aplica estas sinergias de forma regular, al menos una vez por semana, para obtener los mejores resultados. Adem\u00e1s, mant\u00e9n una dieta equilibrada y evita el estr\u00e9s para mantener un cabello saludable y prevenir la ca\u00edda. Si experimentas una p\u00e9rdida de cabello persistente, consulta a un profesional de la salud o un dermat\u00f3logo para un diagn\u00f3stico y tratamiento adecuados.<\/p>\n<p>&nbsp;<\/p>\n<p>&nbsp;<\/p>\n<p>La ca\u00edda del cabello en oto\u00f1o es un fen\u00f3meno com\u00fan, pero se pueden tomar medidas para prevenir y tratar este problema de forma natural. Adem\u00e1s de los remedios mencionados, es importante mantener un cuidado regular del cabello y evitar el uso excesivo de productos qu\u00edmicos y herramientas de calor. Si la p\u00e9rdida de cabello es persistente o severa, es recomendable consultar a un dermat\u00f3logo o un especialista en salud capilar para un diagn\u00f3stico y tratamiento adecuados.<\/p>\n<p>&nbsp;<\/p>\n<h3 style=\"text-align: center;\"><strong>Espero que estos remedios y sinergias os te ayuden a cuidar el cabello de manera natural.<\/strong><\/h3>\n<h3 style=\"text-align: center;\"><strong>\u2665Te leo en comentarios\u2665<\/strong><\/h3>\n","protected":false},"excerpt":{"rendered":"<p>Previene la ca\u00edda del cabello en oto\u00f1o con remedios naturales y sinergias de aceites esenciales &nbsp; Bienvenidos de nuevo al blog de Essenciales. El oto\u00f1o&#8230;<\/p>\n<p class=\"readmore\"><a class=\"more-btn\" href=\"https:\/\/www.essenciales.com\/blog\/caida-del-cabello-en-otono-causas-y-remedios-naturales-para-prevenirla\/\">Leer m\u00e1s<\/a><\/p>\n","protected":false},"author":4,"featured_media":2076,"comment_status":"open","ping_status":"open","sticky":false,"template":"","format":"standard","meta":[],"categories":[42,76,153,104,141],"tags":[],"yoast_head":"<!-- This site is optimized with the Yoast SEO plugin v19.10 - https:\/\/yoast.com\/wordpress\/plugins\/seo\/ -->\n<title>Ca\u00edda del Cabello en Oto\u00f1o: Causas y Remedios Naturales para Prevenirla | Blog de ESSENCIALES<\/title>\n<meta name=\"description\" content=\"Descubre las razones detr\u00e1s de la ca\u00edda del cabello en oto\u00f1o y aprende c\u00f3mo prevenirla de manera natural. \u00a1Dale salud a tu melena!\" \/>\n<meta name=\"robots\" content=\"index, follow, max-snippet:-1, max-image-preview:large, max-video-preview:-1\" \/>\n<link rel=\"canonical\" href=\"https:\/\/www.essenciales.com\/blog\/caida-del-cabello-en-otono-causas-y-remedios-naturales-para-prevenirla\/\" \/>\n<meta property=\"og:locale\" content=\"es_ES\" \/>\n<meta property=\"og:type\" content=\"article\" \/>\n<meta property=\"og:title\" content=\"Ca\u00edda del Cabello en Oto\u00f1o: Causas y Remedios Naturales para Prevenirla | Blog de ESSENCIALES\" \/>\n<meta property=\"og:description\" content=\"Descubre las razones detr\u00e1s de la ca\u00edda del cabello en oto\u00f1o y aprende c\u00f3mo prevenirla de manera natural. \u00a1Dale salud a tu melena!\" \/>\n<meta property=\"og:url\" content=\"https:\/\/www.essenciales.com\/blog\/caida-del-cabello-en-otono-causas-y-remedios-naturales-para-prevenirla\/\" \/>\n<meta property=\"og:site_name\" content=\"Blog de ESSENCIALES\" \/>\n<meta property=\"article:published_time\" content=\"2023-11-09T07:35:20+00:00\" \/>\n<meta property=\"article:modified_time\" content=\"2023-10-18T12:22:20+00:00\" \/>\n<meta property=\"og:image\" content=\"https:\/\/www.essenciales.com\/blog\/wp-content\/uploads\/caida-del-cabello.png\" \/>\n\t<meta property=\"og:image:width\" content=\"1640\" \/>\n\t<meta property=\"og:image:height\" content=\"924\" \/>\n\t<meta property=\"og:image:type\" content=\"image\/png\" \/>\n<meta name=\"author\" content=\"Nuria Moreno\" \/>\n<meta name=\"twitter:card\" content=\"summary_large_image\" \/>\n<meta name=\"twitter:label1\" content=\"Escrito por\" \/>\n\t<meta name=\"twitter:data1\" content=\"Nuria Moreno\" \/>\n\t<meta name=\"twitter:label2\" content=\"Tiempo de lectura\" \/>\n\t<meta name=\"twitter:data2\" content=\"5 minutos\" \/>\n<script type=\"application\/ld+json\" class=\"yoast-schema-graph\">{\"@context\":\"https:\/\/schema.org\",\"@graph\":[{\"@type\":\"WebPage\",\"@id\":\"https:\/\/www.essenciales.com\/blog\/caida-del-cabello-en-otono-causas-y-remedios-naturales-para-prevenirla\/\",\"url\":\"https:\/\/www.essenciales.com\/blog\/caida-del-cabello-en-otono-causas-y-remedios-naturales-para-prevenirla\/\",\"name\":\"Ca\u00edda del Cabello en Oto\u00f1o: Causas y Remedios Naturales para Prevenirla | Blog de ESSENCIALES\",\"isPartOf\":{\"@id\":\"https:\/\/www.essenciales.com\/blog\/#website\"},\"datePublished\":\"2023-11-09T07:35:20+00:00\",\"dateModified\":\"2023-10-18T12:22:20+00:00\",\"author\":{\"@id\":\"https:\/\/www.essenciales.com\/blog\/#\/schema\/person\/ba44a296eed23f89b82b6b67dee32d7f\"},\"description\":\"Descubre las razones detr\u00e1s de la ca\u00edda del cabello en oto\u00f1o y aprende c\u00f3mo prevenirla de manera natural. \u00a1Dale salud a tu melena!\",\"breadcrumb\":{\"@id\":\"https:\/\/www.essenciales.com\/blog\/caida-del-cabello-en-otono-causas-y-remedios-naturales-para-prevenirla\/#breadcrumb\"},\"inLanguage\":\"es\",\"potentialAction\":[{\"@type\":\"ReadAction\",\"target\":[\"https:\/\/www.essenciales.com\/blog\/caida-del-cabello-en-otono-causas-y-remedios-naturales-para-prevenirla\/\"]}]},{\"@type\":\"BreadcrumbList\",\"@id\":\"https:\/\/www.essenciales.com\/blog\/caida-del-cabello-en-otono-causas-y-remedios-naturales-para-prevenirla\/#breadcrumb\",\"itemListElement\":[{\"@type\":\"ListItem\",\"position\":1,\"name\":\"Portada\",\"item\":\"https:\/\/www.essenciales.com\/blog\/\"},{\"@type\":\"ListItem\",\"position\":2,\"name\":\"Ca\u00edda del Cabello en Oto\u00f1o: Causas y Remedios Naturales para Prevenirla\"}]},{\"@type\":\"WebSite\",\"@id\":\"https:\/\/www.essenciales.com\/blog\/#website\",\"url\":\"https:\/\/www.essenciales.com\/blog\/\",\"name\":\"Blog de ESSENCIALES\",\"description\":\"Conoce todas las propiedades de los aceites esenciales y vegetales, as\u00ed como sus usos y remedios naturales\",\"potentialAction\":[{\"@type\":\"SearchAction\",\"target\":{\"@type\":\"EntryPoint\",\"urlTemplate\":\"https:\/\/www.essenciales.com\/blog\/?s={search_term_string}\"},\"query-input\":\"required name=search_term_string\"}],\"inLanguage\":\"es\"},{\"@type\":\"Person\",\"@id\":\"https:\/\/www.essenciales.com\/blog\/#\/schema\/person\/ba44a296eed23f89b82b6b67dee32d7f\",\"name\":\"Nuria Moreno\"}]}<\/script>\n<!-- \/ Yoast SEO plugin. -->","yoast_head_json":{"title":"Ca\u00edda del Cabello en Oto\u00f1o: Causas y Remedios Naturales para Prevenirla | Blog de ESSENCIALES","description":"Descubre las razones detr\u00e1s de la ca\u00edda del cabello en oto\u00f1o y aprende c\u00f3mo prevenirla de manera natural. \u00a1Dale salud a tu melena!","robots":{"index":"index","follow":"follow","max-snippet":"max-snippet:-1","max-image-preview":"max-image-preview:large","max-video-preview":"max-video-preview:-1"},"canonical":"https:\/\/www.essenciales.com\/blog\/caida-del-cabello-en-otono-causas-y-remedios-naturales-para-prevenirla\/","og_locale":"es_ES","og_type":"article","og_title":"Ca\u00edda del Cabello en Oto\u00f1o: Causas y Remedios Naturales para Prevenirla | Blog de ESSENCIALES","og_description":"Descubre las razones detr\u00e1s de la ca\u00edda del cabello en oto\u00f1o y aprende c\u00f3mo prevenirla de manera natural. \u00a1Dale salud a tu melena!","og_url":"https:\/\/www.essenciales.com\/blog\/caida-del-cabello-en-otono-causas-y-remedios-naturales-para-prevenirla\/","og_site_name":"Blog de ESSENCIALES","article_published_time":"2023-11-09T07:35:20+00:00","article_modified_time":"2023-10-18T12:22:20+00:00","og_image":[{"width":1640,"height":924,"url":"https:\/\/www.essenciales.com\/blog\/wp-content\/uploads\/caida-del-cabello.png","type":"image\/png"}],"author":"Nuria Moreno","twitter_card":"summary_large_image","twitter_misc":{"Escrito por":"Nuria Moreno","Tiempo de lectura":"5 minutos"},"schema":{"@context":"https:\/\/schema.org","@graph":[{"@type":"WebPage","@id":"https:\/\/www.essenciales.com\/blog\/caida-del-cabello-en-otono-causas-y-remedios-naturales-para-prevenirla\/","url":"https:\/\/www.essenciales.com\/blog\/caida-del-cabello-en-otono-causas-y-remedios-naturales-para-prevenirla\/","name":"Ca\u00edda del Cabello en Oto\u00f1o: Causas y Remedios Naturales para Prevenirla | Blog de ESSENCIALES","isPartOf":{"@id":"https:\/\/www.essenciales.com\/blog\/#website"},"datePublished":"2023-11-09T07:35:20+00:00","dateModified":"2023-10-18T12:22:20+00:00","author":{"@id":"https:\/\/www.essenciales.com\/blog\/#\/schema\/person\/ba44a296eed23f89b82b6b67dee32d7f"},"description":"Descubre las razones detr\u00e1s de la ca\u00edda del cabello en oto\u00f1o y aprende c\u00f3mo prevenirla de manera natural. \u00a1Dale salud a tu melena!","breadcrumb":{"@id":"https:\/\/www.essenciales.com\/blog\/caida-del-cabello-en-otono-causas-y-remedios-naturales-para-prevenirla\/#breadcrumb"},"inLanguage":"es","potentialAction":[{"@type":"ReadAction","target":["https:\/\/www.essenciales.com\/blog\/caida-del-cabello-en-otono-causas-y-remedios-naturales-para-prevenirla\/"]}]},{"@type":"BreadcrumbList","@id":"https:\/\/www.essenciales.com\/blog\/caida-del-cabello-en-otono-causas-y-remedios-naturales-para-prevenirla\/#breadcrumb","itemListElement":[{"@type":"ListItem","position":1,"name":"Portada","item":"https:\/\/www.essenciales.com\/blog\/"},{"@type":"ListItem","position":2,"name":"Ca\u00edda del Cabello en Oto\u00f1o: Causas y Remedios Naturales para Prevenirla"}]},{"@type":"WebSite","@id":"https:\/\/www.essenciales.com\/blog\/#website","url":"https:\/\/www.essenciales.com\/blog\/","name":"Blog de ESSENCIALES","description":"Conoce todas las propiedades de los aceites esenciales y vegetales, as\u00ed como sus usos y remedios naturales","potentialAction":[{"@type":"SearchAction","target":{"@type":"EntryPoint","urlTemplate":"https:\/\/www.essenciales.com\/blog\/?s={search_term_string}"},"query-input":"required name=search_term_string"}],"inLanguage":"es"},{"@type":"Person","@id":"https:\/\/www.essenciales.com\/blog\/#\/schema\/person\/ba44a296eed23f89b82b6b67dee32d7f","name":"Nuria Moreno"}]}},"_links":{"self":[{"href":"https:\/\/www.essenciales.com\/blog\/wp-json\/wp\/v2\/posts\/2059"}],"collection":[{"href":"https:\/\/www.essenciales.com\/blog\/wp-json\/wp\/v2\/posts"}],"about":[{"href":"https:\/\/www.essenciales.com\/blog\/wp-json\/wp\/v2\/types\/post"}],"author":[{"embeddable":true,"href":"https:\/\/www.essenciales.com\/blog\/wp-json\/wp\/v2\/users\/4"}],"replies":[{"embeddable":true,"href":"https:\/\/www.essenciales.com\/blog\/wp-json\/wp\/v2\/comments?post=2059"}],"version-history":[{"count":2,"href":"https:\/\/www.essenciales.com\/blog\/wp-json\/wp\/v2\/posts\/2059\/revisions"}],"predecessor-version":[{"id":2075,"href":"https:\/\/www.essenciales.com\/blog\/wp-json\/wp\/v2\/posts\/2059\/revisions\/2075"}],"wp:featuredmedia":[{"embeddable":true,"href":"https:\/\/www.essenciales.com\/blog\/wp-json\/wp\/v2\/media\/2076"}],"wp:attachment":[{"href":"https:\/\/www.essenciales.com\/blog\/wp-json\/wp\/v2\/media?parent=2059"}],"wp:term":[{"taxonomy":"category","embeddable":true,"href":"https:\/\/www.essenciales.com\/blog\/wp-json\/wp\/v2\/categories?post=2059"},{"taxonomy":"post_tag","embeddable":true,"href":"https:\/\/www.essenciales.com\/blog\/wp-json\/wp\/v2\/tags?post=2059"}],"curies":[{"name":"wp","href":"https:\/\/api.w.org\/{rel}","templated":true}]}}