{"id":2083,"date":"2024-01-08T09:20:57","date_gmt":"2024-01-08T08:20:57","guid":{"rendered":"https:\/\/www.essenciales.com\/blog\/?p=2083"},"modified":"2023-12-19T13:56:24","modified_gmt":"2023-12-19T12:56:24","slug":"aromaterapia-invernal-creando-un-ambiente-calido-y-acogedor-en-casa","status":"publish","type":"post","link":"https:\/\/www.essenciales.com\/blog\/aromaterapia-invernal-creando-un-ambiente-calido-y-acogedor-en-casa\/","title":{"rendered":"Aromaterapia Invernal: Creando un Ambiente C\u00e1lido y Acogedor en Casa"},"content":{"rendered":"<h2 style=\"text-align: center;\">Transforma tu hogar en un refugio acogedor y reconfortante con nuestra selecci\u00f3n de mezclas de aceites esenciales invernales. Descubre el poder de la aromaterapia para crear un ambiente c\u00e1lido que abraza tus sentidos y eleva tu bienestar en la estaci\u00f3n m\u00e1s fr\u00eda del a\u00f1o.<\/h2>\n<p>&nbsp;<\/p>\n<p>Bienvenido en este nuevo a\u00f1o al blog de Essenciales. Espero que hayas tenido unas fiestas inolvidables con grandes momentos y mucho amor. El invierno trae consigo no solo temperaturas fr\u00edas, sino tambi\u00e9n la oportunidad de transformar nuestro hogar en un refugio c\u00e1lido y acogedor mediante la aromaterapia. Los aceites esenciales, con sus propiedades relajantes y reconfortantes, son aliados perfectos para crear un ambiente invernal lleno de calidez.<\/p>\n<p>En esta temporada, con sus d\u00edas m\u00e1s cortos y noches m\u00e1s largas, nos invita a refugiarnos en la calidez y comodidad de nuestro hogar. Las temperaturas fr\u00edas y la oscuridad que llega temprano pueden afectar nuestro estado de \u00e1nimo y energ\u00eda. En este contexto, es fundamental transformar nuestro entorno dom\u00e9stico en un refugio que nos brinde no solo resguardo f\u00edsico, sino tambi\u00e9n un c\u00e1lido abrazo emocional. La aromaterapia, con sus fragancias envolventes, se convierte en una herramienta valiosa para crear un espacio que nos invite a relajarnos y encontrar paz en medio de la estaci\u00f3n invernal.<\/p>\n<p>&nbsp;<\/p>\n<p>En invierno, la necesidad de un refugio acogedor se vuelve a\u00fan m\u00e1s evidente. Las largas noches y las bajas temperaturas nos impulsan a buscar la calidez y el consuelo de nuestro hogar. La aromaterapia no solo nos ofrece la oportunidad de embriagar nuestros sentidos con deliciosas fragancias, sino que tambi\u00e9n nos permite establecer rituales reconfortantes que contribuyen a mejorar nuestro bienestar emocional. Al crear un ambiente c\u00e1lido y acogedor, no solo estamos transformando nuestro espacio f\u00edsico, sino tambi\u00e9n elevando nuestro estado de \u00e1nimo y creando un santuario personal en el que podemos rejuvenecernos y recargar energ\u00edas.<\/p>\n<h3>Aqu\u00ed te presentamos algunas sugerencias de mezclas de aceites esenciales para hacer de tu hogar un santuario de bienestar durante la temporada invernal:<\/h3>\n<ol>\n<li>\n<h3>Mezcla Bosque Encantado:<\/h3>\n<\/li>\n<\/ol>\n<p>&nbsp;<\/p>\n<p>Aceite esencial de <a href=\"https:\/\/www.essenciales.com\/aceites-esenciales\/aceite-esencial-abeto-siberiano.html\">abeto<\/a>: 3 gotas<\/p>\n<p>Aceite esencial de <a href=\"https:\/\/www.essenciales.com\/aceites-esenciales\/aceite-esencial-cedro.html\">cedro<\/a>: 2 gotas<\/p>\n<p>Aceite esencial de <a href=\"https:\/\/www.essenciales.com\/aceites-esenciales\/aceite-esencial-naranja.html\">naranja<\/a>: 2 gotas<\/p>\n<p>Esta mezcla evoca la sensaci\u00f3n de pasear por un bosque invernal. El abeto y el cedro aportan notas terrosas y amaderadas, mientras que la naranja a\u00f1ade un toque c\u00edtrico que revitaliza el ambiente.<\/p>\n<p>&nbsp;<\/p>\n<ol start=\"2\">\n<li>\n<h3>Mezcla Noche de Invierno:<\/h3>\n<\/li>\n<\/ol>\n<p>&nbsp;<\/p>\n<p>Aceite esencial de <a href=\"https:\/\/www.essenciales.com\/aceites-esenciales\/aceite-esencial-lavanda.html\">lavanda<\/a>: 3 gotas<\/p>\n<p>Aceite esencial de <a href=\"https:\/\/www.essenciales.com\/aceites-esenciales\/aceite-esencial-bergamota.html\">bergamota<\/a>: 2 gotas<\/p>\n<p>Aceite esencial de <a href=\"https:\/\/www.essenciales.com\/aceites-esenciales\/aceite-esencial-ylang-ylang.html\">ylang-ylang<\/a>: 2 gotas<\/p>\n<p>Perfecta para relajarse durante las noches invernales, esta mezcla combina la calma de la lavanda con la dulzura floral del ylang-ylang y las notas c\u00edtricas de la bergamota.<\/p>\n<p>&nbsp;<\/p>\n<ol start=\"3\">\n<li>\n<h3>Mezcla Fuego de Chimenea:<\/h3>\n<\/li>\n<\/ol>\n<p>&nbsp;<\/p>\n<p>Aceite esencial de <a href=\"https:\/\/www.essenciales.com\/aceites-esenciales\/canela-hojas-aceite-esencial.html\">canela<\/a>: 2 gotas<\/p>\n<p>Aceite esencial de <a href=\"https:\/\/www.essenciales.com\/aceites-esenciales\/aceite-esencial-naranja.html\">naranja<\/a>: 2 gotas<\/p>\n<p>Aroma de <a href=\"https:\/\/www.essenciales.com\/aromas\/aroma-vainilla.html\">vainilla<\/a>: 1 gota<\/p>\n<p>Simula la sensaci\u00f3n acogedora de sentarse junto a una chimenea. La canela aporta calidez, la naranja agrega frescura, y la vainilla proporciona un toque dulce y reconfortante.<\/p>\n<p>&nbsp;<\/p>\n<ol start=\"4\">\n<li>\n<h3>Mezcla Aliento Fresco:<\/h3>\n<\/li>\n<\/ol>\n<p>&nbsp;<\/p>\n<p>Aceite esencial de <a href=\"https:\/\/www.essenciales.com\/aceites-esenciales\/aceite-esencial-eucalipto.html\">eucalipto<\/a>: 3 gotas<\/p>\n<p>Aceite esencial de <a href=\"https:\/\/www.essenciales.com\/aceites-esenciales\/aceite-esencial-menta-piperita.html\">menta<\/a>: 2 gotas<\/p>\n<p>Aceite esencial de <a href=\"https:\/\/www.essenciales.com\/aceites-esenciales\/aceite-esencial-limon.html\">lim\u00f3n<\/a>: 1 gota<\/p>\n<p>Esta mezcla fresca y revitalizante es ideal para combatir la sensaci\u00f3n de congesti\u00f3n que a veces acompa\u00f1a al invierno. El eucalipto y la menta despejan las v\u00edas respiratorias, mientras que el lim\u00f3n aporta un toque c\u00edtrico estimulante.<\/p>\n<p>&nbsp;<\/p>\n<ol start=\"5\">\n<li>\n<h3>Mezcla Dulce Sue\u00f1o Invernal:<\/h3>\n<\/li>\n<\/ol>\n<p>&nbsp;<\/p>\n<p>Aceite esencial de <a href=\"https:\/\/www.essenciales.com\/aceites-esenciales\/aceite-esencial-manzanilla-romana.html\">manzanilla<\/a>: 2 gotas<\/p>\n<p>Aceite esencial de <a href=\"https:\/\/www.essenciales.com\/aceites-esenciales\/aceite-esencial-lavanda.html\">lavanda<\/a>: 2 gotas<\/p>\n<p>Aceite esencial de <a href=\"https:\/\/www.essenciales.com\/aceites-esenciales\/aceite-esencial-sandalo-blanco.html\">s\u00e1ndalo<\/a>: 1 gota<\/p>\n<p>Crea un ambiente relajante antes de dormir con esta mezcla que combina la suavidad de la manzanilla, la serenidad de la lavanda y la profundidad del s\u00e1ndalo.<\/p>\n<p>&nbsp;<\/p>\n<h4>Agrega las gotas de la mezcla elegida a tu difusor de aceites esenciales y disfruta del c\u00e1lido abrazo arom\u00e1tico que transformar\u00e1 tu hogar en un refugio invernal. Tambi\u00e9n puedes diluir estas mezclas en un aceite portador y utilizarlas para masajes o a\u00f1adirlas a tu ba\u00f1o, junto a unas sales de Epson, para una experiencia a\u00fan m\u00e1s reconfortante.<\/h4>\n<p>A trav\u00e9s de la cuidadosa elecci\u00f3n de mezclas de aceites esenciales, podemos influir en nuestro estado de \u00e1nimo y mejorar nuestra calidad de vida durante la temporada invernal. Estas mezclas no solo llenar\u00e1n nuestras casas con fragancias encantadoras, sino que tambi\u00e9n nos envolver\u00e1n en una sensaci\u00f3n de bienestar y tranquilidad. As\u00ed, la aromaterapia se convierte en una aliada imprescindible para enfrentar el invierno con una actitud positiva y mantener la armon\u00eda en nuestro hogar.<\/p>\n<p>Con estas mezclas de aromaterapia, tu hogar se convertir\u00e1 en un oasis de calma y confort durante los d\u00edas fr\u00edos del invierno.<\/p>\n<p>&nbsp;<\/p>\n<h2 style=\"text-align: center;\"><strong>\u00a1Disfruta de la magia de la aromaterapia invernal!<\/strong><\/h2>\n<h2 style=\"text-align: center;\"><strong>\u00a0<\/strong><\/h2>\n<h2 style=\"text-align: center;\"><strong>\u00bfCu\u00e1l es tu favorita? \u2022 \u2665Te leo en comentarios\u2665<\/strong><\/h2>\n","protected":false},"excerpt":{"rendered":"<p>Transforma tu hogar en un refugio acogedor y reconfortante con nuestra selecci\u00f3n de mezclas de aceites esenciales invernales. Descubre el poder de la aromaterapia para&#8230;<\/p>\n<p class=\"readmore\"><a class=\"more-btn\" href=\"https:\/\/www.essenciales.com\/blog\/aromaterapia-invernal-creando-un-ambiente-calido-y-acogedor-en-casa\/\">Leer m\u00e1s<\/a><\/p>\n","protected":false},"author":4,"featured_media":2091,"comment_status":"open","ping_status":"open","sticky":false,"template":"","format":"standard","meta":[],"categories":[42,140],"tags":[],"yoast_head":"<!-- This site is optimized with the Yoast SEO plugin v19.10 - https:\/\/yoast.com\/wordpress\/plugins\/seo\/ -->\n<title>Aromaterapia Invernal: Creando un Ambiente C\u00e1lido y Acogedor en Casa | Blog de ESSENCIALES<\/title>\n<meta name=\"description\" content=\"Sum\u00e9rgete en la magia del invierno: Crea un hogar c\u00e1lido y acogedor, donde la aromaterapia abraza tus sentidos y eleva tu bienestar.\" \/>\n<meta name=\"robots\" content=\"index, follow, max-snippet:-1, max-image-preview:large, max-video-preview:-1\" \/>\n<link rel=\"canonical\" href=\"https:\/\/www.essenciales.com\/blog\/aromaterapia-invernal-creando-un-ambiente-calido-y-acogedor-en-casa\/\" \/>\n<meta property=\"og:locale\" content=\"es_ES\" \/>\n<meta property=\"og:type\" content=\"article\" \/>\n<meta property=\"og:title\" content=\"Aromaterapia Invernal: Creando un Ambiente C\u00e1lido y Acogedor en Casa | Blog de ESSENCIALES\" \/>\n<meta property=\"og:description\" content=\"Sum\u00e9rgete en la magia del invierno: Crea un hogar c\u00e1lido y acogedor, donde la aromaterapia abraza tus sentidos y eleva tu bienestar.\" \/>\n<meta property=\"og:url\" content=\"https:\/\/www.essenciales.com\/blog\/aromaterapia-invernal-creando-un-ambiente-calido-y-acogedor-en-casa\/\" \/>\n<meta property=\"og:site_name\" content=\"Blog de ESSENCIALES\" \/>\n<meta property=\"article:published_time\" content=\"2024-01-08T08:20:57+00:00\" \/>\n<meta property=\"article:modified_time\" content=\"2023-12-19T12:56:24+00:00\" \/>\n<meta property=\"og:image\" content=\"https:\/\/www.essenciales.com\/blog\/wp-content\/uploads\/aromaterapia-invernal-1024x577.png\" \/>\n\t<meta property=\"og:image:width\" content=\"1024\" \/>\n\t<meta property=\"og:image:height\" content=\"577\" \/>\n\t<meta property=\"og:image:type\" content=\"image\/png\" \/>\n<meta name=\"author\" content=\"Nuria Moreno\" \/>\n<meta name=\"twitter:card\" content=\"summary_large_image\" \/>\n<meta name=\"twitter:label1\" content=\"Escrito por\" \/>\n\t<meta name=\"twitter:data1\" content=\"Nuria Moreno\" \/>\n\t<meta name=\"twitter:label2\" content=\"Tiempo de lectura\" \/>\n\t<meta name=\"twitter:data2\" content=\"4 minutos\" \/>\n<script type=\"application\/ld+json\" class=\"yoast-schema-graph\">{\"@context\":\"https:\/\/schema.org\",\"@graph\":[{\"@type\":\"WebPage\",\"@id\":\"https:\/\/www.essenciales.com\/blog\/aromaterapia-invernal-creando-un-ambiente-calido-y-acogedor-en-casa\/\",\"url\":\"https:\/\/www.essenciales.com\/blog\/aromaterapia-invernal-creando-un-ambiente-calido-y-acogedor-en-casa\/\",\"name\":\"Aromaterapia Invernal: Creando un Ambiente C\u00e1lido y Acogedor en Casa | Blog de ESSENCIALES\",\"isPartOf\":{\"@id\":\"https:\/\/www.essenciales.com\/blog\/#website\"},\"datePublished\":\"2024-01-08T08:20:57+00:00\",\"dateModified\":\"2023-12-19T12:56:24+00:00\",\"author\":{\"@id\":\"https:\/\/www.essenciales.com\/blog\/#\/schema\/person\/ba44a296eed23f89b82b6b67dee32d7f\"},\"description\":\"Sum\u00e9rgete en la magia del invierno: Crea un hogar c\u00e1lido y acogedor, donde la aromaterapia abraza tus sentidos y eleva tu bienestar.\",\"breadcrumb\":{\"@id\":\"https:\/\/www.essenciales.com\/blog\/aromaterapia-invernal-creando-un-ambiente-calido-y-acogedor-en-casa\/#breadcrumb\"},\"inLanguage\":\"es\",\"potentialAction\":[{\"@type\":\"ReadAction\",\"target\":[\"https:\/\/www.essenciales.com\/blog\/aromaterapia-invernal-creando-un-ambiente-calido-y-acogedor-en-casa\/\"]}]},{\"@type\":\"BreadcrumbList\",\"@id\":\"https:\/\/www.essenciales.com\/blog\/aromaterapia-invernal-creando-un-ambiente-calido-y-acogedor-en-casa\/#breadcrumb\",\"itemListElement\":[{\"@type\":\"ListItem\",\"position\":1,\"name\":\"Portada\",\"item\":\"https:\/\/www.essenciales.com\/blog\/\"},{\"@type\":\"ListItem\",\"position\":2,\"name\":\"Aromaterapia Invernal: Creando un Ambiente C\u00e1lido y Acogedor en Casa\"}]},{\"@type\":\"WebSite\",\"@id\":\"https:\/\/www.essenciales.com\/blog\/#website\",\"url\":\"https:\/\/www.essenciales.com\/blog\/\",\"name\":\"Blog de ESSENCIALES\",\"description\":\"Conoce todas las propiedades de los aceites esenciales y vegetales, as\u00ed como sus usos y remedios naturales\",\"potentialAction\":[{\"@type\":\"SearchAction\",\"target\":{\"@type\":\"EntryPoint\",\"urlTemplate\":\"https:\/\/www.essenciales.com\/blog\/?s={search_term_string}\"},\"query-input\":\"required name=search_term_string\"}],\"inLanguage\":\"es\"},{\"@type\":\"Person\",\"@id\":\"https:\/\/www.essenciales.com\/blog\/#\/schema\/person\/ba44a296eed23f89b82b6b67dee32d7f\",\"name\":\"Nuria Moreno\"}]}<\/script>\n<!-- \/ Yoast SEO plugin. -->","yoast_head_json":{"title":"Aromaterapia Invernal: Creando un Ambiente C\u00e1lido y Acogedor en Casa | Blog de ESSENCIALES","description":"Sum\u00e9rgete en la magia del invierno: Crea un hogar c\u00e1lido y acogedor, donde la aromaterapia abraza tus sentidos y eleva tu bienestar.","robots":{"index":"index","follow":"follow","max-snippet":"max-snippet:-1","max-image-preview":"max-image-preview:large","max-video-preview":"max-video-preview:-1"},"canonical":"https:\/\/www.essenciales.com\/blog\/aromaterapia-invernal-creando-un-ambiente-calido-y-acogedor-en-casa\/","og_locale":"es_ES","og_type":"article","og_title":"Aromaterapia Invernal: Creando un Ambiente C\u00e1lido y Acogedor en Casa | Blog de ESSENCIALES","og_description":"Sum\u00e9rgete en la magia del invierno: Crea un hogar c\u00e1lido y acogedor, donde la aromaterapia abraza tus sentidos y eleva tu bienestar.","og_url":"https:\/\/www.essenciales.com\/blog\/aromaterapia-invernal-creando-un-ambiente-calido-y-acogedor-en-casa\/","og_site_name":"Blog de ESSENCIALES","article_published_time":"2024-01-08T08:20:57+00:00","article_modified_time":"2023-12-19T12:56:24+00:00","og_image":[{"width":1024,"height":577,"url":"https:\/\/www.essenciales.com\/blog\/wp-content\/uploads\/aromaterapia-invernal-1024x577.png","type":"image\/png"}],"author":"Nuria Moreno","twitter_card":"summary_large_image","twitter_misc":{"Escrito por":"Nuria Moreno","Tiempo de lectura":"4 minutos"},"schema":{"@context":"https:\/\/schema.org","@graph":[{"@type":"WebPage","@id":"https:\/\/www.essenciales.com\/blog\/aromaterapia-invernal-creando-un-ambiente-calido-y-acogedor-en-casa\/","url":"https:\/\/www.essenciales.com\/blog\/aromaterapia-invernal-creando-un-ambiente-calido-y-acogedor-en-casa\/","name":"Aromaterapia Invernal: Creando un Ambiente C\u00e1lido y Acogedor en Casa | Blog de ESSENCIALES","isPartOf":{"@id":"https:\/\/www.essenciales.com\/blog\/#website"},"datePublished":"2024-01-08T08:20:57+00:00","dateModified":"2023-12-19T12:56:24+00:00","author":{"@id":"https:\/\/www.essenciales.com\/blog\/#\/schema\/person\/ba44a296eed23f89b82b6b67dee32d7f"},"description":"Sum\u00e9rgete en la magia del invierno: Crea un hogar c\u00e1lido y acogedor, donde la aromaterapia abraza tus sentidos y eleva tu bienestar.","breadcrumb":{"@id":"https:\/\/www.essenciales.com\/blog\/aromaterapia-invernal-creando-un-ambiente-calido-y-acogedor-en-casa\/#breadcrumb"},"inLanguage":"es","potentialAction":[{"@type":"ReadAction","target":["https:\/\/www.essenciales.com\/blog\/aromaterapia-invernal-creando-un-ambiente-calido-y-acogedor-en-casa\/"]}]},{"@type":"BreadcrumbList","@id":"https:\/\/www.essenciales.com\/blog\/aromaterapia-invernal-creando-un-ambiente-calido-y-acogedor-en-casa\/#breadcrumb","itemListElement":[{"@type":"ListItem","position":1,"name":"Portada","item":"https:\/\/www.essenciales.com\/blog\/"},{"@type":"ListItem","position":2,"name":"Aromaterapia Invernal: Creando un Ambiente C\u00e1lido y Acogedor en Casa"}]},{"@type":"WebSite","@id":"https:\/\/www.essenciales.com\/blog\/#website","url":"https:\/\/www.essenciales.com\/blog\/","name":"Blog de ESSENCIALES","description":"Conoce todas las propiedades de los aceites esenciales y vegetales, as\u00ed como sus usos y remedios naturales","potentialAction":[{"@type":"SearchAction","target":{"@type":"EntryPoint","urlTemplate":"https:\/\/www.essenciales.com\/blog\/?s={search_term_string}"},"query-input":"required name=search_term_string"}],"inLanguage":"es"},{"@type":"Person","@id":"https:\/\/www.essenciales.com\/blog\/#\/schema\/person\/ba44a296eed23f89b82b6b67dee32d7f","name":"Nuria Moreno"}]}},"_links":{"self":[{"href":"https:\/\/www.essenciales.com\/blog\/wp-json\/wp\/v2\/posts\/2083"}],"collection":[{"href":"https:\/\/www.essenciales.com\/blog\/wp-json\/wp\/v2\/posts"}],"about":[{"href":"https:\/\/www.essenciales.com\/blog\/wp-json\/wp\/v2\/types\/post"}],"author":[{"embeddable":true,"href":"https:\/\/www.essenciales.com\/blog\/wp-json\/wp\/v2\/users\/4"}],"replies":[{"embeddable":true,"href":"https:\/\/www.essenciales.com\/blog\/wp-json\/wp\/v2\/comments?post=2083"}],"version-history":[{"count":2,"href":"https:\/\/www.essenciales.com\/blog\/wp-json\/wp\/v2\/posts\/2083\/revisions"}],"predecessor-version":[{"id":2092,"href":"https:\/\/www.essenciales.com\/blog\/wp-json\/wp\/v2\/posts\/2083\/revisions\/2092"}],"wp:featuredmedia":[{"embeddable":true,"href":"https:\/\/www.essenciales.com\/blog\/wp-json\/wp\/v2\/media\/2091"}],"wp:attachment":[{"href":"https:\/\/www.essenciales.com\/blog\/wp-json\/wp\/v2\/media?parent=2083"}],"wp:term":[{"taxonomy":"category","embeddable":true,"href":"https:\/\/www.essenciales.com\/blog\/wp-json\/wp\/v2\/categories?post=2083"},{"taxonomy":"post_tag","embeddable":true,"href":"https:\/\/www.essenciales.com\/blog\/wp-json\/wp\/v2\/tags?post=2083"}],"curies":[{"name":"wp","href":"https:\/\/api.w.org\/{rel}","templated":true}]}}