{"id":2133,"date":"2024-05-06T08:15:39","date_gmt":"2024-05-06T06:15:39","guid":{"rendered":"https:\/\/www.essenciales.com\/blog\/?p=2133"},"modified":"2024-03-13T10:18:33","modified_gmt":"2024-03-13T09:18:33","slug":"rituales-de-cuidado-de-la-piel-para-la-primavera","status":"publish","type":"post","link":"https:\/\/www.essenciales.com\/blog\/rituales-de-cuidado-de-la-piel-para-la-primavera\/","title":{"rendered":"Rituales de cuidado de la piel para la primavera"},"content":{"rendered":"<h2 style=\"text-align: center;\">\nHaz que tu piel florezca esta primavera<\/h2>\n<p>Bienvenidos de nuevo al blog de Essenciales. Con la llegada de la primavera, es fundamental adaptar nuestra rutina de cuidado de la piel para hacer frente a los cambios estacionales. La transici\u00f3n del clima invernal al primaveral puede afectar nuestra piel de diversas formas, desde la sequedad hasta el aumento de la producci\u00f3n de grasa. Por lo tanto, es importante ajustar nuestros productos y h\u00e1bitos para mantener una piel radiante y saludable durante esta temporada.<\/p>\n<h3>1. Limpieza suave:<\/h3>\n<p>Comenzar el d\u00eda con una limpieza suave es esencial para eliminar las impurezas acumuladas durante la noche y preparar la piel para recibir los tratamientos posteriores. Opta por limpiadores suaves que no sean demasiado agresivos para no eliminar los aceites naturales de la piel. Los productos a base de ingredientes naturales como el jab\u00f3n de leche de cabra o el aceite de jojoba pueden ser excelentes opciones.<\/p>\n<h3>2. Exfoliaci\u00f3n suave:<\/h3>\n<p>Con el cambio de estaci\u00f3n, la piel tiende a acumular c\u00e9lulas muertas de la piel de manera m\u00e1s pronunciada. Incorporar una exfoliaci\u00f3n suave una vez al mes puede ayudar a eliminar estas c\u00e9lulas muertas y revelar una piel m\u00e1s luminosa y suave. Busca exfoliantes como por ejemplo las sales de Epson junto con un aceite vegetal, que ayudan a promover la renovaci\u00f3n celular sin causar irritaci\u00f3n.<\/p>\n<h3>3. Hidrataci\u00f3n intensiva:<\/h3>\n<p>A medida que las temperaturas comienzan a aumentar, es importante mantener la piel bien hidratada para evitar la sequedad y la deshidrataci\u00f3n. Opta por productos hidratantes a base de aceites vegetales como el aceite de rosa mosqueta o el aceite de almendras, que proporcionan una hidrataci\u00f3n profunda sin obstruir los poros. Adem\u00e1s, busca productos que contengan ingredientes calmantes y antiinflamatorios como el aloe vera o el extracto de cal\u00e9ndula para calmar la piel irritada por los cambios estacionales.<\/p>\n<h3>4. Protecci\u00f3n solar:<\/h3>\n<p>Con el aumento de la exposici\u00f3n al sol durante la primavera, es fundamental proteger la piel de los da\u00f1os causados por los rayos UV. Incorpora un protector solar de amplio espectro con un SPF adecuado en tu rutina diaria, incluso en d\u00edas nublados o lluviosos. Busca formulaciones livianas que no obstruyan los poros y que puedan ser aplicadas f\u00e1cilmente debajo del maquillaje. Se pueden usar tambi\u00e9n aceites vegetales como la manteca de karit\u00e9, el s\u00e9samos o la frambuesa, aunque estos no son adecuados para una exposici\u00f3n directa y prolongada (tomar el sol).<\/p>\n<h3>5. Nutrici\u00f3n desde adentro:<\/h3>\n<p>Adem\u00e1s de cuidar la piel externamente, recuerda que una alimentaci\u00f3n balanceada y rica en antioxidantes tambi\u00e9n contribuye a una piel radiante y saludable. Aumenta el consumo de frutas y verduras frescas, as\u00ed como de alimentos ricos en \u00e1cidos grasos esenciales como el salm\u00f3n o las nueces, que ayudan a mantener la piel nutrida desde adentro hacia afuera. Por \u00faltimo, y siempre importante, la hidrataci\u00f3n, bebe mucha agua, esto dar\u00e1 un aspecto m\u00e1s jugoso a la piel.<\/p>\n<h4>\nDurante la primavera, los aceites esenciales y vegetales pueden ser aliados poderosos para cuidar y proteger la piel. Aqu\u00ed hay algunos que puedes considerar:<\/h4>\n<p>\u2022 <a href=\"https:\/\/www.essenciales.com\/aceites-primera-presion-frio\/aceite-vegetal-jojoba-primera-presion-frio.html\">Aceite vegetal de jojoba<\/a>: Este aceite vegetal es conocido por su capacidad para equilibrar la producci\u00f3n de sebo de la piel, lo que lo hace ideal para todo tipo de piel, incluida la piel propensa al acn\u00e9. Adem\u00e1s, es rico en antioxidantes y vitamina E, lo que ayuda a proteger la piel de los da\u00f1os ambientales.<\/p>\n<p>\u2022 <a href=\"https:\/\/www.essenciales.com\/aceites-primera-presion-frio\/aceite-rosa-mosqueta-primera-presion-frio.html\">Aceite vegetal de rosa mosqueta<\/a>: Este aceite es rico en \u00e1cidos grasos esenciales, como el \u00e1cido linoleico y el \u00e1cido linol\u00e9nico, que ayudan a reparar y regenerar la piel. Es especialmente beneficioso para tratar cicatrices, estr\u00edas y arrugas, dejando la piel suave y radiante.<\/p>\n<p>\u2022 <a href=\"https:\/\/www.essenciales.com\/aceites-primera-presion-frio\/aceite-de-almendra-dulce-1a-presion-en-frio.html\">Aceite vegetal de almendras dulces<\/a>: Con propiedades hidratantes y emolientes, el aceite de almendras dulces es ideal para calmar y suavizar la piel seca y sensible. Tambi\u00e9n es rico en vitamina E, que ayuda a proteger la piel del da\u00f1o causado por los radicales libres.<\/p>\n<p>\u2022 <a href=\"https:\/\/www.essenciales.com\/aceites-esenciales\/aceite-esencial-lavanda.html\">Aceite esencial de lavanda<\/a>: Conocido por sus propiedades calmantes y antiinflamatorias, el aceite de lavanda es excelente para calmar la piel irritada o inflamada. Tambi\u00e9n tiene propiedades cicatrizantes, lo que lo hace \u00fatil para tratar quemaduras solares leves y picaduras de insectos.<\/p>\n<p>\u2022 <a href=\"https:\/\/www.essenciales.com\/aceites-esenciales\/aceite-esencial-arbol-de-te.html\">Aceite esencial de \u00e1rbol de t\u00e9<\/a>: Este aceite esencial es famoso por sus propiedades antibacterianas y antif\u00fangicas, lo que lo hace \u00fatil para tratar el acn\u00e9 y otras afecciones de la piel. Sin embargo, debe diluirse adecuadamente antes de aplicarlo sobre la piel, ya que puede causar irritaci\u00f3n si se usa puro.<\/p>\n<p>\u2022 <a href=\"https:\/\/www.essenciales.com\/aceites-esenciales\/aceite-esencial-geranio.html\">Aceite esencial de geranio<\/a>: Este aceite esencial tiene propiedades astringentes y equilibrantes, lo que lo hace \u00fatil para regular la producci\u00f3n de sebo de la piel y tratar el acn\u00e9. Tambi\u00e9n tiene un aroma floral suave que puede ayudar a calmar los sentidos y aliviar el estr\u00e9s.<\/p>\n<h4>Recuerda que, al usar aceites esenciales, es importante diluirlos adecuadamente en un aceite vegetal portador antes de aplicarlos sobre la piel para evitar irritaciones. Adem\u00e1s, siempre es recomendable realizar una prueba de parche en una peque\u00f1a \u00e1rea de la piel para verificar posibles reacciones al\u00e9rgicas antes de usar cualquier producto nuevo.<\/h4>\n<p>Adaptar nuestra rutina de cuidado de la piel a la primavera implica utilizar productos adecuados que proporcionen hidrataci\u00f3n, protecci\u00f3n solar y nutrici\u00f3n, aprovechando los beneficios de los ingredientes naturales para lograr una piel radiante y saludable durante esta temporada.<\/p>\n<h3 style=\"text-align: center;\">\nEspero que estos consejos te ayuden a tener una piel bonita y radiante esta primavera.<\/h3>\n<h2 style=\"text-align: center;\">\u2665Te leo en comentarios\u2665<\/h2>\n","protected":false},"excerpt":{"rendered":"<p>Haz que tu piel florezca esta primavera Bienvenidos de nuevo al blog de Essenciales. Con la llegada de la primavera, es fundamental adaptar nuestra rutina&#8230;<\/p>\n<p class=\"readmore\"><a class=\"more-btn\" href=\"https:\/\/www.essenciales.com\/blog\/rituales-de-cuidado-de-la-piel-para-la-primavera\/\">Leer m\u00e1s<\/a><\/p>\n","protected":false},"author":4,"featured_media":2134,"comment_status":"open","ping_status":"open","sticky":false,"template":"","format":"standard","meta":[],"categories":[42,76,157,144],"tags":[],"yoast_head":"<!-- This site is optimized with the Yoast SEO plugin v19.10 - https:\/\/yoast.com\/wordpress\/plugins\/seo\/ -->\n<title>Rituales de cuidado de la piel para la primavera | Blog de ESSENCIALES<\/title>\n<meta name=\"description\" content=\"Con la llegada de la primavera, es fundamental adaptar nuestra rutina de cuidado de la piel para hacer frente a los cambios estacionales.\" \/>\n<meta name=\"robots\" content=\"index, follow, max-snippet:-1, max-image-preview:large, max-video-preview:-1\" \/>\n<link rel=\"canonical\" href=\"https:\/\/www.essenciales.com\/blog\/rituales-de-cuidado-de-la-piel-para-la-primavera\/\" \/>\n<meta property=\"og:locale\" content=\"es_ES\" \/>\n<meta property=\"og:type\" content=\"article\" \/>\n<meta property=\"og:title\" content=\"Rituales de cuidado de la piel para la primavera | Blog de ESSENCIALES\" \/>\n<meta property=\"og:description\" content=\"Con la llegada de la primavera, es fundamental adaptar nuestra rutina de cuidado de la piel para hacer frente a los cambios estacionales.\" \/>\n<meta property=\"og:url\" content=\"https:\/\/www.essenciales.com\/blog\/rituales-de-cuidado-de-la-piel-para-la-primavera\/\" \/>\n<meta property=\"og:site_name\" content=\"Blog de ESSENCIALES\" \/>\n<meta property=\"article:published_time\" content=\"2024-05-06T06:15:39+00:00\" \/>\n<meta property=\"article:modified_time\" content=\"2024-03-13T09:18:33+00:00\" \/>\n<meta property=\"og:image\" content=\"https:\/\/www.essenciales.com\/blog\/wp-content\/uploads\/Rituales-de-cuidado-de-la-piel-para-la-primavera-6-10-mayo.png\" \/>\n\t<meta property=\"og:image:width\" content=\"1640\" \/>\n\t<meta property=\"og:image:height\" content=\"924\" \/>\n\t<meta property=\"og:image:type\" content=\"image\/png\" \/>\n<meta name=\"author\" content=\"Nuria Moreno\" \/>\n<meta name=\"twitter:card\" content=\"summary_large_image\" \/>\n<meta name=\"twitter:label1\" content=\"Escrito por\" \/>\n\t<meta name=\"twitter:data1\" content=\"Nuria Moreno\" \/>\n\t<meta name=\"twitter:label2\" content=\"Tiempo de lectura\" \/>\n\t<meta name=\"twitter:data2\" content=\"5 minutos\" \/>\n<script type=\"application\/ld+json\" class=\"yoast-schema-graph\">{\"@context\":\"https:\/\/schema.org\",\"@graph\":[{\"@type\":\"WebPage\",\"@id\":\"https:\/\/www.essenciales.com\/blog\/rituales-de-cuidado-de-la-piel-para-la-primavera\/\",\"url\":\"https:\/\/www.essenciales.com\/blog\/rituales-de-cuidado-de-la-piel-para-la-primavera\/\",\"name\":\"Rituales de cuidado de la piel para la primavera | Blog de ESSENCIALES\",\"isPartOf\":{\"@id\":\"https:\/\/www.essenciales.com\/blog\/#website\"},\"datePublished\":\"2024-05-06T06:15:39+00:00\",\"dateModified\":\"2024-03-13T09:18:33+00:00\",\"author\":{\"@id\":\"https:\/\/www.essenciales.com\/blog\/#\/schema\/person\/ba44a296eed23f89b82b6b67dee32d7f\"},\"description\":\"Con la llegada de la primavera, es fundamental adaptar nuestra rutina de cuidado de la piel para hacer frente a los cambios estacionales.\",\"breadcrumb\":{\"@id\":\"https:\/\/www.essenciales.com\/blog\/rituales-de-cuidado-de-la-piel-para-la-primavera\/#breadcrumb\"},\"inLanguage\":\"es\",\"potentialAction\":[{\"@type\":\"ReadAction\",\"target\":[\"https:\/\/www.essenciales.com\/blog\/rituales-de-cuidado-de-la-piel-para-la-primavera\/\"]}]},{\"@type\":\"BreadcrumbList\",\"@id\":\"https:\/\/www.essenciales.com\/blog\/rituales-de-cuidado-de-la-piel-para-la-primavera\/#breadcrumb\",\"itemListElement\":[{\"@type\":\"ListItem\",\"position\":1,\"name\":\"Portada\",\"item\":\"https:\/\/www.essenciales.com\/blog\/\"},{\"@type\":\"ListItem\",\"position\":2,\"name\":\"Rituales de cuidado de la piel para la primavera\"}]},{\"@type\":\"WebSite\",\"@id\":\"https:\/\/www.essenciales.com\/blog\/#website\",\"url\":\"https:\/\/www.essenciales.com\/blog\/\",\"name\":\"Blog de ESSENCIALES\",\"description\":\"Conoce todas las propiedades de los aceites esenciales y vegetales, as\u00ed como sus usos y remedios naturales\",\"potentialAction\":[{\"@type\":\"SearchAction\",\"target\":{\"@type\":\"EntryPoint\",\"urlTemplate\":\"https:\/\/www.essenciales.com\/blog\/?s={search_term_string}\"},\"query-input\":\"required name=search_term_string\"}],\"inLanguage\":\"es\"},{\"@type\":\"Person\",\"@id\":\"https:\/\/www.essenciales.com\/blog\/#\/schema\/person\/ba44a296eed23f89b82b6b67dee32d7f\",\"name\":\"Nuria Moreno\"}]}<\/script>\n<!-- \/ Yoast SEO plugin. -->","yoast_head_json":{"title":"Rituales de cuidado de la piel para la primavera | Blog de ESSENCIALES","description":"Con la llegada de la primavera, es fundamental adaptar nuestra rutina de cuidado de la piel para hacer frente a los cambios estacionales.","robots":{"index":"index","follow":"follow","max-snippet":"max-snippet:-1","max-image-preview":"max-image-preview:large","max-video-preview":"max-video-preview:-1"},"canonical":"https:\/\/www.essenciales.com\/blog\/rituales-de-cuidado-de-la-piel-para-la-primavera\/","og_locale":"es_ES","og_type":"article","og_title":"Rituales de cuidado de la piel para la primavera | Blog de ESSENCIALES","og_description":"Con la llegada de la primavera, es fundamental adaptar nuestra rutina de cuidado de la piel para hacer frente a los cambios estacionales.","og_url":"https:\/\/www.essenciales.com\/blog\/rituales-de-cuidado-de-la-piel-para-la-primavera\/","og_site_name":"Blog de ESSENCIALES","article_published_time":"2024-05-06T06:15:39+00:00","article_modified_time":"2024-03-13T09:18:33+00:00","og_image":[{"width":1640,"height":924,"url":"https:\/\/www.essenciales.com\/blog\/wp-content\/uploads\/Rituales-de-cuidado-de-la-piel-para-la-primavera-6-10-mayo.png","type":"image\/png"}],"author":"Nuria Moreno","twitter_card":"summary_large_image","twitter_misc":{"Escrito por":"Nuria Moreno","Tiempo de lectura":"5 minutos"},"schema":{"@context":"https:\/\/schema.org","@graph":[{"@type":"WebPage","@id":"https:\/\/www.essenciales.com\/blog\/rituales-de-cuidado-de-la-piel-para-la-primavera\/","url":"https:\/\/www.essenciales.com\/blog\/rituales-de-cuidado-de-la-piel-para-la-primavera\/","name":"Rituales de cuidado de la piel para la primavera | Blog de ESSENCIALES","isPartOf":{"@id":"https:\/\/www.essenciales.com\/blog\/#website"},"datePublished":"2024-05-06T06:15:39+00:00","dateModified":"2024-03-13T09:18:33+00:00","author":{"@id":"https:\/\/www.essenciales.com\/blog\/#\/schema\/person\/ba44a296eed23f89b82b6b67dee32d7f"},"description":"Con la llegada de la primavera, es fundamental adaptar nuestra rutina de cuidado de la piel para hacer frente a los cambios estacionales.","breadcrumb":{"@id":"https:\/\/www.essenciales.com\/blog\/rituales-de-cuidado-de-la-piel-para-la-primavera\/#breadcrumb"},"inLanguage":"es","potentialAction":[{"@type":"ReadAction","target":["https:\/\/www.essenciales.com\/blog\/rituales-de-cuidado-de-la-piel-para-la-primavera\/"]}]},{"@type":"BreadcrumbList","@id":"https:\/\/www.essenciales.com\/blog\/rituales-de-cuidado-de-la-piel-para-la-primavera\/#breadcrumb","itemListElement":[{"@type":"ListItem","position":1,"name":"Portada","item":"https:\/\/www.essenciales.com\/blog\/"},{"@type":"ListItem","position":2,"name":"Rituales de cuidado de la piel para la primavera"}]},{"@type":"WebSite","@id":"https:\/\/www.essenciales.com\/blog\/#website","url":"https:\/\/www.essenciales.com\/blog\/","name":"Blog de ESSENCIALES","description":"Conoce todas las propiedades de los aceites esenciales y vegetales, as\u00ed como sus usos y remedios naturales","potentialAction":[{"@type":"SearchAction","target":{"@type":"EntryPoint","urlTemplate":"https:\/\/www.essenciales.com\/blog\/?s={search_term_string}"},"query-input":"required name=search_term_string"}],"inLanguage":"es"},{"@type":"Person","@id":"https:\/\/www.essenciales.com\/blog\/#\/schema\/person\/ba44a296eed23f89b82b6b67dee32d7f","name":"Nuria Moreno"}]}},"_links":{"self":[{"href":"https:\/\/www.essenciales.com\/blog\/wp-json\/wp\/v2\/posts\/2133"}],"collection":[{"href":"https:\/\/www.essenciales.com\/blog\/wp-json\/wp\/v2\/posts"}],"about":[{"href":"https:\/\/www.essenciales.com\/blog\/wp-json\/wp\/v2\/types\/post"}],"author":[{"embeddable":true,"href":"https:\/\/www.essenciales.com\/blog\/wp-json\/wp\/v2\/users\/4"}],"replies":[{"embeddable":true,"href":"https:\/\/www.essenciales.com\/blog\/wp-json\/wp\/v2\/comments?post=2133"}],"version-history":[{"count":2,"href":"https:\/\/www.essenciales.com\/blog\/wp-json\/wp\/v2\/posts\/2133\/revisions"}],"predecessor-version":[{"id":2136,"href":"https:\/\/www.essenciales.com\/blog\/wp-json\/wp\/v2\/posts\/2133\/revisions\/2136"}],"wp:featuredmedia":[{"embeddable":true,"href":"https:\/\/www.essenciales.com\/blog\/wp-json\/wp\/v2\/media\/2134"}],"wp:attachment":[{"href":"https:\/\/www.essenciales.com\/blog\/wp-json\/wp\/v2\/media?parent=2133"}],"wp:term":[{"taxonomy":"category","embeddable":true,"href":"https:\/\/www.essenciales.com\/blog\/wp-json\/wp\/v2\/categories?post=2133"},{"taxonomy":"post_tag","embeddable":true,"href":"https:\/\/www.essenciales.com\/blog\/wp-json\/wp\/v2\/tags?post=2133"}],"curies":[{"name":"wp","href":"https:\/\/api.w.org\/{rel}","templated":true}]}}