{"id":2148,"date":"2024-06-03T08:37:36","date_gmt":"2024-06-03T06:37:36","guid":{"rendered":"https:\/\/www.essenciales.com\/blog\/?p=2148"},"modified":"2024-04-30T10:08:31","modified_gmt":"2024-04-30T08:08:31","slug":"cuidado-capilar-natural-en-primavera-protege-tu-cabello-con-aceites-esenciales-y-vegetales","status":"publish","type":"post","link":"https:\/\/www.essenciales.com\/blog\/cuidado-capilar-natural-en-primavera-protege-tu-cabello-con-aceites-esenciales-y-vegetales\/","title":{"rendered":"Cuidado Capilar Natural en Primavera: Protege tu Cabello con Aceites Esenciales y Vegetales"},"content":{"rendered":"<h2 style=\"text-align: center;\">Calor, da\u00f1os, aire\u2026 ayuda a tu cabello esta primavera con aceites esenciales y vegetales<\/h2>\n<p>&nbsp;<\/p>\n<p>Bienvenidos de nuevo al blog de Essenciales. La primavera es una temporada maravillosa llena de flores en flor y d\u00edas m\u00e1s c\u00e1lidos, pero tambi\u00e9n trae consigo cambios clim\u00e1ticos que pueden afectar la salud de nuestro cabello y m\u00e1s ahora al final de su temporada, cuando el calor del verano est\u00e1 a la vuelta de la esquina. La combinaci\u00f3n de lluvia, viento y sol puede dejar nuestro cabello seco, opaco y propenso a da\u00f1os. Sin embargo, con los cuidados adecuados, podemos mantenerlo saludable y radiante durante esta \u00e9poca del a\u00f1o.<\/p>\n<h3><strong>Hidrataci\u00f3n Profunda con Aceites Vegetales:<\/strong><\/h3>\n<p>Los aceites vegetales son una excelente manera de hidratar y nutrir el cabello, proporcion\u00e1ndole los nutrientes que necesita para mantenerse fuerte y saludable. Durante la primavera, opta por aceites como el aceite de coco, aceite de arg\u00e1n, aceite de jojoba o aceite de almendras. Estos aceites son ricos en \u00e1cidos grasos esenciales y antioxidantes que ayudan a reparar el cabello da\u00f1ado y a protegerlo de los elementos externos.<\/p>\n<h3><strong>Mascarillas Capilares Caseras:<\/strong><\/h3>\n<p>Preparar mascarillas capilares caseras con aceites vegetales es una manera efectiva de proporcionarle a tu cabello una hidrataci\u00f3n adicional. Mezcla tu aceite vegetal preferido con ingredientes como aguacate, huevo o miel para crear una mascarilla nutritiva y revitalizante. Aplica la mascarilla en tu cabello una vez por semana y d\u00e9jala actuar durante al menos 30 minutos antes de enjuagarla con agua tibia.<\/p>\n<h3><strong>Protecci\u00f3n Solar Natural:<\/strong><\/h3>\n<p>El sol primaveral puede ser igual de da\u00f1ino para el cabello que para la piel. Para proteger tu cabello de los rayos UV, utiliza aceites esenciales con propiedades protectoras, como el aceite esencial de lavanda, aceite esencial de geranio o aceite esencial de romero. Agrega unas gotas de aceite esencial a tu champ\u00fa o acondicionador y roc\u00eda la mezcla sobre tu cabello antes de salir al sol.<\/p>\n<h3><strong>Evita el Uso Excesivo de Calor:<\/strong><\/h3>\n<p>Durante la primavera, es tentador usar herramientas de calor como secadores de cabello y planchas con m\u00e1s frecuencia para combatir la humedad. Sin embargo, el calor excesivo puede da\u00f1ar la cut\u00edcula del cabello y dejarlo m\u00e1s vulnerable a los da\u00f1os ambientales. Opta por dejar que tu cabello se seque al aire siempre que sea posible y limita el uso de herramientas de calor a baja temperatura cuando sea necesario.<\/p>\n<h3><strong>Productos Naturales para el Cabello:<\/strong><\/h3>\n<p>Busca productos capilares que est\u00e9n formulados con ingredientes naturales y libres de qu\u00edmicos agresivos. Muchos champ\u00fas, acondicionadores y tratamientos capilares en el mercado est\u00e1n enriquecidos con aceites esenciales y vegetales para proporcionar cuidados suaves y efectivos durante la primavera.<\/p>\n<p>A medida que nos acercamos al final de la primavera, nuestro cabello puede necesitar cuidados adicionales para enfrentar los cambios clim\u00e1ticos y prepararse para la temporada de verano.<\/p>\n<h3><strong>Aqu\u00ed tienes algunas recetas y sinergias de champ\u00fa, mascarilla y protector solar a base de aceites esenciales y vegetales para mantener tu cabello saludable y protegido:<\/strong><\/h3>\n<h4><strong>Champ\u00fa Revitalizante con Aceites Esenciales:<\/strong><\/h4>\n<p>Ingredientes:<\/p>\n<ul>\n<li>1\/2 taza de <a href=\"https:\/\/www.essenciales.com\/jabones\/champu-base-ecologico.html\">champ\u00fa base<\/a> suave (preferiblemente natural)<\/li>\n<li>10 gotas de <a href=\"https:\/\/www.essenciales.com\/aceites-esenciales\/aceite-esencial-romero-alcanfor.html\">aceite esencial de romero<\/a><\/li>\n<li>10 gotas de <a href=\"https:\/\/www.essenciales.com\/aceites-esenciales\/aceite-esencial-lavanda.html\">aceite esencial de lavanda<\/a><\/li>\n<li>5 gotas de <a href=\"https:\/\/www.essenciales.com\/aceites-esenciales\/aceite-esencial-limon.html\">aceite esencial de lim\u00f3n<\/a><\/li>\n<\/ul>\n<p>Instrucciones:<\/p>\n<ol>\n<li>En una botella de champ\u00fa vac\u00eda, vierte la media taza de champ\u00fa base suave.<\/li>\n<li>Agrega las gotas de aceite esencial de romero, lavanda y lim\u00f3n.<\/li>\n<li>Cierra la botella y ag\u00edtala suavemente para mezclar bien los ingredientes.<\/li>\n<li>Utiliza este champ\u00fa revitalizante durante tus lavados regulares para fortalecer el cabello y estimular el crecimiento.<\/li>\n<\/ol>\n<h4><strong>Mascarilla Hidratante y Reparadora:<\/strong><\/h4>\n<p>Ingredientes:<\/p>\n<ul>\n<li>1 aguacate maduro<\/li>\n<li>2 cucharadas de <a href=\"https:\/\/www.essenciales.com\/aceites-naturales\/aceite-coco-liquido-fraccionado.html\">aceite de coco<\/a><\/li>\n<li>5 gotas de <a href=\"https:\/\/www.essenciales.com\/aceites-esenciales\/aceite-esencial-palo-de-rosa.html\">aceite esencial de palo de rosa<\/a><\/li>\n<li>5 gotas de <a href=\"https:\/\/www.essenciales.com\/aceites-esenciales\/aceite-esencial-geranio.html\">aceite esencial de geranio<\/a><\/li>\n<\/ul>\n<p>Instrucciones:<\/p>\n<ol>\n<li>En un taz\u00f3n, machaca el aguacate hasta obtener una pasta suave.<\/li>\n<li>Agrega el aceite de coco y los aceites esenciales de palo de rosa y geranio.<\/li>\n<li>Mezcla bien todos los ingredientes hasta obtener una mascarilla homog\u00e9nea.<\/li>\n<li>Aplica la mascarilla sobre el cabello limpio y h\u00famedo, asegur\u00e1ndote de cubrir todas las hebras.<\/li>\n<li>Deja actuar la mascarilla durante 30 minutos y luego enjuaga abundantemente con agua tibia.<\/li>\n<\/ol>\n<p><strong>\u00a0<\/strong><\/p>\n<h4><strong>Protector Solar Capilar Natural:<\/strong><\/h4>\n<p>Ingredientes:<\/p>\n<ul>\n<li>1\/4 taza de <a href=\"https:\/\/www.essenciales.com\/aceites-primera-presion-frio\/aceite-de-almendra-dulce.html\">aceite de almendras dulces<\/a><\/li>\n<li>2 cucharadas de <a href=\"https:\/\/www.essenciales.com\/otros-extractos\/gel-de-aloe-vera.html\">gel de aloe vera<\/a><\/li>\n<li>10 gotas de <a href=\"https:\/\/www.essenciales.com\/aceites-esenciales\/aceite-esencial-ylang-ylang.html\">aceite esencial de ylang-ylang<\/a><\/li>\n<li>10 gotas de <a href=\"https:\/\/www.essenciales.com\/aceites-esenciales\/aceite-esencial-sandalo-blanco.html\">aceite esencial de s\u00e1ndalo<\/a><\/li>\n<\/ul>\n<p>Instrucciones:<\/p>\n<ol>\n<li>En un recipiente, combina el aceite de almendras dulces y el gel de aloe vera.<\/li>\n<li>Agrega las gotas de aceite esencial de ylang-ylang y s\u00e1ndalo.<\/li>\n<li>Mezcla bien todos los ingredientes hasta obtener una soluci\u00f3n uniforme.<\/li>\n<li>Transfiere la mezcla a un frasco con pulverizador.<\/li>\n<li>Antes de exponerte al sol, roc\u00eda generosamente esta soluci\u00f3n sobre tu cabello, asegur\u00e1ndote de cubrirlo por completo.<\/li>\n<li>Reaplica el protector solar capilar cada pocas horas, especialmente si est\u00e1s en contacto directo con el sol durante un per\u00edodo prolongado.<\/li>\n<\/ol>\n<p>Estas recetas y sinergias a base de aceites esenciales y vegetales son una manera natural y efectiva de cuidar tu cabello al final de la primavera, proporcion\u00e1ndole la hidrataci\u00f3n y protecci\u00f3n necesarias para mantenerlo saludable y radiante en la transici\u00f3n hacia el verano.<\/p>\n<p>Principio del formulario<\/p>\n<p>&nbsp;<\/p>\n<p>En resumen, mantener un cabello saludable durante la primavera es posible con el uso de aceites esenciales y vegetales. Incorpora estos productos y consejos en tu rutina de cuidado capilar para proteger tu cabello de los efectos del clima cambiante y mantenerlo radiante en esta hermosa temporada del a\u00f1o.<\/p>\n<h2 style=\"text-align: center;\"><strong>\u2665Te leo en comentarios\u2665<\/strong><\/h2>\n","protected":false},"excerpt":{"rendered":"<p>Calor, da\u00f1os, aire\u2026 ayuda a tu cabello esta primavera con aceites esenciales y vegetales &nbsp; Bienvenidos de nuevo al blog de Essenciales. La primavera es&#8230;<\/p>\n<p class=\"readmore\"><a class=\"more-btn\" href=\"https:\/\/www.essenciales.com\/blog\/cuidado-capilar-natural-en-primavera-protege-tu-cabello-con-aceites-esenciales-y-vegetales\/\">Leer m\u00e1s<\/a><\/p>\n","protected":false},"author":4,"featured_media":2149,"comment_status":"open","ping_status":"open","sticky":false,"template":"","format":"standard","meta":[],"categories":[42,76,159],"tags":[],"yoast_head":"<!-- This site is optimized with the Yoast SEO plugin v19.10 - https:\/\/yoast.com\/wordpress\/plugins\/seo\/ -->\n<title>Cuidado Capilar Natural en Primavera: Protege tu Cabello con Aceites Esenciales y Vegetales | Blog de ESSENCIALES<\/title>\n<meta name=\"description\" content=\"En los cambios de temporada nuestro cabello sufre algunos da\u00f1os, aprende a cuidarlo de manera natural con aceites esenciales y vegetales.\" \/>\n<meta name=\"robots\" content=\"index, follow, max-snippet:-1, max-image-preview:large, max-video-preview:-1\" \/>\n<link rel=\"canonical\" href=\"https:\/\/www.essenciales.com\/blog\/cuidado-capilar-natural-en-primavera-protege-tu-cabello-con-aceites-esenciales-y-vegetales\/\" \/>\n<meta property=\"og:locale\" content=\"es_ES\" \/>\n<meta property=\"og:type\" content=\"article\" \/>\n<meta property=\"og:title\" content=\"Cuidado Capilar Natural en Primavera: Protege tu Cabello con Aceites Esenciales y Vegetales | Blog de ESSENCIALES\" \/>\n<meta property=\"og:description\" content=\"En los cambios de temporada nuestro cabello sufre algunos da\u00f1os, aprende a cuidarlo de manera natural con aceites esenciales y vegetales.\" \/>\n<meta property=\"og:url\" content=\"https:\/\/www.essenciales.com\/blog\/cuidado-capilar-natural-en-primavera-protege-tu-cabello-con-aceites-esenciales-y-vegetales\/\" \/>\n<meta property=\"og:site_name\" content=\"Blog de ESSENCIALES\" \/>\n<meta property=\"article:published_time\" content=\"2024-06-03T06:37:36+00:00\" \/>\n<meta property=\"article:modified_time\" content=\"2024-04-30T08:08:31+00:00\" \/>\n<meta property=\"og:image\" content=\"https:\/\/www.essenciales.com\/blog\/wp-content\/uploads\/Cuidado-Capilar-Natural-en-Primavera-Protege-tu-Cabello-con-Aceites-Esenciales-y-Vegetales.png\" \/>\n\t<meta property=\"og:image:width\" content=\"851\" \/>\n\t<meta property=\"og:image:height\" content=\"315\" \/>\n\t<meta property=\"og:image:type\" content=\"image\/png\" \/>\n<meta name=\"author\" content=\"Nuria Moreno\" \/>\n<meta name=\"twitter:card\" content=\"summary_large_image\" \/>\n<meta name=\"twitter:label1\" content=\"Escrito por\" \/>\n\t<meta name=\"twitter:data1\" content=\"Nuria Moreno\" \/>\n\t<meta name=\"twitter:label2\" content=\"Tiempo de lectura\" \/>\n\t<meta name=\"twitter:data2\" content=\"5 minutos\" \/>\n<script type=\"application\/ld+json\" class=\"yoast-schema-graph\">{\"@context\":\"https:\/\/schema.org\",\"@graph\":[{\"@type\":\"WebPage\",\"@id\":\"https:\/\/www.essenciales.com\/blog\/cuidado-capilar-natural-en-primavera-protege-tu-cabello-con-aceites-esenciales-y-vegetales\/\",\"url\":\"https:\/\/www.essenciales.com\/blog\/cuidado-capilar-natural-en-primavera-protege-tu-cabello-con-aceites-esenciales-y-vegetales\/\",\"name\":\"Cuidado Capilar Natural en Primavera: Protege tu Cabello con Aceites Esenciales y Vegetales | Blog de ESSENCIALES\",\"isPartOf\":{\"@id\":\"https:\/\/www.essenciales.com\/blog\/#website\"},\"datePublished\":\"2024-06-03T06:37:36+00:00\",\"dateModified\":\"2024-04-30T08:08:31+00:00\",\"author\":{\"@id\":\"https:\/\/www.essenciales.com\/blog\/#\/schema\/person\/ba44a296eed23f89b82b6b67dee32d7f\"},\"description\":\"En los cambios de temporada nuestro cabello sufre algunos da\u00f1os, aprende a cuidarlo de manera natural con aceites esenciales y vegetales.\",\"breadcrumb\":{\"@id\":\"https:\/\/www.essenciales.com\/blog\/cuidado-capilar-natural-en-primavera-protege-tu-cabello-con-aceites-esenciales-y-vegetales\/#breadcrumb\"},\"inLanguage\":\"es\",\"potentialAction\":[{\"@type\":\"ReadAction\",\"target\":[\"https:\/\/www.essenciales.com\/blog\/cuidado-capilar-natural-en-primavera-protege-tu-cabello-con-aceites-esenciales-y-vegetales\/\"]}]},{\"@type\":\"BreadcrumbList\",\"@id\":\"https:\/\/www.essenciales.com\/blog\/cuidado-capilar-natural-en-primavera-protege-tu-cabello-con-aceites-esenciales-y-vegetales\/#breadcrumb\",\"itemListElement\":[{\"@type\":\"ListItem\",\"position\":1,\"name\":\"Portada\",\"item\":\"https:\/\/www.essenciales.com\/blog\/\"},{\"@type\":\"ListItem\",\"position\":2,\"name\":\"Cuidado Capilar Natural en Primavera: Protege tu Cabello con Aceites Esenciales y Vegetales\"}]},{\"@type\":\"WebSite\",\"@id\":\"https:\/\/www.essenciales.com\/blog\/#website\",\"url\":\"https:\/\/www.essenciales.com\/blog\/\",\"name\":\"Blog de ESSENCIALES\",\"description\":\"Conoce todas las propiedades de los aceites esenciales y vegetales, as\u00ed como sus usos y remedios naturales\",\"potentialAction\":[{\"@type\":\"SearchAction\",\"target\":{\"@type\":\"EntryPoint\",\"urlTemplate\":\"https:\/\/www.essenciales.com\/blog\/?s={search_term_string}\"},\"query-input\":\"required name=search_term_string\"}],\"inLanguage\":\"es\"},{\"@type\":\"Person\",\"@id\":\"https:\/\/www.essenciales.com\/blog\/#\/schema\/person\/ba44a296eed23f89b82b6b67dee32d7f\",\"name\":\"Nuria Moreno\"}]}<\/script>\n<!-- \/ Yoast SEO plugin. -->","yoast_head_json":{"title":"Cuidado Capilar Natural en Primavera: Protege tu Cabello con Aceites Esenciales y Vegetales | Blog de ESSENCIALES","description":"En los cambios de temporada nuestro cabello sufre algunos da\u00f1os, aprende a cuidarlo de manera natural con aceites esenciales y vegetales.","robots":{"index":"index","follow":"follow","max-snippet":"max-snippet:-1","max-image-preview":"max-image-preview:large","max-video-preview":"max-video-preview:-1"},"canonical":"https:\/\/www.essenciales.com\/blog\/cuidado-capilar-natural-en-primavera-protege-tu-cabello-con-aceites-esenciales-y-vegetales\/","og_locale":"es_ES","og_type":"article","og_title":"Cuidado Capilar Natural en Primavera: Protege tu Cabello con Aceites Esenciales y Vegetales | Blog de ESSENCIALES","og_description":"En los cambios de temporada nuestro cabello sufre algunos da\u00f1os, aprende a cuidarlo de manera natural con aceites esenciales y vegetales.","og_url":"https:\/\/www.essenciales.com\/blog\/cuidado-capilar-natural-en-primavera-protege-tu-cabello-con-aceites-esenciales-y-vegetales\/","og_site_name":"Blog de ESSENCIALES","article_published_time":"2024-06-03T06:37:36+00:00","article_modified_time":"2024-04-30T08:08:31+00:00","og_image":[{"width":851,"height":315,"url":"https:\/\/www.essenciales.com\/blog\/wp-content\/uploads\/Cuidado-Capilar-Natural-en-Primavera-Protege-tu-Cabello-con-Aceites-Esenciales-y-Vegetales.png","type":"image\/png"}],"author":"Nuria Moreno","twitter_card":"summary_large_image","twitter_misc":{"Escrito por":"Nuria Moreno","Tiempo de lectura":"5 minutos"},"schema":{"@context":"https:\/\/schema.org","@graph":[{"@type":"WebPage","@id":"https:\/\/www.essenciales.com\/blog\/cuidado-capilar-natural-en-primavera-protege-tu-cabello-con-aceites-esenciales-y-vegetales\/","url":"https:\/\/www.essenciales.com\/blog\/cuidado-capilar-natural-en-primavera-protege-tu-cabello-con-aceites-esenciales-y-vegetales\/","name":"Cuidado Capilar Natural en Primavera: Protege tu Cabello con Aceites Esenciales y Vegetales | Blog de ESSENCIALES","isPartOf":{"@id":"https:\/\/www.essenciales.com\/blog\/#website"},"datePublished":"2024-06-03T06:37:36+00:00","dateModified":"2024-04-30T08:08:31+00:00","author":{"@id":"https:\/\/www.essenciales.com\/blog\/#\/schema\/person\/ba44a296eed23f89b82b6b67dee32d7f"},"description":"En los cambios de temporada nuestro cabello sufre algunos da\u00f1os, aprende a cuidarlo de manera natural con aceites esenciales y vegetales.","breadcrumb":{"@id":"https:\/\/www.essenciales.com\/blog\/cuidado-capilar-natural-en-primavera-protege-tu-cabello-con-aceites-esenciales-y-vegetales\/#breadcrumb"},"inLanguage":"es","potentialAction":[{"@type":"ReadAction","target":["https:\/\/www.essenciales.com\/blog\/cuidado-capilar-natural-en-primavera-protege-tu-cabello-con-aceites-esenciales-y-vegetales\/"]}]},{"@type":"BreadcrumbList","@id":"https:\/\/www.essenciales.com\/blog\/cuidado-capilar-natural-en-primavera-protege-tu-cabello-con-aceites-esenciales-y-vegetales\/#breadcrumb","itemListElement":[{"@type":"ListItem","position":1,"name":"Portada","item":"https:\/\/www.essenciales.com\/blog\/"},{"@type":"ListItem","position":2,"name":"Cuidado Capilar Natural en Primavera: Protege tu Cabello con Aceites Esenciales y Vegetales"}]},{"@type":"WebSite","@id":"https:\/\/www.essenciales.com\/blog\/#website","url":"https:\/\/www.essenciales.com\/blog\/","name":"Blog de ESSENCIALES","description":"Conoce todas las propiedades de los aceites esenciales y vegetales, as\u00ed como sus usos y remedios naturales","potentialAction":[{"@type":"SearchAction","target":{"@type":"EntryPoint","urlTemplate":"https:\/\/www.essenciales.com\/blog\/?s={search_term_string}"},"query-input":"required name=search_term_string"}],"inLanguage":"es"},{"@type":"Person","@id":"https:\/\/www.essenciales.com\/blog\/#\/schema\/person\/ba44a296eed23f89b82b6b67dee32d7f","name":"Nuria Moreno"}]}},"_links":{"self":[{"href":"https:\/\/www.essenciales.com\/blog\/wp-json\/wp\/v2\/posts\/2148"}],"collection":[{"href":"https:\/\/www.essenciales.com\/blog\/wp-json\/wp\/v2\/posts"}],"about":[{"href":"https:\/\/www.essenciales.com\/blog\/wp-json\/wp\/v2\/types\/post"}],"author":[{"embeddable":true,"href":"https:\/\/www.essenciales.com\/blog\/wp-json\/wp\/v2\/users\/4"}],"replies":[{"embeddable":true,"href":"https:\/\/www.essenciales.com\/blog\/wp-json\/wp\/v2\/comments?post=2148"}],"version-history":[{"count":1,"href":"https:\/\/www.essenciales.com\/blog\/wp-json\/wp\/v2\/posts\/2148\/revisions"}],"predecessor-version":[{"id":2150,"href":"https:\/\/www.essenciales.com\/blog\/wp-json\/wp\/v2\/posts\/2148\/revisions\/2150"}],"wp:featuredmedia":[{"embeddable":true,"href":"https:\/\/www.essenciales.com\/blog\/wp-json\/wp\/v2\/media\/2149"}],"wp:attachment":[{"href":"https:\/\/www.essenciales.com\/blog\/wp-json\/wp\/v2\/media?parent=2148"}],"wp:term":[{"taxonomy":"category","embeddable":true,"href":"https:\/\/www.essenciales.com\/blog\/wp-json\/wp\/v2\/categories?post=2148"},{"taxonomy":"post_tag","embeddable":true,"href":"https:\/\/www.essenciales.com\/blog\/wp-json\/wp\/v2\/tags?post=2148"}],"curies":[{"name":"wp","href":"https:\/\/api.w.org\/{rel}","templated":true}]}}