{"id":2151,"date":"2024-06-17T08:08:39","date_gmt":"2024-06-17T06:08:39","guid":{"rendered":"https:\/\/www.essenciales.com\/blog\/?p=2151"},"modified":"2024-07-11T17:17:22","modified_gmt":"2024-07-11T15:17:22","slug":"cuidado-de-la-piel-en-verano-reduccion-de-manchas-solares-con-aceites-esenciales-y-vegetales","status":"publish","type":"post","link":"https:\/\/www.essenciales.com\/blog\/cuidado-de-la-piel-en-verano-reduccion-de-manchas-solares-con-aceites-esenciales-y-vegetales\/","title":{"rendered":"Cuidado de la piel en verano: Reducci\u00f3n de manchas solares con aceites esenciales y vegetales"},"content":{"rendered":"<h2 style=\"text-align: center;\">Descubre c\u00f3mo reducir y prevenir las manchas solares en tu rostro durante el verano mediante el uso de aceites vegetales y esenciales.<\/h2>\n<p>Bienvenidos un d\u00eda m\u00e1s al blog de Essenciales. El verano es una \u00e9poca en la que disfrutamos del sol y del aire libre, pero tambi\u00e9n es crucial prestar atenci\u00f3n especial al cuidado de nuestra piel. La exposici\u00f3n excesiva al sol puede provocar la aparici\u00f3n de manchas en el rostro, lo que puede resultar en un aspecto no deseado y envejecimiento prematuro de la piel. Sin embargo, con el uso adecuado de aceites vegetales y esenciales, as\u00ed como una rutina de cuidado de la piel adecuada, es posible reducir y prevenir estas manchas solares de forma natural. He aqu\u00ed algunos aceites que os pueden ayudar. <strong>Atentos porque algunos deben usarse \u00fanicamente en horarios de penumbra o de noche, justo cuando nuestra piel se est\u00e1 recuperando del intenso sol del d\u00eda.<\/strong><\/p>\n<h3><strong>\u00bfC\u00f3mo ayudan los aceites vegetales y esenciales en el cuidado de la piel?<\/strong><\/h3>\n<p>Los aceites vegetales y esenciales son una herramienta valiosa en el cuidado de la piel debido a sus propiedades hidratantes, regenerativas y antioxidantes. Algunos aceites vegetales, como el aceite de rosa mosqueta, el aceite de jojoba y el aceite de almendras, son conocidos por su capacidad para nutrir la piel y ayudar en la regeneraci\u00f3n celular. Por otro lado, los aceites esenciales, como el aceite de lavanda, el aceite de incienso y el aceite de lim\u00f3n, poseen propiedades aclarantes, regenerativas y antiinflamatorias que pueden ser beneficiosas para reducir las manchas solares y mejorar el tono de la piel.<\/p>\n<h3><strong>Aceites vegetales recomendados para el cuidado de la piel en verano:<\/strong><\/h3>\n<ol>\n<li><strong><a href=\"https:\/\/www.essenciales.com\/aceites-primera-presion-frio\/aceite-rosa-mosqueta-primera-presion-frio.html\">Aceite de rosa mosqueta<\/a>:<\/strong> (\u00dasalo solo<strong> de noche o en zonas no expuestas al sol<\/strong>). Rico en \u00e1cidos grasos esenciales y antioxidantes, este aceite es conocido por sus propiedades regenerativas y su capacidad para mejorar la apariencia de cicatrices y manchas en la piel.<\/li>\n<li><a href=\"https:\/\/www.essenciales.com\/aceites-primera-presion-frio\/aceite-vegetal-jojoba-primera-presion-frio.html\"><strong>Aceite de jojoba:<\/strong><\/a> Este aceite tiene una composici\u00f3n similar al sebo natural de la piel, lo que lo hace ideal para equilibrar la producci\u00f3n de sebo y mantener la piel hidratada sin obstruir los poros.<\/li>\n<li><a href=\"https:\/\/www.essenciales.com\/aceites-primera-presion-frio\/aceite-de-almendra-dulce.html\"><strong>Aceite de almendras dulces:<\/strong><\/a> Suaviza e hidrata la piel, ayudando a mejorar su elasticidad y a reducir la apariencia de manchas y arrugas.<\/li>\n<\/ol>\n<h3><strong>Aceites esenciales recomendados para reducir las manchas solares:<\/strong><\/h3>\n<ol>\n<li><a href=\"https:\/\/www.essenciales.com\/aceites-esenciales\/aceite-esencial-limon.html\"><strong>Aceite esencial de lim\u00f3n:<\/strong><\/a> Con reconocidas propiedades aclarantes y exfoliantes, el aceite esencial de lim\u00f3n puede ayudar a reducir la apariencia de manchas oscuras en la piel. Eso s\u00ed, <strong>se debe emplear estrictamente de noche<\/strong>, puesto que si nos toca el sol mientras lo usamos generar\u00e1 justo el efecto contrario.<\/li>\n<li><a href=\"https:\/\/www.essenciales.com\/aceites-esenciales\/aceite-esencial-incienso.html\"><strong>Aceite esencial de incienso:<\/strong><\/a> Con propiedades regenerativas y antiinflamatorias, el aceite esencial de incienso puede ayudar a mejorar la textura de la piel y reducir la aparici\u00f3n de manchas.<\/li>\n<li><a href=\"https:\/\/www.essenciales.com\/aceites-esenciales\/aceite-esencial-lavanda.html\"><strong>Aceite esencial de lavanda:<\/strong> <\/a>Con propiedades calmantes y cicatrizantes, el aceite esencial de lavanda puede ayudar a reducir la inflamaci\u00f3n y aclarar las manchas solares.<\/li>\n<\/ol>\n<h3><strong>Sinergias recomendadas para cada tipo de piel:<\/strong><\/h3>\n<ol>\n<li><strong>Para piel seca o madura:<\/strong> Mezclar 1 cucharada de aceite de rosa mosqueta con 3 gotas de aceite esencial de incienso y 2 gotas de aceite esencial de lavanda. Aplicar suavemente sobre la piel limpia por la noche antes de acostarse.<\/li>\n<li><strong>Para piel grasa o propensa al acn\u00e9:<\/strong> Mezclar 1 cucharada de aceite de jojoba con 3 gotas de aceite esencial de lim\u00f3n y 2 gotas de aceite esencial de \u00e1rbol de t\u00e9. Aplicar sobre la piel limpia por la noche, evitando el contacto con los ojos.<\/li>\n<li><strong>Para piel mixta o sensible:<\/strong> Mezclar 1 cucharada de aceite de almendras dulces con 2 gotas de aceite esencial de lavanda y 2 gotas de aceite esencial de manzanilla. Aplicar sobre la piel limpia por la ma\u00f1ana y por la noche como parte de la rutina de cuidado de la piel.<\/li>\n<\/ol>\n<p>Es importante recordar que los aceites esenciales son muy concentrados y deben diluirse adecuadamente antes de su uso t\u00f3pico. El uso de los aceites c\u00edtricos en aplicaci\u00f3n t\u00f3pica debe ser de noche por su foto sensibilidad. Adem\u00e1s, se recomienda realizar una prueba de parche en una peque\u00f1a \u00e1rea de la piel antes de aplicar cualquier nueva mezcla de aceites esenciales para evitar posibles reacciones al\u00e9rgicas o irritaciones. Combinar el uso de aceites vegetales y esenciales con una dieta saludable, protecci\u00f3n solar adecuada y una hidrataci\u00f3n adecuada puede ayudar a mantener una piel radiante y saludable durante todo el verano.<\/p>\n<h2 style=\"text-align: center;\">\u2665Te leo en comentarios\u2665<\/h2>\n","protected":false},"excerpt":{"rendered":"<p>Descubre c\u00f3mo reducir y prevenir las manchas solares en tu rostro durante el verano mediante el uso de aceites vegetales y esenciales. Bienvenidos un d\u00eda&#8230;<\/p>\n<p class=\"readmore\"><a class=\"more-btn\" href=\"https:\/\/www.essenciales.com\/blog\/cuidado-de-la-piel-en-verano-reduccion-de-manchas-solares-con-aceites-esenciales-y-vegetales\/\">Leer m\u00e1s<\/a><\/p>\n","protected":false},"author":4,"featured_media":2152,"comment_status":"open","ping_status":"open","sticky":false,"template":"","format":"standard","meta":[],"categories":[42,76,160],"tags":[],"yoast_head":"<!-- This site is optimized with the Yoast SEO plugin v19.10 - https:\/\/yoast.com\/wordpress\/plugins\/seo\/ -->\n<title>Cuidado de la piel en verano: Reducci\u00f3n de manchas solares con aceites esenciales y vegetales | Blog de ESSENCIALES<\/title>\n<meta name=\"description\" content=\"Aprende a crear sinergias personalizadas para cada tipo de piel y disfruta de una piel radiante y saludable todo el a\u00f1o.\" \/>\n<meta name=\"robots\" content=\"index, follow, max-snippet:-1, max-image-preview:large, max-video-preview:-1\" \/>\n<link rel=\"canonical\" href=\"https:\/\/www.essenciales.com\/blog\/cuidado-de-la-piel-en-verano-reduccion-de-manchas-solares-con-aceites-esenciales-y-vegetales\/\" \/>\n<meta property=\"og:locale\" content=\"es_ES\" \/>\n<meta property=\"og:type\" content=\"article\" \/>\n<meta property=\"og:title\" content=\"Cuidado de la piel en verano: Reducci\u00f3n de manchas solares con aceites esenciales y vegetales | Blog de ESSENCIALES\" \/>\n<meta property=\"og:description\" content=\"Aprende a crear sinergias personalizadas para cada tipo de piel y disfruta de una piel radiante y saludable todo el a\u00f1o.\" \/>\n<meta property=\"og:url\" content=\"https:\/\/www.essenciales.com\/blog\/cuidado-de-la-piel-en-verano-reduccion-de-manchas-solares-con-aceites-esenciales-y-vegetales\/\" \/>\n<meta property=\"og:site_name\" content=\"Blog de ESSENCIALES\" \/>\n<meta property=\"article:published_time\" content=\"2024-06-17T06:08:39+00:00\" \/>\n<meta property=\"article:modified_time\" content=\"2024-07-11T15:17:22+00:00\" \/>\n<meta property=\"og:image\" content=\"https:\/\/www.essenciales.com\/blog\/wp-content\/uploads\/blog-manchas-piel-17-24-junio.png\" \/>\n\t<meta property=\"og:image:width\" content=\"1640\" \/>\n\t<meta property=\"og:image:height\" content=\"924\" \/>\n\t<meta property=\"og:image:type\" content=\"image\/png\" \/>\n<meta name=\"author\" content=\"Nuria Moreno\" \/>\n<meta name=\"twitter:card\" content=\"summary_large_image\" \/>\n<meta name=\"twitter:label1\" content=\"Escrito por\" \/>\n\t<meta name=\"twitter:data1\" content=\"Nuria Moreno\" \/>\n\t<meta name=\"twitter:label2\" content=\"Tiempo de lectura\" \/>\n\t<meta name=\"twitter:data2\" content=\"4 minutos\" \/>\n<script type=\"application\/ld+json\" class=\"yoast-schema-graph\">{\"@context\":\"https:\/\/schema.org\",\"@graph\":[{\"@type\":\"WebPage\",\"@id\":\"https:\/\/www.essenciales.com\/blog\/cuidado-de-la-piel-en-verano-reduccion-de-manchas-solares-con-aceites-esenciales-y-vegetales\/\",\"url\":\"https:\/\/www.essenciales.com\/blog\/cuidado-de-la-piel-en-verano-reduccion-de-manchas-solares-con-aceites-esenciales-y-vegetales\/\",\"name\":\"Cuidado de la piel en verano: Reducci\u00f3n de manchas solares con aceites esenciales y vegetales | Blog de ESSENCIALES\",\"isPartOf\":{\"@id\":\"https:\/\/www.essenciales.com\/blog\/#website\"},\"datePublished\":\"2024-06-17T06:08:39+00:00\",\"dateModified\":\"2024-07-11T15:17:22+00:00\",\"author\":{\"@id\":\"https:\/\/www.essenciales.com\/blog\/#\/schema\/person\/ba44a296eed23f89b82b6b67dee32d7f\"},\"description\":\"Aprende a crear sinergias personalizadas para cada tipo de piel y disfruta de una piel radiante y saludable todo el a\u00f1o.\",\"breadcrumb\":{\"@id\":\"https:\/\/www.essenciales.com\/blog\/cuidado-de-la-piel-en-verano-reduccion-de-manchas-solares-con-aceites-esenciales-y-vegetales\/#breadcrumb\"},\"inLanguage\":\"es\",\"potentialAction\":[{\"@type\":\"ReadAction\",\"target\":[\"https:\/\/www.essenciales.com\/blog\/cuidado-de-la-piel-en-verano-reduccion-de-manchas-solares-con-aceites-esenciales-y-vegetales\/\"]}]},{\"@type\":\"BreadcrumbList\",\"@id\":\"https:\/\/www.essenciales.com\/blog\/cuidado-de-la-piel-en-verano-reduccion-de-manchas-solares-con-aceites-esenciales-y-vegetales\/#breadcrumb\",\"itemListElement\":[{\"@type\":\"ListItem\",\"position\":1,\"name\":\"Portada\",\"item\":\"https:\/\/www.essenciales.com\/blog\/\"},{\"@type\":\"ListItem\",\"position\":2,\"name\":\"Cuidado de la piel en verano: Reducci\u00f3n de manchas solares con aceites esenciales y vegetales\"}]},{\"@type\":\"WebSite\",\"@id\":\"https:\/\/www.essenciales.com\/blog\/#website\",\"url\":\"https:\/\/www.essenciales.com\/blog\/\",\"name\":\"Blog de ESSENCIALES\",\"description\":\"Conoce todas las propiedades de los aceites esenciales y vegetales, as\u00ed como sus usos y remedios naturales\",\"potentialAction\":[{\"@type\":\"SearchAction\",\"target\":{\"@type\":\"EntryPoint\",\"urlTemplate\":\"https:\/\/www.essenciales.com\/blog\/?s={search_term_string}\"},\"query-input\":\"required name=search_term_string\"}],\"inLanguage\":\"es\"},{\"@type\":\"Person\",\"@id\":\"https:\/\/www.essenciales.com\/blog\/#\/schema\/person\/ba44a296eed23f89b82b6b67dee32d7f\",\"name\":\"Nuria Moreno\"}]}<\/script>\n<!-- \/ Yoast SEO plugin. -->","yoast_head_json":{"title":"Cuidado de la piel en verano: Reducci\u00f3n de manchas solares con aceites esenciales y vegetales | Blog de ESSENCIALES","description":"Aprende a crear sinergias personalizadas para cada tipo de piel y disfruta de una piel radiante y saludable todo el a\u00f1o.","robots":{"index":"index","follow":"follow","max-snippet":"max-snippet:-1","max-image-preview":"max-image-preview:large","max-video-preview":"max-video-preview:-1"},"canonical":"https:\/\/www.essenciales.com\/blog\/cuidado-de-la-piel-en-verano-reduccion-de-manchas-solares-con-aceites-esenciales-y-vegetales\/","og_locale":"es_ES","og_type":"article","og_title":"Cuidado de la piel en verano: Reducci\u00f3n de manchas solares con aceites esenciales y vegetales | Blog de ESSENCIALES","og_description":"Aprende a crear sinergias personalizadas para cada tipo de piel y disfruta de una piel radiante y saludable todo el a\u00f1o.","og_url":"https:\/\/www.essenciales.com\/blog\/cuidado-de-la-piel-en-verano-reduccion-de-manchas-solares-con-aceites-esenciales-y-vegetales\/","og_site_name":"Blog de ESSENCIALES","article_published_time":"2024-06-17T06:08:39+00:00","article_modified_time":"2024-07-11T15:17:22+00:00","og_image":[{"width":1640,"height":924,"url":"https:\/\/www.essenciales.com\/blog\/wp-content\/uploads\/blog-manchas-piel-17-24-junio.png","type":"image\/png"}],"author":"Nuria Moreno","twitter_card":"summary_large_image","twitter_misc":{"Escrito por":"Nuria Moreno","Tiempo de lectura":"4 minutos"},"schema":{"@context":"https:\/\/schema.org","@graph":[{"@type":"WebPage","@id":"https:\/\/www.essenciales.com\/blog\/cuidado-de-la-piel-en-verano-reduccion-de-manchas-solares-con-aceites-esenciales-y-vegetales\/","url":"https:\/\/www.essenciales.com\/blog\/cuidado-de-la-piel-en-verano-reduccion-de-manchas-solares-con-aceites-esenciales-y-vegetales\/","name":"Cuidado de la piel en verano: Reducci\u00f3n de manchas solares con aceites esenciales y vegetales | Blog de ESSENCIALES","isPartOf":{"@id":"https:\/\/www.essenciales.com\/blog\/#website"},"datePublished":"2024-06-17T06:08:39+00:00","dateModified":"2024-07-11T15:17:22+00:00","author":{"@id":"https:\/\/www.essenciales.com\/blog\/#\/schema\/person\/ba44a296eed23f89b82b6b67dee32d7f"},"description":"Aprende a crear sinergias personalizadas para cada tipo de piel y disfruta de una piel radiante y saludable todo el a\u00f1o.","breadcrumb":{"@id":"https:\/\/www.essenciales.com\/blog\/cuidado-de-la-piel-en-verano-reduccion-de-manchas-solares-con-aceites-esenciales-y-vegetales\/#breadcrumb"},"inLanguage":"es","potentialAction":[{"@type":"ReadAction","target":["https:\/\/www.essenciales.com\/blog\/cuidado-de-la-piel-en-verano-reduccion-de-manchas-solares-con-aceites-esenciales-y-vegetales\/"]}]},{"@type":"BreadcrumbList","@id":"https:\/\/www.essenciales.com\/blog\/cuidado-de-la-piel-en-verano-reduccion-de-manchas-solares-con-aceites-esenciales-y-vegetales\/#breadcrumb","itemListElement":[{"@type":"ListItem","position":1,"name":"Portada","item":"https:\/\/www.essenciales.com\/blog\/"},{"@type":"ListItem","position":2,"name":"Cuidado de la piel en verano: Reducci\u00f3n de manchas solares con aceites esenciales y vegetales"}]},{"@type":"WebSite","@id":"https:\/\/www.essenciales.com\/blog\/#website","url":"https:\/\/www.essenciales.com\/blog\/","name":"Blog de ESSENCIALES","description":"Conoce todas las propiedades de los aceites esenciales y vegetales, as\u00ed como sus usos y remedios naturales","potentialAction":[{"@type":"SearchAction","target":{"@type":"EntryPoint","urlTemplate":"https:\/\/www.essenciales.com\/blog\/?s={search_term_string}"},"query-input":"required name=search_term_string"}],"inLanguage":"es"},{"@type":"Person","@id":"https:\/\/www.essenciales.com\/blog\/#\/schema\/person\/ba44a296eed23f89b82b6b67dee32d7f","name":"Nuria Moreno"}]}},"_links":{"self":[{"href":"https:\/\/www.essenciales.com\/blog\/wp-json\/wp\/v2\/posts\/2151"}],"collection":[{"href":"https:\/\/www.essenciales.com\/blog\/wp-json\/wp\/v2\/posts"}],"about":[{"href":"https:\/\/www.essenciales.com\/blog\/wp-json\/wp\/v2\/types\/post"}],"author":[{"embeddable":true,"href":"https:\/\/www.essenciales.com\/blog\/wp-json\/wp\/v2\/users\/4"}],"replies":[{"embeddable":true,"href":"https:\/\/www.essenciales.com\/blog\/wp-json\/wp\/v2\/comments?post=2151"}],"version-history":[{"count":3,"href":"https:\/\/www.essenciales.com\/blog\/wp-json\/wp\/v2\/posts\/2151\/revisions"}],"predecessor-version":[{"id":2180,"href":"https:\/\/www.essenciales.com\/blog\/wp-json\/wp\/v2\/posts\/2151\/revisions\/2180"}],"wp:featuredmedia":[{"embeddable":true,"href":"https:\/\/www.essenciales.com\/blog\/wp-json\/wp\/v2\/media\/2152"}],"wp:attachment":[{"href":"https:\/\/www.essenciales.com\/blog\/wp-json\/wp\/v2\/media?parent=2151"}],"wp:term":[{"taxonomy":"category","embeddable":true,"href":"https:\/\/www.essenciales.com\/blog\/wp-json\/wp\/v2\/categories?post=2151"},{"taxonomy":"post_tag","embeddable":true,"href":"https:\/\/www.essenciales.com\/blog\/wp-json\/wp\/v2\/tags?post=2151"}],"curies":[{"name":"wp","href":"https:\/\/api.w.org\/{rel}","templated":true}]}}