{"id":2192,"date":"2024-11-04T08:53:41","date_gmt":"2024-11-04T07:53:41","guid":{"rendered":"https:\/\/www.essenciales.com\/blog\/?p=2192"},"modified":"2024-09-12T10:21:59","modified_gmt":"2024-09-12T08:21:59","slug":"aceites-vegetales-para-el-cuidado-del-cabello-en-otono","status":"publish","type":"post","link":"https:\/\/www.essenciales.com\/blog\/aceites-vegetales-para-el-cuidado-del-cabello-en-otono\/","title":{"rendered":"Aceites vegetales para el cuidado del cabello en oto\u00f1o"},"content":{"rendered":"<h2 style=\"text-align: center;\">Descubre c\u00f3mo los aceites vegetales pueden transformar tu cabello este oto\u00f1o, manteni\u00e9ndolo saludable, nutrido y radiante frente a los desaf\u00edos del clima m\u00e1s fr\u00edo.<\/h2>\n<p>Bienvenidos un d\u00eda m\u00e1s al blog de Essenciales. El oto\u00f1o trae consigo cambios en las condiciones clim\u00e1ticas que pueden afectar la salud y apariencia del cabello, volvi\u00e9ndolo m\u00e1s propenso a la sequedad y el quiebre. Una excelente manera de contrarrestar estos efectos es incorporando aceites vegetales naturales en tu rutina de cuidado capilar. Estos aceites no solo hidratan profundamente el cabello, sino que tambi\u00e9n proporcionan nutrientes esenciales que fortalecen las hebras y mejoran su elasticidad. Aqu\u00ed te ofrecemos una gu\u00eda sobre c\u00f3mo utilizar aceites vegetales para mantener tu cabello saludable y radiante durante los meses m\u00e1s fr\u00edos del a\u00f1o:<\/p>\n<h3><strong>Elecci\u00f3n de aceites vegetales<\/strong><\/h3>\n<ol>\n<li><a href=\"https:\/\/www.essenciales.com\/aceites-naturales\/aceite-coco-liquido-fraccionado.html\"><strong>Aceite de coco<\/strong>:<\/a> Conocido por sus propiedades hidratantes y nutritivas, el aceite de coco es ideal para prevenir la p\u00e9rdida de prote\u00ednas del cabello, lo que ayuda a mantenerlo fuerte y resistente.<\/li>\n<li><a href=\"https:\/\/www.essenciales.com\/aceites-primera-presion-frio\/aceite-vegetal-argan-primera-presion-frio.html\"><strong>Aceite de arg\u00e1n<\/strong><\/a>: Rico en vitamina E y \u00e1cidos grasos, el aceite de arg\u00e1n es excelente para restaurar el brillo y la suavidad del cabello, adem\u00e1s de protegerlo contra los da\u00f1os causados por el frizz y el clima seco.<\/li>\n<li><a href=\"https:\/\/www.essenciales.com\/aceites-primera-presion-frio\/aceite-de-almendra-dulce.html\"><strong>Aceite de almendra<\/strong>:<\/a> Ligero y f\u00e1cilmente absorbido, el aceite de almendra es perfecto para hidratar el cabello sin dejarlo grasoso, adem\u00e1s de calmar el cuero cabelludo y reducir la irritaci\u00f3n.<\/li>\n<li><a href=\"https:\/\/www.essenciales.com\/aceites-primera-presion-frio\/aceite-vegetal-jojoba-primera-presion-frio.html\"><strong>Aceite de jojoba<\/strong>:<\/a> Similar al sebo natural del cuero cabelludo, el aceite de jojoba equilibra la producci\u00f3n de aceite, lo que lo convierte en una opci\u00f3n ideal para todo tipo de cabello, desde seco hasta graso.<\/li>\n<\/ol>\n<h3><strong>Formas de aplicaci\u00f3n<\/strong><\/h3>\n<ul>\n<li><strong>Como tratamiento prelavado<\/strong>: Aplica el aceite vegetal de tu elecci\u00f3n de medios a puntas, d\u00e9jalo actuar durante al menos 30 minutos o incluso durante la noche, y luego lava tu cabello como de costumbre. Esto ayudar\u00e1 a restaurar la hidrataci\u00f3n y mejorar la textura del cabello.<\/li>\n<li><strong>Como acondicionador sin enjuague<\/strong>: A\u00f1ade unas gotas de aceite a tu acondicionador habitual o apl\u00edcalo directamente sobre el cabello h\u00famedo despu\u00e9s de lavarlo. Esto facilitar\u00e1 el desenredo, a\u00f1adir\u00e1 brillo y reducir\u00e1 el frizz.<\/li>\n<li><strong>Como s\u00e9rum<\/strong>: Para domar el frizz y dar brillo instant\u00e1neo, aplica unas gotas de aceite sobre el cabello seco. Evita las ra\u00edces y enf\u00f3cate en las puntas para evitar que el cabello luzca graso.<\/li>\n<\/ul>\n<h3><strong>Consejos adicionales<\/strong><\/h3>\n<ul>\n<li><strong>No exageres<\/strong>: Utiliza una peque\u00f1a cantidad de aceite cada vez para evitar que el cabello se vuelva pesado o grasoso.<\/li>\n<li><strong>Consistencia<\/strong>: Incorpora el uso de aceites vegetales en tu rutina capilar de forma regular para obtener los mejores resultados a lo largo del tiempo.<\/li>\n<li><strong>Protecci\u00f3n t\u00e9rmica<\/strong>: Si sueles utilizar herramientas de calor, como secadores o planchas, considera aplicar aceite antes de usarlas para proteger tu cabello del da\u00f1o t\u00e9rmico.<\/li>\n<\/ul>\n<p>El cuidado del cabello durante el oto\u00f1o no tiene por qu\u00e9 ser complicado. Al integrar aceites vegetales naturales en tu rutina, puedes mantener tu cabello nutrido, saludable y hermoso, incluso cuando las temperaturas comienzan a descender. Experimenta con diferentes aceites y t\u00e9cnicas para descubrir cu\u00e1les funcionan mejor para tu tipo de cabello, \u00a1y disfruta de los beneficios de un cabello radiante durante toda la temporada!<\/p>\n<h2 style=\"text-align: center;\"><strong>\u2665Te leo en comentarios\u2665<\/strong><\/h2>\n","protected":false},"excerpt":{"rendered":"<p>Descubre c\u00f3mo los aceites vegetales pueden transformar tu cabello este oto\u00f1o, manteni\u00e9ndolo saludable, nutrido y radiante frente a los desaf\u00edos del clima m\u00e1s fr\u00edo. Bienvenidos&#8230;<\/p>\n<p class=\"readmore\"><a class=\"more-btn\" href=\"https:\/\/www.essenciales.com\/blog\/aceites-vegetales-para-el-cuidado-del-cabello-en-otono\/\">Leer m\u00e1s<\/a><\/p>\n","protected":false},"author":4,"featured_media":2209,"comment_status":"open","ping_status":"open","sticky":false,"template":"","format":"standard","meta":[],"categories":[76,148,153,144],"tags":[],"yoast_head":"<!-- This site is optimized with the Yoast SEO plugin v19.10 - https:\/\/yoast.com\/wordpress\/plugins\/seo\/ -->\n<title>Aceites vegetales para el cuidado del cabello en oto\u00f1o | Blog de ESSENCIALES<\/title>\n<meta name=\"description\" content=\"Descubre c\u00f3mo los aceites vegetales pueden transformar tu cabello este oto\u00f1o, manteni\u00e9ndolo saludable y nutrido.\" \/>\n<meta name=\"robots\" content=\"index, follow, max-snippet:-1, max-image-preview:large, max-video-preview:-1\" \/>\n<link rel=\"canonical\" href=\"https:\/\/www.essenciales.com\/blog\/aceites-vegetales-para-el-cuidado-del-cabello-en-otono\/\" \/>\n<meta property=\"og:locale\" content=\"es_ES\" \/>\n<meta property=\"og:type\" content=\"article\" \/>\n<meta property=\"og:title\" content=\"Aceites vegetales para el cuidado del cabello en oto\u00f1o | Blog de ESSENCIALES\" \/>\n<meta property=\"og:description\" content=\"Descubre c\u00f3mo los aceites vegetales pueden transformar tu cabello este oto\u00f1o, manteni\u00e9ndolo saludable y nutrido.\" \/>\n<meta property=\"og:url\" content=\"https:\/\/www.essenciales.com\/blog\/aceites-vegetales-para-el-cuidado-del-cabello-en-otono\/\" \/>\n<meta property=\"og:site_name\" content=\"Blog de ESSENCIALES\" \/>\n<meta property=\"article:published_time\" content=\"2024-11-04T07:53:41+00:00\" \/>\n<meta property=\"article:modified_time\" content=\"2024-09-12T08:21:59+00:00\" \/>\n<meta property=\"og:image\" content=\"https:\/\/www.essenciales.com\/blog\/wp-content\/uploads\/Aceites-vegetales-para-el-cuidado-del-cabello-en-otono-nov-1.png\" \/>\n\t<meta property=\"og:image:width\" content=\"851\" \/>\n\t<meta property=\"og:image:height\" content=\"315\" \/>\n\t<meta property=\"og:image:type\" content=\"image\/png\" \/>\n<meta name=\"author\" content=\"Nuria Moreno\" \/>\n<meta name=\"twitter:card\" content=\"summary_large_image\" \/>\n<meta name=\"twitter:label1\" content=\"Escrito por\" \/>\n\t<meta name=\"twitter:data1\" content=\"Nuria Moreno\" \/>\n\t<meta name=\"twitter:label2\" content=\"Tiempo de lectura\" \/>\n\t<meta name=\"twitter:data2\" content=\"3 minutos\" \/>\n<script type=\"application\/ld+json\" class=\"yoast-schema-graph\">{\"@context\":\"https:\/\/schema.org\",\"@graph\":[{\"@type\":\"WebPage\",\"@id\":\"https:\/\/www.essenciales.com\/blog\/aceites-vegetales-para-el-cuidado-del-cabello-en-otono\/\",\"url\":\"https:\/\/www.essenciales.com\/blog\/aceites-vegetales-para-el-cuidado-del-cabello-en-otono\/\",\"name\":\"Aceites vegetales para el cuidado del cabello en oto\u00f1o | Blog de ESSENCIALES\",\"isPartOf\":{\"@id\":\"https:\/\/www.essenciales.com\/blog\/#website\"},\"datePublished\":\"2024-11-04T07:53:41+00:00\",\"dateModified\":\"2024-09-12T08:21:59+00:00\",\"author\":{\"@id\":\"https:\/\/www.essenciales.com\/blog\/#\/schema\/person\/ba44a296eed23f89b82b6b67dee32d7f\"},\"description\":\"Descubre c\u00f3mo los aceites vegetales pueden transformar tu cabello este oto\u00f1o, manteni\u00e9ndolo saludable y nutrido.\",\"breadcrumb\":{\"@id\":\"https:\/\/www.essenciales.com\/blog\/aceites-vegetales-para-el-cuidado-del-cabello-en-otono\/#breadcrumb\"},\"inLanguage\":\"es\",\"potentialAction\":[{\"@type\":\"ReadAction\",\"target\":[\"https:\/\/www.essenciales.com\/blog\/aceites-vegetales-para-el-cuidado-del-cabello-en-otono\/\"]}]},{\"@type\":\"BreadcrumbList\",\"@id\":\"https:\/\/www.essenciales.com\/blog\/aceites-vegetales-para-el-cuidado-del-cabello-en-otono\/#breadcrumb\",\"itemListElement\":[{\"@type\":\"ListItem\",\"position\":1,\"name\":\"Portada\",\"item\":\"https:\/\/www.essenciales.com\/blog\/\"},{\"@type\":\"ListItem\",\"position\":2,\"name\":\"Aceites vegetales para el cuidado del cabello en oto\u00f1o\"}]},{\"@type\":\"WebSite\",\"@id\":\"https:\/\/www.essenciales.com\/blog\/#website\",\"url\":\"https:\/\/www.essenciales.com\/blog\/\",\"name\":\"Blog de ESSENCIALES\",\"description\":\"Conoce todas las propiedades de los aceites esenciales y vegetales, as\u00ed como sus usos y remedios naturales\",\"potentialAction\":[{\"@type\":\"SearchAction\",\"target\":{\"@type\":\"EntryPoint\",\"urlTemplate\":\"https:\/\/www.essenciales.com\/blog\/?s={search_term_string}\"},\"query-input\":\"required name=search_term_string\"}],\"inLanguage\":\"es\"},{\"@type\":\"Person\",\"@id\":\"https:\/\/www.essenciales.com\/blog\/#\/schema\/person\/ba44a296eed23f89b82b6b67dee32d7f\",\"name\":\"Nuria Moreno\"}]}<\/script>\n<!-- \/ Yoast SEO plugin. -->","yoast_head_json":{"title":"Aceites vegetales para el cuidado del cabello en oto\u00f1o | Blog de ESSENCIALES","description":"Descubre c\u00f3mo los aceites vegetales pueden transformar tu cabello este oto\u00f1o, manteni\u00e9ndolo saludable y nutrido.","robots":{"index":"index","follow":"follow","max-snippet":"max-snippet:-1","max-image-preview":"max-image-preview:large","max-video-preview":"max-video-preview:-1"},"canonical":"https:\/\/www.essenciales.com\/blog\/aceites-vegetales-para-el-cuidado-del-cabello-en-otono\/","og_locale":"es_ES","og_type":"article","og_title":"Aceites vegetales para el cuidado del cabello en oto\u00f1o | Blog de ESSENCIALES","og_description":"Descubre c\u00f3mo los aceites vegetales pueden transformar tu cabello este oto\u00f1o, manteni\u00e9ndolo saludable y nutrido.","og_url":"https:\/\/www.essenciales.com\/blog\/aceites-vegetales-para-el-cuidado-del-cabello-en-otono\/","og_site_name":"Blog de ESSENCIALES","article_published_time":"2024-11-04T07:53:41+00:00","article_modified_time":"2024-09-12T08:21:59+00:00","og_image":[{"width":851,"height":315,"url":"https:\/\/www.essenciales.com\/blog\/wp-content\/uploads\/Aceites-vegetales-para-el-cuidado-del-cabello-en-otono-nov-1.png","type":"image\/png"}],"author":"Nuria Moreno","twitter_card":"summary_large_image","twitter_misc":{"Escrito por":"Nuria Moreno","Tiempo de lectura":"3 minutos"},"schema":{"@context":"https:\/\/schema.org","@graph":[{"@type":"WebPage","@id":"https:\/\/www.essenciales.com\/blog\/aceites-vegetales-para-el-cuidado-del-cabello-en-otono\/","url":"https:\/\/www.essenciales.com\/blog\/aceites-vegetales-para-el-cuidado-del-cabello-en-otono\/","name":"Aceites vegetales para el cuidado del cabello en oto\u00f1o | Blog de ESSENCIALES","isPartOf":{"@id":"https:\/\/www.essenciales.com\/blog\/#website"},"datePublished":"2024-11-04T07:53:41+00:00","dateModified":"2024-09-12T08:21:59+00:00","author":{"@id":"https:\/\/www.essenciales.com\/blog\/#\/schema\/person\/ba44a296eed23f89b82b6b67dee32d7f"},"description":"Descubre c\u00f3mo los aceites vegetales pueden transformar tu cabello este oto\u00f1o, manteni\u00e9ndolo saludable y nutrido.","breadcrumb":{"@id":"https:\/\/www.essenciales.com\/blog\/aceites-vegetales-para-el-cuidado-del-cabello-en-otono\/#breadcrumb"},"inLanguage":"es","potentialAction":[{"@type":"ReadAction","target":["https:\/\/www.essenciales.com\/blog\/aceites-vegetales-para-el-cuidado-del-cabello-en-otono\/"]}]},{"@type":"BreadcrumbList","@id":"https:\/\/www.essenciales.com\/blog\/aceites-vegetales-para-el-cuidado-del-cabello-en-otono\/#breadcrumb","itemListElement":[{"@type":"ListItem","position":1,"name":"Portada","item":"https:\/\/www.essenciales.com\/blog\/"},{"@type":"ListItem","position":2,"name":"Aceites vegetales para el cuidado del cabello en oto\u00f1o"}]},{"@type":"WebSite","@id":"https:\/\/www.essenciales.com\/blog\/#website","url":"https:\/\/www.essenciales.com\/blog\/","name":"Blog de ESSENCIALES","description":"Conoce todas las propiedades de los aceites esenciales y vegetales, as\u00ed como sus usos y remedios naturales","potentialAction":[{"@type":"SearchAction","target":{"@type":"EntryPoint","urlTemplate":"https:\/\/www.essenciales.com\/blog\/?s={search_term_string}"},"query-input":"required name=search_term_string"}],"inLanguage":"es"},{"@type":"Person","@id":"https:\/\/www.essenciales.com\/blog\/#\/schema\/person\/ba44a296eed23f89b82b6b67dee32d7f","name":"Nuria Moreno"}]}},"_links":{"self":[{"href":"https:\/\/www.essenciales.com\/blog\/wp-json\/wp\/v2\/posts\/2192"}],"collection":[{"href":"https:\/\/www.essenciales.com\/blog\/wp-json\/wp\/v2\/posts"}],"about":[{"href":"https:\/\/www.essenciales.com\/blog\/wp-json\/wp\/v2\/types\/post"}],"author":[{"embeddable":true,"href":"https:\/\/www.essenciales.com\/blog\/wp-json\/wp\/v2\/users\/4"}],"replies":[{"embeddable":true,"href":"https:\/\/www.essenciales.com\/blog\/wp-json\/wp\/v2\/comments?post=2192"}],"version-history":[{"count":2,"href":"https:\/\/www.essenciales.com\/blog\/wp-json\/wp\/v2\/posts\/2192\/revisions"}],"predecessor-version":[{"id":2216,"href":"https:\/\/www.essenciales.com\/blog\/wp-json\/wp\/v2\/posts\/2192\/revisions\/2216"}],"wp:featuredmedia":[{"embeddable":true,"href":"https:\/\/www.essenciales.com\/blog\/wp-json\/wp\/v2\/media\/2209"}],"wp:attachment":[{"href":"https:\/\/www.essenciales.com\/blog\/wp-json\/wp\/v2\/media?parent=2192"}],"wp:term":[{"taxonomy":"category","embeddable":true,"href":"https:\/\/www.essenciales.com\/blog\/wp-json\/wp\/v2\/categories?post=2192"},{"taxonomy":"post_tag","embeddable":true,"href":"https:\/\/www.essenciales.com\/blog\/wp-json\/wp\/v2\/tags?post=2192"}],"curies":[{"name":"wp","href":"https:\/\/api.w.org\/{rel}","templated":true}]}}