{"id":2195,"date":"2024-10-01T08:25:18","date_gmt":"2024-10-01T06:25:18","guid":{"rendered":"https:\/\/www.essenciales.com\/blog\/?p=2195"},"modified":"2024-09-12T10:05:40","modified_gmt":"2024-09-12T08:05:40","slug":"rutina-de-cuidado-de-la-piel-para-el-otono","status":"publish","type":"post","link":"https:\/\/www.essenciales.com\/blog\/rutina-de-cuidado-de-la-piel-para-el-otono\/","title":{"rendered":"Rutina de Cuidado de la Piel para el Oto\u00f1o"},"content":{"rendered":"<p>&nbsp;<\/p>\n<h2 style=\"text-align: center;\">Descubre una gu\u00eda paso a paso para una rutina de cuidado de la piel dise\u00f1ada espec\u00edficamente para mantener tu piel hidratada y radiante durante los cambios clim\u00e1ticos del oto\u00f1o.<\/h2>\n<p>&nbsp;<\/p>\n<p>Bienvenidos al blog de Essenciales. El oto\u00f1o trae consigo cambios clim\u00e1ticos que pueden afectar nuestra piel. Las temperaturas m\u00e1s frescas y el aire m\u00e1s seco pueden hacer que nuestra piel se sienta m\u00e1s seca y menos luminosa. Para mantener una piel saludable y radiante durante esta temporada, es esencial adaptar nuestra rutina de cuidado de la piel. Aqu\u00ed te presentamos una gu\u00eda paso a paso para una rutina de cuidado de la piel perfecta para el oto\u00f1o.<\/p>\n<p>&nbsp;<\/p>\n<h3><strong>Paso 1: Limpieza Suave<\/strong><\/h3>\n<p><strong>Recomendaci\u00f3n<\/strong>: <a href=\"https:\/\/www.essenciales.com\/jabones\/jabon-natural-leche-cabra.html\">Jab\u00f3n de leche de cabra<\/a><\/p>\n<p>La limpieza es el primer y m\u00e1s importante paso en cualquier rutina de cuidado de la piel. Para el oto\u00f1o, opta por un limpiador suave que no despoje a tu piel de sus aceites naturales.<\/p>\n<p><strong>Instrucciones<\/strong>:<\/p>\n<ol>\n<li>Aplica el jab\u00f3n de leche de cabra en tu rostro con movimientos circulares, asegur\u00e1ndote de cubrir todas las \u00e1reas.<\/li>\n<li>Enjuaga con agua tibia y seca suavemente con una toalla.<\/li>\n<\/ol>\n<p>Este jab\u00f3n es ideal por sus propiedades hidratantes y suaves, perfectas para preparar la piel para los siguientes pasos.<\/p>\n<h3><strong>Paso 2: Exfoliaci\u00f3n<\/strong><\/h3>\n<p><strong><a href=\"https:\/\/www.essenciales.com\/aceites\/\">Aceite Vegetal<\/a> Recomendado<\/strong>: Aceite de Jojoba, Almendras, Coco o Rosa Mosqueta<\/p>\n<p>La exfoliaci\u00f3n ayuda a eliminar las c\u00e9lulas muertas de la piel, permitiendo una mejor absorci\u00f3n de los productos hidratantes.<\/p>\n<p><strong>Instrucciones<\/strong>:<\/p>\n<ol>\n<li>Mezcla 1 cucharadita de sales de Epson con 1 cucharada de aceite vegetal de tu elecci\u00f3n.<\/li>\n<li>Aplica suavemente en tu rostro con movimientos circulares, evitando el \u00e1rea de los ojos.<\/li>\n<li>Enjuaga con agua tibia y seca con una toalla suave.<\/li>\n<\/ol>\n<p>El uso de aceites vegetales ayuda a mantener la piel suave y libre de imperfecciones.<\/p>\n<h3><strong>Paso 3: Tonificaci\u00f3n<\/strong><\/h3>\n<p><strong>Recomendaci\u00f3n<\/strong>: <a href=\"https:\/\/www.essenciales.com\/hidrolatos-aguas-florales\/\">Hidrolato<\/a> de Rosas, Azahar o Hamamelis<\/p>\n<p>El t\u00f3nico ayuda a equilibrar el pH de la piel y a prepararla para la hidrataci\u00f3n.<\/p>\n<p><strong>Instrucciones<\/strong>:<\/p>\n<ol>\n<li>En un frasco de spray, vierte 100 ml de hidrolato de tu elecci\u00f3n.<\/li>\n<li>Pulveriza el t\u00f3nico en tu rostro y cuello, o apl\u00edcalo con un algod\u00f3n.<\/li>\n<li>Deja que se absorba completamente antes de continuar con el siguiente paso.<\/li>\n<\/ol>\n<p>Estos hidrolatos son excelentes para equilibrar la producci\u00f3n de sebo y mejorar la elasticidad de la piel.<\/p>\n<h3><strong>Paso 4: Suero Hidratante<\/strong><\/h3>\n<p><strong>Aceite Vegetal Recomendado<\/strong>: <a href=\"https:\/\/www.essenciales.com\/aceites-primera-presion-frio\/aceite-rosa-mosqueta-primera-presion-frio.html\">Aceite de Rosa Mosqueta<\/a><\/p>\n<p>Un suero hidratante es esencial para mantener la piel nutrida durante el oto\u00f1o.<\/p>\n<p><strong>Instrucciones<\/strong>:<\/p>\n<ol>\n<li>Mezcla 5 ml de rosa mosqueta con 2 gotas de germen de trigo.<\/li>\n<li>Aplica una peque\u00f1a cantidad en tu rostro y cuello, masajeando suavemente hasta su completa absorci\u00f3n.<\/li>\n<\/ol>\n<p>El aceite de rosa mosqueta es rico en \u00e1cidos grasos y vitaminas, ideal para regenerar y nutrir la piel.<\/p>\n<h3><strong>Paso 5: Hidrataci\u00f3n<\/strong><\/h3>\n<p><strong>Aceite Vegetal Recomendado<\/strong>: <a href=\"https:\/\/www.essenciales.com\/aceites\/aceite-de-almendra-dulce-extra.html\">Aceite de Almendras<\/a><\/p>\n<p>La hidrataci\u00f3n es crucial para proteger la piel contra la sequedad del oto\u00f1o.<\/p>\n<p><strong>Instrucciones<\/strong>:<\/p>\n<ol>\n<li>Mezcla 1 gota de aceite de almendras con la crema base de Essenciales.<\/li>\n<li>Aplica la mezcla en tu rostro y cuello con movimientos ascendentes.<\/li>\n<\/ol>\n<p>El aceite de almendras es conocido por sus propiedades emolientes que mantienen la piel hidratada y suave.<\/p>\n<h3><strong>Paso 6: Cuidado Nocturno<\/strong><\/h3>\n<p><strong>Aceite Vegetal Recomendado<\/strong>: Aceite de Arg\u00e1n, aguacate, <a href=\"https:\/\/www.essenciales.com\/aceites-primera-presion-frio\/manteca-karite.html\">manteca de karit\u00e9<\/a>\u2026.<\/p>\n<p>Durante la noche, nuestra piel se regenera y se recupera del estr\u00e9s diario. Un aceite nocturno puede ayudar en este proceso.<\/p>\n<p><strong>Instrucciones<\/strong>:<\/p>\n<ol>\n<li>Mezcla 10 ml de aceite de arg\u00e1n con 3 gotas de aceite de manzanilla romana. O incienso, mirra, geranio, palmarosa, lavanda\u2026..<\/li>\n<li>Aplica unas gotas de la mezcla en tu rostro y cuello antes de acostarte.<\/li>\n<\/ol>\n<p>El aceite de manzanilla romana es conocido por sus propiedades calmantes y regeneradoras, perfectas para un tratamiento nocturno.<\/p>\n<h3><strong>Consejo Adicional: Cuidado de los Labios<\/strong><\/h3>\n<p><strong>Recomendaci\u00f3n<\/strong>: <a href=\"https:\/\/www.essenciales.com\/aceites-primera-presion-frio\/manteca-karite.html\">Manteca de Karit\u00e9<\/a> y <a href=\"https:\/\/www.essenciales.com\/aceites-naturales\/aceite-coco-liquido-fraccionado.html\">Aceite de Coco<\/a><\/p>\n<p>No olvides cuidar tus labios, que tambi\u00e9n pueden sufrir sequedad en oto\u00f1o.<\/p>\n<p><strong>Instrucciones<\/strong>:<\/p>\n<ol>\n<li>Mezcla un poco de manteca de karit\u00e9 con aceite vegetal de coco y apl\u00edcalo en los labios.<\/li>\n<li>Aplica la mezcla en tus labios antes de dormir.<\/li>\n<\/ol>\n<p>El aceite de menta proporciona una sensaci\u00f3n refrescante y ayuda a mantener los labios hidratados y suaves.<\/p>\n<p>Incorporar aceites vegetales en tu rutina de cuidado de la piel puede marcar una gran diferencia, especialmente durante el oto\u00f1o. Estos aceites no solo aportan hidrataci\u00f3n y nutrientes esenciales, sino que tambi\u00e9n ofrecen propiedades aromaterap\u00e9uticas que pueden mejorar tu bienestar general. Ajusta esta rutina seg\u00fan las necesidades espec\u00edficas de tu piel y disfruta de una piel saludable y radiante durante toda la temporada.<\/p>\n<p>&nbsp;<\/p>\n<h2 style=\"text-align: center;\"><strong>\u2665Te leo en comentarios\u2665<\/strong><\/h2>\n<p>&nbsp;<\/p>\n","protected":false},"excerpt":{"rendered":"<p>&nbsp; Descubre una gu\u00eda paso a paso para una rutina de cuidado de la piel dise\u00f1ada espec\u00edficamente para mantener tu piel hidratada y radiante durante&#8230;<\/p>\n<p class=\"readmore\"><a class=\"more-btn\" href=\"https:\/\/www.essenciales.com\/blog\/rutina-de-cuidado-de-la-piel-para-el-otono\/\">Leer m\u00e1s<\/a><\/p>\n","protected":false},"author":4,"featured_media":2203,"comment_status":"open","ping_status":"open","sticky":false,"template":"","format":"standard","meta":[],"categories":[42,76,162,141,149],"tags":[],"yoast_head":"<!-- This site is optimized with the Yoast SEO plugin v19.10 - https:\/\/yoast.com\/wordpress\/plugins\/seo\/ -->\n<title>Rutina de Cuidado de la Piel para el Oto\u00f1o | Blog de ESSENCIALES<\/title>\n<meta name=\"description\" content=\"Descubre una gu\u00eda paso a paso para una rutina de cuidado de la piel durante los cambios clim\u00e1ticos del oto\u00f1o.\" \/>\n<meta name=\"robots\" content=\"index, follow, max-snippet:-1, max-image-preview:large, max-video-preview:-1\" \/>\n<link rel=\"canonical\" href=\"https:\/\/www.essenciales.com\/blog\/rutina-de-cuidado-de-la-piel-para-el-otono\/\" \/>\n<meta property=\"og:locale\" content=\"es_ES\" \/>\n<meta property=\"og:type\" content=\"article\" \/>\n<meta property=\"og:title\" content=\"Rutina de Cuidado de la Piel para el Oto\u00f1o | Blog de ESSENCIALES\" \/>\n<meta property=\"og:description\" content=\"Descubre una gu\u00eda paso a paso para una rutina de cuidado de la piel durante los cambios clim\u00e1ticos del oto\u00f1o.\" \/>\n<meta property=\"og:url\" content=\"https:\/\/www.essenciales.com\/blog\/rutina-de-cuidado-de-la-piel-para-el-otono\/\" \/>\n<meta property=\"og:site_name\" content=\"Blog de ESSENCIALES\" \/>\n<meta property=\"article:published_time\" content=\"2024-10-01T06:25:18+00:00\" \/>\n<meta property=\"article:modified_time\" content=\"2024-09-12T08:05:40+00:00\" \/>\n<meta property=\"og:image\" content=\"https:\/\/www.essenciales.com\/blog\/wp-content\/uploads\/Rutina-cuidado-de-la-piel-en-otono-oct-1-1.png\" \/>\n\t<meta property=\"og:image:width\" content=\"851\" \/>\n\t<meta property=\"og:image:height\" content=\"315\" \/>\n\t<meta property=\"og:image:type\" content=\"image\/png\" \/>\n<meta name=\"author\" content=\"Nuria Moreno\" \/>\n<meta name=\"twitter:card\" content=\"summary_large_image\" \/>\n<meta name=\"twitter:label1\" content=\"Escrito por\" \/>\n\t<meta name=\"twitter:data1\" content=\"Nuria Moreno\" \/>\n\t<meta name=\"twitter:label2\" content=\"Tiempo de lectura\" \/>\n\t<meta name=\"twitter:data2\" content=\"4 minutos\" \/>\n<script type=\"application\/ld+json\" class=\"yoast-schema-graph\">{\"@context\":\"https:\/\/schema.org\",\"@graph\":[{\"@type\":\"WebPage\",\"@id\":\"https:\/\/www.essenciales.com\/blog\/rutina-de-cuidado-de-la-piel-para-el-otono\/\",\"url\":\"https:\/\/www.essenciales.com\/blog\/rutina-de-cuidado-de-la-piel-para-el-otono\/\",\"name\":\"Rutina de Cuidado de la Piel para el Oto\u00f1o | Blog de ESSENCIALES\",\"isPartOf\":{\"@id\":\"https:\/\/www.essenciales.com\/blog\/#website\"},\"datePublished\":\"2024-10-01T06:25:18+00:00\",\"dateModified\":\"2024-09-12T08:05:40+00:00\",\"author\":{\"@id\":\"https:\/\/www.essenciales.com\/blog\/#\/schema\/person\/ba44a296eed23f89b82b6b67dee32d7f\"},\"description\":\"Descubre una gu\u00eda paso a paso para una rutina de cuidado de la piel durante los cambios clim\u00e1ticos del oto\u00f1o.\",\"breadcrumb\":{\"@id\":\"https:\/\/www.essenciales.com\/blog\/rutina-de-cuidado-de-la-piel-para-el-otono\/#breadcrumb\"},\"inLanguage\":\"es\",\"potentialAction\":[{\"@type\":\"ReadAction\",\"target\":[\"https:\/\/www.essenciales.com\/blog\/rutina-de-cuidado-de-la-piel-para-el-otono\/\"]}]},{\"@type\":\"BreadcrumbList\",\"@id\":\"https:\/\/www.essenciales.com\/blog\/rutina-de-cuidado-de-la-piel-para-el-otono\/#breadcrumb\",\"itemListElement\":[{\"@type\":\"ListItem\",\"position\":1,\"name\":\"Portada\",\"item\":\"https:\/\/www.essenciales.com\/blog\/\"},{\"@type\":\"ListItem\",\"position\":2,\"name\":\"Rutina de Cuidado de la Piel para el Oto\u00f1o\"}]},{\"@type\":\"WebSite\",\"@id\":\"https:\/\/www.essenciales.com\/blog\/#website\",\"url\":\"https:\/\/www.essenciales.com\/blog\/\",\"name\":\"Blog de ESSENCIALES\",\"description\":\"Conoce todas las propiedades de los aceites esenciales y vegetales, as\u00ed como sus usos y remedios naturales\",\"potentialAction\":[{\"@type\":\"SearchAction\",\"target\":{\"@type\":\"EntryPoint\",\"urlTemplate\":\"https:\/\/www.essenciales.com\/blog\/?s={search_term_string}\"},\"query-input\":\"required name=search_term_string\"}],\"inLanguage\":\"es\"},{\"@type\":\"Person\",\"@id\":\"https:\/\/www.essenciales.com\/blog\/#\/schema\/person\/ba44a296eed23f89b82b6b67dee32d7f\",\"name\":\"Nuria Moreno\"}]}<\/script>\n<!-- \/ Yoast SEO plugin. -->","yoast_head_json":{"title":"Rutina de Cuidado de la Piel para el Oto\u00f1o | Blog de ESSENCIALES","description":"Descubre una gu\u00eda paso a paso para una rutina de cuidado de la piel durante los cambios clim\u00e1ticos del oto\u00f1o.","robots":{"index":"index","follow":"follow","max-snippet":"max-snippet:-1","max-image-preview":"max-image-preview:large","max-video-preview":"max-video-preview:-1"},"canonical":"https:\/\/www.essenciales.com\/blog\/rutina-de-cuidado-de-la-piel-para-el-otono\/","og_locale":"es_ES","og_type":"article","og_title":"Rutina de Cuidado de la Piel para el Oto\u00f1o | Blog de ESSENCIALES","og_description":"Descubre una gu\u00eda paso a paso para una rutina de cuidado de la piel durante los cambios clim\u00e1ticos del oto\u00f1o.","og_url":"https:\/\/www.essenciales.com\/blog\/rutina-de-cuidado-de-la-piel-para-el-otono\/","og_site_name":"Blog de ESSENCIALES","article_published_time":"2024-10-01T06:25:18+00:00","article_modified_time":"2024-09-12T08:05:40+00:00","og_image":[{"width":851,"height":315,"url":"https:\/\/www.essenciales.com\/blog\/wp-content\/uploads\/Rutina-cuidado-de-la-piel-en-otono-oct-1-1.png","type":"image\/png"}],"author":"Nuria Moreno","twitter_card":"summary_large_image","twitter_misc":{"Escrito por":"Nuria Moreno","Tiempo de lectura":"4 minutos"},"schema":{"@context":"https:\/\/schema.org","@graph":[{"@type":"WebPage","@id":"https:\/\/www.essenciales.com\/blog\/rutina-de-cuidado-de-la-piel-para-el-otono\/","url":"https:\/\/www.essenciales.com\/blog\/rutina-de-cuidado-de-la-piel-para-el-otono\/","name":"Rutina de Cuidado de la Piel para el Oto\u00f1o | Blog de ESSENCIALES","isPartOf":{"@id":"https:\/\/www.essenciales.com\/blog\/#website"},"datePublished":"2024-10-01T06:25:18+00:00","dateModified":"2024-09-12T08:05:40+00:00","author":{"@id":"https:\/\/www.essenciales.com\/blog\/#\/schema\/person\/ba44a296eed23f89b82b6b67dee32d7f"},"description":"Descubre una gu\u00eda paso a paso para una rutina de cuidado de la piel durante los cambios clim\u00e1ticos del oto\u00f1o.","breadcrumb":{"@id":"https:\/\/www.essenciales.com\/blog\/rutina-de-cuidado-de-la-piel-para-el-otono\/#breadcrumb"},"inLanguage":"es","potentialAction":[{"@type":"ReadAction","target":["https:\/\/www.essenciales.com\/blog\/rutina-de-cuidado-de-la-piel-para-el-otono\/"]}]},{"@type":"BreadcrumbList","@id":"https:\/\/www.essenciales.com\/blog\/rutina-de-cuidado-de-la-piel-para-el-otono\/#breadcrumb","itemListElement":[{"@type":"ListItem","position":1,"name":"Portada","item":"https:\/\/www.essenciales.com\/blog\/"},{"@type":"ListItem","position":2,"name":"Rutina de Cuidado de la Piel para el Oto\u00f1o"}]},{"@type":"WebSite","@id":"https:\/\/www.essenciales.com\/blog\/#website","url":"https:\/\/www.essenciales.com\/blog\/","name":"Blog de ESSENCIALES","description":"Conoce todas las propiedades de los aceites esenciales y vegetales, as\u00ed como sus usos y remedios naturales","potentialAction":[{"@type":"SearchAction","target":{"@type":"EntryPoint","urlTemplate":"https:\/\/www.essenciales.com\/blog\/?s={search_term_string}"},"query-input":"required name=search_term_string"}],"inLanguage":"es"},{"@type":"Person","@id":"https:\/\/www.essenciales.com\/blog\/#\/schema\/person\/ba44a296eed23f89b82b6b67dee32d7f","name":"Nuria Moreno"}]}},"_links":{"self":[{"href":"https:\/\/www.essenciales.com\/blog\/wp-json\/wp\/v2\/posts\/2195"}],"collection":[{"href":"https:\/\/www.essenciales.com\/blog\/wp-json\/wp\/v2\/posts"}],"about":[{"href":"https:\/\/www.essenciales.com\/blog\/wp-json\/wp\/v2\/types\/post"}],"author":[{"embeddable":true,"href":"https:\/\/www.essenciales.com\/blog\/wp-json\/wp\/v2\/users\/4"}],"replies":[{"embeddable":true,"href":"https:\/\/www.essenciales.com\/blog\/wp-json\/wp\/v2\/comments?post=2195"}],"version-history":[{"count":1,"href":"https:\/\/www.essenciales.com\/blog\/wp-json\/wp\/v2\/posts\/2195\/revisions"}],"predecessor-version":[{"id":2196,"href":"https:\/\/www.essenciales.com\/blog\/wp-json\/wp\/v2\/posts\/2195\/revisions\/2196"}],"wp:featuredmedia":[{"embeddable":true,"href":"https:\/\/www.essenciales.com\/blog\/wp-json\/wp\/v2\/media\/2203"}],"wp:attachment":[{"href":"https:\/\/www.essenciales.com\/blog\/wp-json\/wp\/v2\/media?parent=2195"}],"wp:term":[{"taxonomy":"category","embeddable":true,"href":"https:\/\/www.essenciales.com\/blog\/wp-json\/wp\/v2\/categories?post=2195"},{"taxonomy":"post_tag","embeddable":true,"href":"https:\/\/www.essenciales.com\/blog\/wp-json\/wp\/v2\/tags?post=2195"}],"curies":[{"name":"wp","href":"https:\/\/api.w.org\/{rel}","templated":true}]}}