{"id":2279,"date":"2025-05-21T18:00:53","date_gmt":"2025-05-21T16:00:53","guid":{"rendered":"https:\/\/www.essenciales.com\/blog\/?p=2279"},"modified":"2025-04-15T12:19:02","modified_gmt":"2025-04-15T10:19:02","slug":"crea-tus-propias-velas-aromaticas-con-aceites-esenciales","status":"publish","type":"post","link":"https:\/\/www.essenciales.com\/blog\/crea-tus-propias-velas-aromaticas-con-aceites-esenciales\/","title":{"rendered":"Crea tus propias velas arom\u00e1ticas con aceites esenciales"},"content":{"rendered":"<h2 style=\"text-align: center;\">Vamos a crear nuestras propias velitas arom\u00e1ticas<\/h2>\n<p>Bienvenidos un d\u00eda m\u00e1s al blog de Essenciales, hoy os traigo una actualizaci\u00f3n de nuestro articulo de las velitas, para que as\u00ed teng\u00e1is toda la informaci\u00f3n necesaria para hacer vuestro propio taller en casa \ud83d\ude42 Si alguna vez has querido llenar tu hogar de aromas naturales y acogedores, hacer tus propias velas con aceites esenciales es una opci\u00f3n perfecta. Adem\u00e1s de ser una actividad relajante, te permite elegir los ingredientes m\u00e1s puros y beneficiosos para el ambiente de tu casa. En esta gu\u00eda sencilla, te ense\u00f1aremos c\u00f3mo elaborar velas arom\u00e1ticas con cera de soja y cera de abeja, utilizando aceites esenciales y aromas alimentarios de nuestra selecci\u00f3n en <a href=\"https:\/\/www.essenciales.com\/\"><strong>Essenciales.com<\/strong><\/a>.<\/p>\n<h2><strong>Materiales necesarios:<\/strong><\/h2>\n<ul>\n<li><a href=\"https:\/\/www.essenciales.com\/aceites-esenciales\/aceite-esencial-menta-piperita.html#745c\/fullscreen\/m=and&amp;q=cera\">Cera<\/a> de soja o cera de abeja<\/li>\n<li><a href=\"https:\/\/www.essenciales.com\/aceites-esenciales\/\">Aceites esenciales naturales<\/a><\/li>\n<li><a href=\"https:\/\/www.essenciales.com\/aromas\/\">Aromas alimentarios<\/a><\/li>\n<li><a href=\"https:\/\/www.essenciales.com\/aromas\/#745c\/fullscreen\/m=and&amp;q=mechas\">Mechas de algod\u00f3n o madera<\/a><\/li>\n<li>Recipientes resistentes al calor (<a href=\"https:\/\/www.essenciales.com\/envases-accesorios\/#745c\/fullscreen\/m=and&amp;q=tarros\">tarros de vidrio<\/a>, latas, etc.)<\/li>\n<li>Olla o ba\u00f1o mar\u00eda para derretir la cera<\/li>\n<li>Palitos o pinzas para sujetar la mecha<\/li>\n<li>Colorantes naturales (opcional)<\/li>\n<\/ul>\n<h3><strong>Pasos para hacer velas con aceites esenciales:<\/strong><\/h3>\n<ol>\n<li><strong> Derrite la cera<\/strong><\/li>\n<\/ol>\n<p>Coloca la cera de soja o de abeja en una olla a fuego bajo o al ba\u00f1o mar\u00eda. Revuelve ocasionalmente hasta que est\u00e9 completamente derretida. La cera de soja funde alrededor de 50-55\u00b0C y la cera de abeja entre 60-65\u00b0C.<\/p>\n<ol start=\"2\">\n<li><strong> Prepara la mecha<\/strong><\/li>\n<\/ol>\n<p>Mientras la cera se derrite, fija la mecha en el centro del recipiente con ayuda de un poco de cera derretida o un adhesivo especial. Usa un palito para mantenerla recta.<\/p>\n<ol start=\"3\">\n<li><strong> Agrega los aceites esenciales y\/o aromas alimentarios<\/strong><\/li>\n<\/ol>\n<p>Deja que la cera derretida se enfr\u00ede ligeramente (alrededor de 45\u00b0C) antes de a\u00f1adir los aceites esenciales o aromas alimentarios. Si los a\u00f1ades cuando la cera a\u00fan est\u00e1 muy caliente, el aroma se evaporar\u00e1 r\u00e1pidamente. Una buena proporci\u00f3n es de <strong>7-10 gotas de aceite esencial por cada 100 g de cera<\/strong>, asegurando no superar las <strong>30 gotas por cada 100 g de cera<\/strong> para evitar que la vela sea demasiado intensa o cause irritaciones. En cambio, los aromas alimentarios pueden usarse sin restricci\u00f3n de gotas, dependiendo de la intensidad de aroma deseada.<\/p>\n<ol start=\"4\">\n<li><strong> Mezcla y vierte<\/strong><\/li>\n<\/ol>\n<p>Revuelve bien la mezcla para distribuir el aroma de manera uniforme y vierte la cera en los recipientes con cuidado. D\u00e9jalos reposar a temperatura ambiente hasta que solidifiquen por completo.<\/p>\n<ol start=\"5\">\n<li><strong> Recorta la mecha y disfruta<\/strong><\/li>\n<\/ol>\n<p>Cuando la vela est\u00e9 completamente endurecida, recorta la mecha a unos 5 mm de altura para asegurar una combusti\u00f3n uniforme.<\/p>\n<p><strong>\u00a0 \u00a0 \u00a0 6.\u00a0 Decoraci\u00f3n<\/strong><\/p>\n<p>Tambi\u00e9n puedes decorar tus velitas con<a href=\"https:\/\/www.essenciales.com\/piedras-minerales\/#745c\/fullscreen\/m=and&amp;q=hojas+secas\"> hojas secas<\/a>, purpurina o <a href=\"https:\/\/www.essenciales.com\/piedras-minerales\/\">piedrecitas<\/a>, les dar\u00e1 un toque especial, solo deber\u00edas ponerlas antes de que la capa superior solidifique del todo, de hecho le puedes dar flojito con un secador para calentar un pel\u00edn esta parte y que as\u00ed se peguen los elementos.<\/p>\n<h3><strong>Combinaciones de aromas recomendadas<\/strong><\/h3>\n<p>Aqu\u00ed te dejamos algunas ideas de combinaciones con aceites esenciales y aromas alimentarios disponibles en nuestra tienda para que experimentes y crees velas \u00fanicas:<\/p>\n<ul>\n<li><strong>Relajaci\u00f3n y descanso<\/strong>: Lavanda + Manzanilla + Ylang Ylang<\/li>\n<li><strong>Energ\u00eda y concentraci\u00f3n<\/strong>: Naranja + Romero + Menta<\/li>\n<li><strong>Ambiente acogedor<\/strong>: Canela + Vainilla + Clavo<\/li>\n<li><strong>Frescura y purificaci\u00f3n<\/strong>: Lim\u00f3n + Eucalipto + \u00c1rbol de t\u00e9<\/li>\n<li><strong>Dulzura envolvente<\/strong>: Vainilla + Chocolate + Caramelo<\/li>\n<\/ul>\n<p>Cada combinaci\u00f3n aporta beneficios \u00fanicos al ambiente de tu hogar. Prueba diferentes proporciones y encuentra la que m\u00e1s te guste.<\/p>\n<p>&nbsp;<\/p>\n<p>Hacer tus propias velas con aceites esenciales y aromas alimentarios es una forma maravillosa de llenar tu hogar con fragancias naturales y beneficiosas. Adem\u00e1s, son un regalo perfecto y personalizado para cualquier ocasi\u00f3n. Encuentra los mejores aceites esenciales y aromas en <a href=\"https:\/\/www.essenciales.com\/\"><strong>Essenciales.com<\/strong><\/a> y comienza a crear velas que iluminen y aromaticen tu vida de manera natural. \u00a1Manos a la obra!<\/p>\n<p>&nbsp;<\/p>\n<h2 style=\"text-align: center;\">\u2665Te leo como siempre en comentarios\u2665<\/h2>\n","protected":false},"excerpt":{"rendered":"<p>Vamos a crear nuestras propias velitas arom\u00e1ticas Bienvenidos un d\u00eda m\u00e1s al blog de Essenciales, hoy os traigo una actualizaci\u00f3n de nuestro articulo de las&#8230;<\/p>\n<p class=\"readmore\"><a class=\"more-btn\" href=\"https:\/\/www.essenciales.com\/blog\/crea-tus-propias-velas-aromaticas-con-aceites-esenciales\/\">Leer m\u00e1s<\/a><\/p>\n","protected":false},"author":4,"featured_media":2280,"comment_status":"open","ping_status":"open","sticky":false,"template":"","format":"standard","meta":[],"categories":[42,104,149],"tags":[],"yoast_head":"<!-- This site is optimized with the Yoast SEO plugin v19.10 - https:\/\/yoast.com\/wordpress\/plugins\/seo\/ -->\n<title>Crea tus propias velas arom\u00e1ticas con aceites esenciales | Blog de ESSENCIALES<\/title>\n<meta name=\"description\" content=\"Vamos a crear nuestras propias velitas arom\u00e1ticas\u00a0con aceites esenciales y productos naturales, \u00a1adem\u00e1s es un planazo de amigos!\" \/>\n<meta name=\"robots\" content=\"index, follow, max-snippet:-1, max-image-preview:large, max-video-preview:-1\" \/>\n<link rel=\"canonical\" href=\"https:\/\/www.essenciales.com\/blog\/crea-tus-propias-velas-aromaticas-con-aceites-esenciales\/\" \/>\n<meta property=\"og:locale\" content=\"es_ES\" \/>\n<meta property=\"og:type\" content=\"article\" \/>\n<meta property=\"og:title\" content=\"Crea tus propias velas arom\u00e1ticas con aceites esenciales | Blog de ESSENCIALES\" \/>\n<meta property=\"og:description\" content=\"Vamos a crear nuestras propias velitas arom\u00e1ticas\u00a0con aceites esenciales y productos naturales, \u00a1adem\u00e1s es un planazo de amigos!\" \/>\n<meta property=\"og:url\" content=\"https:\/\/www.essenciales.com\/blog\/crea-tus-propias-velas-aromaticas-con-aceites-esenciales\/\" \/>\n<meta property=\"og:site_name\" content=\"Blog de ESSENCIALES\" \/>\n<meta property=\"article:published_time\" content=\"2025-05-21T16:00:53+00:00\" \/>\n<meta property=\"article:modified_time\" content=\"2025-04-15T10:19:02+00:00\" \/>\n<meta property=\"og:image\" content=\"https:\/\/www.essenciales.com\/blog\/wp-content\/uploads\/velas.png\" \/>\n\t<meta property=\"og:image:width\" content=\"851\" \/>\n\t<meta property=\"og:image:height\" content=\"315\" \/>\n\t<meta property=\"og:image:type\" content=\"image\/png\" \/>\n<meta name=\"author\" content=\"Nuria Moreno\" \/>\n<meta name=\"twitter:card\" content=\"summary_large_image\" \/>\n<meta name=\"twitter:label1\" content=\"Escrito por\" \/>\n\t<meta name=\"twitter:data1\" content=\"Nuria Moreno\" \/>\n\t<meta name=\"twitter:label2\" content=\"Tiempo de lectura\" \/>\n\t<meta name=\"twitter:data2\" content=\"3 minutos\" \/>\n<script type=\"application\/ld+json\" class=\"yoast-schema-graph\">{\"@context\":\"https:\/\/schema.org\",\"@graph\":[{\"@type\":\"WebPage\",\"@id\":\"https:\/\/www.essenciales.com\/blog\/crea-tus-propias-velas-aromaticas-con-aceites-esenciales\/\",\"url\":\"https:\/\/www.essenciales.com\/blog\/crea-tus-propias-velas-aromaticas-con-aceites-esenciales\/\",\"name\":\"Crea tus propias velas arom\u00e1ticas con aceites esenciales | Blog de ESSENCIALES\",\"isPartOf\":{\"@id\":\"https:\/\/www.essenciales.com\/blog\/#website\"},\"datePublished\":\"2025-05-21T16:00:53+00:00\",\"dateModified\":\"2025-04-15T10:19:02+00:00\",\"author\":{\"@id\":\"https:\/\/www.essenciales.com\/blog\/#\/schema\/person\/ba44a296eed23f89b82b6b67dee32d7f\"},\"description\":\"Vamos a crear nuestras propias velitas arom\u00e1ticas\u00a0con aceites esenciales y productos naturales, \u00a1adem\u00e1s es un planazo de amigos!\",\"breadcrumb\":{\"@id\":\"https:\/\/www.essenciales.com\/blog\/crea-tus-propias-velas-aromaticas-con-aceites-esenciales\/#breadcrumb\"},\"inLanguage\":\"es\",\"potentialAction\":[{\"@type\":\"ReadAction\",\"target\":[\"https:\/\/www.essenciales.com\/blog\/crea-tus-propias-velas-aromaticas-con-aceites-esenciales\/\"]}]},{\"@type\":\"BreadcrumbList\",\"@id\":\"https:\/\/www.essenciales.com\/blog\/crea-tus-propias-velas-aromaticas-con-aceites-esenciales\/#breadcrumb\",\"itemListElement\":[{\"@type\":\"ListItem\",\"position\":1,\"name\":\"Portada\",\"item\":\"https:\/\/www.essenciales.com\/blog\/\"},{\"@type\":\"ListItem\",\"position\":2,\"name\":\"Crea tus propias velas arom\u00e1ticas con aceites esenciales\"}]},{\"@type\":\"WebSite\",\"@id\":\"https:\/\/www.essenciales.com\/blog\/#website\",\"url\":\"https:\/\/www.essenciales.com\/blog\/\",\"name\":\"Blog de ESSENCIALES\",\"description\":\"Conoce todas las propiedades de los aceites esenciales y vegetales, as\u00ed como sus usos y remedios naturales\",\"potentialAction\":[{\"@type\":\"SearchAction\",\"target\":{\"@type\":\"EntryPoint\",\"urlTemplate\":\"https:\/\/www.essenciales.com\/blog\/?s={search_term_string}\"},\"query-input\":\"required name=search_term_string\"}],\"inLanguage\":\"es\"},{\"@type\":\"Person\",\"@id\":\"https:\/\/www.essenciales.com\/blog\/#\/schema\/person\/ba44a296eed23f89b82b6b67dee32d7f\",\"name\":\"Nuria Moreno\"}]}<\/script>\n<!-- \/ Yoast SEO plugin. -->","yoast_head_json":{"title":"Crea tus propias velas arom\u00e1ticas con aceites esenciales | Blog de ESSENCIALES","description":"Vamos a crear nuestras propias velitas arom\u00e1ticas\u00a0con aceites esenciales y productos naturales, \u00a1adem\u00e1s es un planazo de amigos!","robots":{"index":"index","follow":"follow","max-snippet":"max-snippet:-1","max-image-preview":"max-image-preview:large","max-video-preview":"max-video-preview:-1"},"canonical":"https:\/\/www.essenciales.com\/blog\/crea-tus-propias-velas-aromaticas-con-aceites-esenciales\/","og_locale":"es_ES","og_type":"article","og_title":"Crea tus propias velas arom\u00e1ticas con aceites esenciales | Blog de ESSENCIALES","og_description":"Vamos a crear nuestras propias velitas arom\u00e1ticas\u00a0con aceites esenciales y productos naturales, \u00a1adem\u00e1s es un planazo de amigos!","og_url":"https:\/\/www.essenciales.com\/blog\/crea-tus-propias-velas-aromaticas-con-aceites-esenciales\/","og_site_name":"Blog de ESSENCIALES","article_published_time":"2025-05-21T16:00:53+00:00","article_modified_time":"2025-04-15T10:19:02+00:00","og_image":[{"width":851,"height":315,"url":"https:\/\/www.essenciales.com\/blog\/wp-content\/uploads\/velas.png","type":"image\/png"}],"author":"Nuria Moreno","twitter_card":"summary_large_image","twitter_misc":{"Escrito por":"Nuria Moreno","Tiempo de lectura":"3 minutos"},"schema":{"@context":"https:\/\/schema.org","@graph":[{"@type":"WebPage","@id":"https:\/\/www.essenciales.com\/blog\/crea-tus-propias-velas-aromaticas-con-aceites-esenciales\/","url":"https:\/\/www.essenciales.com\/blog\/crea-tus-propias-velas-aromaticas-con-aceites-esenciales\/","name":"Crea tus propias velas arom\u00e1ticas con aceites esenciales | Blog de ESSENCIALES","isPartOf":{"@id":"https:\/\/www.essenciales.com\/blog\/#website"},"datePublished":"2025-05-21T16:00:53+00:00","dateModified":"2025-04-15T10:19:02+00:00","author":{"@id":"https:\/\/www.essenciales.com\/blog\/#\/schema\/person\/ba44a296eed23f89b82b6b67dee32d7f"},"description":"Vamos a crear nuestras propias velitas arom\u00e1ticas\u00a0con aceites esenciales y productos naturales, \u00a1adem\u00e1s es un planazo de amigos!","breadcrumb":{"@id":"https:\/\/www.essenciales.com\/blog\/crea-tus-propias-velas-aromaticas-con-aceites-esenciales\/#breadcrumb"},"inLanguage":"es","potentialAction":[{"@type":"ReadAction","target":["https:\/\/www.essenciales.com\/blog\/crea-tus-propias-velas-aromaticas-con-aceites-esenciales\/"]}]},{"@type":"BreadcrumbList","@id":"https:\/\/www.essenciales.com\/blog\/crea-tus-propias-velas-aromaticas-con-aceites-esenciales\/#breadcrumb","itemListElement":[{"@type":"ListItem","position":1,"name":"Portada","item":"https:\/\/www.essenciales.com\/blog\/"},{"@type":"ListItem","position":2,"name":"Crea tus propias velas arom\u00e1ticas con aceites esenciales"}]},{"@type":"WebSite","@id":"https:\/\/www.essenciales.com\/blog\/#website","url":"https:\/\/www.essenciales.com\/blog\/","name":"Blog de ESSENCIALES","description":"Conoce todas las propiedades de los aceites esenciales y vegetales, as\u00ed como sus usos y remedios naturales","potentialAction":[{"@type":"SearchAction","target":{"@type":"EntryPoint","urlTemplate":"https:\/\/www.essenciales.com\/blog\/?s={search_term_string}"},"query-input":"required name=search_term_string"}],"inLanguage":"es"},{"@type":"Person","@id":"https:\/\/www.essenciales.com\/blog\/#\/schema\/person\/ba44a296eed23f89b82b6b67dee32d7f","name":"Nuria Moreno"}]}},"_links":{"self":[{"href":"https:\/\/www.essenciales.com\/blog\/wp-json\/wp\/v2\/posts\/2279"}],"collection":[{"href":"https:\/\/www.essenciales.com\/blog\/wp-json\/wp\/v2\/posts"}],"about":[{"href":"https:\/\/www.essenciales.com\/blog\/wp-json\/wp\/v2\/types\/post"}],"author":[{"embeddable":true,"href":"https:\/\/www.essenciales.com\/blog\/wp-json\/wp\/v2\/users\/4"}],"replies":[{"embeddable":true,"href":"https:\/\/www.essenciales.com\/blog\/wp-json\/wp\/v2\/comments?post=2279"}],"version-history":[{"count":1,"href":"https:\/\/www.essenciales.com\/blog\/wp-json\/wp\/v2\/posts\/2279\/revisions"}],"predecessor-version":[{"id":2281,"href":"https:\/\/www.essenciales.com\/blog\/wp-json\/wp\/v2\/posts\/2279\/revisions\/2281"}],"wp:featuredmedia":[{"embeddable":true,"href":"https:\/\/www.essenciales.com\/blog\/wp-json\/wp\/v2\/media\/2280"}],"wp:attachment":[{"href":"https:\/\/www.essenciales.com\/blog\/wp-json\/wp\/v2\/media?parent=2279"}],"wp:term":[{"taxonomy":"category","embeddable":true,"href":"https:\/\/www.essenciales.com\/blog\/wp-json\/wp\/v2\/categories?post=2279"},{"taxonomy":"post_tag","embeddable":true,"href":"https:\/\/www.essenciales.com\/blog\/wp-json\/wp\/v2\/tags?post=2279"}],"curies":[{"name":"wp","href":"https:\/\/api.w.org\/{rel}","templated":true}]}}