{"id":2338,"date":"2025-12-08T12:12:13","date_gmt":"2025-12-08T11:12:13","guid":{"rendered":"https:\/\/www.essenciales.com\/blog\/?p=2338"},"modified":"2025-11-07T12:34:08","modified_gmt":"2025-11-07T11:34:08","slug":"stop-al-estres-navideno-3-rituales-essenciales-para-reiniciar-cuerpo-y-mente","status":"publish","type":"post","link":"https:\/\/www.essenciales.com\/blog\/stop-al-estres-navideno-3-rituales-essenciales-para-reiniciar-cuerpo-y-mente\/","title":{"rendered":"\u00a1Stop al Estr\u00e9s Navide\u00f1o! 3 Rituales Essenciales para Reiniciar Cuerpo y Mente"},"content":{"rendered":"<h2 style=\"text-align: center;\">El mejor regalo de Navidad eres t\u00fa. Conoce 3 rituales Essenciales de bienestar para cuerpo y mente. Cosm\u00e9tica natural y aromaterapia para una belleza real.<\/h2>\n<p>Bienvenidos un d\u00eda m\u00e1s al blog de Essenciales. \u00bfC\u00f3mo va ese esp\u00edritu navide\u00f1o? \u00bfYa has sucumbido al <strong>estr\u00e9s pre-navide\u00f1o<\/strong>? Lo s\u00e9, diciembre es una monta\u00f1a rusa: planes, cenas, regalos, prisas&#8230; y, de repente, notas que tu piel protesta, tus m\u00fasculos est\u00e1n tensos y la paciencia brilla por su ausencia.<\/p>\n<p>En Essenciales, nuestra filosof\u00eda siempre ha sido clara: <strong>cuidarse de forma natural es la clave para estar bien, por dentro y por fuera<\/strong>. La belleza no es un maquillaje perfecto, sino el reflejo de una piel y una mente sanas.<\/p>\n<p>Por eso, hoy no te voy a hablar de regalos, sino de un regalo mucho m\u00e1s importante: <strong>tu tiempo<\/strong>. Te propongo tres rituales <em>express<\/em> y s\u00faper efectivos, usando esa <strong>cosm\u00e9tica natural y ecol\u00f3gica<\/strong> que tanto amamos, para que puedas poner el <strong>bot\u00f3n de pausa<\/strong> en medio del caos festivo. \u00a1Vamos a ello!<\/p>\n<ol>\n<li>\n<h3><strong> El Ritual Desestresante y Purificante: La Piel-Detox en 15 Minutos<\/strong><\/h3>\n<\/li>\n<\/ol>\n<p>La piel, especialmente la del rostro, es la primera que refleja el cansancio y el exceso (de comida, de falta de sue\u00f1o&#8230;). Adem\u00e1s, con el fr\u00edo y los cambios de temperatura, se apaga. \u00a1Es hora de darle un <em>reset<\/em> profundo!<\/p>\n<h4><strong>Paso 1: El Despegue Arom\u00e1tico (2 min)<\/strong><\/h4>\n<ul>\n<li><strong>Tu Essencial (Aromaterapia):<\/strong> Nuestro <a href=\"https:\/\/www.essenciales.com\/aceites-esenciales\/aceite-esencial-lavanda.html?_gl=1*yrsjjs*_up*MQ..&amp;gclid=Cj0KCQjwteOaBhDuARIsADBqReik9-jNMBeULGzgI24BCZx81L3cgZ-2N6zXkP35xLb8V4up3S9pKioaAhdnEALw_wcB\"><strong>Aceite Esencial de Lavanda <\/strong><\/a>.<\/li>\n<li><strong>La T\u00e9cnica:<\/strong> Antes de empezar, pon 3 gotas del Aceite Esencial de Lavanda en tu difusor ultras\u00f3nico. Deja que el aroma inunde el espacio. Respira profundamente 5 veces. La aromaterapia es un ancla inmediata que le dice a tu cerebro: \u00ab<strong>Ahora toca calma<\/strong>\u00ab. La lavanda es la reina indiscutible para calmar el sistema nervioso, perfecta para rebajar el nivel de <em>revoluciones<\/em> de las compras y los preparativos.<\/li>\n<\/ul>\n<h4><strong>Paso 2: Exfoliaci\u00f3n Suave y Consciencia (5 min)<\/strong><\/h4>\n<ul>\n<li><strong>Tu Essencial (Exfoliaci\u00f3n):<\/strong> Nuestra <a href=\"https:\/\/www.essenciales.com\/cosmetica-natural\/esponja-natural-konjac-facial-exfoliante.html#\/44-color_konjac-carbon\"><strong>Esponja Natural Konjac facial exfoliante<\/strong><\/a> \u00a0(la de carb\u00f3n activado es perfecta para detoxificar).<\/li>\n<li><strong>La T\u00e9cnica:<\/strong> Moja la Konjac y masaj\u00e9ala suavemente por todo el rostro con movimientos circulares ascendentes. La clave aqu\u00ed es la <strong>presi\u00f3n sutil y la consciencia<\/strong>. Siente c\u00f3mo eliminas las c\u00e9lulas muertas. Este paso no solo deja tu piel lista para absorber lo bueno, sino que es una micro-meditaci\u00f3n activa. La suavidad de la Konjac asegura una exfoliaci\u00f3n sin agredir, algo <em>esencial<\/em> cuando la piel est\u00e1 sensible por el fr\u00edo.<\/li>\n<\/ul>\n<h4><strong>Paso 3: El Abrazo Profundo (8 min)<\/strong><\/h4>\n<ul>\n<li><strong>Tu Essencial (Mascarilla):<\/strong> Elige una <strong><a href=\"https:\/\/www.essenciales.com\/cosmetica-natural\/arcilla-blanca-de-caolin.html?_gl=1*1dgiqf3*_up*MQ..&amp;gclid=Cj0KCQjwteOaBhDuARIsADBqReik9-jNMBeULGzgI24BCZx81L3cgZ-2N6zXkP35xLb8V4up3S9pKioaAhdnEALw_wcB\">mascarilla de arcilla<\/a><\/strong> (si tienes piel grasa) o, si tu piel est\u00e1 deshidratada, un poco de <a href=\"https:\/\/www.essenciales.com\/ingredientes-naturales\/vitamina-e-tocoferol.html?_gl=1*sp616e*_up*MQ..&amp;gclid=Cj0KCQjwteOaBhDuARIsADBqReik9-jNMBeULGzgI24BCZx81L3cgZ-2N6zXkP35xLb8V4up3S9pKioaAhdnEALw_wcB\"><strong>Vitamina E<\/strong> <\/a><strong>de\u00a0Essenciales<\/strong> \u00a0aplicado como una capa gruesa.<\/li>\n<li><strong>La T\u00e9cnica:<\/strong> Aplica la mascarilla\/vitamina e. Ahora, <strong>prohibido mirar el m\u00f3vil<\/strong>. Cierra los ojos. T\u00f3mate una taza de infusi\u00f3n caliente o simplemente si\u00e9ntate y <strong>escucha la m\u00fasica suave<\/strong> (o el silencio). Siente c\u00f3mo el producto trabaja. Si usaste el s\u00e9rum como mascarilla, retira el exceso con un algod\u00f3n humedecido despu\u00e9s de los 8 minutos. Tu piel no solo estar\u00e1 m\u00e1s luminosa, sino que habr\u00e1s ganado 8 minutos de paz mental innegociable. Tras ello aplica tu rutina de skincare diaria.<\/li>\n<\/ul>\n<p><strong>TIP Essenciales:<\/strong> Si el tiempo de secado de la mascarilla te agobia, aprovecha para aplicar un aceite corporal en tus pies y hazte un breve masaje. \u00a1Doble beneficio al mismo tiempo!<\/p>\n<ol start=\"2\">\n<li>\n<h3><strong> El Ritual de Ducha Caliente: Transformando la Rutina en Terapia<\/strong><\/h3>\n<\/li>\n<\/ol>\n<p>A veces, la \u00fanica media hora tranquila que tenemos es la de la ducha. \u00a1No la desperdicies! Con los productos adecuados, tu ba\u00f1o se convierte en un aut\u00e9ntico <strong>spa de aromaterapia<\/strong> que te ayuda a soltar las tensiones acumuladas en la espalda, el cuello y la mente.<\/p>\n<h4><strong>Paso 1: El Gel que Despierta los Sentidos (3 min)<\/strong><\/h4>\n<ul>\n<li><strong>Tu Essencial (Higiene):<\/strong> Un <strong><a href=\"https:\/\/www.essenciales.com\/jabones\/jabon-natural-de-leche-de-cabra.html?_gl=1*1ep0hky*_up*MQ..&amp;gclid=Cj0KCQjwteOaBhDuARIsADBqReik9-jNMBeULGzgI24BCZx81L3cgZ-2N6zXkP35xLb8V4up3S9pKioaAhdnEALw_wcB\">Jab\u00f3n<\/a> \/ <a href=\"https:\/\/www.essenciales.com\/jabones\/jabon-gel-de-bano-base-para-cuerpo-y-manos-ecologico.html?_gl=1*otnn0c*_up*MQ..&amp;gclid=Cj0KCQjwteOaBhDuARIsADBqReik9-jNMBeULGzgI24BCZx81L3cgZ-2N6zXkP35xLb8V4up3S9pKioaAhdnEALw_wcB\">Gel de ba\u00f1o base<\/a> para cuerpo y manos Ecol\u00f3gico<\/strong> .<\/li>\n<li><strong>La T\u00e9cnica:<\/strong> En lugar de frotar r\u00e1pido, haz del enjabonado un ritual. Inhala profundamente el vapor y el aroma del gel. Masajea especialmente los hombros y la nuca, donde el estr\u00e9s se suele \u00abacumular\u00bb. Este gel base es perfecto porque puedes personalizar su aroma: a\u00f1ade 2 gotas de <a href=\"https:\/\/www.essenciales.com\/aceites-esenciales\/aceite-esencial-de-romero-cineol.html?_gl=1*otnn0c*_up*MQ..&amp;gclid=Cj0KCQjwteOaBhDuARIsADBqReik9-jNMBeULGzgI24BCZx81L3cgZ-2N6zXkP35xLb8V4up3S9pKioaAhdnEALw_wcB\"><strong>Aceite Esencial de Romero<\/strong><\/a> a tu gel para activar la mente y los m\u00fasculos cansados por el esfuerzo.<\/li>\n<\/ul>\n<h4><strong>Paso 2: El &#8216;Wrap&#8217; de Calidez (2 min)<\/strong><\/h4>\n<ul>\n<li><strong>Tu Essencial:<\/strong> La mezcla de tu gel base con el Aceite Esencial de Romero.<\/li>\n<li><strong>La T\u00e9cnica:<\/strong> Mientras el agua caliente sigue corriendo, masajea vigorosamente las piernas y los brazos con el gel enriquecido. El Romero es excelente para la circulaci\u00f3n y la sensaci\u00f3n de fatiga muscular, ideal para reactivar el cuerpo tras un d\u00eda de mucho ajetreo (o mucha silla). No solo reactivas la circulaci\u00f3n (ideal para las cenas largas), sino que el aroma a bosque y menta te transporta lejos del bullicio.<\/li>\n<\/ul>\n<h4><strong>Paso 3: Hidrataci\u00f3n &#8216;Post-Ducha&#8217; (5 min)<\/strong><\/h4>\n<ul>\n<li><strong>Tu Essencial (Hidrataci\u00f3n):<\/strong> Un <a href=\"https:\/\/www.essenciales.com\/aceites\/aceite-vegetal-argan-primera-presion-frio.html?_gl=1*nf5e2j*_up*MQ..&amp;gclid=Cj0KCQjwteOaBhDuARIsADBqReik9-jNMBeULGzgI24BCZx81L3cgZ-2N6zXkP35xLb8V4up3S9pKioaAhdnEALw_wcB\"><strong>Aceite de Arg\u00e1n Puro<\/strong><\/a> .<\/li>\n<li><strong>La T\u00e9cnica:<\/strong> Dedica estos minutos a hidratar tu cuerpo con calma. No te vistas de inmediato. El Aceite de Arg\u00e1n, conocido como el \u00aboro l\u00edquido\u00bb, se absorbe r\u00e1pidamente sin dejar sensaci\u00f3n grasa y aporta una hidrataci\u00f3n profunda que tu piel agradecer\u00e1 tras la ducha caliente. Masajea suavemente, prestando atenci\u00f3n a codos y rodillas. Te viste con la sensaci\u00f3n de piel nueva, hidratada y con un aroma sutil.<\/li>\n<\/ul>\n<ol start=\"3\">\n<li>\n<h3><strong> El Ritual Nocturno: Paz Interior y Sue\u00f1o de Belleza<\/strong><\/h3>\n<\/li>\n<\/ol>\n<p>Si hay algo que sabotea tu belleza m\u00e1s que el estr\u00e9s, es la falta de sue\u00f1o. La noche es el momento en que nuestra piel se regenera. Ayudar a nuestro cuerpo a entrar en <strong>modo descanso profundo<\/strong> es el mejor tratamiento <em>anti-age<\/em> y anti-estr\u00e9s que existe.<\/p>\n<h4><strong>Paso 1: El Masaje M\u00e1gico Essenciales (3 min)<\/strong><\/h4>\n<ul>\n<li><strong>Tu Essencial (Masaje Relajante):<\/strong> El <a href=\"https:\/\/www.essenciales.com\/aceites\/aceite-vegetal-argan-primera-presion-frio.html?_gl=1*nf5e2j*_up*MQ..&amp;gclid=Cj0KCQjwteOaBhDuARIsADBqReik9-jNMBeULGzgI24BCZx81L3cgZ-2N6zXkP35xLb8V4up3S9pKioaAhdnEALw_wcB\"><strong>Aceite de Arg\u00e1n Puro<\/strong> <\/a>\u00a0de nuevo.<\/li>\n<li><strong>La T\u00e9cnica:<\/strong> Mezcla en la palma de tu mano un poco de Aceite de Arg\u00e1n con una gota del <a href=\"https:\/\/www.essenciales.com\/aceites-esenciales\/aceite-esencial-mandarina.html?_gl=1*md7sjq*_up*MQ..&amp;gclid=Cj0KCQjwteOaBhDuARIsADBqReik9-jNMBeULGzgI24BCZx81L3cgZ-2N6zXkP35xLb8V4up3S9pKioaAhdnEALw_wcB\"><strong>Aceite Esencial de Mandarina\u00a0 <\/strong><\/a>. Cali\u00e9ntalo frotando las manos. Aplica la mezcla con un <strong>suave masaje facial<\/strong>, centr\u00e1ndote en los puntos de tensi\u00f3n: sienes, mand\u00edbula y entrecejo. El aceite vegetal nutre la piel seca del invierno, y la Mandarina es conocida por sus propiedades sedantes que ayudan a calmar la ansiedad antes de dormir.<\/li>\n<\/ul>\n<h4><strong>Paso 2: La Desconexi\u00f3n Digital (\u00a10 minutos frente a la pantalla!)<\/strong><\/h4>\n<ul>\n<li><strong>Tu Essencial:<\/strong> El <strong>silencio<\/strong> (o m\u00fasica de relajaci\u00f3n muy suave).<\/li>\n<li><strong>La T\u00e9cnica:<\/strong> Deja el m\u00f3vil en otra habitaci\u00f3n o, al menos, lejos de tu cama. Abre un libro o, simplemente, acu\u00e9state y haz 10 respiraciones lentas y profundas, sintiendo el peso de tu cuerpo en el colch\u00f3n. <strong>Este es el paso m\u00e1s Essencial de todos<\/strong>: darle a tu mente la oportunidad de desconectar de las listas de tareas y las notificaciones.<\/li>\n<\/ul>\n<h3><strong>\ud83d\udc9a<\/strong><strong> El Compromiso Essenciales Contigo<\/strong><\/h3>\n<p>En Essenciales creemos que cuidar de ti es un acto de <strong>responsabilidad<\/strong> y de <strong>amor propio<\/strong>, especialmente cuando el mundo exterior pide tanto. No se trata de a\u00f1adir una tarea m\u00e1s a tu agenda, sino de <strong>transformar<\/strong> tus rutinas diarias de higiene en momentos de aut\u00e9ntico bienestar.<\/p>\n<p><strong>\u00bfTe atreves a regalarte esta Navidad el mejor de los cuidados?<\/strong> Recuerda que una mente y un cuerpo relajados se reflejan en una piel radiante, y eso&#8230; \u00a1es la mejor belleza natural que existe!<\/p>\n<h3><strong>\u00a1Cu\u00eddate mucho y que la calma te acompa\u00f1e en estas fiestas!<\/strong><\/h3>\n<h2 style=\"text-align: center;\">\u2665Te leo en comentarios\u2665<\/h2>\n","protected":false},"excerpt":{"rendered":"<p>El mejor regalo de Navidad eres t\u00fa. Conoce 3 rituales Essenciales de bienestar para cuerpo y mente. Cosm\u00e9tica natural y aromaterapia para una belleza real&#8230;.<\/p>\n<p class=\"readmore\"><a class=\"more-btn\" href=\"https:\/\/www.essenciales.com\/blog\/stop-al-estres-navideno-3-rituales-essenciales-para-reiniciar-cuerpo-y-mente\/\">Leer m\u00e1s<\/a><\/p>\n","protected":false},"author":4,"featured_media":2339,"comment_status":"open","ping_status":"open","sticky":false,"template":"","format":"standard","meta":[],"categories":[42,163,141,157,144],"tags":[],"yoast_head":"<!-- This site is optimized with the Yoast SEO plugin v19.10 - https:\/\/yoast.com\/wordpress\/plugins\/seo\/ -->\n<title>\u00a1Stop al Estr\u00e9s Navide\u00f1o! 3 Rituales Essenciales para Reiniciar Cuerpo y Mente | Blog de ESSENCIALES<\/title>\n<meta name=\"description\" content=\"\u00bfEstr\u00e9s navide\u00f1o? Transforma el caos en calma con 3 rituales Essenciales, usando los beneficios que nos ofrece la naturaleza.\" \/>\n<meta name=\"robots\" content=\"index, follow, max-snippet:-1, max-image-preview:large, max-video-preview:-1\" \/>\n<link rel=\"canonical\" href=\"https:\/\/www.essenciales.com\/blog\/stop-al-estres-navideno-3-rituales-essenciales-para-reiniciar-cuerpo-y-mente\/\" \/>\n<meta property=\"og:locale\" content=\"es_ES\" \/>\n<meta property=\"og:type\" content=\"article\" \/>\n<meta property=\"og:title\" content=\"\u00a1Stop al Estr\u00e9s Navide\u00f1o! 3 Rituales Essenciales para Reiniciar Cuerpo y Mente | Blog de ESSENCIALES\" \/>\n<meta property=\"og:description\" content=\"\u00bfEstr\u00e9s navide\u00f1o? Transforma el caos en calma con 3 rituales Essenciales, usando los beneficios que nos ofrece la naturaleza.\" \/>\n<meta property=\"og:url\" content=\"https:\/\/www.essenciales.com\/blog\/stop-al-estres-navideno-3-rituales-essenciales-para-reiniciar-cuerpo-y-mente\/\" \/>\n<meta property=\"og:site_name\" content=\"Blog de ESSENCIALES\" \/>\n<meta property=\"article:published_time\" content=\"2025-12-08T11:12:13+00:00\" \/>\n<meta property=\"article:modified_time\" content=\"2025-11-07T11:34:08+00:00\" \/>\n<meta property=\"og:image\" content=\"https:\/\/www.essenciales.com\/blog\/wp-content\/uploads\/\u00a1Stop-al-estres-navideno.png\" \/>\n\t<meta property=\"og:image:width\" content=\"851\" \/>\n\t<meta property=\"og:image:height\" content=\"315\" \/>\n\t<meta property=\"og:image:type\" content=\"image\/png\" \/>\n<meta name=\"author\" content=\"Nuria Moreno\" \/>\n<meta name=\"twitter:card\" content=\"summary_large_image\" \/>\n<meta name=\"twitter:label1\" content=\"Escrito por\" \/>\n\t<meta name=\"twitter:data1\" content=\"Nuria Moreno\" \/>\n\t<meta name=\"twitter:label2\" content=\"Tiempo de lectura\" \/>\n\t<meta name=\"twitter:data2\" content=\"6 minutos\" \/>\n<script type=\"application\/ld+json\" class=\"yoast-schema-graph\">{\"@context\":\"https:\/\/schema.org\",\"@graph\":[{\"@type\":\"WebPage\",\"@id\":\"https:\/\/www.essenciales.com\/blog\/stop-al-estres-navideno-3-rituales-essenciales-para-reiniciar-cuerpo-y-mente\/\",\"url\":\"https:\/\/www.essenciales.com\/blog\/stop-al-estres-navideno-3-rituales-essenciales-para-reiniciar-cuerpo-y-mente\/\",\"name\":\"\u00a1Stop al Estr\u00e9s Navide\u00f1o! 3 Rituales Essenciales para Reiniciar Cuerpo y Mente | Blog de ESSENCIALES\",\"isPartOf\":{\"@id\":\"https:\/\/www.essenciales.com\/blog\/#website\"},\"datePublished\":\"2025-12-08T11:12:13+00:00\",\"dateModified\":\"2025-11-07T11:34:08+00:00\",\"author\":{\"@id\":\"https:\/\/www.essenciales.com\/blog\/#\/schema\/person\/ba44a296eed23f89b82b6b67dee32d7f\"},\"description\":\"\u00bfEstr\u00e9s navide\u00f1o? Transforma el caos en calma con 3 rituales Essenciales, usando los beneficios que nos ofrece la naturaleza.\",\"breadcrumb\":{\"@id\":\"https:\/\/www.essenciales.com\/blog\/stop-al-estres-navideno-3-rituales-essenciales-para-reiniciar-cuerpo-y-mente\/#breadcrumb\"},\"inLanguage\":\"es\",\"potentialAction\":[{\"@type\":\"ReadAction\",\"target\":[\"https:\/\/www.essenciales.com\/blog\/stop-al-estres-navideno-3-rituales-essenciales-para-reiniciar-cuerpo-y-mente\/\"]}]},{\"@type\":\"BreadcrumbList\",\"@id\":\"https:\/\/www.essenciales.com\/blog\/stop-al-estres-navideno-3-rituales-essenciales-para-reiniciar-cuerpo-y-mente\/#breadcrumb\",\"itemListElement\":[{\"@type\":\"ListItem\",\"position\":1,\"name\":\"Portada\",\"item\":\"https:\/\/www.essenciales.com\/blog\/\"},{\"@type\":\"ListItem\",\"position\":2,\"name\":\"\u00a1Stop al Estr\u00e9s Navide\u00f1o! 3 Rituales Essenciales para Reiniciar Cuerpo y Mente\"}]},{\"@type\":\"WebSite\",\"@id\":\"https:\/\/www.essenciales.com\/blog\/#website\",\"url\":\"https:\/\/www.essenciales.com\/blog\/\",\"name\":\"Blog de ESSENCIALES\",\"description\":\"Conoce todas las propiedades de los aceites esenciales y vegetales, as\u00ed como sus usos y remedios naturales\",\"potentialAction\":[{\"@type\":\"SearchAction\",\"target\":{\"@type\":\"EntryPoint\",\"urlTemplate\":\"https:\/\/www.essenciales.com\/blog\/?s={search_term_string}\"},\"query-input\":\"required name=search_term_string\"}],\"inLanguage\":\"es\"},{\"@type\":\"Person\",\"@id\":\"https:\/\/www.essenciales.com\/blog\/#\/schema\/person\/ba44a296eed23f89b82b6b67dee32d7f\",\"name\":\"Nuria Moreno\"}]}<\/script>\n<!-- \/ Yoast SEO plugin. -->","yoast_head_json":{"title":"\u00a1Stop al Estr\u00e9s Navide\u00f1o! 3 Rituales Essenciales para Reiniciar Cuerpo y Mente | Blog de ESSENCIALES","description":"\u00bfEstr\u00e9s navide\u00f1o? Transforma el caos en calma con 3 rituales Essenciales, usando los beneficios que nos ofrece la naturaleza.","robots":{"index":"index","follow":"follow","max-snippet":"max-snippet:-1","max-image-preview":"max-image-preview:large","max-video-preview":"max-video-preview:-1"},"canonical":"https:\/\/www.essenciales.com\/blog\/stop-al-estres-navideno-3-rituales-essenciales-para-reiniciar-cuerpo-y-mente\/","og_locale":"es_ES","og_type":"article","og_title":"\u00a1Stop al Estr\u00e9s Navide\u00f1o! 3 Rituales Essenciales para Reiniciar Cuerpo y Mente | Blog de ESSENCIALES","og_description":"\u00bfEstr\u00e9s navide\u00f1o? Transforma el caos en calma con 3 rituales Essenciales, usando los beneficios que nos ofrece la naturaleza.","og_url":"https:\/\/www.essenciales.com\/blog\/stop-al-estres-navideno-3-rituales-essenciales-para-reiniciar-cuerpo-y-mente\/","og_site_name":"Blog de ESSENCIALES","article_published_time":"2025-12-08T11:12:13+00:00","article_modified_time":"2025-11-07T11:34:08+00:00","og_image":[{"width":851,"height":315,"url":"https:\/\/www.essenciales.com\/blog\/wp-content\/uploads\/\u00a1Stop-al-estres-navideno.png","type":"image\/png"}],"author":"Nuria Moreno","twitter_card":"summary_large_image","twitter_misc":{"Escrito por":"Nuria Moreno","Tiempo de lectura":"6 minutos"},"schema":{"@context":"https:\/\/schema.org","@graph":[{"@type":"WebPage","@id":"https:\/\/www.essenciales.com\/blog\/stop-al-estres-navideno-3-rituales-essenciales-para-reiniciar-cuerpo-y-mente\/","url":"https:\/\/www.essenciales.com\/blog\/stop-al-estres-navideno-3-rituales-essenciales-para-reiniciar-cuerpo-y-mente\/","name":"\u00a1Stop al Estr\u00e9s Navide\u00f1o! 3 Rituales Essenciales para Reiniciar Cuerpo y Mente | Blog de ESSENCIALES","isPartOf":{"@id":"https:\/\/www.essenciales.com\/blog\/#website"},"datePublished":"2025-12-08T11:12:13+00:00","dateModified":"2025-11-07T11:34:08+00:00","author":{"@id":"https:\/\/www.essenciales.com\/blog\/#\/schema\/person\/ba44a296eed23f89b82b6b67dee32d7f"},"description":"\u00bfEstr\u00e9s navide\u00f1o? Transforma el caos en calma con 3 rituales Essenciales, usando los beneficios que nos ofrece la naturaleza.","breadcrumb":{"@id":"https:\/\/www.essenciales.com\/blog\/stop-al-estres-navideno-3-rituales-essenciales-para-reiniciar-cuerpo-y-mente\/#breadcrumb"},"inLanguage":"es","potentialAction":[{"@type":"ReadAction","target":["https:\/\/www.essenciales.com\/blog\/stop-al-estres-navideno-3-rituales-essenciales-para-reiniciar-cuerpo-y-mente\/"]}]},{"@type":"BreadcrumbList","@id":"https:\/\/www.essenciales.com\/blog\/stop-al-estres-navideno-3-rituales-essenciales-para-reiniciar-cuerpo-y-mente\/#breadcrumb","itemListElement":[{"@type":"ListItem","position":1,"name":"Portada","item":"https:\/\/www.essenciales.com\/blog\/"},{"@type":"ListItem","position":2,"name":"\u00a1Stop al Estr\u00e9s Navide\u00f1o! 3 Rituales Essenciales para Reiniciar Cuerpo y Mente"}]},{"@type":"WebSite","@id":"https:\/\/www.essenciales.com\/blog\/#website","url":"https:\/\/www.essenciales.com\/blog\/","name":"Blog de ESSENCIALES","description":"Conoce todas las propiedades de los aceites esenciales y vegetales, as\u00ed como sus usos y remedios naturales","potentialAction":[{"@type":"SearchAction","target":{"@type":"EntryPoint","urlTemplate":"https:\/\/www.essenciales.com\/blog\/?s={search_term_string}"},"query-input":"required name=search_term_string"}],"inLanguage":"es"},{"@type":"Person","@id":"https:\/\/www.essenciales.com\/blog\/#\/schema\/person\/ba44a296eed23f89b82b6b67dee32d7f","name":"Nuria Moreno"}]}},"_links":{"self":[{"href":"https:\/\/www.essenciales.com\/blog\/wp-json\/wp\/v2\/posts\/2338"}],"collection":[{"href":"https:\/\/www.essenciales.com\/blog\/wp-json\/wp\/v2\/posts"}],"about":[{"href":"https:\/\/www.essenciales.com\/blog\/wp-json\/wp\/v2\/types\/post"}],"author":[{"embeddable":true,"href":"https:\/\/www.essenciales.com\/blog\/wp-json\/wp\/v2\/users\/4"}],"replies":[{"embeddable":true,"href":"https:\/\/www.essenciales.com\/blog\/wp-json\/wp\/v2\/comments?post=2338"}],"version-history":[{"count":1,"href":"https:\/\/www.essenciales.com\/blog\/wp-json\/wp\/v2\/posts\/2338\/revisions"}],"predecessor-version":[{"id":2340,"href":"https:\/\/www.essenciales.com\/blog\/wp-json\/wp\/v2\/posts\/2338\/revisions\/2340"}],"wp:featuredmedia":[{"embeddable":true,"href":"https:\/\/www.essenciales.com\/blog\/wp-json\/wp\/v2\/media\/2339"}],"wp:attachment":[{"href":"https:\/\/www.essenciales.com\/blog\/wp-json\/wp\/v2\/media?parent=2338"}],"wp:term":[{"taxonomy":"category","embeddable":true,"href":"https:\/\/www.essenciales.com\/blog\/wp-json\/wp\/v2\/categories?post=2338"},{"taxonomy":"post_tag","embeddable":true,"href":"https:\/\/www.essenciales.com\/blog\/wp-json\/wp\/v2\/tags?post=2338"}],"curies":[{"name":"wp","href":"https:\/\/api.w.org\/{rel}","templated":true}]}}