{"id":2353,"date":"2026-01-14T12:00:14","date_gmt":"2026-01-14T11:00:14","guid":{"rendered":"https:\/\/www.essenciales.com\/blog\/?p=2353"},"modified":"2025-11-26T14:13:58","modified_gmt":"2025-11-26T13:13:58","slug":"cuidado-natural-para-la-piel-en-invierno-aceites-y-vegetales-para-enero","status":"publish","type":"post","link":"https:\/\/www.essenciales.com\/blog\/cuidado-natural-para-la-piel-en-invierno-aceites-y-vegetales-para-enero\/","title":{"rendered":"Cuidado natural para la piel en invierno: aceites y vegetales para enero"},"content":{"rendered":"<h2 style=\"text-align: center;\"><strong>El invierno y tu piel: una relaci\u00f3n que necesita atenci\u00f3n<\/strong><\/h2>\n<p>Bienvenidos un d\u00eda m\u00e1s al blog de Essenciales. Enero trae consigo el fr\u00edo, la calefacci\u00f3n, los cambios bruscos de temperatura y el aire seco. Todos estos factores afectan directamente la piel: se vuelve m\u00e1s tirante, sensible y, a veces, opaca.<br \/>\nEn esta \u00e9poca del a\u00f1o, <strong>hidratar y proteger la piel de forma natural<\/strong> es una de las mejores decisiones que puedes tomar.<\/p>\n<p>Los <strong>aceites vegetales y esenciales<\/strong> ofrecen una alternativa eficaz y respetuosa con la piel. Aportan nutrici\u00f3n profunda, regeneran los tejidos y ayudan a mantener la barrera natural sin necesidad de productos artificiales.<\/p>\n<h3><strong>Aceites vegetales: la base de una piel sana<\/strong><\/h3>\n<p>Los <strong>aceites vegetales<\/strong> son ricos en \u00e1cidos grasos esenciales, antioxidantes y vitaminas. No solo hidratan, sino que tambi\u00e9n nutren y fortalecen la piel desde el interior.<\/p>\n<p>A continuaci\u00f3n, te presentamos algunos ideales para los meses fr\u00edos:<\/p>\n<ul>\n<li><a href=\"https:\/\/www.essenciales.com\/aceites-primera-presion-frio\/aceite-de-almendra-dulce.html\"><strong>Aceite de almendras dulces:<\/strong><\/a> hidratante, calmante y perfecto para pieles secas o sensibles. Su textura ligera lo hace ideal para uso diario.<\/li>\n<li><a href=\"https:\/\/www.essenciales.com\/aceites-primera-presion-frio\/aceite-rosa-mosqueta-primera-presion-frio.html\"><strong>Aceite de rosa mosqueta:<\/strong><\/a> ayuda a regenerar la piel, difuminar peque\u00f1as manchas y mejorar la elasticidad. Excelente para piel madura.<\/li>\n<li><a href=\"https:\/\/www.essenciales.com\/aceites-primera-presion-frio\/aceite-vegetal-jojoba-primera-presion-frio.html\"><strong>Aceite de jojoba:<\/strong> <\/a>regula la producci\u00f3n de sebo y mantiene la piel equilibrada. Ideal para piel mixta o con tendencia a deshidratarse.<\/li>\n<li><a href=\"https:\/\/www.essenciales.com\/aceites-primera-presion-frio\/aceite-de-aguacate-1-presion-frio.html\"><strong>Aceite de aguacate:<\/strong><\/a> muy nutritivo y reparador. Perfecto para zonas secas como codos, rodillas o mejillas expuestas al fr\u00edo.<\/li>\n<li><a href=\"https:\/\/www.essenciales.com\/aceites\/aceite-vegetal-argan-primera-presion-frio.html\"><strong>Aceite de arg\u00e1n:<\/strong><\/a> rico en vitamina E y antioxidantes. Protege frente a la oxidaci\u00f3n y mantiene la piel tersa y luminosa.<\/li>\n<\/ul>\n<p>Usados solos o como base para mezclas con aceites esenciales, estos aceites vegetales pueden sustituir a muchas cremas convencionales.<\/p>\n<h3><strong>Aceites esenciales: el complemento perfecto<\/strong><\/h3>\n<p>Los <strong>aceites esenciales<\/strong> potencian los efectos de los vegetales gracias a sus propiedades espec\u00edficas. Siempre deben aplicarse diluidos (2 o 3 gotas por cada cucharada de aceite vegetal) para garantizar una aplicaci\u00f3n segura.<\/p>\n<p>Algunos aceites esenciales recomendados para el invierno son:<\/p>\n<ul>\n<li><a href=\"https:\/\/www.essenciales.com\/aceites-esenciales\/aceite-esencial-geranio.html\"><strong>Geranio:<\/strong><\/a> equilibra la piel y estimula la regeneraci\u00f3n celular. Ideal para piel seca o madura.<\/li>\n<li><a href=\"https:\/\/www.essenciales.com\/aceites-esenciales\/aceite-esencial-palmarosa.html\"><strong>Palmarosa:<\/strong><\/a> hidrata, suaviza y aporta elasticidad. Perfecto para piel apagada o fatigada.<\/li>\n<li><a href=\"https:\/\/www.essenciales.com\/aceites-esenciales\/aceite-esencial-lavanda.html\"><strong>Lavanda:<\/strong> <\/a>calma irritaciones y ayuda a restaurar pieles sensibles.<\/li>\n<li><a href=\"https:\/\/www.essenciales.com\/aceites-esenciales\/aceite-esencial-incienso.html\"><strong>Incienso:<\/strong><\/a> tonifica y mejora la firmeza. Muy \u00fatil para prevenir signos de envejecimiento.<\/li>\n<li><a href=\"https:\/\/www.essenciales.com\/aceites-esenciales\/aceite-esencial-mirra.html\"><strong>Mirra:<\/strong><\/a> excelente para piel seca o agrietada, especialmente en invierno.<\/li>\n<\/ul>\n<p>Puedes combinarlos seg\u00fan tus necesidades y preferencias de aroma.<\/p>\n<h3><strong>Rutina diaria para cuidar tu piel en invierno<\/strong><\/h3>\n<p>Incorporar los aceites naturales a tu rutina no requiere mucho tiempo, pero s\u00ed constancia. Aqu\u00ed tienes una propuesta sencilla para mantener la piel nutrida y equilibrada durante enero:<\/p>\n<h4><strong>Por la ma\u00f1ana<\/strong><\/h4>\n<ol>\n<li>Limpia tu rostro con un <a href=\"https:\/\/www.essenciales.com\/jabones\/jabon-natural-de-leche-de-cabra.html\">gel suave<\/a> o con un<a href=\"https:\/\/www.essenciales.com\/hidrolatos-aguas-florales\"> hidrolato<\/a><\/li>\n<li>Aplica unas gotas de aceite vegetal de jojoba o arg\u00e1n con movimientos circulares ascendentes.<\/li>\n<li>Deja que se absorba unos minutos antes de aplicar protector solar (si quieres un protector solar de origen natural podr\u00edas utilizar el aguacate, <a href=\"https:\/\/www.essenciales.com\/aceites-primera-presion-frio\/manteca-karite.html\">Manteca de karit\u00e9<\/a> o la<a href=\"https:\/\/www.essenciales.com\/aceites-primera-presion-frio\/aceite-vegetal-frambuesa-primera-presion-frio.html\"> frambuesa,<\/a> por poner alg\u00fan ejemplo, que tienen factor de protecci\u00f3n solar y no son disruptores endocrinos) o maquillaje.<\/li>\n<\/ol>\n<h4><strong>Por la noche<\/strong><\/h4>\n<ol>\n<li>Retira el maquillaje (por ejemplo\u00a0 con el <a href=\"https:\/\/www.essenciales.com\/jabones\/jabon-natural-de-leche-de-cabra.html\">jab\u00f3n de leche de cabra<\/a> y a continuaci\u00f3n aplicar hidrolato de rosas, azahar, hamamelis, etc) y limpia el rostro.<\/li>\n<li>Mezcla en la palma de la mano:\n<ul>\n<li>1 cucharadita de aceite de rosa mosqueta o almendras dulces<\/li>\n<li>1 gota de aceite esencial de geranio o lavanda<\/li>\n<\/ul>\n<\/li>\n<li>Masajea el rostro durante uno o dos minutos.<\/li>\n<li>Respira profundamente el aroma y disfruta del momento.<\/li>\n<\/ol>\n<p>Este gesto diario mejora la textura, elasticidad y luminosidad de la piel.<\/p>\n<p><strong>Una vez a l mes<\/strong>, puedes preparar una<a href=\"https:\/\/www.essenciales.com\/cosmetica-natural\/kit-mascarilla-facial-diy.html\"> mascarilla casera<\/a>: Puedes escoger las arcillas, la <a href=\"https:\/\/www.essenciales.com\/cosmetica-natural\/arcilla-blanca-de-caolin.html\">blanca<\/a> o <a href=\"https:\/\/www.essenciales.com\/cosmetica-natural\/arcilla-verde.html\">verde<\/a>, mezclar con un hidrolato hasta que te quede una textura a yogurt, a\u00f1ade los aceites esenciales, aplica y deja actuar durante 20 minutos.<\/p>\n<h3><strong>Mascarilla facial reparadora de invierno<\/strong><\/h3>\n<p>Una vez por semana, puedes preparar una mascarilla casera profundamente nutritiva:<\/p>\n<p><strong>Ingredientes:<\/strong><\/p>\n<ul>\n<li>1 cucharada de aceite de aguacate<\/li>\n<li>1 cucharadita de miel<\/li>\n<li>2 gotas de aceite esencial de palmarosa<\/li>\n<\/ul>\n<p><strong>Modo de uso:<\/strong><\/p>\n<ol>\n<li>Mezcla bien los ingredientes hasta obtener una textura uniforme.<\/li>\n<li>Aplica sobre el rostro limpio evitando el contorno de ojos.<\/li>\n<li>Deja actuar 10-15 minutos y retira con agua tibia.<\/li>\n<\/ol>\n<p>Tu piel quedar\u00e1 m\u00e1s suave, luminosa y protegida del fr\u00edo.<\/p>\n<h3><strong>Cuidado corporal y de manos<\/strong><\/h3>\n<p>El cuerpo tambi\u00e9n sufre los efectos del invierno. Despu\u00e9s de la ducha, aplica aceite vegetal de almendras dulces o una mezcla con unas gotas de lavanda e incienso.<br \/>\nSi tus manos est\u00e1n resecas, masajea antes de dormir una peque\u00f1a cantidad de <strong>aceite de arg\u00e1n<\/strong> con una gota de <strong>mirra<\/strong>. En pocos d\u00edas notar\u00e1s la diferencia.<\/p>\n<h3><strong>Un invierno con piel radiante<\/strong><\/h3>\n<p>Cuidar la piel en invierno no se trata solo de est\u00e9tica, sino de bienestar. Los aceites naturales te ayudan a mantenerla fuerte, sana y protegida, respetando su equilibrio.<\/p>\n<p>Convierte estos gestos sencillos en un ritual de calma diaria. Tu piel \u2014y tu mente\u2014 lo agradecer\u00e1n.<\/p>\n<p>Descubre en <a href=\"https:\/\/www.essenciales.com\/\">Essenciales.com<\/a> nuestros aceites vegetales y esenciales para crear tu propio tratamiento natural y vivir un invierno con belleza y bienestar.<\/p>\n<h2 style=\"text-align: center;\">\u2665Te leo en comentarios\u2665<\/h2>\n","protected":false},"excerpt":{"rendered":"<p>El invierno y tu piel: una relaci\u00f3n que necesita atenci\u00f3n Bienvenidos un d\u00eda m\u00e1s al blog de Essenciales. Enero trae consigo el fr\u00edo, la calefacci\u00f3n,&#8230;<\/p>\n<p class=\"readmore\"><a class=\"more-btn\" href=\"https:\/\/www.essenciales.com\/blog\/cuidado-natural-para-la-piel-en-invierno-aceites-y-vegetales-para-enero\/\">Leer m\u00e1s<\/a><\/p>\n","protected":false},"author":4,"featured_media":2354,"comment_status":"open","ping_status":"open","sticky":false,"template":"","format":"standard","meta":[],"categories":[154,164,161,141],"tags":[],"yoast_head":"<!-- This site is optimized with the Yoast SEO plugin v19.10 - https:\/\/yoast.com\/wordpress\/plugins\/seo\/ -->\n<title>Cuidado natural para la piel en invierno: aceites y vegetales para enero | Blog de ESSENCIALES<\/title>\n<meta name=\"description\" content=\"Protege tu piel del fr\u00edo con ingredientes naturales: los mejores aceites para cuidar la piel en invierno de forma natural.\" \/>\n<meta name=\"robots\" content=\"index, follow, max-snippet:-1, max-image-preview:large, max-video-preview:-1\" \/>\n<link rel=\"canonical\" href=\"https:\/\/www.essenciales.com\/blog\/cuidado-natural-para-la-piel-en-invierno-aceites-y-vegetales-para-enero\/\" \/>\n<meta property=\"og:locale\" content=\"es_ES\" \/>\n<meta property=\"og:type\" content=\"article\" \/>\n<meta property=\"og:title\" content=\"Cuidado natural para la piel en invierno: aceites y vegetales para enero | Blog de ESSENCIALES\" \/>\n<meta property=\"og:description\" content=\"Protege tu piel del fr\u00edo con ingredientes naturales: los mejores aceites para cuidar la piel en invierno de forma natural.\" \/>\n<meta property=\"og:url\" content=\"https:\/\/www.essenciales.com\/blog\/cuidado-natural-para-la-piel-en-invierno-aceites-y-vegetales-para-enero\/\" \/>\n<meta property=\"og:site_name\" content=\"Blog de ESSENCIALES\" \/>\n<meta property=\"article:published_time\" content=\"2026-01-14T11:00:14+00:00\" \/>\n<meta property=\"article:modified_time\" content=\"2025-11-26T13:13:58+00:00\" \/>\n<meta property=\"og:image\" content=\"https:\/\/www.essenciales.com\/blog\/wp-content\/uploads\/Cuidado-natural-para-la-piel-en-invierno.png\" \/>\n\t<meta property=\"og:image:width\" content=\"851\" \/>\n\t<meta property=\"og:image:height\" content=\"315\" \/>\n\t<meta property=\"og:image:type\" content=\"image\/png\" \/>\n<meta name=\"author\" content=\"Nuria Moreno\" \/>\n<meta name=\"twitter:card\" content=\"summary_large_image\" \/>\n<meta name=\"twitter:label1\" content=\"Escrito por\" \/>\n\t<meta name=\"twitter:data1\" content=\"Nuria Moreno\" \/>\n\t<meta name=\"twitter:label2\" content=\"Tiempo de lectura\" \/>\n\t<meta name=\"twitter:data2\" content=\"4 minutos\" \/>\n<script type=\"application\/ld+json\" class=\"yoast-schema-graph\">{\"@context\":\"https:\/\/schema.org\",\"@graph\":[{\"@type\":\"WebPage\",\"@id\":\"https:\/\/www.essenciales.com\/blog\/cuidado-natural-para-la-piel-en-invierno-aceites-y-vegetales-para-enero\/\",\"url\":\"https:\/\/www.essenciales.com\/blog\/cuidado-natural-para-la-piel-en-invierno-aceites-y-vegetales-para-enero\/\",\"name\":\"Cuidado natural para la piel en invierno: aceites y vegetales para enero | Blog de ESSENCIALES\",\"isPartOf\":{\"@id\":\"https:\/\/www.essenciales.com\/blog\/#website\"},\"datePublished\":\"2026-01-14T11:00:14+00:00\",\"dateModified\":\"2025-11-26T13:13:58+00:00\",\"author\":{\"@id\":\"https:\/\/www.essenciales.com\/blog\/#\/schema\/person\/ba44a296eed23f89b82b6b67dee32d7f\"},\"description\":\"Protege tu piel del fr\u00edo con ingredientes naturales: los mejores aceites para cuidar la piel en invierno de forma natural.\",\"breadcrumb\":{\"@id\":\"https:\/\/www.essenciales.com\/blog\/cuidado-natural-para-la-piel-en-invierno-aceites-y-vegetales-para-enero\/#breadcrumb\"},\"inLanguage\":\"es\",\"potentialAction\":[{\"@type\":\"ReadAction\",\"target\":[\"https:\/\/www.essenciales.com\/blog\/cuidado-natural-para-la-piel-en-invierno-aceites-y-vegetales-para-enero\/\"]}]},{\"@type\":\"BreadcrumbList\",\"@id\":\"https:\/\/www.essenciales.com\/blog\/cuidado-natural-para-la-piel-en-invierno-aceites-y-vegetales-para-enero\/#breadcrumb\",\"itemListElement\":[{\"@type\":\"ListItem\",\"position\":1,\"name\":\"Portada\",\"item\":\"https:\/\/www.essenciales.com\/blog\/\"},{\"@type\":\"ListItem\",\"position\":2,\"name\":\"Cuidado natural para la piel en invierno: aceites y vegetales para enero\"}]},{\"@type\":\"WebSite\",\"@id\":\"https:\/\/www.essenciales.com\/blog\/#website\",\"url\":\"https:\/\/www.essenciales.com\/blog\/\",\"name\":\"Blog de ESSENCIALES\",\"description\":\"Conoce todas las propiedades de los aceites esenciales y vegetales, as\u00ed como sus usos y remedios naturales\",\"potentialAction\":[{\"@type\":\"SearchAction\",\"target\":{\"@type\":\"EntryPoint\",\"urlTemplate\":\"https:\/\/www.essenciales.com\/blog\/?s={search_term_string}\"},\"query-input\":\"required name=search_term_string\"}],\"inLanguage\":\"es\"},{\"@type\":\"Person\",\"@id\":\"https:\/\/www.essenciales.com\/blog\/#\/schema\/person\/ba44a296eed23f89b82b6b67dee32d7f\",\"name\":\"Nuria Moreno\"}]}<\/script>\n<!-- \/ Yoast SEO plugin. -->","yoast_head_json":{"title":"Cuidado natural para la piel en invierno: aceites y vegetales para enero | Blog de ESSENCIALES","description":"Protege tu piel del fr\u00edo con ingredientes naturales: los mejores aceites para cuidar la piel en invierno de forma natural.","robots":{"index":"index","follow":"follow","max-snippet":"max-snippet:-1","max-image-preview":"max-image-preview:large","max-video-preview":"max-video-preview:-1"},"canonical":"https:\/\/www.essenciales.com\/blog\/cuidado-natural-para-la-piel-en-invierno-aceites-y-vegetales-para-enero\/","og_locale":"es_ES","og_type":"article","og_title":"Cuidado natural para la piel en invierno: aceites y vegetales para enero | Blog de ESSENCIALES","og_description":"Protege tu piel del fr\u00edo con ingredientes naturales: los mejores aceites para cuidar la piel en invierno de forma natural.","og_url":"https:\/\/www.essenciales.com\/blog\/cuidado-natural-para-la-piel-en-invierno-aceites-y-vegetales-para-enero\/","og_site_name":"Blog de ESSENCIALES","article_published_time":"2026-01-14T11:00:14+00:00","article_modified_time":"2025-11-26T13:13:58+00:00","og_image":[{"width":851,"height":315,"url":"https:\/\/www.essenciales.com\/blog\/wp-content\/uploads\/Cuidado-natural-para-la-piel-en-invierno.png","type":"image\/png"}],"author":"Nuria Moreno","twitter_card":"summary_large_image","twitter_misc":{"Escrito por":"Nuria Moreno","Tiempo de lectura":"4 minutos"},"schema":{"@context":"https:\/\/schema.org","@graph":[{"@type":"WebPage","@id":"https:\/\/www.essenciales.com\/blog\/cuidado-natural-para-la-piel-en-invierno-aceites-y-vegetales-para-enero\/","url":"https:\/\/www.essenciales.com\/blog\/cuidado-natural-para-la-piel-en-invierno-aceites-y-vegetales-para-enero\/","name":"Cuidado natural para la piel en invierno: aceites y vegetales para enero | Blog de ESSENCIALES","isPartOf":{"@id":"https:\/\/www.essenciales.com\/blog\/#website"},"datePublished":"2026-01-14T11:00:14+00:00","dateModified":"2025-11-26T13:13:58+00:00","author":{"@id":"https:\/\/www.essenciales.com\/blog\/#\/schema\/person\/ba44a296eed23f89b82b6b67dee32d7f"},"description":"Protege tu piel del fr\u00edo con ingredientes naturales: los mejores aceites para cuidar la piel en invierno de forma natural.","breadcrumb":{"@id":"https:\/\/www.essenciales.com\/blog\/cuidado-natural-para-la-piel-en-invierno-aceites-y-vegetales-para-enero\/#breadcrumb"},"inLanguage":"es","potentialAction":[{"@type":"ReadAction","target":["https:\/\/www.essenciales.com\/blog\/cuidado-natural-para-la-piel-en-invierno-aceites-y-vegetales-para-enero\/"]}]},{"@type":"BreadcrumbList","@id":"https:\/\/www.essenciales.com\/blog\/cuidado-natural-para-la-piel-en-invierno-aceites-y-vegetales-para-enero\/#breadcrumb","itemListElement":[{"@type":"ListItem","position":1,"name":"Portada","item":"https:\/\/www.essenciales.com\/blog\/"},{"@type":"ListItem","position":2,"name":"Cuidado natural para la piel en invierno: aceites y vegetales para enero"}]},{"@type":"WebSite","@id":"https:\/\/www.essenciales.com\/blog\/#website","url":"https:\/\/www.essenciales.com\/blog\/","name":"Blog de ESSENCIALES","description":"Conoce todas las propiedades de los aceites esenciales y vegetales, as\u00ed como sus usos y remedios naturales","potentialAction":[{"@type":"SearchAction","target":{"@type":"EntryPoint","urlTemplate":"https:\/\/www.essenciales.com\/blog\/?s={search_term_string}"},"query-input":"required name=search_term_string"}],"inLanguage":"es"},{"@type":"Person","@id":"https:\/\/www.essenciales.com\/blog\/#\/schema\/person\/ba44a296eed23f89b82b6b67dee32d7f","name":"Nuria Moreno"}]}},"_links":{"self":[{"href":"https:\/\/www.essenciales.com\/blog\/wp-json\/wp\/v2\/posts\/2353"}],"collection":[{"href":"https:\/\/www.essenciales.com\/blog\/wp-json\/wp\/v2\/posts"}],"about":[{"href":"https:\/\/www.essenciales.com\/blog\/wp-json\/wp\/v2\/types\/post"}],"author":[{"embeddable":true,"href":"https:\/\/www.essenciales.com\/blog\/wp-json\/wp\/v2\/users\/4"}],"replies":[{"embeddable":true,"href":"https:\/\/www.essenciales.com\/blog\/wp-json\/wp\/v2\/comments?post=2353"}],"version-history":[{"count":1,"href":"https:\/\/www.essenciales.com\/blog\/wp-json\/wp\/v2\/posts\/2353\/revisions"}],"predecessor-version":[{"id":2355,"href":"https:\/\/www.essenciales.com\/blog\/wp-json\/wp\/v2\/posts\/2353\/revisions\/2355"}],"wp:featuredmedia":[{"embeddable":true,"href":"https:\/\/www.essenciales.com\/blog\/wp-json\/wp\/v2\/media\/2354"}],"wp:attachment":[{"href":"https:\/\/www.essenciales.com\/blog\/wp-json\/wp\/v2\/media?parent=2353"}],"wp:term":[{"taxonomy":"category","embeddable":true,"href":"https:\/\/www.essenciales.com\/blog\/wp-json\/wp\/v2\/categories?post=2353"},{"taxonomy":"post_tag","embeddable":true,"href":"https:\/\/www.essenciales.com\/blog\/wp-json\/wp\/v2\/tags?post=2353"}],"curies":[{"name":"wp","href":"https:\/\/api.w.org\/{rel}","templated":true}]}}