{"id":583,"date":"2017-10-30T12:38:26","date_gmt":"2017-10-30T10:38:26","guid":{"rendered":"http:\/\/essenciales.com\/blog\/?p=583"},"modified":"2020-12-09T12:14:46","modified_gmt":"2020-12-09T11:14:46","slug":"aceites-esenciales-vegetales-bebes-ninos","status":"publish","type":"post","link":"https:\/\/www.essenciales.com\/blog\/aceites-esenciales-vegetales-bebes-ninos\/","title":{"rendered":"Los aceites esenciales en beb\u00e9s y ni\u00f1os"},"content":{"rendered":"<p>Los aceites esenciales poseen numerosas propiedades, tanto cosm\u00e9ticas, como dermatol\u00f3gicas, neuro-olfativas y equilibrantes. Para los beb\u00e9s y ni\u00f1os, usar aceites esenciales es ideal, porque adem\u00e1s de ser naturales, refuerzan sus defensas. Es muy importante saber que no se recomienda el uso de aceites esenciales en beb\u00e9s de menos de 3 meses.<\/p>\n<p>En este caso, usaremos aceites vegetales, a ser posible de primera presi\u00f3n, y lo m\u00e1s calmantes posible como el <a href=\"https:\/\/www.essenciales.com\/aceites-primera-presion-frio\/aceite-vegetal-almendras-dulces-primera-presion-frio.html\">aceite de Almendras Dulces<\/a>. A partir de tres meses, pueden usarse, en diluciones muy suaves, diluidos en aceites vegetales s\u00f3lo por v\u00eda t\u00f3pica o v\u00eda atmosf\u00e9rica. El ba\u00f1o: Un momento muy especial para la familia. El beb\u00e9 aprende a jugar con el agua y le prepara para el sue\u00f1o nocturno.<\/p>\n<p>Utilizar un <a href=\"https:\/\/www.essenciales.com\/difusores-aceites-esenciales\/\">difusor de aceites esenciales<\/a> en el ba\u00f1o con aroma a Lavanda junto con la Mandarina (los ba\u00f1os con aceites esenciales no se recomiendan antes de los 12 meses). Y s\u00f3lo se utilizar\u00e1n aquellos que sean m\u00e1s seguros para los ni\u00f1os y en cantidades muy peque\u00f1as, como podr\u00eda ser la Lavanda (lavandula officinalis) o la esencia de Mandarina (citrus reticulata).<\/p>\n<p>Tras el ba\u00f1o y para hidratar la piel: Para hidratar su piel usaremos el aceite de Almendras Dulces virgen (prunus amygdalus var.dulcis). Todos los <a href=\"https:\/\/www.essenciales.com\/aceites\/\">aceites vegetales<\/a>, si son v\u00edrgenes (primera presi\u00f3n en fr\u00edo), contienen la mayor\u00eda de sus vitaminas, minerales y alg\u00fan oligoelemento. Cuando son refinados pierden bastante sus propiedades; son m\u00e1s econ\u00f3micos, pero no son tan efectivos.<\/p>\n<p><!--more--><\/p>\n<p>Adem\u00e1s de hidratar su piel, protegemos su manto hidrol\u00edpidico. Puede realizarse un masaje relajante que le ayude a conseguir un sue\u00f1o pl\u00e1cido, mezclando los aceites esenciales nombrados arriba.<\/p>\n<p>Para perfumar la piel: El momento ideal es por la ma\u00f1ana. Aguas de colonia a base de c\u00edtricos, como el <a href=\"https:\/\/www.essenciales.com\/aceites-esenciales-puros\/aceite-esencial-pomelo.html\">aceite esencial de Pomelo<\/a>, Lim\u00f3n, la Naranja o Mandarina, el Petitgrain, o la <a href=\"https:\/\/www.essenciales.com\/aceites-esenciales-puros\/aceite-esencial-lavanda.html\">Lavanda<\/a>. Los c\u00edtricos, fomentan la alegr\u00eda adem\u00e1s del bienestar. Recordad que los c\u00edtricos son fotosensibles, no exponer a la luz solar.<\/p>\n<p>Para perfumar la habitaci\u00f3n: Utilizaremos un difusor con aquella fragancia que nos haga sentir m\u00e1s relajados calmados, alegres. Al difundir part\u00edculas de los aceites esenciales, estamos impregnando la atm\u00f3sfera de iones negativos que son \u201clos buenos\u201d. Adem\u00e1s, si ponemos en el difusor aquellos aceites esenciales que sean adecuados, conseguiremos limpiar nuestro espacio de microorganismos, ya que hay muchos aceites esenciales y esencias que son antis\u00e9pticos atmosf\u00e9ricos como por ejemplo el Lim\u00f3n (citrus limonum).<\/p>\n<p>Botiqu\u00edn para las dolencias del beb\u00e9 o ni\u00f1o: Irritaciones del pa\u00f1al: Si no tiene infecci\u00f3n, ni inflamaci\u00f3n y tampoco rojeces, bastar\u00eda s\u00f3lo mantener el manto hidrol\u00edpidico de la piel con Aceite de Almendras Dulces virgen (prunus amygdalus var.dulcis).<\/p>\n<p>Si hubiese rojeces, o inflamaci\u00f3n, podemos mezclar el Aceite de Almendras junto con la Lavanda (lavandula officinalis) y la Manzanilla Romana (anthemis nobilis). Si hubiera infecci\u00f3n, a la sinergia anterior le podr\u00edamos a\u00f1adir <a href=\"https:\/\/www.essenciales.com\/aceites-esenciales-puros\/aceite-esencial-arbol-de-te.html\">\u00c1rbol del T\u00e9<\/a> (melaleuca alternifolia). Mi recomendaci\u00f3n es coger un envase de <a href=\"https:\/\/www.essenciales.com\/envases-accesorios\/botella-50-ml-vidrio-ambar.html\">50 ml de cristal oscuro<\/a>, a\u00f1adir Aceite de Almendras Virgen junto con 4 gotas de Lavanda, 2 de Manzanilla Romana y 1 de \u00c1rbol de T\u00e9. Como v\u00e9is, son diluciones muy peque\u00f1as y seguras.<\/p>\n<p>En lugar del Aceite de Almendras, puede usarse el macerado de Hip\u00e9rico: es calmante, cicatrizante, antis\u00e9ptico, antiinflamatorio, aunque hemos de tener precauci\u00f3n con este macerado ya que es fotosensible.<\/p>\n<p>Resfriados \u2013 gripe: Cuando el ni\u00f1o tiene resfriados o gripe, puedes aromatizar su habitaci\u00f3n con AE de Eucalipto Radiata (eucalyptus radiata) o Niaoul\u00ed (melaluca quinquenervia) o bien Cajeput ( melaleuca Cajeputi), son algunos ejemplos.<\/p>\n<p>Son antivirales, antibacterianos, expectorantes, inmunoestimulantes. En un difusor de aceite esencial el\u00e9ctrico y unas gotas del aceite esencial, durante media hora, tres veces al d\u00eda bastar\u00e1n para mejorar su estado.<\/p>\n<p>Por v\u00eda t\u00f3pica, desde edades de 3 meses a 2 a\u00f1os y medio, AE de Eucalipto Radiata (eucalyptus radiata) junto con el Aceite de Almendras Dulces virgen: En un recipiente de vidrio oscuro (envase de 30ml) mezclamos bien el aceite vegetal junto con 7 gotas del aceite esencial. La posolog\u00eda: de dos a tres veces al d\u00eda. La aplicaci\u00f3n: masajearemos la planta de los pies, donde est\u00e1n todos los \u00f3rganos reflejos.<\/p>\n<p>Por v\u00eda t\u00f3pica, en ni\u00f1os mayores de dos a\u00f1os y medio: AE de Eucalipto Radiata (eucalyptus radiata) junto con Aceite de Niaoul\u00ed (melaluca quinquenervia) o Cajeput (melaleuca Cajeputi) y el Aceite Vegetal de Almendras Dulces Virgen, (<a href=\"https:\/\/www.essenciales.com\/envases-accesorios\/botella-50-ml-vidrio-ambar.html\">envase de 50ml<\/a>). Mezclar bien el aceite vegetal junto con 5 gotas del aceite esencial de eucalipto radiata y 5 gotas del cajeput o niaoul\u00ed. La posolog\u00eda: de dos a tres veces al d\u00eda. La aplicaci\u00f3n: masajearemos con la sinergia la planta de los pies, donde est\u00e1n todos los \u00f3rganos reflejos, el pecho y la espalda.<\/p>\n<p><em>Actualizado: Consulta nuestro art\u00edculo especial:<\/em> <a href=\"https:\/\/www.essenciales.com\/blog\/aceites-esenciales-para-calmar-a-los-ninos\/\">ACEITES ESENCIALES PARA CALMAR A LOS NI\u00d1OS<\/a><\/p>\n<p>Los aceites esenciales m\u00e1s usados en beb\u00e9s y ni\u00f1os, la Lavanda y la Mandarina son los aceites estrella en los usos para beb\u00e9s y ni\u00f1os, vamos a verlos en profundidad. Aceite esencial de Lavanda (lavandula angustifolia) Es muy adecuado no s\u00f3lo para calmar y relajar, sino para tratar afecciones de la piel como eczemas, heriditas, rojeces, pieles irritadas y picaduras de insectos (mayores de 2 a\u00f1os y medio). Calma dolor de barriga y el c\u00f3lico. Especialmente en ni\u00f1os muy agitados, la lavanda calma su nerviosismo. Te recomiendo usarlo en un difusor el\u00e9ctrico para aceites esenciales, difundirlo en el aire durante \u00bd hora tres veces al d\u00eda.<\/p>\n<p>Si son ni\u00f1os que les cuesta dormir, mayores de 30 meses, puedes echar una gota en la almohada o en un pa\u00f1uelo y colocarlo cerca de la cabeza del ni\u00f1o. Esencia de Mandarina (citrus reticulata) La <a href=\"https:\/\/www.essenciales.com\/aceites-esenciales-puros\/aceite-esencial-mandarina.html\">esencia de mandarina<\/a> es calmante de la ansiedad, combate el insomnio y tiene propiedades digestivas. Es una esencia muy agradable que gusta mucho a los ni\u00f1os. Tambi\u00e9n muy indicada para situaciones de estr\u00e9s o ni\u00f1os agitados o nerviosos. Tambi\u00e9n, al igual que la Lavanda, puede usarse en difusor el\u00e9ctrico, almohada o pa\u00f1uelo de papel.<\/p>\n<p>Autora: <strong>Yolanda Rico<\/strong>, Aromat\u00f3loga, Naturopata, Kines\u00f3loga, Quiromasajista, Auxiliar de Psicolog\u00eda y especializada en Wellness y Cosm\u00e9tica natural.<\/p>\n","protected":false},"excerpt":{"rendered":"<p>Los aceites esenciales poseen numerosas propiedades, tanto cosm\u00e9ticas, como dermatol\u00f3gicas, neuro-olfativas y equilibrantes. Para los beb\u00e9s y ni\u00f1os, usar aceites esenciales es ideal, porque adem\u00e1s&#8230;<\/p>\n<p class=\"readmore\"><a class=\"more-btn\" href=\"https:\/\/www.essenciales.com\/blog\/aceites-esenciales-vegetales-bebes-ninos\/\">Leer m\u00e1s<\/a><\/p>\n","protected":false},"author":1,"featured_media":585,"comment_status":"open","ping_status":"open","sticky":false,"template":"","format":"standard","meta":[],"categories":[42,76,124,121],"tags":[],"yoast_head":"<!-- This site is optimized with the Yoast SEO plugin v19.10 - https:\/\/yoast.com\/wordpress\/plugins\/seo\/ -->\n<title>Los aceites esenciales en beb\u00e9s y ni\u00f1os | Blog de ESSENCIALES<\/title>\n<meta name=\"robots\" content=\"index, follow, max-snippet:-1, max-image-preview:large, max-video-preview:-1\" \/>\n<link rel=\"canonical\" href=\"https:\/\/www.essenciales.com\/blog\/aceites-esenciales-vegetales-bebes-ninos\/\" \/>\n<meta property=\"og:locale\" content=\"es_ES\" \/>\n<meta property=\"og:type\" content=\"article\" \/>\n<meta property=\"og:title\" content=\"Los aceites esenciales en beb\u00e9s y ni\u00f1os | Blog de ESSENCIALES\" \/>\n<meta property=\"og:description\" content=\"Los aceites esenciales poseen numerosas propiedades, tanto cosm\u00e9ticas, como dermatol\u00f3gicas, neuro-olfativas y equilibrantes. Para los beb\u00e9s y ni\u00f1os, usar aceites esenciales es ideal, porque adem\u00e1s...Leer m\u00e1s\" \/>\n<meta property=\"og:url\" content=\"https:\/\/www.essenciales.com\/blog\/aceites-esenciales-vegetales-bebes-ninos\/\" \/>\n<meta property=\"og:site_name\" content=\"Blog de ESSENCIALES\" \/>\n<meta property=\"article:published_time\" content=\"2017-10-30T10:38:26+00:00\" \/>\n<meta property=\"article:modified_time\" content=\"2020-12-09T11:14:46+00:00\" \/>\n<meta property=\"og:image\" content=\"https:\/\/www.essenciales.com\/blog\/wp-content\/uploads\/Aceites_bebes.jpg\" \/>\n\t<meta property=\"og:image:width\" content=\"1024\" \/>\n\t<meta property=\"og:image:height\" content=\"516\" \/>\n\t<meta property=\"og:image:type\" content=\"image\/jpeg\" \/>\n<meta name=\"author\" content=\"El equipo de Essenciales.com\" \/>\n<meta name=\"twitter:card\" content=\"summary_large_image\" \/>\n<meta name=\"twitter:label1\" content=\"Escrito por\" \/>\n\t<meta name=\"twitter:data1\" content=\"El equipo de Essenciales.com\" \/>\n\t<meta name=\"twitter:label2\" content=\"Tiempo de lectura\" \/>\n\t<meta name=\"twitter:data2\" content=\"5 minutos\" \/>\n<script type=\"application\/ld+json\" class=\"yoast-schema-graph\">{\"@context\":\"https:\/\/schema.org\",\"@graph\":[{\"@type\":\"WebPage\",\"@id\":\"https:\/\/www.essenciales.com\/blog\/aceites-esenciales-vegetales-bebes-ninos\/\",\"url\":\"https:\/\/www.essenciales.com\/blog\/aceites-esenciales-vegetales-bebes-ninos\/\",\"name\":\"Los aceites esenciales en beb\u00e9s y ni\u00f1os | Blog de ESSENCIALES\",\"isPartOf\":{\"@id\":\"https:\/\/www.essenciales.com\/blog\/#website\"},\"datePublished\":\"2017-10-30T10:38:26+00:00\",\"dateModified\":\"2020-12-09T11:14:46+00:00\",\"author\":{\"@id\":\"https:\/\/www.essenciales.com\/blog\/#\/schema\/person\/1998fe4d7c1006727445a20f444bfea3\"},\"breadcrumb\":{\"@id\":\"https:\/\/www.essenciales.com\/blog\/aceites-esenciales-vegetales-bebes-ninos\/#breadcrumb\"},\"inLanguage\":\"es\",\"potentialAction\":[{\"@type\":\"ReadAction\",\"target\":[\"https:\/\/www.essenciales.com\/blog\/aceites-esenciales-vegetales-bebes-ninos\/\"]}]},{\"@type\":\"BreadcrumbList\",\"@id\":\"https:\/\/www.essenciales.com\/blog\/aceites-esenciales-vegetales-bebes-ninos\/#breadcrumb\",\"itemListElement\":[{\"@type\":\"ListItem\",\"position\":1,\"name\":\"Portada\",\"item\":\"https:\/\/www.essenciales.com\/blog\/\"},{\"@type\":\"ListItem\",\"position\":2,\"name\":\"Los aceites esenciales en beb\u00e9s y ni\u00f1os\"}]},{\"@type\":\"WebSite\",\"@id\":\"https:\/\/www.essenciales.com\/blog\/#website\",\"url\":\"https:\/\/www.essenciales.com\/blog\/\",\"name\":\"Blog de ESSENCIALES\",\"description\":\"Conoce todas las propiedades de los aceites esenciales y vegetales, as\u00ed como sus usos y remedios naturales\",\"potentialAction\":[{\"@type\":\"SearchAction\",\"target\":{\"@type\":\"EntryPoint\",\"urlTemplate\":\"https:\/\/www.essenciales.com\/blog\/?s={search_term_string}\"},\"query-input\":\"required name=search_term_string\"}],\"inLanguage\":\"es\"},{\"@type\":\"Person\",\"@id\":\"https:\/\/www.essenciales.com\/blog\/#\/schema\/person\/1998fe4d7c1006727445a20f444bfea3\",\"name\":\"El equipo de Essenciales.com\",\"sameAs\":[\"https:\/\/www.essenciales.com\"]}]}<\/script>\n<!-- \/ Yoast SEO plugin. -->","yoast_head_json":{"title":"Los aceites esenciales en beb\u00e9s y ni\u00f1os | Blog de ESSENCIALES","robots":{"index":"index","follow":"follow","max-snippet":"max-snippet:-1","max-image-preview":"max-image-preview:large","max-video-preview":"max-video-preview:-1"},"canonical":"https:\/\/www.essenciales.com\/blog\/aceites-esenciales-vegetales-bebes-ninos\/","og_locale":"es_ES","og_type":"article","og_title":"Los aceites esenciales en beb\u00e9s y ni\u00f1os | Blog de ESSENCIALES","og_description":"Los aceites esenciales poseen numerosas propiedades, tanto cosm\u00e9ticas, como dermatol\u00f3gicas, neuro-olfativas y equilibrantes. Para los beb\u00e9s y ni\u00f1os, usar aceites esenciales es ideal, porque adem\u00e1s...Leer m\u00e1s","og_url":"https:\/\/www.essenciales.com\/blog\/aceites-esenciales-vegetales-bebes-ninos\/","og_site_name":"Blog de ESSENCIALES","article_published_time":"2017-10-30T10:38:26+00:00","article_modified_time":"2020-12-09T11:14:46+00:00","og_image":[{"width":1024,"height":516,"url":"https:\/\/www.essenciales.com\/blog\/wp-content\/uploads\/Aceites_bebes.jpg","type":"image\/jpeg"}],"author":"El equipo de Essenciales.com","twitter_card":"summary_large_image","twitter_misc":{"Escrito por":"El equipo de Essenciales.com","Tiempo de lectura":"5 minutos"},"schema":{"@context":"https:\/\/schema.org","@graph":[{"@type":"WebPage","@id":"https:\/\/www.essenciales.com\/blog\/aceites-esenciales-vegetales-bebes-ninos\/","url":"https:\/\/www.essenciales.com\/blog\/aceites-esenciales-vegetales-bebes-ninos\/","name":"Los aceites esenciales en beb\u00e9s y ni\u00f1os | Blog de ESSENCIALES","isPartOf":{"@id":"https:\/\/www.essenciales.com\/blog\/#website"},"datePublished":"2017-10-30T10:38:26+00:00","dateModified":"2020-12-09T11:14:46+00:00","author":{"@id":"https:\/\/www.essenciales.com\/blog\/#\/schema\/person\/1998fe4d7c1006727445a20f444bfea3"},"breadcrumb":{"@id":"https:\/\/www.essenciales.com\/blog\/aceites-esenciales-vegetales-bebes-ninos\/#breadcrumb"},"inLanguage":"es","potentialAction":[{"@type":"ReadAction","target":["https:\/\/www.essenciales.com\/blog\/aceites-esenciales-vegetales-bebes-ninos\/"]}]},{"@type":"BreadcrumbList","@id":"https:\/\/www.essenciales.com\/blog\/aceites-esenciales-vegetales-bebes-ninos\/#breadcrumb","itemListElement":[{"@type":"ListItem","position":1,"name":"Portada","item":"https:\/\/www.essenciales.com\/blog\/"},{"@type":"ListItem","position":2,"name":"Los aceites esenciales en beb\u00e9s y ni\u00f1os"}]},{"@type":"WebSite","@id":"https:\/\/www.essenciales.com\/blog\/#website","url":"https:\/\/www.essenciales.com\/blog\/","name":"Blog de ESSENCIALES","description":"Conoce todas las propiedades de los aceites esenciales y vegetales, as\u00ed como sus usos y remedios naturales","potentialAction":[{"@type":"SearchAction","target":{"@type":"EntryPoint","urlTemplate":"https:\/\/www.essenciales.com\/blog\/?s={search_term_string}"},"query-input":"required name=search_term_string"}],"inLanguage":"es"},{"@type":"Person","@id":"https:\/\/www.essenciales.com\/blog\/#\/schema\/person\/1998fe4d7c1006727445a20f444bfea3","name":"El equipo de Essenciales.com","sameAs":["https:\/\/www.essenciales.com"]}]}},"_links":{"self":[{"href":"https:\/\/www.essenciales.com\/blog\/wp-json\/wp\/v2\/posts\/583"}],"collection":[{"href":"https:\/\/www.essenciales.com\/blog\/wp-json\/wp\/v2\/posts"}],"about":[{"href":"https:\/\/www.essenciales.com\/blog\/wp-json\/wp\/v2\/types\/post"}],"author":[{"embeddable":true,"href":"https:\/\/www.essenciales.com\/blog\/wp-json\/wp\/v2\/users\/1"}],"replies":[{"embeddable":true,"href":"https:\/\/www.essenciales.com\/blog\/wp-json\/wp\/v2\/comments?post=583"}],"version-history":[{"count":5,"href":"https:\/\/www.essenciales.com\/blog\/wp-json\/wp\/v2\/posts\/583\/revisions"}],"predecessor-version":[{"id":1123,"href":"https:\/\/www.essenciales.com\/blog\/wp-json\/wp\/v2\/posts\/583\/revisions\/1123"}],"wp:featuredmedia":[{"embeddable":true,"href":"https:\/\/www.essenciales.com\/blog\/wp-json\/wp\/v2\/media\/585"}],"wp:attachment":[{"href":"https:\/\/www.essenciales.com\/blog\/wp-json\/wp\/v2\/media?parent=583"}],"wp:term":[{"taxonomy":"category","embeddable":true,"href":"https:\/\/www.essenciales.com\/blog\/wp-json\/wp\/v2\/categories?post=583"},{"taxonomy":"post_tag","embeddable":true,"href":"https:\/\/www.essenciales.com\/blog\/wp-json\/wp\/v2\/tags?post=583"}],"curies":[{"name":"wp","href":"https:\/\/api.w.org\/{rel}","templated":true}]}}