{"id":663,"date":"2019-05-27T14:38:09","date_gmt":"2019-05-27T12:38:09","guid":{"rendered":"https:\/\/essenciales.com\/blog\/?p=663"},"modified":"2021-12-28T18:38:24","modified_gmt":"2021-12-28T17:38:24","slug":"primavera-el-despertar-de-las-flores","status":"publish","type":"post","link":"https:\/\/www.essenciales.com\/blog\/primavera-el-despertar-de-las-flores\/","title":{"rendered":"Primavera, el despertar de las flores"},"content":{"rendered":"<p>Bueno, ya estamos en primavera, y con ella llegan las lluvias con su olor a tierra mojada, los \u00e1rboles empiezan a tener brotes verdes y cada d\u00eda tenemos un poquito m\u00e1s de luz.<\/p>\n<p>Cada cambio de estaci\u00f3n es importante no s\u00f3lo para el medio que nos rodea sino tambi\u00e9n para nuestro interior, por eso hoy desde Essenciales os traemos este art\u00edculo sobre la primavera y los aceites esenciales. Esperamos que os guste.<!--more--><\/p>\n<p>Para empezar deb\u00e9is saber que la primavera es una de las estaciones m\u00e1s saludables del a\u00f1o y es que la salud no s\u00f3lo depende del tiempo, tambi\u00e9n el estado de \u00e1nimo influye.<\/p>\n<p>En primavera somos m\u00e1s felices, vuelve la calidez y la luz del sol tras unos meses fr\u00edos y oscuros y eso nos afecta al \u00e1nimo, estamos m\u00e1s alegres , nos apetece m\u00e1s salir a la calle a pasear o hacer deporte, las terrazas de los bares empiezan a llenarse y dar vida a las calles y quedas a las siete de la tarde para tomar algo, cuando en invierno a esa hora llevabas ya un rato puesto el pijama, todos estos cambios fortalecen nuestro sistema inmunol\u00f3gico, estamos m\u00e1s fuertes, y por ello la primavera es una de las estaciones en la que menos nos resfriamos, aunque es cierto que para los al\u00e9rgicos es un periodo complicado.<\/p>\n<p><strong>Vamos a ver c\u00f3mo afecta a nuestro cuerpo este cambio de estaci\u00f3n:<\/strong><\/p>\n<ul>\n<li>Cardiovascular: Mejora la tensi\u00f3n arterial y se reduce el n\u00famero de infartos.<\/li>\n<li>Sexual: Aumenta el apetito sexual, es el momento del a\u00f1o que m\u00e1s alto est\u00e1 por lo cual aumentan los embarazos en esta \u00e9poca.<\/li>\n<li>Muscular y huesos: Nuestros m\u00fasculos mejoran porque realizamos m\u00e1s actividades f\u00edsicas ya sea hacer deporte o volver caminando del trabajo \u00a0y al haber m\u00e1s horas de luz nos da m\u00e1s el sol, por lo cual la vitamina D aumenta y ayuda a que el calcio se fije mejor en los huesos.<\/li>\n<li>Respiratorio: Disminuyen las gripes y las neumon\u00edas bacterianas.<\/li>\n<li>Digestivo: Mejoramos la alimentaci\u00f3n tomando m\u00e1s frutas y verduras de temporada.<\/li>\n<\/ul>\n<p>Sobre los efectos psicol\u00f3gicos y emocionales vamos a profundizar un poco m\u00e1s y es que como se dice \u201cla primavera la sangre altera\u201d y esto es as\u00ed , tenemos m\u00e1s energ\u00eda, m\u00e1s ganas de realizar actividades al aire libre, de salir de quedar con amigos o con tu pareja, de simplemente pasear por tu ciudad, de ir al campo, de visitar jardines y ver c\u00f3mo florecen las plantas y flores\u2026<\/p>\n<p>Es una \u00e9poca llena de color y esto se refleja hasta en nuestra ropa, atr\u00e1s se quedan esos colores grises, esos tonos negros y esos colores neutros, es primavera y a nosotros nos toca florecer tambi\u00e9n, por ello los escaparates, las calles y nuestros armarios se llenan de colores como el verde, el rosa, o el naranja tonos pastel y tonos chillones, que llamen la atenci\u00f3n para que todo el mundo vea que estamos aqu\u00ed, que hemos despertado. Tambi\u00e9n nos apetece tener flores y es que las vemos por todas partes, ramos de rosas o tulipanes de distintos colores, macetas y \u00e1rboles llenos de color, por ello no es de extra\u00f1ar que nos apetezca llevar algo de flores a nuestros hogares, ya sea un bonito ramo para el centro de mesa o una exuberante maceta para nuestro balc\u00f3n.<\/p>\n<h2>Aceites esenciales y vegetales\u00a0 ideales para la primavera<\/h2>\n<h3><b>Rosa, Rosa damascena<\/b><\/h3>\n<p><em>Un aroma floral, muy sensual.<\/em><\/p>\n<p><img decoding=\"async\" loading=\"lazy\" class=\"wp-image-667 alignleft\" src=\"https:\/\/essenciales.com\/blog\/wp-content\/uploads\/agua_de_rosas-300x169.png\" alt=\"agua de rosas\" width=\"463\" height=\"261\" srcset=\"https:\/\/www.essenciales.com\/blog\/wp-content\/uploads\/agua_de_rosas-300x169.png 300w, https:\/\/www.essenciales.com\/blog\/wp-content\/uploads\/agua_de_rosas-1024x576.png 1024w, https:\/\/www.essenciales.com\/blog\/wp-content\/uploads\/agua_de_rosas-780x439.png 780w, https:\/\/www.essenciales.com\/blog\/wp-content\/uploads\/agua_de_rosas-1120x630.png 1120w\" sizes=\"(max-width: 463px) 100vw, 463px\" \/>La rosa ha sido s\u00edmbolo del amor y la belleza desde la antig\u00fcedad, ha inspirado a poetas, escritores y artistas de todas las \u00e9pocas. El aceite esencial de rosas (en realidad obtenido mediante el proceso de los absolutos) fue descubierto sobre el siglo XVII y desde entonces ha sido usado para la elaboraci\u00f3n de perfumes, siempre con fines arom\u00e1ticos y est\u00e9ticos, convirti\u00e9ndose en uno de los aceites m\u00e1s utilizados.<\/p>\n<p>Pero el aceite de rosas tiene m\u00e1s aplicaciones, veamos algunas de ellas:<\/p>\n<p>Se puede utilizar para el ba\u00f1o, para relajarse y calmar los m\u00fasculos, aliviando as\u00ed el estr\u00e9s; tambi\u00e9n puede ayudar en el s\u00edndrome menstrual y en la menopausia mejorando sus s\u00edntomas. Tambi\u00e9n puedes agregar unas gotas de este aceite esencial en tu crema corporal para mejorar su aroma.<\/p>\n<p>Si bien el <a href=\"https:\/\/www.essenciales.com\/aceites-esenciales-puros\/absoluto-de-rosa-bulgara.html\">absoluto de rosa<\/a> siempre ha sido uno de los aceites m\u00e1s caros, de la rosa tambi\u00e9n se obtiene un producto mucho m\u00e1s econ\u00f3mico, aunque igualmente embriagador: <a href=\"https:\/\/www.essenciales.com\/hidrolatos-bio\/rosa-extra-bio-hidrolato.html\">el agua de rosas natural<\/a>. Un fant\u00e1stico <a href=\"https:\/\/www.essenciales.com\/hidrolatos-aguas-florales\/\">t\u00f3nico natural<\/a> que podremos usar a diario.<\/p>\n<h3>\u00a0<b>Azahar, Citrus aurantium<\/b><\/h3>\n<p><em>Conocido tambi\u00e9n como Neroli.<\/em><\/p>\n<p><img decoding=\"async\" loading=\"lazy\" class=\"size-medium wp-image-670 alignleft\" src=\"https:\/\/essenciales.com\/blog\/wp-content\/uploads\/azahar_neroli01-300x289.jpg\" alt=\"Flor de azahar\" width=\"300\" height=\"289\" srcset=\"https:\/\/www.essenciales.com\/blog\/wp-content\/uploads\/azahar_neroli01-300x289.jpg 300w, https:\/\/www.essenciales.com\/blog\/wp-content\/uploads\/azahar_neroli01-1024x986.jpg 1024w, https:\/\/www.essenciales.com\/blog\/wp-content\/uploads\/azahar_neroli01-780x751.jpg 780w, https:\/\/www.essenciales.com\/blog\/wp-content\/uploads\/azahar_neroli01-1120x1078.jpg 1120w, https:\/\/www.essenciales.com\/blog\/wp-content\/uploads\/azahar_neroli01.jpg 1396w\" sizes=\"(max-width: 300px) 100vw, 300px\" \/>Es un aroma floral muy intenso y dulce. La flor de azahar proviene de los naranjos y su uso empez\u00f3 a tomar valor como perfume en el siglo XVI cuando la Duquesa de Neroli, un pueblecito italiano, la populariz\u00f3 puesto que la usaba para perfumar sus guantes y de esta manera al saludar desprendieran este dulce olor y as\u00ed lo asociaran con ella y al olerlo la recordaran.<\/p>\n<p>Despu\u00e9s se asoci\u00f3 este aroma y su flor a la virginidad us\u00e1ndose as\u00ed en los ramos de flores de las novias siendo as\u00ed s\u00edmbolo de pureza.<\/p>\n<p>Veamos algunos de los beneficios de este aceite esencial:<\/p>\n<p>Tiene un efecto hipn\u00f3tico y algo sedante, calma los nervios; ayuda a los dolores de barriga por sus efectos contra los espasmos gastrointestinales; \u00a0tiene propiedades antinflamatorias y diur\u00e9ticas limpiando el organismo. Tambi\u00e9n ayuda a fortalecer el sistema inmune y a estimular la mente y la motivaci\u00f3n, alejando as\u00ed la depresi\u00f3n.<\/p>\n<p>A dem\u00e1s se utiliza en muchos productos de est\u00e9tica como perfumes o mascarillas para el cabello.<\/p>\n<p>Del mismo modo que ocurre con la rosa, de la producci\u00f3n del <a href=\"https:\/\/www.essenciales.com\/aceites-esenciales-puros\/aceite-esencial-azahar-neroli.html\">aceite esencial de azahar<\/a> tambi\u00e9n se obtiene una de las mejores aguas florales naturales que existen: el<a href=\"https:\/\/www.essenciales.com\/hidrolatos-naturales\/azahar-neroli-hidrolato.html\"> hidrolato natural de azahar<\/a>.<\/p>\n<h3><\/h3>\n<h3><b>Ylang-Ylang, Cananga odorata<\/b><\/h3>\n<p><em>El aroma del Ylang-ylang es muy ex\u00f3tico, excitante, muy floral.<\/em><\/p>\n<p><img decoding=\"async\" loading=\"lazy\" class=\"alignleft wp-image-672 size-medium\" src=\"https:\/\/essenciales.com\/blog\/wp-content\/uploads\/ylangylang02-300x206.jpg\" alt=\"ylangylang02\" width=\"300\" height=\"206\" srcset=\"https:\/\/www.essenciales.com\/blog\/wp-content\/uploads\/ylangylang02-300x206.jpg 300w, https:\/\/www.essenciales.com\/blog\/wp-content\/uploads\/ylangylang02-780x535.jpg 780w, https:\/\/www.essenciales.com\/blog\/wp-content\/uploads\/ylangylang02.jpg 957w\" sizes=\"(max-width: 300px) 100vw, 300px\" \/>Es una planta muy utilizada en fragancias y perfumes.\u00a0 Procede de Indonesia, donde es com\u00fan cubrir la cama de los reci\u00e9n casados con sus flores: una tradici\u00f3n derivada del uso de esta planta como estimulante sexual. Su efecto afrodis\u00edaco, despierta la sensualidad que cada uno lleva en su interior, crea estados de erotismo, a la vez que relaja el sistema nervioso, aporta sentimientos de amor, inspira creatividad, intuici\u00f3n, ayudando tanto a hombres como mujeres a disfrutar de su propia sexualidad.<\/p>\n<p><a href=\"https:\/\/www.essenciales.com\/aceites-esenciales-puros\/aceite-esencial-ylang-ylang.html\">El aceite esencial de Ylang-ylang<\/a> tiene muchas aplicaciones, vamos a destacar algunas de ellas:<\/p>\n<p>Es beneficioso para calmar el sistema nervioso, tiene una acci\u00f3n regenerante sobre la piel, es un estimulante circulatorio, tambi\u00e9n es efectivo en situaciones de taquicardias y una respiraci\u00f3n acelerada, fortalece y da brillo al cabello utilizado en mascarillas conjuntamente con aceites vegetales, como pueden ser la <a href=\"https:\/\/www.essenciales.com\/aceites-primera-presion-frio\/manteca-karite.html\">manteca de karit\u00e9<\/a>, <a href=\"https:\/\/www.essenciales.com\/aceites-primera-presion-frio\/aceite-coco-primera-presion-frio.html\">coco<\/a> y la <a href=\"https:\/\/www.essenciales.com\/aceites-primera-presion-frio\/aceite-vegetal-jojoba-primera-presion-frio.html\">cera de jojoba<\/a>.<\/p>\n","protected":false},"excerpt":{"rendered":"<p>Bueno, ya estamos en primavera, y con ella llegan las lluvias con su olor a tierra mojada, los \u00e1rboles empiezan a tener brotes verdes y&#8230;<\/p>\n<p class=\"readmore\"><a class=\"more-btn\" href=\"https:\/\/www.essenciales.com\/blog\/primavera-el-despertar-de-las-flores\/\">Leer m\u00e1s<\/a><\/p>\n","protected":false},"author":1,"featured_media":674,"comment_status":"open","ping_status":"open","sticky":false,"template":"","format":"standard","meta":[],"categories":[42,76,75],"tags":[],"yoast_head":"<!-- This site is optimized with the Yoast SEO plugin v19.10 - https:\/\/yoast.com\/wordpress\/plugins\/seo\/ -->\n<title>Primavera, el despertar de las flores | Blog de ESSENCIALES<\/title>\n<meta name=\"robots\" content=\"index, follow, max-snippet:-1, max-image-preview:large, max-video-preview:-1\" \/>\n<link rel=\"canonical\" href=\"https:\/\/www.essenciales.com\/blog\/primavera-el-despertar-de-las-flores\/\" \/>\n<meta property=\"og:locale\" content=\"es_ES\" \/>\n<meta property=\"og:type\" content=\"article\" \/>\n<meta property=\"og:title\" content=\"Primavera, el despertar de las flores | Blog de ESSENCIALES\" \/>\n<meta property=\"og:description\" content=\"Bueno, ya estamos en primavera, y con ella llegan las lluvias con su olor a tierra mojada, los \u00e1rboles empiezan a tener brotes verdes y...Leer m\u00e1s\" \/>\n<meta property=\"og:url\" content=\"https:\/\/www.essenciales.com\/blog\/primavera-el-despertar-de-las-flores\/\" \/>\n<meta property=\"og:site_name\" content=\"Blog de ESSENCIALES\" \/>\n<meta property=\"article:published_time\" content=\"2019-05-27T12:38:09+00:00\" \/>\n<meta property=\"article:modified_time\" content=\"2021-12-28T17:38:24+00:00\" \/>\n<meta property=\"og:image\" content=\"https:\/\/www.essenciales.com\/blog\/wp-content\/uploads\/Primavera_en_Essenciales.jpg\" \/>\n\t<meta property=\"og:image:width\" content=\"1152\" \/>\n\t<meta property=\"og:image:height\" content=\"768\" \/>\n\t<meta property=\"og:image:type\" content=\"image\/jpeg\" \/>\n<meta name=\"author\" content=\"El equipo de Essenciales.com\" \/>\n<meta name=\"twitter:card\" content=\"summary_large_image\" \/>\n<meta name=\"twitter:label1\" content=\"Escrito por\" \/>\n\t<meta name=\"twitter:data1\" content=\"El equipo de Essenciales.com\" \/>\n\t<meta name=\"twitter:label2\" content=\"Tiempo de lectura\" \/>\n\t<meta name=\"twitter:data2\" content=\"6 minutos\" \/>\n<script type=\"application\/ld+json\" class=\"yoast-schema-graph\">{\"@context\":\"https:\/\/schema.org\",\"@graph\":[{\"@type\":\"WebPage\",\"@id\":\"https:\/\/www.essenciales.com\/blog\/primavera-el-despertar-de-las-flores\/\",\"url\":\"https:\/\/www.essenciales.com\/blog\/primavera-el-despertar-de-las-flores\/\",\"name\":\"Primavera, el despertar de las flores | Blog de ESSENCIALES\",\"isPartOf\":{\"@id\":\"https:\/\/www.essenciales.com\/blog\/#website\"},\"datePublished\":\"2019-05-27T12:38:09+00:00\",\"dateModified\":\"2021-12-28T17:38:24+00:00\",\"author\":{\"@id\":\"https:\/\/www.essenciales.com\/blog\/#\/schema\/person\/1998fe4d7c1006727445a20f444bfea3\"},\"breadcrumb\":{\"@id\":\"https:\/\/www.essenciales.com\/blog\/primavera-el-despertar-de-las-flores\/#breadcrumb\"},\"inLanguage\":\"es\",\"potentialAction\":[{\"@type\":\"ReadAction\",\"target\":[\"https:\/\/www.essenciales.com\/blog\/primavera-el-despertar-de-las-flores\/\"]}]},{\"@type\":\"BreadcrumbList\",\"@id\":\"https:\/\/www.essenciales.com\/blog\/primavera-el-despertar-de-las-flores\/#breadcrumb\",\"itemListElement\":[{\"@type\":\"ListItem\",\"position\":1,\"name\":\"Portada\",\"item\":\"https:\/\/www.essenciales.com\/blog\/\"},{\"@type\":\"ListItem\",\"position\":2,\"name\":\"Primavera, el despertar de las flores\"}]},{\"@type\":\"WebSite\",\"@id\":\"https:\/\/www.essenciales.com\/blog\/#website\",\"url\":\"https:\/\/www.essenciales.com\/blog\/\",\"name\":\"Blog de ESSENCIALES\",\"description\":\"Conoce todas las propiedades de los aceites esenciales y vegetales, as\u00ed como sus usos y remedios naturales\",\"potentialAction\":[{\"@type\":\"SearchAction\",\"target\":{\"@type\":\"EntryPoint\",\"urlTemplate\":\"https:\/\/www.essenciales.com\/blog\/?s={search_term_string}\"},\"query-input\":\"required name=search_term_string\"}],\"inLanguage\":\"es\"},{\"@type\":\"Person\",\"@id\":\"https:\/\/www.essenciales.com\/blog\/#\/schema\/person\/1998fe4d7c1006727445a20f444bfea3\",\"name\":\"El equipo de Essenciales.com\",\"sameAs\":[\"https:\/\/www.essenciales.com\"]}]}<\/script>\n<!-- \/ Yoast SEO plugin. -->","yoast_head_json":{"title":"Primavera, el despertar de las flores | Blog de ESSENCIALES","robots":{"index":"index","follow":"follow","max-snippet":"max-snippet:-1","max-image-preview":"max-image-preview:large","max-video-preview":"max-video-preview:-1"},"canonical":"https:\/\/www.essenciales.com\/blog\/primavera-el-despertar-de-las-flores\/","og_locale":"es_ES","og_type":"article","og_title":"Primavera, el despertar de las flores | Blog de ESSENCIALES","og_description":"Bueno, ya estamos en primavera, y con ella llegan las lluvias con su olor a tierra mojada, los \u00e1rboles empiezan a tener brotes verdes y...Leer m\u00e1s","og_url":"https:\/\/www.essenciales.com\/blog\/primavera-el-despertar-de-las-flores\/","og_site_name":"Blog de ESSENCIALES","article_published_time":"2019-05-27T12:38:09+00:00","article_modified_time":"2021-12-28T17:38:24+00:00","og_image":[{"width":1152,"height":768,"url":"https:\/\/www.essenciales.com\/blog\/wp-content\/uploads\/Primavera_en_Essenciales.jpg","type":"image\/jpeg"}],"author":"El equipo de Essenciales.com","twitter_card":"summary_large_image","twitter_misc":{"Escrito por":"El equipo de Essenciales.com","Tiempo de lectura":"6 minutos"},"schema":{"@context":"https:\/\/schema.org","@graph":[{"@type":"WebPage","@id":"https:\/\/www.essenciales.com\/blog\/primavera-el-despertar-de-las-flores\/","url":"https:\/\/www.essenciales.com\/blog\/primavera-el-despertar-de-las-flores\/","name":"Primavera, el despertar de las flores | Blog de ESSENCIALES","isPartOf":{"@id":"https:\/\/www.essenciales.com\/blog\/#website"},"datePublished":"2019-05-27T12:38:09+00:00","dateModified":"2021-12-28T17:38:24+00:00","author":{"@id":"https:\/\/www.essenciales.com\/blog\/#\/schema\/person\/1998fe4d7c1006727445a20f444bfea3"},"breadcrumb":{"@id":"https:\/\/www.essenciales.com\/blog\/primavera-el-despertar-de-las-flores\/#breadcrumb"},"inLanguage":"es","potentialAction":[{"@type":"ReadAction","target":["https:\/\/www.essenciales.com\/blog\/primavera-el-despertar-de-las-flores\/"]}]},{"@type":"BreadcrumbList","@id":"https:\/\/www.essenciales.com\/blog\/primavera-el-despertar-de-las-flores\/#breadcrumb","itemListElement":[{"@type":"ListItem","position":1,"name":"Portada","item":"https:\/\/www.essenciales.com\/blog\/"},{"@type":"ListItem","position":2,"name":"Primavera, el despertar de las flores"}]},{"@type":"WebSite","@id":"https:\/\/www.essenciales.com\/blog\/#website","url":"https:\/\/www.essenciales.com\/blog\/","name":"Blog de ESSENCIALES","description":"Conoce todas las propiedades de los aceites esenciales y vegetales, as\u00ed como sus usos y remedios naturales","potentialAction":[{"@type":"SearchAction","target":{"@type":"EntryPoint","urlTemplate":"https:\/\/www.essenciales.com\/blog\/?s={search_term_string}"},"query-input":"required name=search_term_string"}],"inLanguage":"es"},{"@type":"Person","@id":"https:\/\/www.essenciales.com\/blog\/#\/schema\/person\/1998fe4d7c1006727445a20f444bfea3","name":"El equipo de Essenciales.com","sameAs":["https:\/\/www.essenciales.com"]}]}},"_links":{"self":[{"href":"https:\/\/www.essenciales.com\/blog\/wp-json\/wp\/v2\/posts\/663"}],"collection":[{"href":"https:\/\/www.essenciales.com\/blog\/wp-json\/wp\/v2\/posts"}],"about":[{"href":"https:\/\/www.essenciales.com\/blog\/wp-json\/wp\/v2\/types\/post"}],"author":[{"embeddable":true,"href":"https:\/\/www.essenciales.com\/blog\/wp-json\/wp\/v2\/users\/1"}],"replies":[{"embeddable":true,"href":"https:\/\/www.essenciales.com\/blog\/wp-json\/wp\/v2\/comments?post=663"}],"version-history":[{"count":11,"href":"https:\/\/www.essenciales.com\/blog\/wp-json\/wp\/v2\/posts\/663\/revisions"}],"predecessor-version":[{"id":1575,"href":"https:\/\/www.essenciales.com\/blog\/wp-json\/wp\/v2\/posts\/663\/revisions\/1575"}],"wp:featuredmedia":[{"embeddable":true,"href":"https:\/\/www.essenciales.com\/blog\/wp-json\/wp\/v2\/media\/674"}],"wp:attachment":[{"href":"https:\/\/www.essenciales.com\/blog\/wp-json\/wp\/v2\/media?parent=663"}],"wp:term":[{"taxonomy":"category","embeddable":true,"href":"https:\/\/www.essenciales.com\/blog\/wp-json\/wp\/v2\/categories?post=663"},{"taxonomy":"post_tag","embeddable":true,"href":"https:\/\/www.essenciales.com\/blog\/wp-json\/wp\/v2\/tags?post=663"}],"curies":[{"name":"wp","href":"https:\/\/api.w.org\/{rel}","templated":true}]}}