{"id":678,"date":"2019-06-05T17:18:16","date_gmt":"2019-06-05T15:18:16","guid":{"rendered":"https:\/\/essenciales.com\/blog\/?p=678"},"modified":"2022-05-16T10:56:17","modified_gmt":"2022-05-16T08:56:17","slug":"al-buen-tiempo-piel-sana","status":"publish","type":"post","link":"https:\/\/www.essenciales.com\/blog\/al-buen-tiempo-piel-sana\/","title":{"rendered":"3 Consejos para preparar la piel para el Verano"},"content":{"rendered":"<p>Ya tenemos encima el buen tiempo y con \u00e9l llegan las tardes infinitas, las terrazas a rebosar y sobretodo el sol y la playa. De estos dos puntos es de lo que vamos a hablar hoy. Y es que, a pesar de ser dos de las mejores cosas del verano, son tambi\u00e9n un problema para nuestra piel.<\/p>\n<p>Generalmente en verano nuestra piel se resiente, la sequedad del ambiente y la larga exposici\u00f3n solar no son buenas aliadas para mantener una piel sana.<\/p>\n<p>El verano llegar\u00e1 pisando fuerte el 21 de Junio y desde el equipo de Essenciales queremos que est\u00e9is preparados para esta estaci\u00f3n del a\u00f1o, <strong>d\u00e1ndole un cuidado especial a nuestra piel para que no sufra ning\u00fan da\u00f1o<\/strong>. Y adem\u00e1s tenemos un consejo especial para la gente a quien le guste el morenito\u2026<\/p>\n<p>Aqu\u00ed os dejamos unos consejos para antes de tomar el sol:<!--more--><\/p>\n<h2><img decoding=\"async\" loading=\"lazy\" class=\"wp-image-682 alignleft\" src=\"https:\/\/essenciales.com\/blog\/wp-content\/uploads\/playa-essenciales-aceites.gif\" alt=\"Aceites esenciales y vegetales para el sol\" width=\"407\" height=\"692\" \/><\/h2>\n<h2>CONSEJO 1: Antes de exponerte al sol, empieza a estimular la capacidad bronceadora de tu piel<\/h2>\n<p>El sol emite rayos UVA y UVB que no son filtrados por la capa de ozono del planeta. Como consecuencia, llegan al tejido de la piel, estimulando uno de los mecanismos naturales de defensa del cuerpo contra los rayos ultravioleta: la s\u00edntesis de la melanina. Este fen\u00f3meno es el responsable de la coloraci\u00f3n de la piel y del bronceado.<\/p>\n<p>La cosa es que cuando la piel no ha estado expuesta al sol durante alg\u00fan tiempo, tiene un nivel muy bajo de melanina, lo que implica que es mucho m\u00e1s dif\u00edcil para la piel defenderse de los rayos UV. Para preparar tu piel para la exposici\u00f3n al sol &#8211; lo que se debe hacer al menos una semana antes de ir de vacaciones- empieza a estimular la s\u00edntesis de melanina y el bronceado natural <strong>para evitar quemaduras y la pigmentaci\u00f3n solar<\/strong>.<\/p>\n<p>Para ello utilizaremos aceites esenciales de <a href=\"https:\/\/www.essenciales.com\/aceites-esenciales-puros\/aceite-esencial-bergamota.html\">bergamota<\/a> (solo de noche) y de <a href=\"https:\/\/www.essenciales.com\/aceites-esenciales-puros\/aceite-esencial-zanahoria.html\">zanahoria<\/a> y potenciar las defensas naturales de la piel. Tambi\u00e9n usaremos el <a href=\"https:\/\/www.essenciales.com\/aceites-bio\/macerado-de-zanahoria-bio.html\">macerado de zanahoria<\/a>\u00a0 para estimular la producci\u00f3n de melanina. Los Aceites\u00a0 vegetales\u00a0 de <a href=\"https:\/\/www.essenciales.com\/aceites-primera-presion-frio\/aceite-rosa-mosqueta-primera-presion-frio.html\">rosa mosqueta<\/a>, <a href=\"https:\/\/www.essenciales.com\/aceites-primera-presion-frio\/manteca-karite.html\">manteca de karit\u00e9<\/a> y de coco tambi\u00e9n ayudan a reducir la deshidrataci\u00f3n y a preservar un aspecto joven en la piel.<\/p>\n<p>Debemos aplicarlos en rostro y cuerpo al menos una semana antes de la exposici\u00f3n al sol.<\/p>\n<h2>CONSEJO 2: Exfoliar la piel<\/h2>\n<p><strong>Otra buena manera de preparar tu piel es exfoliarla antes de la exposici\u00f3n al sol<\/strong> para eliminar las c\u00e9lulas muertas que impedir\u00edan que la piel obtenga un bronceado uniforme.<\/p>\n<h3>Estos son algunos exfoliantes naturales que pod\u00e9is hacer en casa:<\/h3>\n<ul>\n<li>Az\u00facar y <a href=\"https:\/\/www.essenciales.com\/aceites-primera-presion-frio\/aceite-vegetal-oliva-arbequina-primera-presion-frio-.html\">aceite de oliva<\/a> ( para zonas secas como codos o labios)<\/li>\n<li>Sal epson o de himalaya y <a href=\"https:\/\/www.essenciales.com\/aceites-primera-presion-frio\/aceite-rosa-mosqueta-primera-presion-frio.html\">rosa mosqueta<\/a>.<\/li>\n<li>Avena y miel<\/li>\n<li>Sal marina y aceite de <a href=\"https:\/\/www.essenciales.com\/aceites-primera-presion-frio\/aceite-vegetal-oliva-arbequina-primera-presion-frio-.html\">oliva<\/a> o <a href=\"https:\/\/www.essenciales.com\/aceites-primera-presion-frio\/aceite-coco-primera-presion-frio.html\">coco<\/a><\/li>\n<\/ul>\n<p>&nbsp;<\/p>\n<h2>CONSEJO 3: Hidrata y nutre tu piel<\/h2>\n<p><strong>La hidrataci\u00f3n de la piel es muy importante despu\u00e9s de la exposici\u00f3n solar<\/strong>, pero tambi\u00e9n lo es antes. Un aceite vegetal\u00a0 no proteger\u00e1 tu piel del sol, pero ayudar\u00e1 a limitar sus da\u00f1os. De hecho, la piel seca tiene m\u00e1s probabilidades de quemarse con el sol, ya que es mucho m\u00e1s vulnerable a los rayos UV. Hidratar y nutrir profundamente la piel con aceites vegetales antes de exponerse al sol ayudar\u00e1 a reconstruir su capa protectora.<\/p>\n<h3>Algunos aceites vegetales para hidratar y proteger la piel son:<\/h3>\n<ul>\n<li><a href=\"https:\/\/www.essenciales.com\/aceites-primera-presion-frio\/aceite-rosa-mosqueta-primera-presion-frio.html\">Rosa Mosqueta<\/a><\/li>\n<li><a href=\"https:\/\/www.essenciales.com\/aceites-primera-presion-frio\/manteca-karite.html\">Manteca de karit\u00e9<\/a><\/li>\n<li><a href=\"https:\/\/www.essenciales.com\/aceites-primera-presion-frio\/aceite-sesamo-primera-presion-frio.html\">S\u00e9samo<\/a><\/li>\n<li><a href=\"https:\/\/www.essenciales.com\/aceites-primera-presion-frio\/aceite-de-aguacate-1-presion-frio.html\">Aguacate<\/a><\/li>\n<li><a href=\"https:\/\/www.essenciales.com\/aceites-primera-presion-frio\/aceite-coco-primera-presion-frio.html\">Coco<\/a><\/li>\n<li><a href=\"https:\/\/www.essenciales.com\/aceites-primera-presion-frio\/aceite-vegetal-frambuesa-primera-presion-frio.html\">Frambuesa<\/a><\/li>\n<\/ul>\n<h3>AfterSun natural<\/h3>\n<p>Si ya es tarde y te has quemado, te puedes preparar un aftersun. <a href=\"https:\/\/www.essenciales.com\/blog\/protegete-con-esta-receta-aftersun\/\">En este art\u00edculo te contamos como preparar un aftersun 100% natural.<\/a><\/p>\n<h2>Nuestro consejo especial:<\/h2>\n<p>Debemos confesar que nos encanta el verano, la playa y el moreno; y por ello tenemos algunos trucos para que tu piel luzca estupenda.<\/p>\n<h4>Usa un aceite iluminador para resaltar tu moreno<\/h4>\n<p>S\u00ed, un iluminador corporal de un tono rosado, dorado o plateado (si est\u00e1s m\u00e1s blanquito), har\u00e1 que tu moreno parezca m\u00e1s intenso y adem\u00e1s le dar\u00e1 un brillo especial a la piel.<\/p>\n<h4><img decoding=\"async\" loading=\"lazy\" class=\" wp-image-686 alignleft\" src=\"https:\/\/essenciales.com\/blog\/wp-content\/uploads\/bebe_mango_bronceado_piel_verano_melanina-199x300.gif\" alt=\"bebe_mango_bronceado_piel_verano_melanina\" width=\"357\" height=\"538\" \/>Alimentos para favorecer el bronceado:<\/h4>\n<p>No, no nos hemos vuelto locos, la ingesta de <strong>alimentos que activan la melanina<\/strong> son nuestros grandes aliados para el verano: zanahoria, mango, naranja, tomate, calabaza, etc.<br \/>\nNuestra forma favorita de tomarlos es con un buen zumo ma\u00f1anero de mango, naranja y zanahoria, adem\u00e1s de estar delicioso y ser refrescante, ayudar\u00e1 a tu piel a activarse y estar m\u00e1s receptiva al sol.<\/p>\n<h4>Formas de combinar nuestros aceites para preparar y proteger nuestra piel del sol:<\/h4>\n<p>En un recipiente de 50 ml mezclar:<\/p>\n<p><strong>Para una piel muy seca:<\/strong> aceite vegetal de <a href=\"https:\/\/www.essenciales.com\/aceites-primera-presion-frio\/aceite-rosa-mosqueta-primera-presion-frio.html\">rosa mosqueta<\/a> +<a href=\"https:\/\/www.essenciales.com\/aceites-esenciales-puros\/aceite-esencial-zanahoria.html\"> aceite esencial de zanahoria<\/a> 5 gotas + <a href=\"https:\/\/www.essenciales.com\/aceites-esenciales-puros\/aceite-esencial-mirra.html\">aceite esencial de mirra<\/a> 8 gotas + <a href=\"https:\/\/www.essenciales.com\/aceites-esenciales-puros\/aceite-esencial-palmarosa.html\">aceite esencial de palmarosa<\/a> 12 gotas<\/p>\n<p><strong>Para proteger la piel del sol:<\/strong> aceite vegetal de <a href=\"https:\/\/www.essenciales.com\/aceites-primera-presion-frio\/aceite-de-aguacate-1-presion-frio.html\">aguacate<\/a> 50% + <a href=\"https:\/\/www.essenciales.com\/aceites-primera-presion-frio\/aceite-sesamo-primera-presion-frio.html\">s\u00e9samo<\/a> 50% Aunque no sirve como protector 100%\u00a0 para exponerse a la luz del sol, s\u00ed que ayudar\u00e1 a la piel a estar m\u00e1s cuidada ante \u00e9ste.<\/p>\n<p><strong>Para preparar la piel <em>para ese bronceado tan deseado<\/em>:<\/strong> <a href=\"https:\/\/www.essenciales.com\/aceites-bio\/macerado-de-zanahoria-bio.html\">macerado de zanahoria<\/a> + 10 gotas de <a href=\"https:\/\/www.essenciales.com\/aceites-esenciales-puros\/aceite-esencial-zanahoria.html\">aceite esencial de zanahoria<\/a> + 15 gotas\u00a0 de <a href=\"https:\/\/www.essenciales.com\/aceites-esenciales-puros\/aceite-esencial-bergamota.html\">aceite esencial de bergamota<\/a>. (debe ser aplicado de noche, puesto que la bergamota es fotosensible).<\/p>\n<p>Como nota final no olvidar el poder reparador tras una sobre-exposici\u00f3n solar del <a href=\"https:\/\/www.essenciales.com\/aceites-naturales\/macerado-de-hiperico.html\">macerado de hip\u00e9rico<\/a> (sus virtudes calmantes son muy populares); aunque siempre debe aplicarse de noche, pues tambi\u00e9n es fotosensible. Por lo que no debemos exponer al sol las zonas donde lo apliquemos.<\/p>\n<p>Cuidaos mucho esta temporada y preparad vuestro cuerpo para el verano empezando por visitar alguna terracita, nosotros os escribiremos muy pronto con m\u00e1s consejos para el verano pero de momento\u2026 \u00a1a disfrutar!<\/p>\n","protected":false},"excerpt":{"rendered":"<p>Ya tenemos encima el buen tiempo y con \u00e9l llegan las tardes infinitas, las terrazas a rebosar y sobretodo el sol y la playa. De&#8230;<\/p>\n<p class=\"readmore\"><a class=\"more-btn\" href=\"https:\/\/www.essenciales.com\/blog\/al-buen-tiempo-piel-sana\/\">Leer m\u00e1s<\/a><\/p>\n","protected":false},"author":1,"featured_media":681,"comment_status":"open","ping_status":"open","sticky":false,"template":"","format":"standard","meta":[],"categories":[42,76,104,141],"tags":[],"yoast_head":"<!-- This site is optimized with the Yoast SEO plugin v19.10 - https:\/\/yoast.com\/wordpress\/plugins\/seo\/ -->\n<title>3 Consejos para preparar la piel para el Verano | Blog de ESSENCIALES<\/title>\n<meta name=\"description\" content=\"Preparar la piel antes de la exposici\u00f3n solar para conseguir el mejor bronceado, proteger nuestra piel, y aliviar las quemaduras provocadas por el sol.\" \/>\n<meta name=\"robots\" content=\"index, follow, max-snippet:-1, max-image-preview:large, max-video-preview:-1\" \/>\n<link rel=\"canonical\" href=\"https:\/\/www.essenciales.com\/blog\/al-buen-tiempo-piel-sana\/\" \/>\n<meta property=\"og:locale\" content=\"es_ES\" \/>\n<meta property=\"og:type\" content=\"article\" \/>\n<meta property=\"og:title\" content=\"3 Consejos para preparar la piel para el Verano | Blog de ESSENCIALES\" \/>\n<meta property=\"og:description\" content=\"Preparar la piel antes de la exposici\u00f3n solar para conseguir el mejor bronceado, proteger nuestra piel, y aliviar las quemaduras provocadas por el sol.\" \/>\n<meta property=\"og:url\" content=\"https:\/\/www.essenciales.com\/blog\/al-buen-tiempo-piel-sana\/\" \/>\n<meta property=\"og:site_name\" content=\"Blog de ESSENCIALES\" \/>\n<meta property=\"article:published_time\" content=\"2019-06-05T15:18:16+00:00\" \/>\n<meta property=\"article:modified_time\" content=\"2022-05-16T08:56:17+00:00\" \/>\n<meta property=\"og:image\" content=\"https:\/\/www.essenciales.com\/blog\/wp-content\/uploads\/essenciales-piel-verano.gif\" \/>\n\t<meta property=\"og:image:width\" content=\"1000\" \/>\n\t<meta property=\"og:image:height\" content=\"681\" \/>\n\t<meta property=\"og:image:type\" content=\"image\/gif\" \/>\n<meta name=\"author\" content=\"El equipo de Essenciales.com\" \/>\n<meta name=\"twitter:card\" content=\"summary_large_image\" \/>\n<meta name=\"twitter:label1\" content=\"Escrito por\" \/>\n\t<meta name=\"twitter:data1\" content=\"El equipo de Essenciales.com\" \/>\n\t<meta name=\"twitter:label2\" content=\"Tiempo de lectura\" \/>\n\t<meta name=\"twitter:data2\" content=\"5 minutos\" \/>\n<script type=\"application\/ld+json\" class=\"yoast-schema-graph\">{\"@context\":\"https:\/\/schema.org\",\"@graph\":[{\"@type\":\"WebPage\",\"@id\":\"https:\/\/www.essenciales.com\/blog\/al-buen-tiempo-piel-sana\/\",\"url\":\"https:\/\/www.essenciales.com\/blog\/al-buen-tiempo-piel-sana\/\",\"name\":\"3 Consejos para preparar la piel para el Verano | Blog de ESSENCIALES\",\"isPartOf\":{\"@id\":\"https:\/\/www.essenciales.com\/blog\/#website\"},\"datePublished\":\"2019-06-05T15:18:16+00:00\",\"dateModified\":\"2022-05-16T08:56:17+00:00\",\"author\":{\"@id\":\"https:\/\/www.essenciales.com\/blog\/#\/schema\/person\/1998fe4d7c1006727445a20f444bfea3\"},\"description\":\"Preparar la piel antes de la exposici\u00f3n solar para conseguir el mejor bronceado, proteger nuestra piel, y aliviar las quemaduras provocadas por el sol.\",\"breadcrumb\":{\"@id\":\"https:\/\/www.essenciales.com\/blog\/al-buen-tiempo-piel-sana\/#breadcrumb\"},\"inLanguage\":\"es\",\"potentialAction\":[{\"@type\":\"ReadAction\",\"target\":[\"https:\/\/www.essenciales.com\/blog\/al-buen-tiempo-piel-sana\/\"]}]},{\"@type\":\"BreadcrumbList\",\"@id\":\"https:\/\/www.essenciales.com\/blog\/al-buen-tiempo-piel-sana\/#breadcrumb\",\"itemListElement\":[{\"@type\":\"ListItem\",\"position\":1,\"name\":\"Portada\",\"item\":\"https:\/\/www.essenciales.com\/blog\/\"},{\"@type\":\"ListItem\",\"position\":2,\"name\":\"3 Consejos para preparar la piel para el Verano\"}]},{\"@type\":\"WebSite\",\"@id\":\"https:\/\/www.essenciales.com\/blog\/#website\",\"url\":\"https:\/\/www.essenciales.com\/blog\/\",\"name\":\"Blog de ESSENCIALES\",\"description\":\"Conoce todas las propiedades de los aceites esenciales y vegetales, as\u00ed como sus usos y remedios naturales\",\"potentialAction\":[{\"@type\":\"SearchAction\",\"target\":{\"@type\":\"EntryPoint\",\"urlTemplate\":\"https:\/\/www.essenciales.com\/blog\/?s={search_term_string}\"},\"query-input\":\"required name=search_term_string\"}],\"inLanguage\":\"es\"},{\"@type\":\"Person\",\"@id\":\"https:\/\/www.essenciales.com\/blog\/#\/schema\/person\/1998fe4d7c1006727445a20f444bfea3\",\"name\":\"El equipo de Essenciales.com\",\"sameAs\":[\"https:\/\/www.essenciales.com\"]}]}<\/script>\n<!-- \/ Yoast SEO plugin. -->","yoast_head_json":{"title":"3 Consejos para preparar la piel para el Verano | Blog de ESSENCIALES","description":"Preparar la piel antes de la exposici\u00f3n solar para conseguir el mejor bronceado, proteger nuestra piel, y aliviar las quemaduras provocadas por el sol.","robots":{"index":"index","follow":"follow","max-snippet":"max-snippet:-1","max-image-preview":"max-image-preview:large","max-video-preview":"max-video-preview:-1"},"canonical":"https:\/\/www.essenciales.com\/blog\/al-buen-tiempo-piel-sana\/","og_locale":"es_ES","og_type":"article","og_title":"3 Consejos para preparar la piel para el Verano | Blog de ESSENCIALES","og_description":"Preparar la piel antes de la exposici\u00f3n solar para conseguir el mejor bronceado, proteger nuestra piel, y aliviar las quemaduras provocadas por el sol.","og_url":"https:\/\/www.essenciales.com\/blog\/al-buen-tiempo-piel-sana\/","og_site_name":"Blog de ESSENCIALES","article_published_time":"2019-06-05T15:18:16+00:00","article_modified_time":"2022-05-16T08:56:17+00:00","og_image":[{"width":1000,"height":681,"url":"https:\/\/www.essenciales.com\/blog\/wp-content\/uploads\/essenciales-piel-verano.gif","type":"image\/gif"}],"author":"El equipo de Essenciales.com","twitter_card":"summary_large_image","twitter_misc":{"Escrito por":"El equipo de Essenciales.com","Tiempo de lectura":"5 minutos"},"schema":{"@context":"https:\/\/schema.org","@graph":[{"@type":"WebPage","@id":"https:\/\/www.essenciales.com\/blog\/al-buen-tiempo-piel-sana\/","url":"https:\/\/www.essenciales.com\/blog\/al-buen-tiempo-piel-sana\/","name":"3 Consejos para preparar la piel para el Verano | Blog de ESSENCIALES","isPartOf":{"@id":"https:\/\/www.essenciales.com\/blog\/#website"},"datePublished":"2019-06-05T15:18:16+00:00","dateModified":"2022-05-16T08:56:17+00:00","author":{"@id":"https:\/\/www.essenciales.com\/blog\/#\/schema\/person\/1998fe4d7c1006727445a20f444bfea3"},"description":"Preparar la piel antes de la exposici\u00f3n solar para conseguir el mejor bronceado, proteger nuestra piel, y aliviar las quemaduras provocadas por el sol.","breadcrumb":{"@id":"https:\/\/www.essenciales.com\/blog\/al-buen-tiempo-piel-sana\/#breadcrumb"},"inLanguage":"es","potentialAction":[{"@type":"ReadAction","target":["https:\/\/www.essenciales.com\/blog\/al-buen-tiempo-piel-sana\/"]}]},{"@type":"BreadcrumbList","@id":"https:\/\/www.essenciales.com\/blog\/al-buen-tiempo-piel-sana\/#breadcrumb","itemListElement":[{"@type":"ListItem","position":1,"name":"Portada","item":"https:\/\/www.essenciales.com\/blog\/"},{"@type":"ListItem","position":2,"name":"3 Consejos para preparar la piel para el Verano"}]},{"@type":"WebSite","@id":"https:\/\/www.essenciales.com\/blog\/#website","url":"https:\/\/www.essenciales.com\/blog\/","name":"Blog de ESSENCIALES","description":"Conoce todas las propiedades de los aceites esenciales y vegetales, as\u00ed como sus usos y remedios naturales","potentialAction":[{"@type":"SearchAction","target":{"@type":"EntryPoint","urlTemplate":"https:\/\/www.essenciales.com\/blog\/?s={search_term_string}"},"query-input":"required name=search_term_string"}],"inLanguage":"es"},{"@type":"Person","@id":"https:\/\/www.essenciales.com\/blog\/#\/schema\/person\/1998fe4d7c1006727445a20f444bfea3","name":"El equipo de Essenciales.com","sameAs":["https:\/\/www.essenciales.com"]}]}},"_links":{"self":[{"href":"https:\/\/www.essenciales.com\/blog\/wp-json\/wp\/v2\/posts\/678"}],"collection":[{"href":"https:\/\/www.essenciales.com\/blog\/wp-json\/wp\/v2\/posts"}],"about":[{"href":"https:\/\/www.essenciales.com\/blog\/wp-json\/wp\/v2\/types\/post"}],"author":[{"embeddable":true,"href":"https:\/\/www.essenciales.com\/blog\/wp-json\/wp\/v2\/users\/1"}],"replies":[{"embeddable":true,"href":"https:\/\/www.essenciales.com\/blog\/wp-json\/wp\/v2\/comments?post=678"}],"version-history":[{"count":15,"href":"https:\/\/www.essenciales.com\/blog\/wp-json\/wp\/v2\/posts\/678\/revisions"}],"predecessor-version":[{"id":1714,"href":"https:\/\/www.essenciales.com\/blog\/wp-json\/wp\/v2\/posts\/678\/revisions\/1714"}],"wp:featuredmedia":[{"embeddable":true,"href":"https:\/\/www.essenciales.com\/blog\/wp-json\/wp\/v2\/media\/681"}],"wp:attachment":[{"href":"https:\/\/www.essenciales.com\/blog\/wp-json\/wp\/v2\/media?parent=678"}],"wp:term":[{"taxonomy":"category","embeddable":true,"href":"https:\/\/www.essenciales.com\/blog\/wp-json\/wp\/v2\/categories?post=678"},{"taxonomy":"post_tag","embeddable":true,"href":"https:\/\/www.essenciales.com\/blog\/wp-json\/wp\/v2\/tags?post=678"}],"curies":[{"name":"wp","href":"https:\/\/api.w.org\/{rel}","templated":true}]}}