{"id":694,"date":"2019-06-27T15:12:38","date_gmt":"2019-06-27T13:12:38","guid":{"rendered":"https:\/\/essenciales.com\/blog\/?p=694"},"modified":"2020-06-26T18:18:01","modified_gmt":"2020-06-26T16:18:01","slug":"el-verano-y-los-aceites-esenciales","status":"publish","type":"post","link":"https:\/\/www.essenciales.com\/blog\/el-verano-y-los-aceites-esenciales\/","title":{"rendered":"El verano y los aceites esenciales"},"content":{"rendered":"<p><strong>\u00a1Ya est\u00e1 aqu\u00ed el verano!<\/strong><\/p>\n<p>Oficialmente ya estamos en verano , desde el pasado 21 de junio hasta el pr\u00f3ximo 23 de septiembre disfrutaremos de la estaci\u00f3n m\u00e1s calurosa del a\u00f1o. Sabemos que el verano hace que la gente se divida est\u00e1n los que lo adoran y los que lo odian, aqu\u00ed no hay punto medio.<\/p>\n<p>Y es que el verano es una gran \u00e9poca del a\u00f1o, hace buen tiempo y tenemos horas de sol para aburrir, vamos a la playa y a piscinas y,con suerte, disfrutamos de unas buenas vacaciones; pero, \u00bfes oro todo lo que reluce? Quemaduras, calor, mosquitos, rozaduras en los muslos, etc.<\/p>\n<p>En los siguientes puntos vamos a ir intentando buscar soluci\u00f3n a algunos de estos problemas para hacer vuestro verano mejor. Hoy queremos hablar de los problemas m\u00e1s urgentes:<!--more--><\/p>\n<h2>C\u00f3mo os pueden ayudar los aceites y los aceites esenciales para cuidar la piel, aliviar las quemaduras y cuidar el cabello durante el verano<\/h2>\n<p>Como ya hemos comentado el sol es muy peligroso, puede causarnos numerosos problemas en la piel, por\u00a0 lo que debemos tener cuidado y tomar las precauciones necesarias para protegernos.<\/p>\n<h3>Aceites para proteger nuestra piel del sol<\/h3>\n<div id=\"attachment_700\" style=\"width: 469px\" class=\"wp-caption alignleft\"><img aria-describedby=\"caption-attachment-700\" decoding=\"async\" loading=\"lazy\" class=\"wp-image-700\" src=\"https:\/\/essenciales.com\/blog\/wp-content\/uploads\/aceites-naturales-piel-verano-300x200.gif\" alt=\"Cuidado piel en verano con aceites naturales de Essenciales\" width=\"459\" height=\"306\" \/><p id=\"caption-attachment-700\" class=\"wp-caption-text\">Aliviar la piel tras tomar el sol con aceites naturales es fundamental para su hidrataci\u00f3n y regeneraci\u00f3n.<\/p><\/div>\n<h4>El aceite virgen de germen de trigo<\/h4>\n<p>Los beneficios del <a href=\"https:\/\/www.essenciales.com\/aceites-primera-presion-frio\/aceite-vegetal-germen-trigo-primera-presion-frio.html\">aceite de germen de trigo<\/a> son muchos, contiene 23 nutrientes diferentes, incluyendo prote\u00ednas, vitaminas B, \u00e1cidos grasos omega-3, hierro y calcio, lo que lo hace especialmente adecuado para hidratar y suavizar la piel.<\/p>\n<p>Estos nutrientes no s\u00f3lo hidratan y\u00a0 regeneran la piel seca o agrietada, sino que tambi\u00e9n ayudan a prevenir las lesiones de la piel.<br \/>\nEn particular, el aceite de germen de trigo es una rica fuente de vitamina E, que ayuda a reducir las lesiones d\u00e9rmicas,y ayuda a combatir los radicales libres, apoyar la formaci\u00f3n saludable de col\u00e1geno y mantener un tono uniforme.<\/p>\n<h4>Aceite vegetal de semillas de frambuesa<\/h4>\n<p>El<a href=\"https:\/\/www.essenciales.com\/aceites-primera-presion-frio\/aceite-vegetal-frambuesa-primera-presion-frio.html\"> aceite de semilla de frambuesa<\/a> ofrece beneficios antienvejecimiento al mejorar la elasticidad y la flexibilidad de la piel, al mismo tiempo que suaviza y alisa el aspecto de las arrugas y la piel fl\u00e1cida.<br \/>\nEs un complemento ideal para\u00a0 aceites faciales, lociones y cremas para pieles secas, deshidratadas, sensibles y maduras o envejecidas, y un buen aliado en el cuidado labial, puesto que forma una barrera que previene la p\u00e9rdida de humedad y protege la piel de elementos da\u00f1inos.<\/p>\n<p><strong>Si ya hab\u00e9is tenido la mala suerte de quemaros, los siguientes aceites os ayudar\u00e1n a calmar la piel y mejorarla:<\/strong><\/p>\n<h4><a href=\"https:\/\/www.essenciales.com\/aceites-naturales\/macerado-de-hiperico.html\">Macerado de hip\u00e9rico<\/a><\/h4>\n<p>Es un gran cicatrizante, ideal para tratar peque\u00f1os cortes, raspones, quemaduras o picaduras de insectos. Es un buen regenerador para la piel,ya que ayuda a regular las gl\u00e1ndulas seb\u00e1ceas. Es importante tener en cuenta que el uso de este aceite debe hacerse de noche ya que es fotosensible. Tampoco debe utilizarse durante el embarazo.<\/p>\n<h4>Aceite esencial de \u00e1rbol del t\u00e9<\/h4>\n<p>El <a href=\"https:\/\/www.essenciales.com\/aceites-esenciales-puros\/aceite-esencial-arbol-de-te.html\">aceite de \u00e1rbol del t\u00e9<\/a> puede ser eficaz para reducir la inflamaci\u00f3n, combatir infecciones de la piel o heridas y reducir el tama\u00f1o de las mismas. Se puede usar para aliviar las quemaduras solares ya que nos ayuda a liberar la excesiva radiaci\u00f3n recibida por la exposici\u00f3n solar, tambi\u00e9n lo podemos utilizar para las llagas y las picaduras de insectos.<\/p>\n<div id=\"attachment_702\" style=\"width: 516px\" class=\"wp-caption alignright\"><img aria-describedby=\"caption-attachment-702\" decoding=\"async\" loading=\"lazy\" class=\"wp-image-702 \" src=\"https:\/\/essenciales.com\/blog\/wp-content\/uploads\/cuidado_piel_verano.gif\" alt=\"Receta aliviar piel tras tomar el sol con aloe y aceites naturales\" width=\"506\" height=\"337\" \/><p id=\"caption-attachment-702\" class=\"wp-caption-text\">Alivia la piel quemada con aloe y aceites naturales<\/p><\/div>\n<h4>Aceite esencial de lavanda<\/h4>\n<p>Siendo un analg\u00e9sico natural, antiinflamatorio y con ricas propiedades antioxidantes, el <a href=\"https:\/\/www.essenciales.com\/aceites-esenciales-puros\/aceite-esencial-lavanda.html\">aceite esencial de lavanda<\/a> ayuda a combatir los s\u00edntomas asociados con las quemaduras solares.<\/p>\n<p>Una manera m\u00e1s eficaz de combatir las quemaduras es mezclando en una <a href=\"https:\/\/www.essenciales.com\/envases-accesorios\/tapon-pulverizador-spray-din18.html\">botella de spray<\/a> limpia\u00a0 1\/4 taza de <a href=\"https:\/\/www.essenciales.com\/otros-extractos\/gel-de-aloe-vera.html\">gel de aloe<\/a>, 2 cucharadas de un aceite portador como el la<a href=\"https:\/\/www.essenciales.com\/aceites-primera-presion-frio\/aceite-vegetal-jojoba-primera-presion-frio.html\"> cera de jojoba<\/a>, 2 cucharadas de agua destilada y 10-12 gotas de <a href=\"https:\/\/www.essenciales.com\/aceites-esenciales-puros\/aceite-esencial-lavanda.html\">aceite esencial de lavanda<\/a>. Agitar bien y rociar sobre la zona de la quemadura solar. Repetir 2-3 veces al d\u00eda para un alivio calmante.<\/p>\n<h3>Aceites para el cuidado del cabello en verano<\/h3>\n<p>Un tormento que a todos nos lleva de cabeza en verano: se nos estropea mucho el pelo.<br \/>\nEl sol, el cloro de las piscinas, el calor, la sal de la playa,el sudor; son solo algunos de los enemigos del cabello en verano. Vamos a conocer algunos aceites que nos ayudar\u00e1n a proteger nuestro pelo:<\/p>\n<div id=\"attachment_698\" style=\"width: 424px\" class=\"wp-caption alignleft\"><img aria-describedby=\"caption-attachment-698\" decoding=\"async\" loading=\"lazy\" class=\" wp-image-698\" src=\"https:\/\/essenciales.com\/blog\/wp-content\/uploads\/cabello_verano_essenciales-300x206.gif\" alt=\"Cabello verano y aceites esenciales\" width=\"414\" height=\"284\" \/><p id=\"caption-attachment-698\" class=\"wp-caption-text\">Proteger el cabello en verano con aceites esenciales<\/p><\/div>\n<h4>Aceite de coco<\/h4>\n<p>El <a href=\"https:\/\/www.essenciales.com\/aceites-primera-presion-frio\/aceite-coco-primera-presion-frio.html\">aceite de coco<\/a> es rico en antioxidantes y \u00e1cidos grasos, y tiene propiedades antivirales, antif\u00fangicas y antibacterianas. Esto permite que el aceite de coco mejore la apariencia, textura y salud de nuestro cabello, adem\u00e1s de protegerlo de la exposici\u00f3n solar.<\/p>\n<h4><a href=\"https:\/\/www.essenciales.com\/aceites-primera-presion-frio\/manteca-karite.html\">Manteca de karit\u00e9<\/a><\/h4>\n<p>Llena de vitaminas A y E junto con \u00e1cidos grasos esenciales. Algunos de estos ingredientes, como el alto contenido de \u00e1cidos grasos en la manteca de karit\u00e9, ayuda a proteger el cabello para que no pierda su propia humedad.<\/p>\n<p>Esto ayuda a reducir la sequedad y prevenir las puntas abiertas. Los \u00e1cidos grasos tambi\u00e9n ayudan a aumentar el brillo y a reducir el frizz del cabello. Tambi\u00e9n puede ayudar a proteger el cabello del da\u00f1o por calor causado por las planchas\u00a0 y el secador.<\/p>\n<p>Reduce la irritaci\u00f3n del cuero cabelludo:<\/p>\n<p>Las propiedades antiinflamatorias de la <a href=\"https:\/\/www.essenciales.com\/aceites-primera-presion-frio\/manteca-karite.html\">manteca de karit\u00e9<\/a> tambi\u00e9n podr\u00edan ayudar a reducir el enrojecimiento y la irritaci\u00f3n del cuero cabelludo al proporcionar efectos curativos sin obstruir los poros. Adem\u00e1s, como producto natural, es seguro para usar en todo tipo de cabello, incluso en cabello da\u00f1ado, seco o te\u00f1ido.<\/p>\n<p>Estos productos podr\u00e1s utilizarlos juntos o por separado y tanto con el pelo seco como h\u00famedo. Lo mejor de usar estos productos naturales es el impacto que tienen en el medio ambiente , al usar estos productos y despu\u00e9s tomar un ba\u00f1o en el mar no causar\u00e1 un impacto negativo en el agua puesto que no llevan qu\u00edmicos, esta ventaja se aplica tambi\u00e9n a nuestro cuerpo.<\/p>\n<h3>Antimosquitos 100% natural<\/h3>\n<p>En nuestro blog tambi\u00e9n tenemos una <a href=\"https:\/\/www.essenciales.com\/blog\/adios-a-los-mosquitos-y-a-las-rozaduras-en-verano\/\">receta para hacer un antimosquitos 100% natural<\/a> a base de aceites esenciales. La receta es s\u00faper f\u00e1cil y os animamos a probarla. La ten\u00e9is <a href=\"https:\/\/www.essenciales.com\/blog\/adios-a-los-mosquitos-y-a-las-rozaduras-en-verano\/\">aqu\u00ed<\/a>.<\/p>\n<p>&nbsp;<\/p>\n<p>As\u00ed que ya sab\u00e9is, a cuidarse y a cuidar un poco m\u00e1s el medio, que planeta solo hay uno.<br \/>\nEsperamos que os vayan bien nuestros aceites y nos vemos pronto en el pr\u00f3ximo art\u00edculo, con m\u00e1s ayudas para solventar los problemas veraniegos.<\/p>\n<p>Desde aceites Essenciales os deseamos un gran inicio de verano.<\/p>\n<p>\u00a1 Hasta pronto !<\/p>\n","protected":false},"excerpt":{"rendered":"<p>\u00a1Ya est\u00e1 aqu\u00ed el verano! Oficialmente ya estamos en verano , desde el pasado 21 de junio hasta el pr\u00f3ximo 23 de septiembre disfrutaremos de&#8230;<\/p>\n<p class=\"readmore\"><a class=\"more-btn\" href=\"https:\/\/www.essenciales.com\/blog\/el-verano-y-los-aceites-esenciales\/\">Leer m\u00e1s<\/a><\/p>\n","protected":false},"author":1,"featured_media":696,"comment_status":"open","ping_status":"open","sticky":false,"template":"","format":"standard","meta":[],"categories":[42,76,104],"tags":[],"yoast_head":"<!-- This site is optimized with the Yoast SEO plugin v19.10 - https:\/\/yoast.com\/wordpress\/plugins\/seo\/ -->\n<title>El verano y los aceites esenciales | Blog de ESSENCIALES<\/title>\n<meta name=\"robots\" content=\"index, follow, max-snippet:-1, max-image-preview:large, max-video-preview:-1\" \/>\n<link rel=\"canonical\" href=\"https:\/\/www.essenciales.com\/blog\/el-verano-y-los-aceites-esenciales\/\" \/>\n<meta property=\"og:locale\" content=\"es_ES\" \/>\n<meta property=\"og:type\" content=\"article\" \/>\n<meta property=\"og:title\" content=\"El verano y los aceites esenciales | Blog de ESSENCIALES\" \/>\n<meta property=\"og:description\" content=\"\u00a1Ya est\u00e1 aqu\u00ed el verano! Oficialmente ya estamos en verano , desde el pasado 21 de junio hasta el pr\u00f3ximo 23 de septiembre disfrutaremos de...Leer m\u00e1s\" \/>\n<meta property=\"og:url\" content=\"https:\/\/www.essenciales.com\/blog\/el-verano-y-los-aceites-esenciales\/\" \/>\n<meta property=\"og:site_name\" content=\"Blog de ESSENCIALES\" \/>\n<meta property=\"article:published_time\" content=\"2019-06-27T13:12:38+00:00\" \/>\n<meta property=\"article:modified_time\" content=\"2020-06-26T16:18:01+00:00\" \/>\n<meta property=\"og:image\" content=\"https:\/\/www.essenciales.com\/blog\/wp-content\/uploads\/Ya-llego-el-verano-en-essenciales.gif\" \/>\n\t<meta property=\"og:image:width\" content=\"1200\" \/>\n\t<meta property=\"og:image:height\" content=\"630\" \/>\n\t<meta property=\"og:image:type\" content=\"image\/gif\" \/>\n<meta name=\"author\" content=\"El equipo de Essenciales.com\" \/>\n<meta name=\"twitter:card\" content=\"summary_large_image\" \/>\n<meta name=\"twitter:label1\" content=\"Escrito por\" \/>\n\t<meta name=\"twitter:data1\" content=\"El equipo de Essenciales.com\" \/>\n\t<meta name=\"twitter:label2\" content=\"Tiempo de lectura\" \/>\n\t<meta name=\"twitter:data2\" content=\"6 minutos\" \/>\n<script type=\"application\/ld+json\" class=\"yoast-schema-graph\">{\"@context\":\"https:\/\/schema.org\",\"@graph\":[{\"@type\":\"WebPage\",\"@id\":\"https:\/\/www.essenciales.com\/blog\/el-verano-y-los-aceites-esenciales\/\",\"url\":\"https:\/\/www.essenciales.com\/blog\/el-verano-y-los-aceites-esenciales\/\",\"name\":\"El verano y los aceites esenciales | Blog de ESSENCIALES\",\"isPartOf\":{\"@id\":\"https:\/\/www.essenciales.com\/blog\/#website\"},\"datePublished\":\"2019-06-27T13:12:38+00:00\",\"dateModified\":\"2020-06-26T16:18:01+00:00\",\"author\":{\"@id\":\"https:\/\/www.essenciales.com\/blog\/#\/schema\/person\/1998fe4d7c1006727445a20f444bfea3\"},\"breadcrumb\":{\"@id\":\"https:\/\/www.essenciales.com\/blog\/el-verano-y-los-aceites-esenciales\/#breadcrumb\"},\"inLanguage\":\"es\",\"potentialAction\":[{\"@type\":\"ReadAction\",\"target\":[\"https:\/\/www.essenciales.com\/blog\/el-verano-y-los-aceites-esenciales\/\"]}]},{\"@type\":\"BreadcrumbList\",\"@id\":\"https:\/\/www.essenciales.com\/blog\/el-verano-y-los-aceites-esenciales\/#breadcrumb\",\"itemListElement\":[{\"@type\":\"ListItem\",\"position\":1,\"name\":\"Portada\",\"item\":\"https:\/\/www.essenciales.com\/blog\/\"},{\"@type\":\"ListItem\",\"position\":2,\"name\":\"El verano y los aceites esenciales\"}]},{\"@type\":\"WebSite\",\"@id\":\"https:\/\/www.essenciales.com\/blog\/#website\",\"url\":\"https:\/\/www.essenciales.com\/blog\/\",\"name\":\"Blog de ESSENCIALES\",\"description\":\"Conoce todas las propiedades de los aceites esenciales y vegetales, as\u00ed como sus usos y remedios naturales\",\"potentialAction\":[{\"@type\":\"SearchAction\",\"target\":{\"@type\":\"EntryPoint\",\"urlTemplate\":\"https:\/\/www.essenciales.com\/blog\/?s={search_term_string}\"},\"query-input\":\"required name=search_term_string\"}],\"inLanguage\":\"es\"},{\"@type\":\"Person\",\"@id\":\"https:\/\/www.essenciales.com\/blog\/#\/schema\/person\/1998fe4d7c1006727445a20f444bfea3\",\"name\":\"El equipo de Essenciales.com\",\"sameAs\":[\"https:\/\/www.essenciales.com\"]}]}<\/script>\n<!-- \/ Yoast SEO plugin. -->","yoast_head_json":{"title":"El verano y los aceites esenciales | Blog de ESSENCIALES","robots":{"index":"index","follow":"follow","max-snippet":"max-snippet:-1","max-image-preview":"max-image-preview:large","max-video-preview":"max-video-preview:-1"},"canonical":"https:\/\/www.essenciales.com\/blog\/el-verano-y-los-aceites-esenciales\/","og_locale":"es_ES","og_type":"article","og_title":"El verano y los aceites esenciales | Blog de ESSENCIALES","og_description":"\u00a1Ya est\u00e1 aqu\u00ed el verano! Oficialmente ya estamos en verano , desde el pasado 21 de junio hasta el pr\u00f3ximo 23 de septiembre disfrutaremos de...Leer m\u00e1s","og_url":"https:\/\/www.essenciales.com\/blog\/el-verano-y-los-aceites-esenciales\/","og_site_name":"Blog de ESSENCIALES","article_published_time":"2019-06-27T13:12:38+00:00","article_modified_time":"2020-06-26T16:18:01+00:00","og_image":[{"width":1200,"height":630,"url":"https:\/\/www.essenciales.com\/blog\/wp-content\/uploads\/Ya-llego-el-verano-en-essenciales.gif","type":"image\/gif"}],"author":"El equipo de Essenciales.com","twitter_card":"summary_large_image","twitter_misc":{"Escrito por":"El equipo de Essenciales.com","Tiempo de lectura":"6 minutos"},"schema":{"@context":"https:\/\/schema.org","@graph":[{"@type":"WebPage","@id":"https:\/\/www.essenciales.com\/blog\/el-verano-y-los-aceites-esenciales\/","url":"https:\/\/www.essenciales.com\/blog\/el-verano-y-los-aceites-esenciales\/","name":"El verano y los aceites esenciales | Blog de ESSENCIALES","isPartOf":{"@id":"https:\/\/www.essenciales.com\/blog\/#website"},"datePublished":"2019-06-27T13:12:38+00:00","dateModified":"2020-06-26T16:18:01+00:00","author":{"@id":"https:\/\/www.essenciales.com\/blog\/#\/schema\/person\/1998fe4d7c1006727445a20f444bfea3"},"breadcrumb":{"@id":"https:\/\/www.essenciales.com\/blog\/el-verano-y-los-aceites-esenciales\/#breadcrumb"},"inLanguage":"es","potentialAction":[{"@type":"ReadAction","target":["https:\/\/www.essenciales.com\/blog\/el-verano-y-los-aceites-esenciales\/"]}]},{"@type":"BreadcrumbList","@id":"https:\/\/www.essenciales.com\/blog\/el-verano-y-los-aceites-esenciales\/#breadcrumb","itemListElement":[{"@type":"ListItem","position":1,"name":"Portada","item":"https:\/\/www.essenciales.com\/blog\/"},{"@type":"ListItem","position":2,"name":"El verano y los aceites esenciales"}]},{"@type":"WebSite","@id":"https:\/\/www.essenciales.com\/blog\/#website","url":"https:\/\/www.essenciales.com\/blog\/","name":"Blog de ESSENCIALES","description":"Conoce todas las propiedades de los aceites esenciales y vegetales, as\u00ed como sus usos y remedios naturales","potentialAction":[{"@type":"SearchAction","target":{"@type":"EntryPoint","urlTemplate":"https:\/\/www.essenciales.com\/blog\/?s={search_term_string}"},"query-input":"required name=search_term_string"}],"inLanguage":"es"},{"@type":"Person","@id":"https:\/\/www.essenciales.com\/blog\/#\/schema\/person\/1998fe4d7c1006727445a20f444bfea3","name":"El equipo de Essenciales.com","sameAs":["https:\/\/www.essenciales.com"]}]}},"_links":{"self":[{"href":"https:\/\/www.essenciales.com\/blog\/wp-json\/wp\/v2\/posts\/694"}],"collection":[{"href":"https:\/\/www.essenciales.com\/blog\/wp-json\/wp\/v2\/posts"}],"about":[{"href":"https:\/\/www.essenciales.com\/blog\/wp-json\/wp\/v2\/types\/post"}],"author":[{"embeddable":true,"href":"https:\/\/www.essenciales.com\/blog\/wp-json\/wp\/v2\/users\/1"}],"replies":[{"embeddable":true,"href":"https:\/\/www.essenciales.com\/blog\/wp-json\/wp\/v2\/comments?post=694"}],"version-history":[{"count":12,"href":"https:\/\/www.essenciales.com\/blog\/wp-json\/wp\/v2\/posts\/694\/revisions"}],"predecessor-version":[{"id":913,"href":"https:\/\/www.essenciales.com\/blog\/wp-json\/wp\/v2\/posts\/694\/revisions\/913"}],"wp:featuredmedia":[{"embeddable":true,"href":"https:\/\/www.essenciales.com\/blog\/wp-json\/wp\/v2\/media\/696"}],"wp:attachment":[{"href":"https:\/\/www.essenciales.com\/blog\/wp-json\/wp\/v2\/media?parent=694"}],"wp:term":[{"taxonomy":"category","embeddable":true,"href":"https:\/\/www.essenciales.com\/blog\/wp-json\/wp\/v2\/categories?post=694"},{"taxonomy":"post_tag","embeddable":true,"href":"https:\/\/www.essenciales.com\/blog\/wp-json\/wp\/v2\/tags?post=694"}],"curies":[{"name":"wp","href":"https:\/\/api.w.org\/{rel}","templated":true}]}}