{"id":764,"date":"2019-09-10T14:48:07","date_gmt":"2019-09-10T12:48:07","guid":{"rendered":"https:\/\/essenciales.com\/blog\/?p=764"},"modified":"2021-12-28T18:57:40","modified_gmt":"2021-12-28T17:57:40","slug":"bienvenido-septiembre","status":"publish","type":"post","link":"https:\/\/www.essenciales.com\/blog\/bienvenido-septiembre\/","title":{"rendered":"\u00a1Bienvenido septiembre!"},"content":{"rendered":"<p>Bueno bueno bueno , ha llegado la \u00e9poca, esa en la que todo est\u00e1 un poco patas arriba\u2026<br \/>\nSeptiembre ya est\u00e1 aqu\u00ed y con \u00e9l llegan los inicios\u2026 no s\u00e9 a vosotros si os pasa pero para m\u00ed Septiembre es el inicio del a\u00f1o, con \u00e9l comienzan nuevos retos, metas, promesas, etc; es m\u00e1s a\u00f1o nuevo que el 1 de Enero: empiezan las clases, vuelves al trabajo sea como fuere Septiembre significa un cambio: horario, rutina, esa vuelta al gimnasio, los atascazos por las ma\u00f1anas y esas puertas de los colegios a rebosar de coches en doble fila.<\/p>\n<p>Nuestro cuerpo puede verse resentido por estos cambios , ya sean bruscos o no, porque si nos cuesta mentalmente , f\u00edsicamente tambi\u00e9n, aunque no lo notemos a tan simple vista. Por eso hoy queremos daros algunos consejos y remedios para ayudar a nuestro cuerpo a adaptarse a dichos cambios y as\u00ed poder volver con toda nuestra energ\u00eda al trabajo.<\/p>\n<p><!--more--><\/p>\n<h2>Equilibrar la piel con los cambios de h\u00e1bitos, de estilo de vida y cambio de estaci\u00f3n<\/h2>\n<p>Cualquier cambio en nuestra actividad diaria afecta y mucho al estado de nuestra piel. No s\u00f3lo son cambios clim\u00e1ticos que se desprenden de los cambios de estaci\u00f3n (de verano a oto\u00f1o-invierno), sino la vuelta al trabajo y a las rutinas diarias, el estr\u00e9s, la vuelta a la ciudad despu\u00e9s de un periodo de descanso en la playa o monta\u00f1a y todo lo que implica un cambio de ritmo vital. Incluso, un cambio de hogar, una separaci\u00f3n, una nueva pareja, un nuevo hijo en casa, y este tipo de variaciones de estilo de vida y afectivas tambi\u00e9n influyen en la piel de forma sustancial. Todo nuestro organismo est\u00e1 conectado, mente y cuerpo y la piel es lo primero que delata todos estos cambios.<\/p>\n<p>Os propongo el ritual <em>Get Going<\/em>, que est\u00e1 pensado para personas que est\u00e1n cambiando sus ritmos, bien sea por la integraci\u00f3n en la vida laboral despu\u00e9s de un periodo vacacional, o bien por cambios de vida en general. El objetivo del tratamiento es aportar tranquilidad, confianza, activar la energ\u00eda, ayudar a superar los l\u00edmites que nos preocupan e incapacitan, e incluso, para estados depresivos por cambios estacionales.<br \/>\nLos aceites esenciales favorecen de forma intr\u00ednseca el re-equilibrio emocional, pero es cuando sabemos combinarlos y aplicarlos en tratamientos que podemos orientar mejor ese re-equilibrio, potenciando ciertos aspectos que queremos tratar en cada persona. Este ritual favorece precisamente los cambios de ritmo de vida, y activa nuestro organismo para enfrentar mejor la vor\u00e1gine del d\u00eda a d\u00eda. Todo ello, adem\u00e1s de favorecer nuestro estado de \u00e1nimo, se traduce directamente a una mejora de la piel, que aparecer\u00e1 radiante y luminosa.<br \/>\nLa duraci\u00f3n total del siguiente ritual es de aproximadamente una hora. Para obtener la m\u00e1xima eficacia, no olvides que debes realizar este tratamiento con todas las materias primas de primera calidad.<\/p>\n<h3>Materiales necesarios e instrucciones para realizar el tratamiento <em>Get Going<\/em><\/h3>\n<p><img decoding=\"async\" loading=\"lazy\" class=\"aligncenter wp-image-774 size-full\" src=\"https:\/\/essenciales.com\/blog\/wp-content\/uploads\/aceites-exfoliantes.jpg\" alt=\"\" width=\"760\" height=\"501\" srcset=\"https:\/\/www.essenciales.com\/blog\/wp-content\/uploads\/aceites-exfoliantes.jpg 760w, https:\/\/www.essenciales.com\/blog\/wp-content\/uploads\/aceites-exfoliantes-300x198.jpg 300w\" sizes=\"(max-width: 760px) 100vw, 760px\" \/><\/p>\n<ul>\n<li><strong>Material b\u00e1sico:<\/strong> Jab\u00f3n neutro; Sales del Himalaya o Epson; Aceites Vegetales de: <a href=\"https:\/\/www.essenciales.com\/aceites-primera-presion-frio\/aceite-de-aguacate-1-presion-frio.html\">Aguacate<\/a>, <a href=\"https:\/\/www.essenciales.com\/aceites-primera-presion-frio\/aceite-de-almendra-dulce-1a-presion-en-frio.html\">Almendras virgen<\/a>, <a href=\"https:\/\/www.essenciales.com\/aceites-primera-presion-frio\/aceite-vegetal-germen-trigo-primera-presion-frio.html\">Germen de trigo<\/a> y <a href=\"https:\/\/www.essenciales.com\/aceites-primera-presion-frio\/aceite-rosa-mosqueta-primera-presion-frio.html\">Rosa mosqueta<\/a>; Arcilla blanca o verde; Agua de mar; <a href=\"https:\/\/www.essenciales.com\/hidrolatos-bio\/\">Hidrolato (agua de rosa, azahar&#8230;)<\/a>; <a href=\"https:\/\/www.essenciales.com\/otros-extractos\/glicerina-vegetal.html\">Glicerina vegetal<\/a>.<\/li>\n<li><strong>Material espec\u00edfico:<\/strong> Los cambios mencionados, afectan de diferente forma a cada persona, por ello, personalizaremos el tratamiento seg\u00fan sea apropiado:\n<ul>\n<li>Si se padece ligera depresi\u00f3n, usaremos Aceite Esencial de <a href=\"https:\/\/www.essenciales.com\/aceites-esenciales-puros\/aceite-esencial-petitgrain-mandarina.html\">Petit-grain mandarino<\/a> con <a href=\"https:\/\/www.essenciales.com\/aceites-esenciales-puros\/aceite-esencial-bergamota-extra.html\">Bergamota<\/a>.<\/li>\n<li>En cambio, la persona nota que no puede superar objetivos, utilizaremos <a href=\"https:\/\/www.essenciales.com\/aceites-esenciales-puros\/aceite-esencial-baya-enebro.html\">Aceite Esencial de baya de Enebro<\/a>.<\/li>\n<li>Si lo que necesita es activarse energ\u00e9ticamente, aplicaremos <a href=\"https:\/\/www.essenciales.com\/aceites-esenciales-puros\/aceite-esencial-romero-alcanfor.html\">Romero Alcanfor<\/a>, con cuidado en su aplicaci\u00f3n si se trata de una persona hipertensa.<\/li>\n<li>Y si la persona requiere tomar los retos con tranquilidad, alegr\u00eda y confianza, usaremos los Aceites Esenciales de <a href=\"https:\/\/www.essenciales.com\/aceites-esenciales-puros\/aceite-esencial-limon.html\">Lim\u00f3n<\/a> y <a href=\"https:\/\/www.essenciales.com\/aceites-esenciales-puros\/aceite-esencial-mandarina.html\">Mandarina<\/a>.<\/li>\n<li>A veces, puede realizarse una combinaci\u00f3n, ya que las personas solemos tener varios estados emocionales mezclados. Siempre deben usarse los Aceites Esenciales con conocimientos en Aromaterapia, ya que son productos altamente eficaces y potentes.<\/li>\n<\/ul>\n<\/li>\n<li><strong>Material desechable:<\/strong> gorro, tanga, zapatillas y toallas.<\/li>\n<\/ul>\n<p style=\"padding-left: 40px;\"><strong>INSTRUCCIONES PASO A PASO:<\/strong><\/p>\n<ol>\n<li>Bienvenida: Mientras nos tomamos un t\u00e9 calentito nos lavaremos los pies en una cubeta o barre\u00f1o con dos gotas de aceite esencial de \u00e1rbol del T\u00e9.<\/li>\n<li>Limpieza de la piel: Una vez realizada la acci\u00f3n anterior, realizaremos una limpieza de la piel con jab\u00f3n neutro, primero las piernas, gl\u00fateos, espalda y finalizaremos en los brazos. Al terminar retiraremos el jab\u00f3n.<\/li>\n<li>Exfoliaci\u00f3n de la piel: Una vez limpia la piel, aplicaremos el exfoliante, (en el cuerpo no es necesario retirarlo, a no ser que tu piel sea muy sensible). Mezclaremos las sales con el Aceite Vegetal de Almendras, hasta que quede una pasta. El orden de aplicaci\u00f3n ser\u00e1 el mismo que el anterior.<\/li>\n<li>Tratamiento: Una vez tenemos aplicado el exfoliante, como no es necesario retirar, aplicaremos la arcilla. En la arcilla aplicaremos los aceites esenciales (dos gotas de cada, seg\u00fan los que hayamos escogido por el estado en el que nos encontremos). Dejaremos actuar aproximadamente 20 minutos. No hay que cubrir con pl\u00e1stico.<\/li>\n<li>Masaje y finalizaci\u00f3n: A continuaci\u00f3n nos daremos una ducha sin jab\u00f3n para retirar el producto. Seguidamente realizaremos un masaje estimulante con los aceites vegetales y esenciales. Los mezclaremos siempre poniendo dos gotas de cada aceite esencial adecuado. Si los queremos usar todos, en total tendr\u00edamos 10 gotas de aceites esenciales.<\/li>\n<\/ol>\n<p><img decoding=\"async\" loading=\"lazy\" class=\"aligncenter wp-image-781 size-full\" src=\"https:\/\/essenciales.com\/blog\/wp-content\/uploads\/automasaje-aceites-esenciales.png\" alt=\"\" width=\"778\" height=\"438\" srcset=\"https:\/\/www.essenciales.com\/blog\/wp-content\/uploads\/automasaje-aceites-esenciales.png 778w, https:\/\/www.essenciales.com\/blog\/wp-content\/uploads\/automasaje-aceites-esenciales-300x169.png 300w\" sizes=\"(max-width: 778px) 100vw, 778px\" \/><\/p>\n<p>Con este ritual ver\u00e1s c\u00f3mo tu cuerpo acepta mejor los cambios que est\u00e1s realizando y te ayudar\u00e1 a afrontarlos, adem\u00e1s nunca viene mal mimarnos un poco, puedes realizarlo un par de veces al mes. Pero no conformes con ayudar a tu cuerpo queremos&#8230;<\/p>\n<h2>&#8230;darle un toque especial a tu casa con aceites esenciales<\/h2>\n<p>Y es que el ambiente que nos rodea tambi\u00e9n es muy importante para nuestro cuerpo y nuestra mente, por ello si llegas un d\u00eda a casa del trabajo, estresado\/a que tu casa huela bien, con un aroma que endulce y relaje te ayudar\u00e1 a descansar mejor o a dejar un poco los problemas de lado, por ello a continuaci\u00f3n os dejamos algunos aceites que te ayudar\u00e1n en este aspecto.<br \/>\nLos olores son poderosos: un simple olor puede desencadenar inmediatamente un poderoso recuerdo, lugar o persona. Los aromas tienen el poder de evocar emociones y recuerdos instant\u00e1neamente y pueden impactar directamente nuestros cuerpos a trav\u00e9s de nuestro sistema nervioso.<\/p>\n<p>El nervio olfativo nos da el sentido del olfato y comienza en la nariz y entra en el cr\u00e1neo a trav\u00e9s de peque\u00f1os orificios para conectarse directamente con el cerebro. Este nervio env\u00eda se\u00f1ales casi instant\u00e1neamente a muchas partes del cerebro, incluyendo el sistema l\u00edmbico y la am\u00edgdala, que est\u00e1n a cargo de las emociones, el humor y la memoria. Estos sistemas tambi\u00e9n se encargan de regular nuestro sistema nervioso aut\u00f3nomo, que puede desencadenar una respuesta de lucha o de huida, acelerando nuestra respiraci\u00f3n, la frecuencia card\u00edaca y elevando nuestra presi\u00f3n arterial, o puede calmarnos mediante el encendido del sistema nervioso parasimp\u00e1tico, que relaja nuestros cuerpos.<\/p>\n<h3>Aqu\u00ed hay 4 aceites esenciales que pueden ayudar a aliviar el estr\u00e9s y promover el sue\u00f1o.<\/h3>\n<div id=\"attachment_772\" style=\"width: 597px\" class=\"wp-caption aligncenter\"><img aria-describedby=\"caption-attachment-772\" decoding=\"async\" loading=\"lazy\" class=\"wp-image-772 \" src=\"https:\/\/essenciales.com\/blog\/wp-content\/uploads\/dormir-aceites-esenciales.jpg\" alt=\"\" width=\"587\" height=\"330\" srcset=\"https:\/\/www.essenciales.com\/blog\/wp-content\/uploads\/dormir-aceites-esenciales.jpg 722w, https:\/\/www.essenciales.com\/blog\/wp-content\/uploads\/dormir-aceites-esenciales-300x169.jpg 300w\" sizes=\"(max-width: 587px) 100vw, 587px\" \/><p id=\"caption-attachment-772\" class=\"wp-caption-text\">Al reincorporarse al horario laboral a veces no es f\u00e1cil conciliar el sue\u00f1o.<\/p><\/div>\n<p><strong>1. Lavanda<\/strong><br \/>\nEl <a href=\"https:\/\/www.essenciales.com\/aceites-esenciales-puros\/aceite-esencial-lavanda.html\">aceite esencial de lavanda<\/a> es uno de los aceites esenciales m\u00e1s estudiados en cuanto a sus efectos relajantes. La lavanda tambi\u00e9n puede ayudar con el insomnio leve y proporcionar una mejor calidad de sue\u00f1o. Tambi\u00e9n se ha descubierto que la aromaterapia de lavanda ayuda a reducir la ansiedad y la depresi\u00f3n.<\/p>\n<p><strong>2. Lim\u00f3n<\/strong><br \/>\nEl aroma de los c\u00edtricos puede aliviar el estr\u00e9s y la ansiedad y reducir la frecuencia card\u00edaca. Los limones enteros se dejan flotar en ba\u00f1os calientes en el invierno para aliviar el estr\u00e9s. <a href=\"https:\/\/www.essenciales.com\/aceites-esenciales-puros\/aceite-esencial-limon.html\">Su aceite esencial<\/a> usado en difusor tendr\u00e1 el mismo efecto.<\/p>\n<p><strong>3. Bergamota<\/strong><br \/>\nLa bergamota es una fruta que se parece en cuanto a olor entre la naranja amarga y el lim\u00f3n o la lima. El <a href=\"https:\/\/www.essenciales.com\/aceites-esenciales-puros\/aceite-esencial-bergamota-extra.html\">aceite esencial de bergamota<\/a> se utiliza a menudo en fragancias y aromas alimentarios, y tambi\u00e9n se cree que tiene propiedades antibacterianas. El aceite esencial de bergamota reduce la frecuencia card\u00edaca, la presi\u00f3n arterial y el estr\u00e9s.<\/p>\n<p><strong>4. Ylang Ylang<\/strong><br \/>\nEl <a href=\"https:\/\/www.essenciales.com\/aceites-esenciales-puros\/aceite-esencial-ylang-ylang.html\">aceite esencial de Ylang Ylang<\/a> tiene un aroma floral extra\u00eddo de la flor de un \u00e1rbol tropical del sudeste asi\u00e1tico. El aroma de Ylang Ylang ha demostrado ser relajante y disminuir la presi\u00f3n arterial.<\/p>\n<p>Esperamos que estos remedios os ayuden a mejorar vuestro \u00e1nimo en este mes de Septiembre , nos veremos pronto con m\u00e1s remedios.<\/p>\n","protected":false},"excerpt":{"rendered":"<p>Bueno bueno bueno , ha llegado la \u00e9poca, esa en la que todo est\u00e1 un poco patas arriba\u2026 Septiembre ya est\u00e1 aqu\u00ed y con \u00e9l&#8230;<\/p>\n<p class=\"readmore\"><a class=\"more-btn\" href=\"https:\/\/www.essenciales.com\/blog\/bienvenido-septiembre\/\">Leer m\u00e1s<\/a><\/p>\n","protected":false},"author":1,"featured_media":771,"comment_status":"open","ping_status":"open","sticky":false,"template":"","format":"standard","meta":[],"categories":[42,140,76,104],"tags":[],"yoast_head":"<!-- This site is optimized with the Yoast SEO plugin v19.10 - https:\/\/yoast.com\/wordpress\/plugins\/seo\/ -->\n<title>\u00a1Bienvenido septiembre! | Blog de ESSENCIALES<\/title>\n<meta name=\"robots\" content=\"index, follow, max-snippet:-1, max-image-preview:large, max-video-preview:-1\" \/>\n<link rel=\"canonical\" href=\"https:\/\/www.essenciales.com\/blog\/bienvenido-septiembre\/\" \/>\n<meta property=\"og:locale\" content=\"es_ES\" \/>\n<meta property=\"og:type\" content=\"article\" \/>\n<meta property=\"og:title\" content=\"\u00a1Bienvenido septiembre! | Blog de ESSENCIALES\" \/>\n<meta property=\"og:description\" content=\"Bueno bueno bueno , ha llegado la \u00e9poca, esa en la que todo est\u00e1 un poco patas arriba\u2026 Septiembre ya est\u00e1 aqu\u00ed y con \u00e9l...Leer m\u00e1s\" \/>\n<meta property=\"og:url\" content=\"https:\/\/www.essenciales.com\/blog\/bienvenido-septiembre\/\" \/>\n<meta property=\"og:site_name\" content=\"Blog de ESSENCIALES\" \/>\n<meta property=\"article:published_time\" content=\"2019-09-10T12:48:07+00:00\" \/>\n<meta property=\"article:modified_time\" content=\"2021-12-28T17:57:40+00:00\" \/>\n<meta property=\"og:image\" content=\"https:\/\/www.essenciales.com\/blog\/wp-content\/uploads\/bienvenido-septiembre-aceites-esenciales.png\" \/>\n\t<meta property=\"og:image:width\" content=\"640\" \/>\n\t<meta property=\"og:image:height\" content=\"461\" \/>\n\t<meta property=\"og:image:type\" content=\"image\/png\" \/>\n<meta name=\"author\" content=\"El equipo de Essenciales.com\" \/>\n<meta name=\"twitter:card\" content=\"summary_large_image\" \/>\n<meta name=\"twitter:label1\" content=\"Escrito por\" \/>\n\t<meta name=\"twitter:data1\" content=\"El equipo de Essenciales.com\" \/>\n\t<meta name=\"twitter:label2\" content=\"Tiempo de lectura\" \/>\n\t<meta name=\"twitter:data2\" content=\"7 minutos\" \/>\n<script type=\"application\/ld+json\" class=\"yoast-schema-graph\">{\"@context\":\"https:\/\/schema.org\",\"@graph\":[{\"@type\":\"WebPage\",\"@id\":\"https:\/\/www.essenciales.com\/blog\/bienvenido-septiembre\/\",\"url\":\"https:\/\/www.essenciales.com\/blog\/bienvenido-septiembre\/\",\"name\":\"\u00a1Bienvenido septiembre! | Blog de ESSENCIALES\",\"isPartOf\":{\"@id\":\"https:\/\/www.essenciales.com\/blog\/#website\"},\"datePublished\":\"2019-09-10T12:48:07+00:00\",\"dateModified\":\"2021-12-28T17:57:40+00:00\",\"author\":{\"@id\":\"https:\/\/www.essenciales.com\/blog\/#\/schema\/person\/1998fe4d7c1006727445a20f444bfea3\"},\"breadcrumb\":{\"@id\":\"https:\/\/www.essenciales.com\/blog\/bienvenido-septiembre\/#breadcrumb\"},\"inLanguage\":\"es\",\"potentialAction\":[{\"@type\":\"ReadAction\",\"target\":[\"https:\/\/www.essenciales.com\/blog\/bienvenido-septiembre\/\"]}]},{\"@type\":\"BreadcrumbList\",\"@id\":\"https:\/\/www.essenciales.com\/blog\/bienvenido-septiembre\/#breadcrumb\",\"itemListElement\":[{\"@type\":\"ListItem\",\"position\":1,\"name\":\"Portada\",\"item\":\"https:\/\/www.essenciales.com\/blog\/\"},{\"@type\":\"ListItem\",\"position\":2,\"name\":\"\u00a1Bienvenido septiembre!\"}]},{\"@type\":\"WebSite\",\"@id\":\"https:\/\/www.essenciales.com\/blog\/#website\",\"url\":\"https:\/\/www.essenciales.com\/blog\/\",\"name\":\"Blog de ESSENCIALES\",\"description\":\"Conoce todas las propiedades de los aceites esenciales y vegetales, as\u00ed como sus usos y remedios naturales\",\"potentialAction\":[{\"@type\":\"SearchAction\",\"target\":{\"@type\":\"EntryPoint\",\"urlTemplate\":\"https:\/\/www.essenciales.com\/blog\/?s={search_term_string}\"},\"query-input\":\"required name=search_term_string\"}],\"inLanguage\":\"es\"},{\"@type\":\"Person\",\"@id\":\"https:\/\/www.essenciales.com\/blog\/#\/schema\/person\/1998fe4d7c1006727445a20f444bfea3\",\"name\":\"El equipo de Essenciales.com\",\"sameAs\":[\"https:\/\/www.essenciales.com\"]}]}<\/script>\n<!-- \/ Yoast SEO plugin. -->","yoast_head_json":{"title":"\u00a1Bienvenido septiembre! | Blog de ESSENCIALES","robots":{"index":"index","follow":"follow","max-snippet":"max-snippet:-1","max-image-preview":"max-image-preview:large","max-video-preview":"max-video-preview:-1"},"canonical":"https:\/\/www.essenciales.com\/blog\/bienvenido-septiembre\/","og_locale":"es_ES","og_type":"article","og_title":"\u00a1Bienvenido septiembre! | Blog de ESSENCIALES","og_description":"Bueno bueno bueno , ha llegado la \u00e9poca, esa en la que todo est\u00e1 un poco patas arriba\u2026 Septiembre ya est\u00e1 aqu\u00ed y con \u00e9l...Leer m\u00e1s","og_url":"https:\/\/www.essenciales.com\/blog\/bienvenido-septiembre\/","og_site_name":"Blog de ESSENCIALES","article_published_time":"2019-09-10T12:48:07+00:00","article_modified_time":"2021-12-28T17:57:40+00:00","og_image":[{"width":640,"height":461,"url":"https:\/\/www.essenciales.com\/blog\/wp-content\/uploads\/bienvenido-septiembre-aceites-esenciales.png","type":"image\/png"}],"author":"El equipo de Essenciales.com","twitter_card":"summary_large_image","twitter_misc":{"Escrito por":"El equipo de Essenciales.com","Tiempo de lectura":"7 minutos"},"schema":{"@context":"https:\/\/schema.org","@graph":[{"@type":"WebPage","@id":"https:\/\/www.essenciales.com\/blog\/bienvenido-septiembre\/","url":"https:\/\/www.essenciales.com\/blog\/bienvenido-septiembre\/","name":"\u00a1Bienvenido septiembre! | Blog de ESSENCIALES","isPartOf":{"@id":"https:\/\/www.essenciales.com\/blog\/#website"},"datePublished":"2019-09-10T12:48:07+00:00","dateModified":"2021-12-28T17:57:40+00:00","author":{"@id":"https:\/\/www.essenciales.com\/blog\/#\/schema\/person\/1998fe4d7c1006727445a20f444bfea3"},"breadcrumb":{"@id":"https:\/\/www.essenciales.com\/blog\/bienvenido-septiembre\/#breadcrumb"},"inLanguage":"es","potentialAction":[{"@type":"ReadAction","target":["https:\/\/www.essenciales.com\/blog\/bienvenido-septiembre\/"]}]},{"@type":"BreadcrumbList","@id":"https:\/\/www.essenciales.com\/blog\/bienvenido-septiembre\/#breadcrumb","itemListElement":[{"@type":"ListItem","position":1,"name":"Portada","item":"https:\/\/www.essenciales.com\/blog\/"},{"@type":"ListItem","position":2,"name":"\u00a1Bienvenido septiembre!"}]},{"@type":"WebSite","@id":"https:\/\/www.essenciales.com\/blog\/#website","url":"https:\/\/www.essenciales.com\/blog\/","name":"Blog de ESSENCIALES","description":"Conoce todas las propiedades de los aceites esenciales y vegetales, as\u00ed como sus usos y remedios naturales","potentialAction":[{"@type":"SearchAction","target":{"@type":"EntryPoint","urlTemplate":"https:\/\/www.essenciales.com\/blog\/?s={search_term_string}"},"query-input":"required name=search_term_string"}],"inLanguage":"es"},{"@type":"Person","@id":"https:\/\/www.essenciales.com\/blog\/#\/schema\/person\/1998fe4d7c1006727445a20f444bfea3","name":"El equipo de Essenciales.com","sameAs":["https:\/\/www.essenciales.com"]}]}},"_links":{"self":[{"href":"https:\/\/www.essenciales.com\/blog\/wp-json\/wp\/v2\/posts\/764"}],"collection":[{"href":"https:\/\/www.essenciales.com\/blog\/wp-json\/wp\/v2\/posts"}],"about":[{"href":"https:\/\/www.essenciales.com\/blog\/wp-json\/wp\/v2\/types\/post"}],"author":[{"embeddable":true,"href":"https:\/\/www.essenciales.com\/blog\/wp-json\/wp\/v2\/users\/1"}],"replies":[{"embeddable":true,"href":"https:\/\/www.essenciales.com\/blog\/wp-json\/wp\/v2\/comments?post=764"}],"version-history":[{"count":19,"href":"https:\/\/www.essenciales.com\/blog\/wp-json\/wp\/v2\/posts\/764\/revisions"}],"predecessor-version":[{"id":1583,"href":"https:\/\/www.essenciales.com\/blog\/wp-json\/wp\/v2\/posts\/764\/revisions\/1583"}],"wp:featuredmedia":[{"embeddable":true,"href":"https:\/\/www.essenciales.com\/blog\/wp-json\/wp\/v2\/media\/771"}],"wp:attachment":[{"href":"https:\/\/www.essenciales.com\/blog\/wp-json\/wp\/v2\/media?parent=764"}],"wp:term":[{"taxonomy":"category","embeddable":true,"href":"https:\/\/www.essenciales.com\/blog\/wp-json\/wp\/v2\/categories?post=764"},{"taxonomy":"post_tag","embeddable":true,"href":"https:\/\/www.essenciales.com\/blog\/wp-json\/wp\/v2\/tags?post=764"}],"curies":[{"name":"wp","href":"https:\/\/api.w.org\/{rel}","templated":true}]}}