{"id":792,"date":"2019-09-25T15:14:57","date_gmt":"2019-09-25T13:14:57","guid":{"rendered":"https:\/\/essenciales.com\/blog\/?p=792"},"modified":"2021-12-28T19:09:06","modified_gmt":"2021-12-28T18:09:06","slug":"aceites-esenciales-animo-septiembre","status":"publish","type":"post","link":"https:\/\/www.essenciales.com\/blog\/aceites-esenciales-animo-septiembre\/","title":{"rendered":"\u00bfTe est\u00e1 costando m\u00e1s de la cuenta?"},"content":{"rendered":"<p>\u00a1Bienvenidos de nuevo al blog de Essenciales! \u00bfC\u00f3mo van esos cuerpos? \u00bfOs est\u00e1is acostumbrando a la vuelta a la rutina?<\/p>\n<p>Como ya comentamos en el post anterior septiembre significa comienzos y la vuelta a la rutina pero puede que a nuestro cuerpo y a nuestra mente les este costando volver de las vacaciones m\u00e1s de lo que t\u00fa piensas. Esto tiene una buena explicaci\u00f3n, y es por el llamado s\u00edndrome post-vacacional. Lo podemos notar en el cuerpo al sentirnos fatigados y cansados constantemente, dolores musculares o falta de sue\u00f1o; y psicol\u00f3gicamente podemos estar m\u00e1s irritables, nerviosos o tristes. Y es completamente normal, est\u00e1bamos de vacaciones y nos gustaba estarlo y por mucho que te guste tu trabajo o tus estudios volver a ellos es una faena\u2026<\/p>\n<p>Adem\u00e1s si comienzas algo que es nuevo para ti entrar\u00e1 en juego el factor del miedo y la incertidumbre, lo cual puede empeorar mucho m\u00e1s tu estado de \u00e1nimo y hacer que te cueste un poco m\u00e1s este inicio.<\/p>\n<p>Tambi\u00e9n hay muchos casos en los que esta vuelta a la rutina es una vuelta al estr\u00e9s , el tr\u00e1fico congestionado, el trabajo que se acumula, los profesores ya fechando trabajos y ex\u00e1menes, etc; si a esto le sumamos el hecho de que nos cuesta m\u00e1s concentrarnos puesto que nuestra mente se encuentra en un peri\u00f3do de adaptaci\u00f3n, la vuelta a la rutina se convierte en una cuesta muy empinada que debes subir con una pedazo de mochila con todos tus nervios, incertidumbres, irascibilidad, etc.<\/p>\n<p>Pero no os preocup\u00e9is: desde el laboratorio Essenciales tenemos algunos consejos para llevar mejor la vuelta a la rutina adem\u00e1s de, por supuesto, algunos aceites esenciales que os ayudar\u00e1n en este proceso.<\/p>\n<p><!--more--><\/p>\n<h2>Algunos consejos para acabar de superar la reincorporaci\u00f3n en septiembre:<\/h2>\n<div id=\"attachment_805\" style=\"width: 814px\" class=\"wp-caption aligncenter\"><img aria-describedby=\"caption-attachment-805\" decoding=\"async\" loading=\"lazy\" class=\"size-full wp-image-805\" src=\"https:\/\/essenciales.com\/blog\/wp-content\/uploads\/supera_miedo_aceites_esenciales.jpg\" alt=\"\" width=\"804\" height=\"480\" srcset=\"https:\/\/www.essenciales.com\/blog\/wp-content\/uploads\/supera_miedo_aceites_esenciales.jpg 804w, https:\/\/www.essenciales.com\/blog\/wp-content\/uploads\/supera_miedo_aceites_esenciales-300x179.jpg 300w, https:\/\/www.essenciales.com\/blog\/wp-content\/uploads\/supera_miedo_aceites_esenciales-780x466.jpg 780w\" sizes=\"(max-width: 804px) 100vw, 804px\" \/><p id=\"caption-attachment-805\" class=\"wp-caption-text\">S\u00edrvete de los aceites esenciales para que no te intimiden los obst\u00e1culos<\/p><\/div>\n<ul>\n<li><strong>Fijarse metas:<\/strong> puede parecer m\u00e1s estresante pero en realidad no lo es. Fijarse una meta diaria, una semanal y una mensual ayuda a tener unos objetivos propios que quieres cumplir y con los que te sentir\u00e1s satisfecho al alcanzar.<br \/>\nPor ejemplo: un objetivo diario debe ser algo que al levantarte por la ma\u00f1ana quieras hacer: leer 3 cap\u00edtulos del libro que est\u00e1s leyendo.<br \/>\nSemanal: ordenar por fin toda esa ropa que tienes revuelta de haber vuelto de las vacaciones.<br \/>\nMensual: poner el trabajo al d\u00eda.<\/li>\n<li><strong>Ser organizado:<\/strong> parecer\u00e1 tonter\u00eda pero tener una agenda, un calendario o un planificador semanal o mensual, ayuda mucho a tenerlo todo en orden , si tienes tu planificador semanal en la pared y vas apuntando todo lo que debes y quieres hacer esa semana, adem\u00e1s de las citas o salidas con amigos; te ayudar\u00e1 a saber c\u00f3mo va la semana y que huecos libres tienes y cu\u00e1ndo tienes alguna entrega importante. Al tenerlo todo delante, de una forma visual te ayuda a ordenar tambi\u00e9n tu cabeza y a establecer prioridades.<\/li>\n<li><strong>Hacer deporte:<\/strong> siempre se dice horas de sue\u00f1o+buena dieta+ejercicio= vida ideal; no s\u00e9 si ideal o no, pero de lo que estoy segura es de que el deporte ayuda a la salud, y mucho. No hace falta matarse en el gimnasio o hacer 14 kil\u00f3metros en bici; basta con dar un paseo de 30 minutos desconectando los datos del tel\u00e9fono y fij\u00e1ndote en lo que te rodea: la gente, las calles, el paisaje\u2026 de esta manera desconectas, por un rato lo dejas todo a un lado y disfrutas de lo que est\u00e1s haciendo, de c\u00f3mo el sol te va dando en la cara y de lo tranquilo que te sientes. Esto es como resetear el cerebro, lo ideal ser\u00eda hacerlo antes de entrar al trabajo y al terminar todas tus obligaciones del d\u00eda, porque te ayuda a cargar tus pilas emocionales y a que tu cerebro descanse.<\/li>\n<\/ul>\n<p>Y por \u00faltimo pero no menos importante&#8230;<\/p>\n<ul>\n<li><strong>Dedicar tiempo al ocio:<\/strong> S\u00ed, est\u00e1 muy bien aprovechar el tiempo y ser productivo pero no todo debe girar en torno a ello; necesitas tiempo para hacer lo que t\u00fa quieras hacer: ya sea salir a tomar algo con amigos, ver una serie o pel\u00edcula, o jugar a la wii; no importa, lo importante eres t\u00fa. Y por ello debes cuidarte, y una de las formas de hacerlo psicol\u00f3gicamente es as\u00ed y necesitas este rato para ti a diario. Organiz\u00e1ndote lo encontrar\u00e1s.<\/li>\n<\/ul>\n<h3>Aceites esenciales que ayudan a la memoria, concentraci\u00f3n y a combatir los miedos y el estr\u00e9s.<\/h3>\n<h4><strong>Remedio de aromaterapia para los miedos<\/strong><\/h4>\n<p>Debemos hacer una sinergia en un bote con roll-on o con cuenta gotas de:<\/p>\n<ul>\n<li><a href=\"https:\/\/www.essenciales.com\/aceites-esenciales-puros\/aceite-esencial-azahar-neroli.html\">Aceite esencial de azahar<\/a> (5 gotas)<\/li>\n<li><a href=\"https:\/\/www.essenciales.com\/aceites-esenciales-puros\/aceite-esencial-incienso.html\">Aceite esencial de incienso<\/a> (3 gotas)<\/li>\n<li><a href=\"https:\/\/www.essenciales.com\/aceites-esenciales-puros\/absoluto-de-rosa-bulgara.html\">Aceite esencial de absoluto de rosa b\u00falgara<\/a> (5 gotas) opcional.<\/li>\n<li><a href=\"https:\/\/www.essenciales.com\/aceites-esenciales-puros\/laurel-aceite-esencial.html\">Aceite esencial de laurel<\/a> (5 gotas)<\/li>\n<li><a href=\"https:\/\/www.essenciales.com\/aceites-esenciales-puros\/aceite-esencial-baya-enebro.html\">Aceite esencial de baya de enebro<\/a> (6 gotas)<\/li>\n<li><a href=\"https:\/\/www.essenciales.com\/envases-accesorios\/botella-30-ml-cristal-ambar.html\">Botella topacio de 30 ml<\/a>.<\/li>\n<\/ul>\n<p>Y complementar con alg\u00fan aceite vegetal\/portador como el de <a href=\"https:\/\/www.essenciales.com\/aceites-primera-presion-frio\/aceite-coco-primera-presion-frio.html\">coco<\/a>, <a href=\"https:\/\/www.essenciales.com\/aceites-primera-presion-frio\/aceite-de-aguacate-1-presion-frio.html\">aguacate<\/a>, <a href=\"https:\/\/www.essenciales.com\/aceites-primera-presion-frio\/aceite-vegetal-argan-primera-presion-frio.html\">aceite de arg\u00e1n<\/a> o<a href=\"https:\/\/www.essenciales.com\/aceites-primera-presion-frio\/aceite-vegetal-jojoba-primera-presion-frio.html\"> jojoba<\/a>.<br \/>\nLa pod\u00e9is aplicar en mu\u00f1ecas y cuello o tambi\u00e9n usarlo en un difusor en casa.<\/p>\n<h4><strong>Aceites esenciales que mejoran la concentraci\u00f3n<\/strong><\/h4>\n<ul>\n<li><a href=\"https:\/\/www.essenciales.com\/aceites-esenciales-puros\/aceite-esencial-de-romero-cineol.html\">Aceite esencial de romero cineol<\/a> &#8211; \u00datil cuando se a\u00f1ade a un difusor atomizador. Estimulante arom\u00e1tico.<\/li>\n<li><a href=\"https:\/\/www.essenciales.com\/aceites-esenciales-puros\/aceite-esencial-lavanda.html\">Aceite esencial de lavanda<\/a> &#8211; Un equilibrador de energ\u00eda. Masajear sobre las sienes diluidas con Aceite de Almendras Dulces.<\/li>\n<li><a href=\"https:\/\/www.essenciales.com\/aceites-esenciales-bio\/aceite-esencial-eucalipto-radiata-bio.html\">Aceite esencial de eucalipto Radiata<\/a> -Estimulante y tonificante, el aceite esencial de eucalipto ayuda a mejorar la concentraci\u00f3n.<\/li>\n<li><a href=\"https:\/\/www.essenciales.com\/aceites-esenciales-puros\/aceite-esencial-menta-piperita.html\">Aceite esencial de menta piperita<\/a> &#8211; El aceite esencial de menta puede mezclarse f\u00e1cilmente con otros aceites, como la naranja. Es conocido por sus propiedades estimulantes.<\/li>\n<\/ul>\n<h4>Sinergia para mejorar la memoria y estimular la concentraci\u00f3n:<\/h4>\n<p>Diluye el aceite esencial de romero cineol, el aceite esencial de lavanda, el aceite esencial de eucalipto radiata o el aceite esencial de menta piperita utilizar dos gotas de cada uno de los aceites esenciales, mezclar con un aceite vegetal ( a elegir al gusto, por ejemplo almendra).<br \/>\nUna vez hecha la mezcla: masajear la frente y la nuca.<\/p>\n<h4>Sinergia para combatir la mala memoria:<\/h4>\n<h4><img decoding=\"async\" loading=\"lazy\" class=\"alignleft wp-image-799 size-medium\" src=\"https:\/\/essenciales.com\/blog\/wp-content\/uploads\/Woman-Yellow-Notes-3346992-300x300.jpg\" alt=\"\" width=\"300\" height=\"300\" srcset=\"https:\/\/www.essenciales.com\/blog\/wp-content\/uploads\/Woman-Yellow-Notes-3346992-300x300.jpg 300w, https:\/\/www.essenciales.com\/blog\/wp-content\/uploads\/Woman-Yellow-Notes-3346992-150x150.jpg 150w, https:\/\/www.essenciales.com\/blog\/wp-content\/uploads\/Woman-Yellow-Notes-3346992-780x780.jpg 780w, https:\/\/www.essenciales.com\/blog\/wp-content\/uploads\/Woman-Yellow-Notes-3346992-640x640.jpg 640w, https:\/\/www.essenciales.com\/blog\/wp-content\/uploads\/Woman-Yellow-Notes-3346992.jpg 800w\" sizes=\"(max-width: 300px) 100vw, 300px\" \/><\/h4>\n<p>Utilizar en una l\u00e1mpara de aroma o difusor, ba\u00f1o o masaje de uno de estos aceites esenciales:<\/p>\n<ul>\n<li><a href=\"https:\/\/www.essenciales.com\/aceites-esenciales-puros\/jengibre-aceite-esencial.html\">Aceite esencial de jengibre<\/a><\/li>\n<li><a href=\"https:\/\/www.essenciales.com\/aceites-esenciales-puros\/aceite-esencial-baya-enebro.html\">Aceite esencial de baya de enebro<\/a><\/li>\n<li><a href=\"https:\/\/www.essenciales.com\/aceites-esenciales-puros\/aceite-esencial-de-romero-cineol.html\">Aceite esencial de romero cineol<\/a><\/li>\n<\/ul>\n<h4>Mezcla de aceites esenciales estimular la buena memoria:<\/h4>\n<p>Combinar los aceites esenciales puros de romero, petitgrain, enebro, jengibre, clavo y albahaca, que son conocidos por estimular la mente y la memoria.*<\/p>\n<p>Puedes probar esta mezcla de aceites esenciales para la memoria en spray y en difusor.<\/p>\n<p>Y por \u00faltimo&#8230;<\/p>\n<h4><strong>Dos aceites esenciales que os ayudar\u00e1n a combatir el estr\u00e9s:<\/strong><\/h4>\n<h5><a href=\"https:\/\/www.essenciales.com\/aceites-esenciales-puros\/aceite-esencial-bergamota-extra.html\">Bergamota<\/a><\/h5>\n<h4><img decoding=\"async\" loading=\"lazy\" class=\"alignright size-medium wp-image-802\" src=\"https:\/\/essenciales.com\/blog\/wp-content\/uploads\/stres-postvacacional-300x300.jpg\" alt=\"\" width=\"300\" height=\"300\" srcset=\"https:\/\/www.essenciales.com\/blog\/wp-content\/uploads\/stres-postvacacional-300x300.jpg 300w, https:\/\/www.essenciales.com\/blog\/wp-content\/uploads\/stres-postvacacional-150x150.jpg 150w, https:\/\/www.essenciales.com\/blog\/wp-content\/uploads\/stres-postvacacional-640x640.jpg 640w, https:\/\/www.essenciales.com\/blog\/wp-content\/uploads\/stres-postvacacional.jpg 657w\" sizes=\"(max-width: 300px) 100vw, 300px\" \/><\/h4>\n<p>Con su distintivo aroma a lim\u00f3n, naranja amarga, bals\u00e1mico. Se cree que el aceite ayuda a reducir la ansiedad, permiti\u00e9ndole sentirse m\u00e1s relajado.<\/p>\n<p>La bergamota tambi\u00e9n es antibacteriana y tiene propiedades calmantes, antiespasm\u00f3dicas, analg\u00e9sicas y antis\u00e9pticas, lo que significa que es lo suficientemente vers\u00e1til como para ser utilizada para una serie de beneficios para la salud f\u00edsica y mental.<\/p>\n<h5><a href=\"https:\/\/www.essenciales.com\/aceites-esenciales-puros\/aceite-esencial-manzanilla-romana.html\">Manzanilla romana<\/a><\/h5>\n<p>El aceite esencial de manzanilla es muy calmante. Favorece el equilibrio del \u00abyo interior\u00bb y tambi\u00e9n puede ayudar a aliviar la ansiedad y la irritabilidad. Los estudios han demostrado que la manzanilla puede ayudar a los pacientes con depresi\u00f3n, y tambi\u00e9n puede ayudarte a dormir m\u00e1s r\u00e1pido para tener un mejor sue\u00f1o nocturno. Debido a que la manzanilla es un calmante del estr\u00e9s, tambi\u00e9n puede ayudar a aliviar la ansiedad inducida por \u00e9ste.<\/p>\n<p>La forma m\u00e1s calmante para usar estos aceites y que potencie la relajaci\u00f3n que andamos buscando es: o bien aplicar unas gotas en nuestro ba\u00f1o o en difusor; lo pod\u00e9is usar cuando llegu\u00e9is a casa y os ech\u00e9is en el sof\u00e1, el aroma llegar\u00e1 a vosotros y os ira calmando o tambi\u00e9n cu\u00e1ndo est\u00e9is en la cama para dormir.<\/p>\n<p>Y con esto y un bizcocho \u2026 \u00a1nos vemos en el siguiente post ! Mucho \u00e1nimo con esta \u201ccuesta\u201d de Septiembre , que cu\u00e1nto m\u00e1s alta mejores ser\u00e1n las vistas \ud83d\ude09<\/p>\n<p><img decoding=\"async\" loading=\"lazy\" class=\"aligncenter size-full wp-image-807\" src=\"https:\/\/essenciales.com\/blog\/wp-content\/uploads\/la_superacion_Y_aceites_esenciales.jpg\" alt=\"\" width=\"852\" height=\"480\" srcset=\"https:\/\/www.essenciales.com\/blog\/wp-content\/uploads\/la_superacion_Y_aceites_esenciales.jpg 852w, https:\/\/www.essenciales.com\/blog\/wp-content\/uploads\/la_superacion_Y_aceites_esenciales-300x169.jpg 300w, https:\/\/www.essenciales.com\/blog\/wp-content\/uploads\/la_superacion_Y_aceites_esenciales-780x439.jpg 780w\" sizes=\"(max-width: 852px) 100vw, 852px\" \/><\/p>\n","protected":false},"excerpt":{"rendered":"<p>\u00a1Bienvenidos de nuevo al blog de Essenciales! \u00bfC\u00f3mo van esos cuerpos? \u00bfOs est\u00e1is acostumbrando a la vuelta a la rutina? Como ya comentamos en el&#8230;<\/p>\n<p class=\"readmore\"><a class=\"more-btn\" href=\"https:\/\/www.essenciales.com\/blog\/aceites-esenciales-animo-septiembre\/\">Leer m\u00e1s<\/a><\/p>\n","protected":false},"author":1,"featured_media":812,"comment_status":"open","ping_status":"open","sticky":false,"template":"","format":"standard","meta":[],"categories":[42,140,76,104,108,141],"tags":[],"yoast_head":"<!-- This site is optimized with the Yoast SEO plugin v19.10 - https:\/\/yoast.com\/wordpress\/plugins\/seo\/ -->\n<title>\u00bfTe est\u00e1 costando m\u00e1s de la cuenta? | Blog de ESSENCIALES<\/title>\n<meta name=\"robots\" content=\"index, follow, max-snippet:-1, max-image-preview:large, max-video-preview:-1\" \/>\n<link rel=\"canonical\" href=\"https:\/\/www.essenciales.com\/blog\/aceites-esenciales-animo-septiembre\/\" \/>\n<meta property=\"og:locale\" content=\"es_ES\" \/>\n<meta property=\"og:type\" content=\"article\" \/>\n<meta property=\"og:title\" content=\"\u00bfTe est\u00e1 costando m\u00e1s de la cuenta? | Blog de ESSENCIALES\" \/>\n<meta property=\"og:description\" content=\"\u00a1Bienvenidos de nuevo al blog de Essenciales! \u00bfC\u00f3mo van esos cuerpos? \u00bfOs est\u00e1is acostumbrando a la vuelta a la rutina? Como ya comentamos en el...Leer m\u00e1s\" \/>\n<meta property=\"og:url\" content=\"https:\/\/www.essenciales.com\/blog\/aceites-esenciales-animo-septiembre\/\" \/>\n<meta property=\"og:site_name\" content=\"Blog de ESSENCIALES\" \/>\n<meta property=\"article:published_time\" content=\"2019-09-25T13:14:57+00:00\" \/>\n<meta property=\"article:modified_time\" content=\"2021-12-28T18:09:06+00:00\" \/>\n<meta property=\"og:image\" content=\"https:\/\/www.essenciales.com\/blog\/wp-content\/uploads\/alcanzar_objetivos_cuesta_menos_con_aceites_esenciales.jpg\" \/>\n\t<meta property=\"og:image:width\" content=\"1024\" \/>\n\t<meta property=\"og:image:height\" content=\"683\" \/>\n\t<meta property=\"og:image:type\" content=\"image\/jpeg\" \/>\n<meta name=\"author\" content=\"El equipo de Essenciales.com\" \/>\n<meta name=\"twitter:card\" content=\"summary_large_image\" \/>\n<meta name=\"twitter:label1\" content=\"Escrito por\" \/>\n\t<meta name=\"twitter:data1\" content=\"El equipo de Essenciales.com\" \/>\n\t<meta name=\"twitter:label2\" content=\"Tiempo de lectura\" \/>\n\t<meta name=\"twitter:data2\" content=\"7 minutos\" \/>\n<script type=\"application\/ld+json\" class=\"yoast-schema-graph\">{\"@context\":\"https:\/\/schema.org\",\"@graph\":[{\"@type\":\"WebPage\",\"@id\":\"https:\/\/www.essenciales.com\/blog\/aceites-esenciales-animo-septiembre\/\",\"url\":\"https:\/\/www.essenciales.com\/blog\/aceites-esenciales-animo-septiembre\/\",\"name\":\"\u00bfTe est\u00e1 costando m\u00e1s de la cuenta? | Blog de ESSENCIALES\",\"isPartOf\":{\"@id\":\"https:\/\/www.essenciales.com\/blog\/#website\"},\"datePublished\":\"2019-09-25T13:14:57+00:00\",\"dateModified\":\"2021-12-28T18:09:06+00:00\",\"author\":{\"@id\":\"https:\/\/www.essenciales.com\/blog\/#\/schema\/person\/1998fe4d7c1006727445a20f444bfea3\"},\"breadcrumb\":{\"@id\":\"https:\/\/www.essenciales.com\/blog\/aceites-esenciales-animo-septiembre\/#breadcrumb\"},\"inLanguage\":\"es\",\"potentialAction\":[{\"@type\":\"ReadAction\",\"target\":[\"https:\/\/www.essenciales.com\/blog\/aceites-esenciales-animo-septiembre\/\"]}]},{\"@type\":\"BreadcrumbList\",\"@id\":\"https:\/\/www.essenciales.com\/blog\/aceites-esenciales-animo-septiembre\/#breadcrumb\",\"itemListElement\":[{\"@type\":\"ListItem\",\"position\":1,\"name\":\"Portada\",\"item\":\"https:\/\/www.essenciales.com\/blog\/\"},{\"@type\":\"ListItem\",\"position\":2,\"name\":\"\u00bfTe est\u00e1 costando m\u00e1s de la cuenta?\"}]},{\"@type\":\"WebSite\",\"@id\":\"https:\/\/www.essenciales.com\/blog\/#website\",\"url\":\"https:\/\/www.essenciales.com\/blog\/\",\"name\":\"Blog de ESSENCIALES\",\"description\":\"Conoce todas las propiedades de los aceites esenciales y vegetales, as\u00ed como sus usos y remedios naturales\",\"potentialAction\":[{\"@type\":\"SearchAction\",\"target\":{\"@type\":\"EntryPoint\",\"urlTemplate\":\"https:\/\/www.essenciales.com\/blog\/?s={search_term_string}\"},\"query-input\":\"required name=search_term_string\"}],\"inLanguage\":\"es\"},{\"@type\":\"Person\",\"@id\":\"https:\/\/www.essenciales.com\/blog\/#\/schema\/person\/1998fe4d7c1006727445a20f444bfea3\",\"name\":\"El equipo de Essenciales.com\",\"sameAs\":[\"https:\/\/www.essenciales.com\"]}]}<\/script>\n<!-- \/ Yoast SEO plugin. -->","yoast_head_json":{"title":"\u00bfTe est\u00e1 costando m\u00e1s de la cuenta? | Blog de ESSENCIALES","robots":{"index":"index","follow":"follow","max-snippet":"max-snippet:-1","max-image-preview":"max-image-preview:large","max-video-preview":"max-video-preview:-1"},"canonical":"https:\/\/www.essenciales.com\/blog\/aceites-esenciales-animo-septiembre\/","og_locale":"es_ES","og_type":"article","og_title":"\u00bfTe est\u00e1 costando m\u00e1s de la cuenta? | Blog de ESSENCIALES","og_description":"\u00a1Bienvenidos de nuevo al blog de Essenciales! \u00bfC\u00f3mo van esos cuerpos? \u00bfOs est\u00e1is acostumbrando a la vuelta a la rutina? Como ya comentamos en el...Leer m\u00e1s","og_url":"https:\/\/www.essenciales.com\/blog\/aceites-esenciales-animo-septiembre\/","og_site_name":"Blog de ESSENCIALES","article_published_time":"2019-09-25T13:14:57+00:00","article_modified_time":"2021-12-28T18:09:06+00:00","og_image":[{"width":1024,"height":683,"url":"https:\/\/www.essenciales.com\/blog\/wp-content\/uploads\/alcanzar_objetivos_cuesta_menos_con_aceites_esenciales.jpg","type":"image\/jpeg"}],"author":"El equipo de Essenciales.com","twitter_card":"summary_large_image","twitter_misc":{"Escrito por":"El equipo de Essenciales.com","Tiempo de lectura":"7 minutos"},"schema":{"@context":"https:\/\/schema.org","@graph":[{"@type":"WebPage","@id":"https:\/\/www.essenciales.com\/blog\/aceites-esenciales-animo-septiembre\/","url":"https:\/\/www.essenciales.com\/blog\/aceites-esenciales-animo-septiembre\/","name":"\u00bfTe est\u00e1 costando m\u00e1s de la cuenta? | Blog de ESSENCIALES","isPartOf":{"@id":"https:\/\/www.essenciales.com\/blog\/#website"},"datePublished":"2019-09-25T13:14:57+00:00","dateModified":"2021-12-28T18:09:06+00:00","author":{"@id":"https:\/\/www.essenciales.com\/blog\/#\/schema\/person\/1998fe4d7c1006727445a20f444bfea3"},"breadcrumb":{"@id":"https:\/\/www.essenciales.com\/blog\/aceites-esenciales-animo-septiembre\/#breadcrumb"},"inLanguage":"es","potentialAction":[{"@type":"ReadAction","target":["https:\/\/www.essenciales.com\/blog\/aceites-esenciales-animo-septiembre\/"]}]},{"@type":"BreadcrumbList","@id":"https:\/\/www.essenciales.com\/blog\/aceites-esenciales-animo-septiembre\/#breadcrumb","itemListElement":[{"@type":"ListItem","position":1,"name":"Portada","item":"https:\/\/www.essenciales.com\/blog\/"},{"@type":"ListItem","position":2,"name":"\u00bfTe est\u00e1 costando m\u00e1s de la cuenta?"}]},{"@type":"WebSite","@id":"https:\/\/www.essenciales.com\/blog\/#website","url":"https:\/\/www.essenciales.com\/blog\/","name":"Blog de ESSENCIALES","description":"Conoce todas las propiedades de los aceites esenciales y vegetales, as\u00ed como sus usos y remedios naturales","potentialAction":[{"@type":"SearchAction","target":{"@type":"EntryPoint","urlTemplate":"https:\/\/www.essenciales.com\/blog\/?s={search_term_string}"},"query-input":"required name=search_term_string"}],"inLanguage":"es"},{"@type":"Person","@id":"https:\/\/www.essenciales.com\/blog\/#\/schema\/person\/1998fe4d7c1006727445a20f444bfea3","name":"El equipo de Essenciales.com","sameAs":["https:\/\/www.essenciales.com"]}]}},"_links":{"self":[{"href":"https:\/\/www.essenciales.com\/blog\/wp-json\/wp\/v2\/posts\/792"}],"collection":[{"href":"https:\/\/www.essenciales.com\/blog\/wp-json\/wp\/v2\/posts"}],"about":[{"href":"https:\/\/www.essenciales.com\/blog\/wp-json\/wp\/v2\/types\/post"}],"author":[{"embeddable":true,"href":"https:\/\/www.essenciales.com\/blog\/wp-json\/wp\/v2\/users\/1"}],"replies":[{"embeddable":true,"href":"https:\/\/www.essenciales.com\/blog\/wp-json\/wp\/v2\/comments?post=792"}],"version-history":[{"count":17,"href":"https:\/\/www.essenciales.com\/blog\/wp-json\/wp\/v2\/posts\/792\/revisions"}],"predecessor-version":[{"id":1588,"href":"https:\/\/www.essenciales.com\/blog\/wp-json\/wp\/v2\/posts\/792\/revisions\/1588"}],"wp:featuredmedia":[{"embeddable":true,"href":"https:\/\/www.essenciales.com\/blog\/wp-json\/wp\/v2\/media\/812"}],"wp:attachment":[{"href":"https:\/\/www.essenciales.com\/blog\/wp-json\/wp\/v2\/media?parent=792"}],"wp:term":[{"taxonomy":"category","embeddable":true,"href":"https:\/\/www.essenciales.com\/blog\/wp-json\/wp\/v2\/categories?post=792"},{"taxonomy":"post_tag","embeddable":true,"href":"https:\/\/www.essenciales.com\/blog\/wp-json\/wp\/v2\/tags?post=792"}],"curies":[{"name":"wp","href":"https:\/\/api.w.org\/{rel}","templated":true}]}}