{"id":814,"date":"2019-10-22T10:19:19","date_gmt":"2019-10-22T08:19:19","guid":{"rendered":"https:\/\/essenciales.com\/blog\/?p=814"},"modified":"2021-12-28T18:28:56","modified_gmt":"2021-12-28T17:28:56","slug":"reduce-la-caida-del-cabello-de-forma-natural","status":"publish","type":"post","link":"https:\/\/www.essenciales.com\/blog\/reduce-la-caida-del-cabello-de-forma-natural\/","title":{"rendered":"Reduce la ca\u00edda del cabello de forma natural"},"content":{"rendered":"<p>\u00a1Bienvenido oto\u00f1o!<\/p>\n<p>Al fin ya hemos pasado esa \u00e9poca de transici\u00f3n y nos hemos asentado en el oto\u00f1o.<br \/>\nUna de las \u00e9pocas m\u00e1s c\u00e1lidas (que no calurosas) del a\u00f1o y es que, para gustos colores \u2026 pero vaya colores tiene el oto\u00f1o. Es una de las \u00e9pocas m\u00e1s menospreciadas del a\u00f1o y es que a todo el mundo le gusta la primavera con sus flores, el verano con la playa y las vacaciones o el invierno con su nieve y su familiaridad; pero, \u00bfy qu\u00e9 pasa con el oto\u00f1o? El color de los \u00e1rboles, la ca\u00edda de las hojas, la llegada del fresquito, Halloween\u2026 y adem\u00e1s es la \u00e9poca del a\u00f1o con las luces m\u00e1s bonitas. Y es que esos atardeceres rojos que pasan a rosados no tienen nada que envidiar a los de verano; por no hablar de esos domingos en el sof\u00e1 mientras la luz del sol que entra por la ventana te va calentando.<\/p>\n<p>Pero a pesar de todo lo bonito que tiene esta \u00e9poca hay algo no tan agradable que afecta a una gran parte de la poblaci\u00f3n, me refiero a la ca\u00edda del cabello y la aparici\u00f3n de descamaci\u00f3n capilar (la odiosa caspa). Pero no va a hacer falta que los sufr\u00e1is m\u00e1s, puesto que hoy vamos a daros algunas soluciones a estos problemas que nos llevan de cabeza \ud83d\ude09<!--more--><\/p>\n<p>Para muchos de nosotros, el oto\u00f1o no s\u00f3lo produce la ca\u00edda de las hojas de los \u00e1rboles, sino que tambi\u00e9n produce un gran aumento de la ca\u00edda del cabello en nuestra cabeza.<\/p>\n<p>Podemos notar esto de muchas maneras; despu\u00e9s de cepillarnos el pelo o despu\u00e9s de ducharnos y secarnos el cabello, al soltarnos la coleta o incluso al levantarnos lo vemos en la almohada.<\/p>\n<p>Esto puede llevar a muchos de nosotros &#8211; que ya tenemos miedo a perder cabello &#8211; a preocuparnos de que estemos perdiendo cabello m\u00e1s r\u00e1pido de lo que pens\u00e1bamos. Pero no debemos desesperarnos; esta ca\u00edda de pelo durante la temporada de oto\u00f1o es tan natural para nosotros como lo es para los \u00e1rboles que nos rodean.<\/p>\n<div id=\"attachment_838\" style=\"width: 310px\" class=\"wp-caption alignleft\"><img aria-describedby=\"caption-attachment-838\" decoding=\"async\" loading=\"lazy\" class=\"wp-image-838 size-medium\" src=\"https:\/\/essenciales.com\/blog\/wp-content\/uploads\/caida-pelo-estacional-aceites-esenciales-remedio-natural-cosmetico-300x168.jpg\" alt=\"\" width=\"300\" height=\"168\" srcset=\"https:\/\/www.essenciales.com\/blog\/wp-content\/uploads\/caida-pelo-estacional-aceites-esenciales-remedio-natural-cosmetico-300x168.jpg 300w, https:\/\/www.essenciales.com\/blog\/wp-content\/uploads\/caida-pelo-estacional-aceites-esenciales-remedio-natural-cosmetico-1024x572.jpg 1024w, https:\/\/www.essenciales.com\/blog\/wp-content\/uploads\/caida-pelo-estacional-aceites-esenciales-remedio-natural-cosmetico-780x436.jpg 780w, https:\/\/www.essenciales.com\/blog\/wp-content\/uploads\/caida-pelo-estacional-aceites-esenciales-remedio-natural-cosmetico.jpg 1080w\" sizes=\"(max-width: 300px) 100vw, 300px\" \/><p id=\"caption-attachment-838\" class=\"wp-caption-text\">En oto\u00f1o caen hojas y\u2026 algo de cabello.<\/p><\/div>\n<h2>Aceites esenciales para la ca\u00edda del cabello<\/h2>\n<p>El <strong><a href=\"https:\/\/www.essenciales.com\/aceites-esenciales-puros\/aceite-esencial-manzanilla-romana.html\">aceite esencial de manzanilla romana<\/a><\/strong> es un remedio definitivo e impecable para todo tipo de cabello. Este aceite esencial arom\u00e1tico alivia los impulsos nerviosos y ayuda a acondicionar el cabello. El aceite de manzanilla romana da brillo a tu cabello. Si tienes cabello fino,la manzanilla tiene propiedades calmantes y especiales que te ayudan a disminuir los problemas de p\u00e9rdida de cabello. Se sabe que el aceite de manzanilla tiene propiedades antiinflamatorias.<\/p>\n<h3><strong>Mascarilla capilar con manzanilla para la ca\u00edda del cabello<\/strong><\/h3>\n<p>MATERIALES<\/p>\n<ul>\n<li>Aceite esencial de manzanilla romana<\/li>\n<li><a href=\"https:\/\/www.essenciales.com\/aceites-primera-presion-frio\/aceite-vegetal-jojoba-primera-presion-frio.html\">Aceite de jojoba<\/a><\/li>\n<\/ul>\n<p>TIEMPO DE PREPARACI\u00d3N: 2 minutos.<\/p>\n<p>MODO DE EMPLEO<\/p>\n<ol>\n<li>En un recipiente de vidrio, a poder ser, mezclar el aceite de jojoba con 4 gotas de aceite esencial de manzanilla romana.<\/li>\n<li>Aplicar sobre el cuero cabelludo masajeando suavemente con los dedos durante unos minutos.<\/li>\n<li>Despu\u00e9s de 30 a 40 minutos, lavar con un champ\u00fa suave.<\/li>\n<\/ol>\n<p>Repeticiones: Realiza este procedimiento de 2 a 3 veces por semana, una vez regulada la ca\u00edda, es suficiente con una vez por semana o cada 15 d\u00edas.<\/p>\n<p><strong>El<a href=\"https:\/\/www.essenciales.com\/aceites-esenciales-puros\/aceite-esencial-menta-piperita.html\"> aceite de menta piperita<\/a> ayuda a fortalecer las ra\u00edces del cabello<\/strong>, lo que ayuda a combatir la p\u00e9rdida de cabello. Las propiedades antiinflamatorias y antibacterianas del aceite de menta piperita ayudan a eliminar la infecci\u00f3n del cuero cabelludo.<\/p>\n<h3><strong>Mascarilla capilar con menta para fortalecer ra\u00edces<\/strong><\/h3>\n<p>NECESITAR\u00c1S:<\/p>\n<ul>\n<li>4 gotas de aceite de menta piperita<\/li>\n<li><a href=\"https:\/\/www.essenciales.com\/aceites-primera-presion-frio\/aceite-coco-primera-presion-frio.html\">Aceite de coco<\/a> o de jojoba<\/li>\n<\/ul>\n<p>TIEMPO DE PREPARACI\u00d3N: 2 minutos.<\/p>\n<p>MODO DE EMPLEO<\/p>\n<ol>\n<li>Mezclar el aceite de menta con el aceite de coco o de jojoba en un taz\u00f3n*.<\/li>\n<li>Aplicar sobre el cuero cabelludo masajeando suavemente con los dedos durante unos minutos.<\/li>\n<li>Despu\u00e9s de 30 a 40 minutos, lavar con un champ\u00fa suave.<\/li>\n<\/ol>\n<p>Repeticiones: Haz este proceso de 1 a 2 veces por semana, una vez regulada la ca\u00edda, es suficiente con una vez por semana o cada 15 d\u00edas.<\/p>\n<p><em>NOTAS<\/em><\/p>\n<ul>\n<li><em>El aceite de menta puede generar efecto calor en el cuero cabelludo y en algunos casos tambi\u00e9n puede provocar picor, por lo que debe aplicarse con moderaci\u00f3n.<\/em><\/li>\n<li><em>Tambi\u00e9n podemos combinarlos entre ellos, a\u00f1adir 2 gotas de menta piperita y 2 gotas de manzanilla romana con el aceite vegetal que m\u00e1s te convenga dependiendo del tipo de cabello.<\/em><\/li>\n<\/ul>\n<h3><strong>Aceites esenciales para tratar la caspa<\/strong><\/h3>\n<p><strong><img decoding=\"async\" loading=\"lazy\" class=\"alignleft wp-image-837 \" src=\"https:\/\/essenciales.com\/blog\/wp-content\/uploads\/caspa-remedios-aceites-esenciales-300x225.jpg\" alt=\"\" width=\"215\" height=\"161\" srcset=\"https:\/\/www.essenciales.com\/blog\/wp-content\/uploads\/caspa-remedios-aceites-esenciales-300x225.jpg 300w, https:\/\/www.essenciales.com\/blog\/wp-content\/uploads\/caspa-remedios-aceites-esenciales.jpg 663w\" sizes=\"(max-width: 215px) 100vw, 215px\" \/>El <a href=\"https:\/\/www.essenciales.com\/aceites-esenciales-puros\/aceite-esencial-cedro.html\">cedro del Atlas<\/a> es otro aceite esencial eficaz<\/strong> que ayuda en la regulaci\u00f3n del cuero cabelludo. Este aceite tambi\u00e9n promueve el suministro de nutrientes a los fol\u00edculos pilosos y aumenta el crecimiento del cabello. Su uso tambi\u00e9n ayuda a tratar la caspa de manera efectiva cuando se mezcla con aceites esenciales de lavanda, tomillo linalol y aceites vegetales como la pepita de uva y la cera de jojoba, pues dan un est\u00edmulo tremendo al crecimiento del cabello.<\/p>\n<p>NECESITAR\u00c1S:<\/p>\n<ul>\n<li>Aceite esencial de cedro del Atlas<\/li>\n<li>Aceite vegetal de jojoba \/aceite de <a href=\"https:\/\/www.essenciales.com\/aceites-primera-presion-frio\/aceite-vegetal-pepita-uva-primera-presion-frio.html\">pepita de uva<\/a><\/li>\n<\/ul>\n<p>TIEMPO DE PREPARACI\u00d3N: 2 minutos.<\/p>\n<p>MODO DE EMPLEO<\/p>\n<ol>\n<li>Mezclar el aceite de cedro Atlas con el aceite de coco o de jojoba en un taz\u00f3n.<\/li>\n<li>Aplicar sobre el cuero cabelludo masajeando suavemente con los dedos durante unos minutos.<\/li>\n<li>Despu\u00e9s de 30 a 40 minutos, lavar con un champ\u00fa suave.<\/li>\n<\/ol>\n<p>Repeticiones: Haz este proceso de 1 a 2 veces por semana, una vez regulada la ca\u00edda, es suficiente con una vez por semana o cada 15 d\u00edas.<\/p>\n<p><strong>El <a href=\"https:\/\/www.essenciales.com\/aceites-esenciales-puros\/aceite-esencial-romero-alcanfor.html\">romero alcanfor<\/a> es uno de los principales y m\u00e1s populares aceites esenciales para tratar los problemas capilares<\/strong>. Este aceite es extremadamente \u00fatil para eliminar la caspa y estimula el crecimiento del cabello. Tambi\u00e9n mejora el metabolismo celular del cabello.<\/p>\n<p>NECESITAR\u00c1S:<\/p>\n<ul>\n<li>Aceite esencial de romero alcanfor<\/li>\n<li>Aceite de oliva<\/li>\n<\/ul>\n<p>TIEMPO DE PREPARACI\u00d3N: 2 minutos.<\/p>\n<p>MODO DE EMPLEO<\/p>\n<ol>\n<li>Mezclar el aceite de cedro atlas con el aceite de coco o de jojoba en un taz\u00f3n.<\/li>\n<li>Aplicar sobre el cuero cabelludo masajeando suavemente con los dedos durante unos minutos.<\/li>\n<li>Despu\u00e9s de 30 a 40 minutos, lavar con un champ\u00fa suave.<\/li>\n<\/ol>\n<p>Repeticiones: Haz este proceso de 1 a 2 veces por semana, una vez regulada la ca\u00edda, es suficiente con una vez por semana o cada 15 d\u00edas.<\/p>\n<p>NOTA: Usar con precauci\u00f3n en personas hipertensas.<\/p>\n<h3><em><strong>y&#8230; un secretito final<\/strong><\/em><\/h3>\n<p><strong><a href=\"https:\/\/www.essenciales.com\/aceites-esenciales-puros\/aceite-esencial-ylang-ylang.html\">Aceite esencial de Ylang ylang<\/a> har\u00e1 maravillas en tu cabello<\/strong> y es que adem\u00e1s de combatir la descamaci\u00f3n capilar le da una suavidad, brillo y vida al cabello inigualables. Mezcla unas gotas de este aceite esencial en tu champ\u00fa suave y ver\u00e1s c\u00f3mo tu cabello mejora d\u00eda a d\u00eda.<\/p>\n<p>Con estos tratamientos ver\u00e1s c\u00f3mo tu cabello mejora y se fortalece mientras tu cuero cabelludo se hidrata sin rastro de grasa. Nos vemos en el pr\u00f3ximo art\u00edculo con un tema muy interesante\u2026 \u00a1Hasta pronto y a disfrutar del oto\u00f1o!<\/p>\n<p><img decoding=\"async\" loading=\"lazy\" class=\"aligncenter wp-image-834 size-full\" src=\"https:\/\/essenciales.com\/blog\/wp-content\/uploads\/Autumn-Hair-Loss.jpg\" alt=\"\" width=\"700\" height=\"541\" srcset=\"https:\/\/www.essenciales.com\/blog\/wp-content\/uploads\/Autumn-Hair-Loss.jpg 700w, https:\/\/www.essenciales.com\/blog\/wp-content\/uploads\/Autumn-Hair-Loss-300x232.jpg 300w\" sizes=\"(max-width: 700px) 100vw, 700px\" \/><\/p>\n<p>&nbsp;<\/p>\n","protected":false},"excerpt":{"rendered":"<p>\u00a1Bienvenido oto\u00f1o! Al fin ya hemos pasado esa \u00e9poca de transici\u00f3n y nos hemos asentado en el oto\u00f1o. Una de las \u00e9pocas m\u00e1s c\u00e1lidas (que&#8230;<\/p>\n<p class=\"readmore\"><a class=\"more-btn\" href=\"https:\/\/www.essenciales.com\/blog\/reduce-la-caida-del-cabello-de-forma-natural\/\">Leer m\u00e1s<\/a><\/p>\n","protected":false},"author":1,"featured_media":816,"comment_status":"open","ping_status":"open","sticky":false,"template":"","format":"standard","meta":[],"categories":[42,104,141],"tags":[],"yoast_head":"<!-- This site is optimized with the Yoast SEO plugin v19.10 - https:\/\/yoast.com\/wordpress\/plugins\/seo\/ -->\n<title>Reduce la ca\u00edda del cabello de forma natural | Blog de ESSENCIALES<\/title>\n<meta name=\"robots\" content=\"index, follow, max-snippet:-1, max-image-preview:large, max-video-preview:-1\" \/>\n<link rel=\"canonical\" href=\"https:\/\/www.essenciales.com\/blog\/reduce-la-caida-del-cabello-de-forma-natural\/\" \/>\n<meta property=\"og:locale\" content=\"es_ES\" \/>\n<meta property=\"og:type\" content=\"article\" \/>\n<meta property=\"og:title\" content=\"Reduce la ca\u00edda del cabello de forma natural | Blog de ESSENCIALES\" \/>\n<meta property=\"og:description\" content=\"\u00a1Bienvenido oto\u00f1o! Al fin ya hemos pasado esa \u00e9poca de transici\u00f3n y nos hemos asentado en el oto\u00f1o. Una de las \u00e9pocas m\u00e1s c\u00e1lidas (que...Leer m\u00e1s\" \/>\n<meta property=\"og:url\" content=\"https:\/\/www.essenciales.com\/blog\/reduce-la-caida-del-cabello-de-forma-natural\/\" \/>\n<meta property=\"og:site_name\" content=\"Blog de ESSENCIALES\" \/>\n<meta property=\"article:published_time\" content=\"2019-10-22T08:19:19+00:00\" \/>\n<meta property=\"article:modified_time\" content=\"2021-12-28T17:28:56+00:00\" \/>\n<meta property=\"og:image\" content=\"https:\/\/www.essenciales.com\/blog\/wp-content\/uploads\/caida-pelo-estacional-aceites-esenciales-remedio.jpg\" \/>\n\t<meta property=\"og:image:width\" content=\"1500\" \/>\n\t<meta property=\"og:image:height\" content=\"1000\" \/>\n\t<meta property=\"og:image:type\" content=\"image\/jpeg\" \/>\n<meta name=\"author\" content=\"El equipo de Essenciales.com\" \/>\n<meta name=\"twitter:card\" content=\"summary_large_image\" \/>\n<meta name=\"twitter:label1\" content=\"Escrito por\" \/>\n\t<meta name=\"twitter:data1\" content=\"El equipo de Essenciales.com\" \/>\n\t<meta name=\"twitter:label2\" content=\"Tiempo de lectura\" \/>\n\t<meta name=\"twitter:data2\" content=\"6 minutos\" \/>\n<script type=\"application\/ld+json\" class=\"yoast-schema-graph\">{\"@context\":\"https:\/\/schema.org\",\"@graph\":[{\"@type\":\"WebPage\",\"@id\":\"https:\/\/www.essenciales.com\/blog\/reduce-la-caida-del-cabello-de-forma-natural\/\",\"url\":\"https:\/\/www.essenciales.com\/blog\/reduce-la-caida-del-cabello-de-forma-natural\/\",\"name\":\"Reduce la ca\u00edda del cabello de forma natural | Blog de ESSENCIALES\",\"isPartOf\":{\"@id\":\"https:\/\/www.essenciales.com\/blog\/#website\"},\"datePublished\":\"2019-10-22T08:19:19+00:00\",\"dateModified\":\"2021-12-28T17:28:56+00:00\",\"author\":{\"@id\":\"https:\/\/www.essenciales.com\/blog\/#\/schema\/person\/1998fe4d7c1006727445a20f444bfea3\"},\"breadcrumb\":{\"@id\":\"https:\/\/www.essenciales.com\/blog\/reduce-la-caida-del-cabello-de-forma-natural\/#breadcrumb\"},\"inLanguage\":\"es\",\"potentialAction\":[{\"@type\":\"ReadAction\",\"target\":[\"https:\/\/www.essenciales.com\/blog\/reduce-la-caida-del-cabello-de-forma-natural\/\"]}]},{\"@type\":\"BreadcrumbList\",\"@id\":\"https:\/\/www.essenciales.com\/blog\/reduce-la-caida-del-cabello-de-forma-natural\/#breadcrumb\",\"itemListElement\":[{\"@type\":\"ListItem\",\"position\":1,\"name\":\"Portada\",\"item\":\"https:\/\/www.essenciales.com\/blog\/\"},{\"@type\":\"ListItem\",\"position\":2,\"name\":\"Reduce la ca\u00edda del cabello de forma natural\"}]},{\"@type\":\"WebSite\",\"@id\":\"https:\/\/www.essenciales.com\/blog\/#website\",\"url\":\"https:\/\/www.essenciales.com\/blog\/\",\"name\":\"Blog de ESSENCIALES\",\"description\":\"Conoce todas las propiedades de los aceites esenciales y vegetales, as\u00ed como sus usos y remedios naturales\",\"potentialAction\":[{\"@type\":\"SearchAction\",\"target\":{\"@type\":\"EntryPoint\",\"urlTemplate\":\"https:\/\/www.essenciales.com\/blog\/?s={search_term_string}\"},\"query-input\":\"required name=search_term_string\"}],\"inLanguage\":\"es\"},{\"@type\":\"Person\",\"@id\":\"https:\/\/www.essenciales.com\/blog\/#\/schema\/person\/1998fe4d7c1006727445a20f444bfea3\",\"name\":\"El equipo de Essenciales.com\",\"sameAs\":[\"https:\/\/www.essenciales.com\"]}]}<\/script>\n<!-- \/ Yoast SEO plugin. -->","yoast_head_json":{"title":"Reduce la ca\u00edda del cabello de forma natural | Blog de ESSENCIALES","robots":{"index":"index","follow":"follow","max-snippet":"max-snippet:-1","max-image-preview":"max-image-preview:large","max-video-preview":"max-video-preview:-1"},"canonical":"https:\/\/www.essenciales.com\/blog\/reduce-la-caida-del-cabello-de-forma-natural\/","og_locale":"es_ES","og_type":"article","og_title":"Reduce la ca\u00edda del cabello de forma natural | Blog de ESSENCIALES","og_description":"\u00a1Bienvenido oto\u00f1o! Al fin ya hemos pasado esa \u00e9poca de transici\u00f3n y nos hemos asentado en el oto\u00f1o. Una de las \u00e9pocas m\u00e1s c\u00e1lidas (que...Leer m\u00e1s","og_url":"https:\/\/www.essenciales.com\/blog\/reduce-la-caida-del-cabello-de-forma-natural\/","og_site_name":"Blog de ESSENCIALES","article_published_time":"2019-10-22T08:19:19+00:00","article_modified_time":"2021-12-28T17:28:56+00:00","og_image":[{"width":1500,"height":1000,"url":"https:\/\/www.essenciales.com\/blog\/wp-content\/uploads\/caida-pelo-estacional-aceites-esenciales-remedio.jpg","type":"image\/jpeg"}],"author":"El equipo de Essenciales.com","twitter_card":"summary_large_image","twitter_misc":{"Escrito por":"El equipo de Essenciales.com","Tiempo de lectura":"6 minutos"},"schema":{"@context":"https:\/\/schema.org","@graph":[{"@type":"WebPage","@id":"https:\/\/www.essenciales.com\/blog\/reduce-la-caida-del-cabello-de-forma-natural\/","url":"https:\/\/www.essenciales.com\/blog\/reduce-la-caida-del-cabello-de-forma-natural\/","name":"Reduce la ca\u00edda del cabello de forma natural | Blog de ESSENCIALES","isPartOf":{"@id":"https:\/\/www.essenciales.com\/blog\/#website"},"datePublished":"2019-10-22T08:19:19+00:00","dateModified":"2021-12-28T17:28:56+00:00","author":{"@id":"https:\/\/www.essenciales.com\/blog\/#\/schema\/person\/1998fe4d7c1006727445a20f444bfea3"},"breadcrumb":{"@id":"https:\/\/www.essenciales.com\/blog\/reduce-la-caida-del-cabello-de-forma-natural\/#breadcrumb"},"inLanguage":"es","potentialAction":[{"@type":"ReadAction","target":["https:\/\/www.essenciales.com\/blog\/reduce-la-caida-del-cabello-de-forma-natural\/"]}]},{"@type":"BreadcrumbList","@id":"https:\/\/www.essenciales.com\/blog\/reduce-la-caida-del-cabello-de-forma-natural\/#breadcrumb","itemListElement":[{"@type":"ListItem","position":1,"name":"Portada","item":"https:\/\/www.essenciales.com\/blog\/"},{"@type":"ListItem","position":2,"name":"Reduce la ca\u00edda del cabello de forma natural"}]},{"@type":"WebSite","@id":"https:\/\/www.essenciales.com\/blog\/#website","url":"https:\/\/www.essenciales.com\/blog\/","name":"Blog de ESSENCIALES","description":"Conoce todas las propiedades de los aceites esenciales y vegetales, as\u00ed como sus usos y remedios naturales","potentialAction":[{"@type":"SearchAction","target":{"@type":"EntryPoint","urlTemplate":"https:\/\/www.essenciales.com\/blog\/?s={search_term_string}"},"query-input":"required name=search_term_string"}],"inLanguage":"es"},{"@type":"Person","@id":"https:\/\/www.essenciales.com\/blog\/#\/schema\/person\/1998fe4d7c1006727445a20f444bfea3","name":"El equipo de Essenciales.com","sameAs":["https:\/\/www.essenciales.com"]}]}},"_links":{"self":[{"href":"https:\/\/www.essenciales.com\/blog\/wp-json\/wp\/v2\/posts\/814"}],"collection":[{"href":"https:\/\/www.essenciales.com\/blog\/wp-json\/wp\/v2\/posts"}],"about":[{"href":"https:\/\/www.essenciales.com\/blog\/wp-json\/wp\/v2\/types\/post"}],"author":[{"embeddable":true,"href":"https:\/\/www.essenciales.com\/blog\/wp-json\/wp\/v2\/users\/1"}],"replies":[{"embeddable":true,"href":"https:\/\/www.essenciales.com\/blog\/wp-json\/wp\/v2\/comments?post=814"}],"version-history":[{"count":31,"href":"https:\/\/www.essenciales.com\/blog\/wp-json\/wp\/v2\/posts\/814\/revisions"}],"predecessor-version":[{"id":1572,"href":"https:\/\/www.essenciales.com\/blog\/wp-json\/wp\/v2\/posts\/814\/revisions\/1572"}],"wp:featuredmedia":[{"embeddable":true,"href":"https:\/\/www.essenciales.com\/blog\/wp-json\/wp\/v2\/media\/816"}],"wp:attachment":[{"href":"https:\/\/www.essenciales.com\/blog\/wp-json\/wp\/v2\/media?parent=814"}],"wp:term":[{"taxonomy":"category","embeddable":true,"href":"https:\/\/www.essenciales.com\/blog\/wp-json\/wp\/v2\/categories?post=814"},{"taxonomy":"post_tag","embeddable":true,"href":"https:\/\/www.essenciales.com\/blog\/wp-json\/wp\/v2\/tags?post=814"}],"curies":[{"name":"wp","href":"https:\/\/api.w.org\/{rel}","templated":true}]}}