{"id":923,"date":"2020-07-24T13:14:07","date_gmt":"2020-07-24T11:14:07","guid":{"rendered":"https:\/\/www.essenciales.com\/blog\/?p=923"},"modified":"2020-08-26T10:22:58","modified_gmt":"2020-08-26T08:22:58","slug":"como-cuidar-la-barba-consejos-y-recomendaciones","status":"publish","type":"post","link":"https:\/\/www.essenciales.com\/blog\/como-cuidar-la-barba-consejos-y-recomendaciones\/","title":{"rendered":"\u00bfC\u00f3mo cuidar la barba? Consejos y recomendaciones"},"content":{"rendered":"<p>Tener la barba perfecta, conlleva m\u00e1s cuidados y responsabilidades de las que muchos hombres creen. Tener barba, va m\u00e1s all\u00e1 de dejar de afeitarse y dejar que el vello crezca. Se trata de llevar a cabo una serie de cuidados e higiene para mantenerla siempre perfecta, que a simple vista puede parecer complicado. En este post, queremos compartir con todos los hombres una serie de <strong>consejos para cuidar la barba para tenerla siempre perfecta<\/strong>. Gracias a estos consejos, podr\u00e1s tener tu barba perfecta desde la \u00faltima visita a la barber\u00eda y la siguiente.<\/p>\n<p>No obstante, hay que tener en cuenta, que el ritmo de visitas a la barber\u00eda depender\u00e1 de tu tipo de barba y su longitud. Ya que, en las barbas cortas el crecimiento del vello se nota mucho m\u00e1s, que en las barbas m\u00e1s largas. A pesar de la frecuencia con la que visites al barbero, es muy importante llevar a cabo una serie de cuidados.<\/p>\n<h2>Consejos para cuidar la barba<\/h2>\n<p>A continuaci\u00f3n, pasamos a detallarte las recomendaciones y cuidados diarios que debes llevar a cabo para tu barba, para los que necesitar\u00e1s <a href=\"https:\/\/www.ganiveteriaroca.com\/60-afeitado-clasico\" target=\"_blank\" rel=\"noopener noreferrer\">accesorios de afeitado como los que puedes encontrar en Ganiveter\u00eda Roca.<\/a><\/p>\n<p><!--more--><\/p>\n<p><img decoding=\"async\" loading=\"lazy\" class=\"aligncenter wp-image-926 size-full\" src=\"https:\/\/www.essenciales.com\/blog\/wp-content\/uploads\/cuidar-barba.png\" alt=\"como cuidar barba\" width=\"618\" height=\"407\" srcset=\"https:\/\/www.essenciales.com\/blog\/wp-content\/uploads\/cuidar-barba.png 618w, https:\/\/www.essenciales.com\/blog\/wp-content\/uploads\/cuidar-barba-300x198.png 300w\" sizes=\"(max-width: 618px) 100vw, 618px\" \/><\/p>\n<h3>Recomendaciones para limpiar la barba<\/h3>\n<p>Algo que algunos hombres no suelen tener en cuenta, es que el crecimiento del pelo produce descamaci\u00f3n y picor en la piel del rostro. Esto es una reacci\u00f3n completamente natural de la piel. No obstante, es <strong>importante llevar a cabo una correcta limpieza diaria de la barba<\/strong>. Para ello, la mejor forma de llevarla a cabo es en la ducha, con agua calientes para abrir los poros y con un jab\u00f3n natural, espec\u00edfico para barbas. Los puedes encontrar tanto en pastillas o en gel.<\/p>\n<p>La aplicaci\u00f3n del jab\u00f3n, debe hacerse siempre de forma descendente. As\u00ed evitar\u00e1s enredos, que romper\u00e1n el pelo cuando tengas que cepillarla. Una vez bien aplicado el jab\u00f3n y limpia la piel, aclara con abundante agua y asegur\u00e1ndote de no dejar restos de jab\u00f3n. Tras el aclarado, toca secar la barba y el rostro con una toalla para eliminar toda la humedad.<\/p>\n<h3>Hidratar la barba<\/h3>\n<p>Este es un paso muy importante, que no se debe olvidar. Para ello, existen muchos tipos de <strong>aceites y b\u00e1lsamos para hidratar barbas<\/strong>, como el aceite esencial de ricino, que puedes encontrar <a href=\"https:\/\/www.essenciales.com\/aceites-primera-presion-frio\/aceite-ricino-virgen.html\">aqu\u00ed<\/a>, que cuenta con muchas propiedades naturales, muy beneficiosas para incentivar el crecimiento y fortaleza del vello. Para aplicarlo, basta con colocar la cantidad de una nuez en la palma de la mano y masajearlo desde la piel hasta las puntas para asegurarnos de que queden completamente hidratadas. Tras esto, es conveniente peinar la barba con un peine de p\u00faas grandes.<\/p>\n<p>Antes de su aplicaci\u00f3n, aseg\u00farate de que la barba est\u00e9 bien seca. De lo contrario, el aceite no penetrar\u00e1 adecuadamente en la piel. Tambi\u00e9n es importante no excedernos en la cantidad de aceite que usemos. Si no, quedar\u00e1 un aspecto graso, aceitoso y sucio.<\/p>\n<p>Por suerte, la mayor\u00eda de los aceites cuentan con un dosificador por goteo. Por lo que, si tienes la barba corta, lo recomendable es emplear de 4 a 5 gotas de aceite, mientras que para las barbas m\u00e1s largas y densas, lo recomendable son entre 8 y 9 gotas. Ante de nada, tambi\u00e9n es importante, que tengas en cuenta el tipo de piel o la sequedad de la barba, para variar estas dosis.<\/p>\n<p><img decoding=\"async\" loading=\"lazy\" class=\"aligncenter size-full wp-image-927\" src=\"https:\/\/www.essenciales.com\/blog\/wp-content\/uploads\/secar_barba.png\" alt=\"como secar la barba\" width=\"616\" height=\"409\" srcset=\"https:\/\/www.essenciales.com\/blog\/wp-content\/uploads\/secar_barba.png 616w, https:\/\/www.essenciales.com\/blog\/wp-content\/uploads\/secar_barba-300x199.png 300w\" sizes=\"(max-width: 616px) 100vw, 616px\" \/><\/p>\n<h3>Consejos para fijar la barba<\/h3>\n<p>En funci\u00f3n de la longitud de la barba y el estilo de c\u00f3mo nos guste llevarla, ser\u00e1 <strong>necesario emplear un fijador especial para barbas<\/strong>. Hoy en d\u00eda, podemos encontrar distintos fijadores en funci\u00f3n del nivel de fijaci\u00f3n que queramos conseguir.<\/p>\n<p>Adem\u00e1s, hay aceites y b\u00e1lsamos, que adem\u00e1s de hidratar, tambi\u00e9n son fijadores de tipo suave y medio. Pero, si lo que necesitas es una fijaci\u00f3n mayor, puedes usar ceras para controlar los pelos y la barba para que no queden sueltos.<\/p>\n<h3>Indicaciones para recortar la barba<\/h3>\n<p>Tan importantes son los tres consejos anteriores, como el propio <strong>arreglo de la barba. Eliminar los pelos de la zona del cuello y p\u00f3mulos<\/strong> es importante para darle un aspecto limpio y cuidado. Para ello, lo mejor es que sigas las indicaciones de tu barbero para no rebasar los l\u00edmites que perfilan tu barba.<\/p>\n<h2>Recomendaciones para llevar barba<\/h2>\n<p>Antes de nada, elige el tipo de barba m\u00e1s adecuado para tu forma de cara. Investiga antes de nada, <b>conoce los tipos de barba que hay y elige aquel que m\u00e1s resalte y favorezcan a las facciones de tu rostro<\/b>.<\/p>\n<p><img decoding=\"async\" loading=\"lazy\" class=\"aligncenter size-full wp-image-928\" src=\"https:\/\/www.essenciales.com\/blog\/wp-content\/uploads\/retocar_barba.png\" alt=\"recomendaciones llevar barba\" width=\"618\" height=\"410\" srcset=\"https:\/\/www.essenciales.com\/blog\/wp-content\/uploads\/retocar_barba.png 618w, https:\/\/www.essenciales.com\/blog\/wp-content\/uploads\/retocar_barba-300x199.png 300w\" sizes=\"(max-width: 618px) 100vw, 618px\" \/><\/p>\n<p>Despu\u00e9s de esto, para llevar de la mejor forma posible la transici\u00f3n del crecimiento del vello hasta obtener la barba que buscas, lo mejor es que acudas al barbero para que vaya d\u00e1ndole forma al pelo que crece en tu cara. adem\u00e1s, \u00e9l sabr\u00e1 aconsejarte sobr\u00e9 el tipo de barba que te conviene m\u00e1s. Tambi\u00e9n debes tener paciencia.<\/p>\n<p>Para evitar los picores, es importante que la mantengas limpia e hidratada. Para que tu barba est\u00e9 siempre perfecta es muy importante cuidar la piel sobre la que nace y crece.<\/p>\n<p>Como ves, todos ellos son pasos de lo m\u00e1s sencillos, que no cuestan esfuerzo, con los que podr\u00e1s tener siempre una barba de aspecto cuidado y bonito.<\/p>\n","protected":false},"excerpt":{"rendered":"<p>Tener la barba perfecta, conlleva m\u00e1s cuidados y responsabilidades de las que muchos hombres creen. Tener barba, va m\u00e1s all\u00e1 de dejar de afeitarse y&#8230;<\/p>\n<p class=\"readmore\"><a class=\"more-btn\" href=\"https:\/\/www.essenciales.com\/blog\/como-cuidar-la-barba-consejos-y-recomendaciones\/\">Leer m\u00e1s<\/a><\/p>\n","protected":false},"author":1,"featured_media":925,"comment_status":"open","ping_status":"open","sticky":false,"template":"","format":"standard","meta":[],"categories":[42,76,141],"tags":[],"yoast_head":"<!-- This site is optimized with the Yoast SEO plugin v19.10 - https:\/\/yoast.com\/wordpress\/plugins\/seo\/ -->\n<title>\u00bfC\u00f3mo cuidar la barba? Consejos y recomendaciones | Blog de ESSENCIALES<\/title>\n<meta name=\"robots\" content=\"index, follow, max-snippet:-1, max-image-preview:large, max-video-preview:-1\" \/>\n<link rel=\"canonical\" href=\"https:\/\/www.essenciales.com\/blog\/como-cuidar-la-barba-consejos-y-recomendaciones\/\" \/>\n<meta property=\"og:locale\" content=\"es_ES\" \/>\n<meta property=\"og:type\" content=\"article\" \/>\n<meta property=\"og:title\" content=\"\u00bfC\u00f3mo cuidar la barba? Consejos y recomendaciones | Blog de ESSENCIALES\" \/>\n<meta property=\"og:description\" content=\"Tener la barba perfecta, conlleva m\u00e1s cuidados y responsabilidades de las que muchos hombres creen. Tener barba, va m\u00e1s all\u00e1 de dejar de afeitarse y...Leer m\u00e1s\" \/>\n<meta property=\"og:url\" content=\"https:\/\/www.essenciales.com\/blog\/como-cuidar-la-barba-consejos-y-recomendaciones\/\" \/>\n<meta property=\"og:site_name\" content=\"Blog de ESSENCIALES\" \/>\n<meta property=\"article:published_time\" content=\"2020-07-24T11:14:07+00:00\" \/>\n<meta property=\"article:modified_time\" content=\"2020-08-26T08:22:58+00:00\" \/>\n<meta property=\"og:image\" content=\"https:\/\/www.essenciales.com\/blog\/wp-content\/uploads\/destacada_barba.png\" \/>\n\t<meta property=\"og:image:width\" content=\"620\" \/>\n\t<meta property=\"og:image:height\" content=\"414\" \/>\n\t<meta property=\"og:image:type\" content=\"image\/png\" \/>\n<meta name=\"author\" content=\"El equipo de Essenciales.com\" \/>\n<meta name=\"twitter:card\" content=\"summary_large_image\" \/>\n<meta name=\"twitter:label1\" content=\"Escrito por\" \/>\n\t<meta name=\"twitter:data1\" content=\"El equipo de Essenciales.com\" \/>\n\t<meta name=\"twitter:label2\" content=\"Tiempo de lectura\" \/>\n\t<meta name=\"twitter:data2\" content=\"5 minutos\" \/>\n<script type=\"application\/ld+json\" class=\"yoast-schema-graph\">{\"@context\":\"https:\/\/schema.org\",\"@graph\":[{\"@type\":\"WebPage\",\"@id\":\"https:\/\/www.essenciales.com\/blog\/como-cuidar-la-barba-consejos-y-recomendaciones\/\",\"url\":\"https:\/\/www.essenciales.com\/blog\/como-cuidar-la-barba-consejos-y-recomendaciones\/\",\"name\":\"\u00bfC\u00f3mo cuidar la barba? Consejos y recomendaciones | Blog de ESSENCIALES\",\"isPartOf\":{\"@id\":\"https:\/\/www.essenciales.com\/blog\/#website\"},\"datePublished\":\"2020-07-24T11:14:07+00:00\",\"dateModified\":\"2020-08-26T08:22:58+00:00\",\"author\":{\"@id\":\"https:\/\/www.essenciales.com\/blog\/#\/schema\/person\/1998fe4d7c1006727445a20f444bfea3\"},\"breadcrumb\":{\"@id\":\"https:\/\/www.essenciales.com\/blog\/como-cuidar-la-barba-consejos-y-recomendaciones\/#breadcrumb\"},\"inLanguage\":\"es\",\"potentialAction\":[{\"@type\":\"ReadAction\",\"target\":[\"https:\/\/www.essenciales.com\/blog\/como-cuidar-la-barba-consejos-y-recomendaciones\/\"]}]},{\"@type\":\"BreadcrumbList\",\"@id\":\"https:\/\/www.essenciales.com\/blog\/como-cuidar-la-barba-consejos-y-recomendaciones\/#breadcrumb\",\"itemListElement\":[{\"@type\":\"ListItem\",\"position\":1,\"name\":\"Portada\",\"item\":\"https:\/\/www.essenciales.com\/blog\/\"},{\"@type\":\"ListItem\",\"position\":2,\"name\":\"\u00bfC\u00f3mo cuidar la barba? Consejos y recomendaciones\"}]},{\"@type\":\"WebSite\",\"@id\":\"https:\/\/www.essenciales.com\/blog\/#website\",\"url\":\"https:\/\/www.essenciales.com\/blog\/\",\"name\":\"Blog de ESSENCIALES\",\"description\":\"Conoce todas las propiedades de los aceites esenciales y vegetales, as\u00ed como sus usos y remedios naturales\",\"potentialAction\":[{\"@type\":\"SearchAction\",\"target\":{\"@type\":\"EntryPoint\",\"urlTemplate\":\"https:\/\/www.essenciales.com\/blog\/?s={search_term_string}\"},\"query-input\":\"required name=search_term_string\"}],\"inLanguage\":\"es\"},{\"@type\":\"Person\",\"@id\":\"https:\/\/www.essenciales.com\/blog\/#\/schema\/person\/1998fe4d7c1006727445a20f444bfea3\",\"name\":\"El equipo de Essenciales.com\",\"sameAs\":[\"https:\/\/www.essenciales.com\"]}]}<\/script>\n<!-- \/ Yoast SEO plugin. -->","yoast_head_json":{"title":"\u00bfC\u00f3mo cuidar la barba? Consejos y recomendaciones | Blog de ESSENCIALES","robots":{"index":"index","follow":"follow","max-snippet":"max-snippet:-1","max-image-preview":"max-image-preview:large","max-video-preview":"max-video-preview:-1"},"canonical":"https:\/\/www.essenciales.com\/blog\/como-cuidar-la-barba-consejos-y-recomendaciones\/","og_locale":"es_ES","og_type":"article","og_title":"\u00bfC\u00f3mo cuidar la barba? Consejos y recomendaciones | Blog de ESSENCIALES","og_description":"Tener la barba perfecta, conlleva m\u00e1s cuidados y responsabilidades de las que muchos hombres creen. Tener barba, va m\u00e1s all\u00e1 de dejar de afeitarse y...Leer m\u00e1s","og_url":"https:\/\/www.essenciales.com\/blog\/como-cuidar-la-barba-consejos-y-recomendaciones\/","og_site_name":"Blog de ESSENCIALES","article_published_time":"2020-07-24T11:14:07+00:00","article_modified_time":"2020-08-26T08:22:58+00:00","og_image":[{"width":620,"height":414,"url":"https:\/\/www.essenciales.com\/blog\/wp-content\/uploads\/destacada_barba.png","type":"image\/png"}],"author":"El equipo de Essenciales.com","twitter_card":"summary_large_image","twitter_misc":{"Escrito por":"El equipo de Essenciales.com","Tiempo de lectura":"5 minutos"},"schema":{"@context":"https:\/\/schema.org","@graph":[{"@type":"WebPage","@id":"https:\/\/www.essenciales.com\/blog\/como-cuidar-la-barba-consejos-y-recomendaciones\/","url":"https:\/\/www.essenciales.com\/blog\/como-cuidar-la-barba-consejos-y-recomendaciones\/","name":"\u00bfC\u00f3mo cuidar la barba? Consejos y recomendaciones | Blog de ESSENCIALES","isPartOf":{"@id":"https:\/\/www.essenciales.com\/blog\/#website"},"datePublished":"2020-07-24T11:14:07+00:00","dateModified":"2020-08-26T08:22:58+00:00","author":{"@id":"https:\/\/www.essenciales.com\/blog\/#\/schema\/person\/1998fe4d7c1006727445a20f444bfea3"},"breadcrumb":{"@id":"https:\/\/www.essenciales.com\/blog\/como-cuidar-la-barba-consejos-y-recomendaciones\/#breadcrumb"},"inLanguage":"es","potentialAction":[{"@type":"ReadAction","target":["https:\/\/www.essenciales.com\/blog\/como-cuidar-la-barba-consejos-y-recomendaciones\/"]}]},{"@type":"BreadcrumbList","@id":"https:\/\/www.essenciales.com\/blog\/como-cuidar-la-barba-consejos-y-recomendaciones\/#breadcrumb","itemListElement":[{"@type":"ListItem","position":1,"name":"Portada","item":"https:\/\/www.essenciales.com\/blog\/"},{"@type":"ListItem","position":2,"name":"\u00bfC\u00f3mo cuidar la barba? Consejos y recomendaciones"}]},{"@type":"WebSite","@id":"https:\/\/www.essenciales.com\/blog\/#website","url":"https:\/\/www.essenciales.com\/blog\/","name":"Blog de ESSENCIALES","description":"Conoce todas las propiedades de los aceites esenciales y vegetales, as\u00ed como sus usos y remedios naturales","potentialAction":[{"@type":"SearchAction","target":{"@type":"EntryPoint","urlTemplate":"https:\/\/www.essenciales.com\/blog\/?s={search_term_string}"},"query-input":"required name=search_term_string"}],"inLanguage":"es"},{"@type":"Person","@id":"https:\/\/www.essenciales.com\/blog\/#\/schema\/person\/1998fe4d7c1006727445a20f444bfea3","name":"El equipo de Essenciales.com","sameAs":["https:\/\/www.essenciales.com"]}]}},"_links":{"self":[{"href":"https:\/\/www.essenciales.com\/blog\/wp-json\/wp\/v2\/posts\/923"}],"collection":[{"href":"https:\/\/www.essenciales.com\/blog\/wp-json\/wp\/v2\/posts"}],"about":[{"href":"https:\/\/www.essenciales.com\/blog\/wp-json\/wp\/v2\/types\/post"}],"author":[{"embeddable":true,"href":"https:\/\/www.essenciales.com\/blog\/wp-json\/wp\/v2\/users\/1"}],"replies":[{"embeddable":true,"href":"https:\/\/www.essenciales.com\/blog\/wp-json\/wp\/v2\/comments?post=923"}],"version-history":[{"count":3,"href":"https:\/\/www.essenciales.com\/blog\/wp-json\/wp\/v2\/posts\/923\/revisions"}],"predecessor-version":[{"id":951,"href":"https:\/\/www.essenciales.com\/blog\/wp-json\/wp\/v2\/posts\/923\/revisions\/951"}],"wp:featuredmedia":[{"embeddable":true,"href":"https:\/\/www.essenciales.com\/blog\/wp-json\/wp\/v2\/media\/925"}],"wp:attachment":[{"href":"https:\/\/www.essenciales.com\/blog\/wp-json\/wp\/v2\/media?parent=923"}],"wp:term":[{"taxonomy":"category","embeddable":true,"href":"https:\/\/www.essenciales.com\/blog\/wp-json\/wp\/v2\/categories?post=923"},{"taxonomy":"post_tag","embeddable":true,"href":"https:\/\/www.essenciales.com\/blog\/wp-json\/wp\/v2\/tags?post=923"}],"curies":[{"name":"wp","href":"https:\/\/api.w.org\/{rel}","templated":true}]}}