{"id":935,"date":"2020-08-20T14:51:05","date_gmt":"2020-08-20T12:51:05","guid":{"rendered":"https:\/\/www.essenciales.com\/blog\/?p=935"},"modified":"2020-08-26T10:21:39","modified_gmt":"2020-08-26T08:21:39","slug":"como-convivir-con-las-mascarillas-consejos-y-recomendaciones","status":"publish","type":"post","link":"https:\/\/www.essenciales.com\/blog\/como-convivir-con-las-mascarillas-consejos-y-recomendaciones\/","title":{"rendered":"\u00a1\u00bfC\u00f3mo convivir con las mascarillas?! Consejos y recomendaciones"},"content":{"rendered":"<p>La mascarilla es un elemento con el que vamos a tener que aprender a convivir por el bien y la seguridad de todos. Por ello queremos daros algunas <strong>soluciones a estas circunstancias<\/strong> que nos llevan de cabeza \u00faltimamente. Esta nueva normalidad nos est\u00e1 acarreando algunos problemas que se acent\u00faan con las altas temperaturas. Los <strong>problemas m\u00e1s importantes que estamos sufriendo en nuestra piel<\/strong> causadas por el uso de mascarillas son:<\/p>\n<ul>\n<li><a href=\"#Hidratar\">Falta de hidrataci\u00f3n o piel seca<\/a><\/li>\n<li><a href=\"#picores\">Picores<\/a><\/li>\n<li>Piel con sudor, condensaci\u00f3n<\/li>\n<li><a href=\"#espinillas\">Espinillas<\/a><\/li>\n<\/ul>\n<p>&nbsp;<\/p>\n<p>El <strong>uso diario de la mascarilla<\/strong> aparte de marcas la piel, es un buen aliado de las bacterias sino tomamos las medidas adecuadas para protegerla.\u00a0A continuaci\u00f3n os proponemos algunas soluciones a estos problemas:<\/p>\n<h2 id=\"Hidratar\">Hidratar la piel de la cara con un pulverizador.<\/h2>\n<p>Llenar un pulverizador con el t\u00f3nico<a href=\"https:\/\/www.essenciales.com\/cosmetica-natural\/tonico-facial-natural.html\"> YR organics: El t\u00f3nico facial<\/a> te ayuda a regular la secreci\u00f3n seb\u00e1cea e h\u00eddrica. Se puede utilizar en todo tipo de pieles. <strong>Fant\u00e1stico para las pieles estresadas, irritadas, sensibles y maduras<\/strong>. Es un regenerador celular. Uno de los componentes de este producto es el agua de mar ideal por sus propiedades minerales necesarias para alimentar la dermis y mantenerla fuerte y nutrida. La sinergia de ingredientes utilizados tensan la piel de forma natural potenciando la belleza interior. Ayuda a despertar tu luz, iluminando tu rostro.<\/p>\n<p>Tambi\u00e9n podemos pulverizar con <a href=\"https:\/\/www.essenciales.com\/hidrolatos-naturales\/agua-hamamelis.html\">agua de hamamelis<\/a> es un excepcional t\u00f3nico con propiedades para la piel y el cuidado de los ojos. Tiene beneficios para cerrar poros y <strong>mejorar la apariencia de la piel<\/strong>, act\u00faa contra las varices, capilares rotos y marcas de cansancio. Astringente, antiinflamatorio, descongestionante ideal tambi\u00e9n para la pesadez de piernas y retenci\u00f3n de l\u00edquidos. Tambi\u00e9n puede usarse en el cabello para reducir la caspa. Es uno de los hidrolatos m\u00e1s adecuados como excipiente en muchas sinergias que contienen aceites esenciales.<\/p>\n<p><!--more--><\/p>\n<p>Por \u00faltimo os recomendamos el <a href=\"https:\/\/www.essenciales.com\/hidrolatos-naturales\/rosa-extra-hidrolato.html\">agua de rosas<\/a> su aroma equilibra, relaja y revitaliza. Ideal para superar periodos de estr\u00e9s, tensi\u00f3n o depresi\u00f3n. Adem\u00e1s, por su concentraci\u00f3n de Vitaminas es ideal para la piel, tanto como t\u00f3nico como hidratante.<\/p>\n<p>&nbsp;<\/p>\n<p>Otra opci\u00f3n es pulverizar con aceites esenciales, deb\u00e9is tener en cuenta que estos aceites deben diluirse con aceites <a href=\"https:\/\/www.essenciales.com\/aceites-naturales\/aceite-vegetal-almendras-dulces.html\">vegetales de almendra<\/a>, <a href=\"https:\/\/www.essenciales.com\/aceites-primera-presion-frio\/aceite-coco-primera-presion-frio.html\">coco<\/a>, <a href=\"https:\/\/www.essenciales.com\/aceites-primera-presion-frio\/aceite-vegetal-jojoba-primera-presion-frio.html\">jojoba<\/a> o <a href=\"https:\/\/www.essenciales.com\/aceites-primera-presion-frio\/aceite-vegetal-frambuesa-primera-presion-frio.html\">frambuesa<\/a>. Esta disoluci\u00f3n debe hacerse <strong>con s\u00f3lo un 1% de concentraci\u00f3n<\/strong> del aceite esencial como m\u00e1ximo ya que lo vamos a utilizar para el rostro. La proporci\u00f3n ser\u00eda para unos 100ml =15-20 gotas de aceite esencial.<br \/>\nAceites esenciales indicados:<\/p>\n<p>&nbsp;<\/p>\n<h2>Aceites para refrescar y nutrir la piel en general<\/h2>\n<ul>\n<li><a href=\"https:\/\/www.essenciales.com\/aceites-esenciales-puros\/aceite-esencial-lavanda.html\">Lavanda:<\/a> El aceite esencial de Lavanda es el rey de los aceites esenciales, conocido en todo el mundo como un gran calmante, gracias a sus propiedades relajantes y equilibrantes. Adem\u00e1s, tiene una gran reputaci\u00f3n por su capacidad regeneradora y reparadora de la piel. Todas estas caracter\u00edsticas hacen de la Lavanda una herramienta maravillosa para nuestra piel.\u00a0 \u00a1Y no s\u00f3lo nuestra piel!\u00a0 Sus propiedades como antis\u00e9ptico, calmante del sistema nervioso, antiespasm\u00f3dico y ansiol\u00edtico, entre muchas otras, hace que el aceite esencial de Lavanda sea un b\u00e1sico en nuestros hogares, uno de los reyes de la aromaterapia. En Essenciales podr\u00e1s comprar aceite esencial de lavanda.<\/li>\n<li><a href=\"https:\/\/www.essenciales.com\/aceites-esenciales-puros\/aceite-esencial-manzanilla-romana.html\">Manzanilla romana<\/a>: Proviniente de la costa atl\u00e1ntica europea, la manzanilla romana o com\u00fan se distingue de la manzanilla dulce por ser m\u00e1s escasa y amarga. De grandes propiedades para aliviar los trastornos digestivos, como toda manzanilla, tambi\u00e9n es un fabuloso anti-inflamatorio y antis\u00e9ptico. En su forma de aceite esencial es un agradable sedante, ideal para aliviar neuralgias, lumbalgias, dolor en las articulaciones y ci\u00e1tica. Su uso en cosm\u00e9tica la incluye en cremas y champ\u00fas, as\u00ed como para enrubiar el cabello. Es buena para pieles irritadas y sensibles, combate la caspa y los problemas seborreicos.<\/li>\n<li><a href=\"https:\/\/www.essenciales.com\/aceites-esenciales-puros\/aceite-esencial-palmarosa.html\">Palmarosa<\/a>: El aceite esencial de Palmarosa es s\u00edmbolo de equilibrio y tranquilidad. Se utiliza para eliminar radicales libres, como antioxidante y reequilibrante de la piel y el cabello. Es ideal para tratar problemas de la piel como el eczema y el acn\u00e9, para acelerar y mejorar el parto (es un t\u00f3nico del \u00fatero) y para combatir el estr\u00e9s y la irritabilidad.<\/li>\n<\/ul>\n<p>&nbsp;<\/p>\n<h2 id=\"picores\">Aceites para reducir picores en el rostro:<\/h2>\n<ul>\n<li><a href=\"https:\/\/www.essenciales.com\/aceites-esenciales-puros\/aceite-esencial-mirra.html\">Mirra<\/a>: Los beneficios de este aceite esencial pueden atribuirse a sus propiedades antioxidantes, antimic\u00f3ticos, antivirales, antiinflamatorios, antiparasitarios, expectorantes y antiespasm\u00f3dicas. Este aceite esencial ayuda con: problemas respiratorios, dolencias digestivas, enfermedades de enc\u00edas y boca, mejora sistema inmunol\u00f3gico y mantiene la piel sana.<\/li>\n<li><a href=\"https:\/\/www.essenciales.com\/aceites-esenciales-puros\/aceite-esencial-incienso.html\">Incienso<\/a>: El aceite esencial de incienso es uno de los aceites esenciales m\u00e1s poderosos que existen.\u00a0 Utilizado en m\u00faltiples culturas con fines espirituales y religiosos, es de gran ayuda para la meditaci\u00f3n, para la uni\u00f3n del cuerpo y la mente, para el equilibrio emocional, as\u00ed como para combatir la depresi\u00f3n y la ansiedad.\u00a0 En su uso cosm\u00e9tico, es apreciado por ser un gran activador, usado como antiarrugas, rejuvenecedor y cicatrizante.<\/li>\n<\/ul>\n<h2 id=\"espinillas\">Aceites para tratar hongos y espinillas:<\/h2>\n<ul>\n<li><a href=\"https:\/\/www.essenciales.com\/aceites-esenciales-puros\/aceite-esencial-arbol-de-te.html\">\u00c1rbol de t\u00e9<\/a>: El aceite esencial de \u00c1rbol de t\u00e9 se utiliza en una ampl\u00edsima variedad de situaciones, especialmente en cosm\u00e9tica, por su gran poder antibacteriano y antif\u00fangico, siendo uno de los remedios m\u00e1s eficaces y usados tradicionalmente para eliminar los hongos de la piel y las u\u00f1as.\u00a0 Es de ayuda para prevenir y aliviar procesos infecciosos e inflamatorios, as\u00ed como para proteger nuestro sistema respiratorio.\u00a0Estimula la circulaci\u00f3n y es beneficioso para la artritis y el reumatismo. Muy usado en picaduras y como un t\u00f3nico general para el cuerpo. Altamente eficaz en la lucha contra los piojos. Esta variedad Australiana se diferencia notablemente de calidades muy inferiores procedentes de pa\u00edses que no ofrecen garant\u00eda ni control alguno de su calidad.<\/li>\n<\/ul>\n<p>&nbsp;<\/p>\n<p>Esperamos que estos remedios os ayuden a eliminar o reducir los problemas de la piel que surgen a ra\u00edz de las mascarillas.<\/p>\n<p>\u00a1\u00a1Que sig\u00e1is disfrutando del verano y de las vacaciones los que est\u00e9is\u00a0 ahora en ellas!!<\/p>\n<p>Como siempre, para cualquier duda pod\u00e9is consultar a nuestro correo electr\u00f3nico <a href=\"mailto:\">info@essenciales.com<\/a>, Whatsapp 620.668.750 o por redes sociales, estaremos encantados de leeros.<\/p>\n<p>&nbsp;<\/p>\n","protected":false},"excerpt":{"rendered":"<p>La mascarilla es un elemento con el que vamos a tener que aprender a convivir por el bien y la seguridad de todos. Por ello&#8230;<\/p>\n<p class=\"readmore\"><a class=\"more-btn\" href=\"https:\/\/www.essenciales.com\/blog\/como-convivir-con-las-mascarillas-consejos-y-recomendaciones\/\">Leer m\u00e1s<\/a><\/p>\n","protected":false},"author":1,"featured_media":946,"comment_status":"open","ping_status":"open","sticky":false,"template":"","format":"standard","meta":[],"categories":[42,76,141],"tags":[],"yoast_head":"<!-- This site is optimized with the Yoast SEO plugin v19.10 - https:\/\/yoast.com\/wordpress\/plugins\/seo\/ -->\n<title>\u00a1\u00bfC\u00f3mo convivir con las mascarillas?! Consejos y recomendaciones | Blog de ESSENCIALES<\/title>\n<meta name=\"robots\" content=\"index, follow, max-snippet:-1, max-image-preview:large, max-video-preview:-1\" \/>\n<link rel=\"canonical\" href=\"https:\/\/www.essenciales.com\/blog\/como-convivir-con-las-mascarillas-consejos-y-recomendaciones\/\" \/>\n<meta property=\"og:locale\" content=\"es_ES\" \/>\n<meta property=\"og:type\" content=\"article\" \/>\n<meta property=\"og:title\" content=\"\u00a1\u00bfC\u00f3mo convivir con las mascarillas?! Consejos y recomendaciones | Blog de ESSENCIALES\" \/>\n<meta property=\"og:description\" content=\"La mascarilla es un elemento con el que vamos a tener que aprender a convivir por el bien y la seguridad de todos. Por ello...Leer m\u00e1s\" \/>\n<meta property=\"og:url\" content=\"https:\/\/www.essenciales.com\/blog\/como-convivir-con-las-mascarillas-consejos-y-recomendaciones\/\" \/>\n<meta property=\"og:site_name\" content=\"Blog de ESSENCIALES\" \/>\n<meta property=\"article:published_time\" content=\"2020-08-20T12:51:05+00:00\" \/>\n<meta property=\"article:modified_time\" content=\"2020-08-26T08:21:39+00:00\" \/>\n<meta property=\"og:image\" content=\"https:\/\/www.essenciales.com\/blog\/wp-content\/uploads\/mascarillas-1.png\" \/>\n\t<meta property=\"og:image:width\" content=\"1280\" \/>\n\t<meta property=\"og:image:height\" content=\"905\" \/>\n\t<meta property=\"og:image:type\" content=\"image\/png\" \/>\n<meta name=\"author\" content=\"El equipo de Essenciales.com\" \/>\n<meta name=\"twitter:card\" content=\"summary_large_image\" \/>\n<meta name=\"twitter:label1\" content=\"Escrito por\" \/>\n\t<meta name=\"twitter:data1\" content=\"El equipo de Essenciales.com\" \/>\n\t<meta name=\"twitter:label2\" content=\"Tiempo de lectura\" \/>\n\t<meta name=\"twitter:data2\" content=\"5 minutos\" \/>\n<script type=\"application\/ld+json\" class=\"yoast-schema-graph\">{\"@context\":\"https:\/\/schema.org\",\"@graph\":[{\"@type\":\"WebPage\",\"@id\":\"https:\/\/www.essenciales.com\/blog\/como-convivir-con-las-mascarillas-consejos-y-recomendaciones\/\",\"url\":\"https:\/\/www.essenciales.com\/blog\/como-convivir-con-las-mascarillas-consejos-y-recomendaciones\/\",\"name\":\"\u00a1\u00bfC\u00f3mo convivir con las mascarillas?! Consejos y recomendaciones | Blog de ESSENCIALES\",\"isPartOf\":{\"@id\":\"https:\/\/www.essenciales.com\/blog\/#website\"},\"datePublished\":\"2020-08-20T12:51:05+00:00\",\"dateModified\":\"2020-08-26T08:21:39+00:00\",\"author\":{\"@id\":\"https:\/\/www.essenciales.com\/blog\/#\/schema\/person\/1998fe4d7c1006727445a20f444bfea3\"},\"breadcrumb\":{\"@id\":\"https:\/\/www.essenciales.com\/blog\/como-convivir-con-las-mascarillas-consejos-y-recomendaciones\/#breadcrumb\"},\"inLanguage\":\"es\",\"potentialAction\":[{\"@type\":\"ReadAction\",\"target\":[\"https:\/\/www.essenciales.com\/blog\/como-convivir-con-las-mascarillas-consejos-y-recomendaciones\/\"]}]},{\"@type\":\"BreadcrumbList\",\"@id\":\"https:\/\/www.essenciales.com\/blog\/como-convivir-con-las-mascarillas-consejos-y-recomendaciones\/#breadcrumb\",\"itemListElement\":[{\"@type\":\"ListItem\",\"position\":1,\"name\":\"Portada\",\"item\":\"https:\/\/www.essenciales.com\/blog\/\"},{\"@type\":\"ListItem\",\"position\":2,\"name\":\"\u00a1\u00bfC\u00f3mo convivir con las mascarillas?! Consejos y recomendaciones\"}]},{\"@type\":\"WebSite\",\"@id\":\"https:\/\/www.essenciales.com\/blog\/#website\",\"url\":\"https:\/\/www.essenciales.com\/blog\/\",\"name\":\"Blog de ESSENCIALES\",\"description\":\"Conoce todas las propiedades de los aceites esenciales y vegetales, as\u00ed como sus usos y remedios naturales\",\"potentialAction\":[{\"@type\":\"SearchAction\",\"target\":{\"@type\":\"EntryPoint\",\"urlTemplate\":\"https:\/\/www.essenciales.com\/blog\/?s={search_term_string}\"},\"query-input\":\"required name=search_term_string\"}],\"inLanguage\":\"es\"},{\"@type\":\"Person\",\"@id\":\"https:\/\/www.essenciales.com\/blog\/#\/schema\/person\/1998fe4d7c1006727445a20f444bfea3\",\"name\":\"El equipo de Essenciales.com\",\"sameAs\":[\"https:\/\/www.essenciales.com\"]}]}<\/script>\n<!-- \/ Yoast SEO plugin. -->","yoast_head_json":{"title":"\u00a1\u00bfC\u00f3mo convivir con las mascarillas?! Consejos y recomendaciones | Blog de ESSENCIALES","robots":{"index":"index","follow":"follow","max-snippet":"max-snippet:-1","max-image-preview":"max-image-preview:large","max-video-preview":"max-video-preview:-1"},"canonical":"https:\/\/www.essenciales.com\/blog\/como-convivir-con-las-mascarillas-consejos-y-recomendaciones\/","og_locale":"es_ES","og_type":"article","og_title":"\u00a1\u00bfC\u00f3mo convivir con las mascarillas?! Consejos y recomendaciones | Blog de ESSENCIALES","og_description":"La mascarilla es un elemento con el que vamos a tener que aprender a convivir por el bien y la seguridad de todos. Por ello...Leer m\u00e1s","og_url":"https:\/\/www.essenciales.com\/blog\/como-convivir-con-las-mascarillas-consejos-y-recomendaciones\/","og_site_name":"Blog de ESSENCIALES","article_published_time":"2020-08-20T12:51:05+00:00","article_modified_time":"2020-08-26T08:21:39+00:00","og_image":[{"width":1280,"height":905,"url":"https:\/\/www.essenciales.com\/blog\/wp-content\/uploads\/mascarillas-1.png","type":"image\/png"}],"author":"El equipo de Essenciales.com","twitter_card":"summary_large_image","twitter_misc":{"Escrito por":"El equipo de Essenciales.com","Tiempo de lectura":"5 minutos"},"schema":{"@context":"https:\/\/schema.org","@graph":[{"@type":"WebPage","@id":"https:\/\/www.essenciales.com\/blog\/como-convivir-con-las-mascarillas-consejos-y-recomendaciones\/","url":"https:\/\/www.essenciales.com\/blog\/como-convivir-con-las-mascarillas-consejos-y-recomendaciones\/","name":"\u00a1\u00bfC\u00f3mo convivir con las mascarillas?! Consejos y recomendaciones | Blog de ESSENCIALES","isPartOf":{"@id":"https:\/\/www.essenciales.com\/blog\/#website"},"datePublished":"2020-08-20T12:51:05+00:00","dateModified":"2020-08-26T08:21:39+00:00","author":{"@id":"https:\/\/www.essenciales.com\/blog\/#\/schema\/person\/1998fe4d7c1006727445a20f444bfea3"},"breadcrumb":{"@id":"https:\/\/www.essenciales.com\/blog\/como-convivir-con-las-mascarillas-consejos-y-recomendaciones\/#breadcrumb"},"inLanguage":"es","potentialAction":[{"@type":"ReadAction","target":["https:\/\/www.essenciales.com\/blog\/como-convivir-con-las-mascarillas-consejos-y-recomendaciones\/"]}]},{"@type":"BreadcrumbList","@id":"https:\/\/www.essenciales.com\/blog\/como-convivir-con-las-mascarillas-consejos-y-recomendaciones\/#breadcrumb","itemListElement":[{"@type":"ListItem","position":1,"name":"Portada","item":"https:\/\/www.essenciales.com\/blog\/"},{"@type":"ListItem","position":2,"name":"\u00a1\u00bfC\u00f3mo convivir con las mascarillas?! Consejos y recomendaciones"}]},{"@type":"WebSite","@id":"https:\/\/www.essenciales.com\/blog\/#website","url":"https:\/\/www.essenciales.com\/blog\/","name":"Blog de ESSENCIALES","description":"Conoce todas las propiedades de los aceites esenciales y vegetales, as\u00ed como sus usos y remedios naturales","potentialAction":[{"@type":"SearchAction","target":{"@type":"EntryPoint","urlTemplate":"https:\/\/www.essenciales.com\/blog\/?s={search_term_string}"},"query-input":"required name=search_term_string"}],"inLanguage":"es"},{"@type":"Person","@id":"https:\/\/www.essenciales.com\/blog\/#\/schema\/person\/1998fe4d7c1006727445a20f444bfea3","name":"El equipo de Essenciales.com","sameAs":["https:\/\/www.essenciales.com"]}]}},"_links":{"self":[{"href":"https:\/\/www.essenciales.com\/blog\/wp-json\/wp\/v2\/posts\/935"}],"collection":[{"href":"https:\/\/www.essenciales.com\/blog\/wp-json\/wp\/v2\/posts"}],"about":[{"href":"https:\/\/www.essenciales.com\/blog\/wp-json\/wp\/v2\/types\/post"}],"author":[{"embeddable":true,"href":"https:\/\/www.essenciales.com\/blog\/wp-json\/wp\/v2\/users\/1"}],"replies":[{"embeddable":true,"href":"https:\/\/www.essenciales.com\/blog\/wp-json\/wp\/v2\/comments?post=935"}],"version-history":[{"count":11,"href":"https:\/\/www.essenciales.com\/blog\/wp-json\/wp\/v2\/posts\/935\/revisions"}],"predecessor-version":[{"id":950,"href":"https:\/\/www.essenciales.com\/blog\/wp-json\/wp\/v2\/posts\/935\/revisions\/950"}],"wp:featuredmedia":[{"embeddable":true,"href":"https:\/\/www.essenciales.com\/blog\/wp-json\/wp\/v2\/media\/946"}],"wp:attachment":[{"href":"https:\/\/www.essenciales.com\/blog\/wp-json\/wp\/v2\/media?parent=935"}],"wp:term":[{"taxonomy":"category","embeddable":true,"href":"https:\/\/www.essenciales.com\/blog\/wp-json\/wp\/v2\/categories?post=935"},{"taxonomy":"post_tag","embeddable":true,"href":"https:\/\/www.essenciales.com\/blog\/wp-json\/wp\/v2\/tags?post=935"}],"curies":[{"name":"wp","href":"https:\/\/api.w.org\/{rel}","templated":true}]}}